{"id":31552,"date":"2022-03-31T12:56:56","date_gmt":"2022-03-31T15:56:56","guid":{"rendered":"https:\/\/www.legistdf.gob.ar\/?p=31552"},"modified":"2022-03-31T12:56:56","modified_gmt":"2022-03-31T15:56:56","slug":"comisiones-educacion-se-reunira-el-martes-5-de-abril","status":"publish","type":"post","link":"https:\/\/www.legistdf.gob.ar\/index.php\/2022\/03\/31\/comisiones-educacion-se-reunira-el-martes-5-de-abril\/","title":{"rendered":"COMISIONES: Educaci\u00f3n se reunir\u00e1 el martes 5 de abril"},"content":{"rendered":"<p><strong><img loading=\"lazy\" decoding=\"async\" data-attachment-id=\"25493\" data-permalink=\"https:\/\/www.legistdf.gob.ar\/index.php\/2021\/06\/16\/galeria-imagenes-de-la-reunion-de-la-comision-n-4-2\/img_0542-2\/\" data-orig-file=\"https:\/\/www.legistdf.gob.ar\/wp-content\/uploads\/2021\/06\/IMG_0542.jpg\" data-orig-size=\"1000,667\" data-comments-opened=\"0\" data-image-meta=\"{&quot;aperture&quot;:&quot;2.8&quot;,&quot;credit&quot;:&quot;&quot;,&quot;camera&quot;:&quot;Canon EOS 6D&quot;,&quot;caption&quot;:&quot;&quot;,&quot;created_timestamp&quot;:&quot;1623821445&quot;,&quot;copyright&quot;:&quot;&quot;,&quot;focal_length&quot;:&quot;59&quot;,&quot;iso&quot;:&quot;400&quot;,&quot;shutter_speed&quot;:&quot;0.00625&quot;,&quot;title&quot;:&quot;&quot;,&quot;orientation&quot;:&quot;0&quot;}\" data-image-title=\"IMG_0542\" data-image-description=\"\" data-image-caption=\"\" data-medium-file=\"https:\/\/www.legistdf.gob.ar\/wp-content\/uploads\/2021\/06\/IMG_0542-300x200.jpg\" data-large-file=\"https:\/\/www.legistdf.gob.ar\/wp-content\/uploads\/2021\/06\/IMG_0542.jpg\" class=\"alignleft wp-image-25493 size-medium\" src=\"https:\/\/www.legistdf.gob.ar\/wp-content\/uploads\/2021\/06\/IMG_0542-300x200.jpg\" alt=\"\" width=\"300\" height=\"200\" srcset=\"https:\/\/www.legistdf.gob.ar\/wp-content\/uploads\/2021\/06\/IMG_0542-300x200.jpg 300w, https:\/\/www.legistdf.gob.ar\/wp-content\/uploads\/2021\/06\/IMG_0542-768x512.jpg 768w, https:\/\/www.legistdf.gob.ar\/wp-content\/uploads\/2021\/06\/IMG_0542-160x107.jpg 160w, https:\/\/www.legistdf.gob.ar\/wp-content\/uploads\/2021\/06\/IMG_0542.jpg 1000w\" sizes=\"(max-width: 300px) 100vw, 300px\" \/>Ushuaia, jueves 31 de marzo de 2022.- El legislador Emmanuel Trentino (FORJA) convoc\u00f3 a los integrantes de la Comisi\u00f3n de Educaci\u00f3n, Cultura, Medio Ambiente, Ciencia y Tecnolog\u00eda N\u00b0 4 a una reuni\u00f3n el martes 5 de abril desde las 14 h. En el encuentro, esperan dar orden a la agenda de asuntos pendientes de tratamiento. El encuentro se celebrar\u00e1 en el Recinto de Sesiones del Parlamento fueguino.<\/strong><\/p>\n<p>&nbsp;<\/p>\n<p>Integran ese espacio de debate legislativo, adem\u00e1s, como vicepresidente, el legislador Pablo Villegas; como secretario, Federico Greve y como vocales los legisladores Federico Sciurano (UCR); Jorge Colazo (PV); Ricardo Furlan y la legisladora Andrea Freites (FDT-PJ).<\/p>\n<p>&nbsp;<\/p>\n<p style=\"text-align: right\"><em>AT con informaci\u00f3n de<\/em><\/p>\n<p style=\"text-align: right\"><em>DC N\u00b0 007\/22<\/em><\/p>\n","protected":false},"excerpt":{"rendered":"<p>Ushuaia, jueves 31 de marzo de 2022.- El legislador Emmanuel Trentino (FORJA) convoc\u00f3 a los integrantes de la Comisi\u00f3n de Educaci\u00f3n, Cultura, Medio Ambiente, Ciencia y Tecnolog\u00eda N\u00b0 4 a una reuni\u00f3n el martes 5 de abril desde las 14 h. En el encuentro, esperan dar orden a la agenda de asuntos pendientes de tratamiento. [&hellip;]<\/p>\n","protected":false},"author":352,"featured_media":25292,"comment_status":"closed","ping_status":"open","sticky":false,"template":"","format":"standard","meta":{"jetpack_post_was_ever_published":false,"_jetpack_newsletter_access":"","_jetpack_dont_email_post_to_subs":false,"_jetpack_newsletter_tier_id":0,"footnotes":"","jetpack_publicize_message":"","jetpack_publicize_feature_enabled":true,"jetpack_social_post_already_shared":true,"jetpack_social_options":{"image_generator_settings":{"template":"highway","enabled":false}}},"categories":[1],"tags":[84,1818,78,79,87],"jetpack_publicize_connections":[],"jetpack_sharing_enabled":true,"jetpack_featured_media_url":"https:\/\/www.legistdf.gob.ar\/wp-content\/uploads\/2021\/06\/IMG_0374.jpg","jetpack-related-posts":[],"_links":{"self":[{"href":"https:\/\/www.legistdf.gob.ar\/index.php\/wp-json\/wp\/v2\/posts\/31552"}],"collection":[{"href":"https:\/\/www.legistdf.gob.ar\/index.php\/wp-json\/wp\/v2\/posts"}],"about":[{"href":"https:\/\/www.legistdf.gob.ar\/index.php\/wp-json\/wp\/v2\/types\/post"}],"author":[{"embeddable":true,"href":"https:\/\/www.legistdf.gob.ar\/index.php\/wp-json\/wp\/v2\/users\/352"}],"replies":[{"embeddable":true,"href":"https:\/\/www.legistdf.gob.ar\/index.php\/wp-json\/wp\/v2\/comments?post=31552"}],"version-history":[{"count":1,"href":"https:\/\/www.legistdf.gob.ar\/index.php\/wp-json\/wp\/v2\/posts\/31552\/revisions"}],"predecessor-version":[{"id":31553,"href":"https:\/\/www.legistdf.gob.ar\/index.php\/wp-json\/wp\/v2\/posts\/31552\/revisions\/31553"}],"wp:featuredmedia":[{"embeddable":true,"href":"https:\/\/www.legistdf.gob.ar\/index.php\/wp-json\/wp\/v2\/media\/25292"}],"wp:attachment":[{"href":"https:\/\/www.legistdf.gob.ar\/index.php\/wp-json\/wp\/v2\/media?parent=31552"}],"wp:term":[{"taxonomy":"category","embeddable":true,"href":"https:\/\/www.legistdf.gob.ar\/index.php\/wp-json\/wp\/v2\/categories?post=31552"},{"taxonomy":"post_tag","embeddable":true,"href":"https:\/\/www.legistdf.gob.ar\/index.php\/wp-json\/wp\/v2\/tags?post=31552"}],"curies":[{"name":"wp","href":"https:\/\/api.w.org\/{rel}","templated":true}]}}