{"id":32158,"date":"2022-04-11T12:32:14","date_gmt":"2022-04-11T15:32:14","guid":{"rendered":"https:\/\/www.legistdf.gob.ar\/?p=32158"},"modified":"2022-04-11T12:32:14","modified_gmt":"2022-04-11T15:32:14","slug":"comisiones-parlamentarios-analizaran-la-regulacion-del-ejercicio-profesional-de-psicologia-social","status":"publish","type":"post","link":"https:\/\/www.legistdf.gob.ar\/index.php\/2022\/04\/11\/comisiones-parlamentarios-analizaran-la-regulacion-del-ejercicio-profesional-de-psicologia-social\/","title":{"rendered":"COMISIONES: Parlamentarios analizar\u00e1n la regulaci\u00f3n del ejercicio profesional de Psicolog\u00eda Social"},"content":{"rendered":"<p><strong>Ushuaia, lunes 11 de abril de 2022.- El legislador Federico Greve (FORJA), convoc\u00f3 a un nuevo encuentro de la Comisi\u00f3n N\u00b0 1 de Legislaci\u00f3n General para el d\u00eda martes 12 a las 16 h, en el sal\u00f3n de Comisiones, con el fin de dar tratamiento al proyecto de Ley que propone regular el ejercicio profesional de los trabajadores de la Psicolog\u00eda Social en la Provincia.<\/strong><\/p>\n<p><img loading=\"lazy\" decoding=\"async\" data-attachment-id=\"30708\" data-permalink=\"https:\/\/www.legistdf.gob.ar\/index.php\/2022\/03\/07\/sesion-sancionaron-la-reestructuracion-de-la-deuda-con-anses\/img_2878-2\/\" data-orig-file=\"https:\/\/www.legistdf.gob.ar\/wp-content\/uploads\/2022\/03\/IMG_2878.jpg\" data-orig-size=\"1000,667\" data-comments-opened=\"0\" data-image-meta=\"{&quot;aperture&quot;:&quot;5.6&quot;,&quot;credit&quot;:&quot;&quot;,&quot;camera&quot;:&quot;Canon EOS 6D&quot;,&quot;caption&quot;:&quot;&quot;,&quot;created_timestamp&quot;:&quot;1646669959&quot;,&quot;copyright&quot;:&quot;&quot;,&quot;focal_length&quot;:&quot;70&quot;,&quot;iso&quot;:&quot;1000&quot;,&quot;shutter_speed&quot;:&quot;0.016666666666667&quot;,&quot;title&quot;:&quot;&quot;,&quot;orientation&quot;:&quot;0&quot;}\" data-image-title=\"IMG_2878\" data-image-description=\"\" data-image-caption=\"\" data-medium-file=\"https:\/\/www.legistdf.gob.ar\/wp-content\/uploads\/2022\/03\/IMG_2878-300x200.jpg\" data-large-file=\"https:\/\/www.legistdf.gob.ar\/wp-content\/uploads\/2022\/03\/IMG_2878.jpg\" class=\"alignleft wp-image-30708 size-medium\" src=\"https:\/\/www.legistdf.gob.ar\/wp-content\/uploads\/2022\/03\/IMG_2878-300x200.jpg\" alt=\"\" width=\"300\" height=\"200\" srcset=\"https:\/\/www.legistdf.gob.ar\/wp-content\/uploads\/2022\/03\/IMG_2878-300x200.jpg 300w, https:\/\/www.legistdf.gob.ar\/wp-content\/uploads\/2022\/03\/IMG_2878-768x512.jpg 768w, https:\/\/www.legistdf.gob.ar\/wp-content\/uploads\/2022\/03\/IMG_2878-160x107.jpg 160w, https:\/\/www.legistdf.gob.ar\/wp-content\/uploads\/2022\/03\/IMG_2878.jpg 1000w\" sizes=\"(max-width: 300px) 100vw, 300px\" \/>Seg\u00fan la informaci\u00f3n vertida en el memorando N\u00ba 013\/22 de la Direcci\u00f3n de Comisiones, en el encuentro los Parlamentarios analizar\u00e1n el <a href=\"https:\/\/www.legistdf.gob.ar\/lp\/novedadesip\/Asuntos%20Entrados%202022\/As.%20N%BA%20044-22.pdf\">asunto N\u00ba 044\/22<\/a>, impulsado por el bloque FORJA. En la convocatoria, se recuerda que ese espacio de debate ya analiz\u00f3 el <a href=\"https:\/\/www.legistdf.gob.ar\/lp\/novedadesip\/Asuntos%20Entrados%202020\/As.%20N%BA%20450-20.pdf\">asunto N\u00ba 450\/20<\/a> en anteriores oportunidades, pero el proyecto actual fue reingresado con modificaciones a la propuesta original.<\/p>\n<p>Cabe mencionar que la psicolog\u00eda social posee competencia cient\u00edfica, y se inicia en el campo de las ciencias sociales mediado del siglo pasado en Estados Unidos y en Argentina, en 1953. Estos profesionales se desarrollan en el seno de las interrelaciones sociales y humanas.<\/p>\n<p>El proyecto posee 16 art\u00edculos, divididos en diferentes cap\u00edtulos, en los que se abordan los temas: ejercicio profesional; incumbencias y competencias; derechos, obligaciones y prohibiciones. Tambi\u00e9n se regula sobre la habilitaci\u00f3n y matriculaci\u00f3n de los profesionales de la actividad en todo el \u00e1mbito provincial.<\/p>\n\n\t\t<style type=\"text\/css\">\n\t\t\t#gallery-1 {\n\t\t\t\tmargin: auto;\n\t\t\t}\n\t\t\t#gallery-1 .gallery-item {\n\t\t\t\tfloat: left;\n\t\t\t\tmargin-top: 10px;\n\t\t\t\ttext-align: center;\n\t\t\t\twidth: 100%;\n\t\t\t}\n\t\t\t#gallery-1 img {\n\t\t\t\tborder: 2px solid #cfcfcf;\n\t\t\t}\n\t\t\t#gallery-1 .gallery-caption {\n\t\t\t\tmargin-left: 0;\n\t\t\t}\n\t\t\t\/* see gallery_shortcode() in wp-includes\/media.php *\/\n\t\t<\/style>\n\t\t<div data-carousel-extra='{\"blog_id\":1,\"permalink\":\"https:\\\/\\\/www.legistdf.gob.ar\\\/index.php\\\/2022\\\/04\\\/11\\\/comisiones-parlamentarios-analizaran-la-regulacion-del-ejercicio-profesional-de-psicologia-social\\\/\"}' id='gallery-1' class='gallery galleryid-32158 gallery-columns-1 gallery-size-thumbnail'><dl class='gallery-item'>\n\t\t\t<dt class='gallery-icon landscape'>\n\t\t\t\t<a href='https:\/\/www.legistdf.gob.ar\/index.php\/2022\/03\/23\/comisiones-actualizaron-agenda-de-asuntos-de-las-comisiones-de-legislacion-general-y-de-recursos-naturales\/img_4822-2\/'><img loading=\"lazy\" decoding=\"async\" width=\"150\" height=\"150\" src=\"https:\/\/www.legistdf.gob.ar\/wp-content\/uploads\/2022\/03\/IMG_4822-150x150.jpg\" class=\"attachment-thumbnail size-thumbnail\" alt=\"\" srcset=\"https:\/\/www.legistdf.gob.ar\/wp-content\/uploads\/2022\/03\/IMG_4822-150x150.jpg 150w, https:\/\/www.legistdf.gob.ar\/wp-content\/uploads\/2022\/03\/IMG_4822-64x64.jpg 64w\" sizes=\"(max-width: 150px) 100vw, 150px\" data-attachment-id=\"31161\" data-permalink=\"https:\/\/www.legistdf.gob.ar\/index.php\/2022\/03\/23\/comisiones-actualizaron-agenda-de-asuntos-de-las-comisiones-de-legislacion-general-y-de-recursos-naturales\/img_4822-2\/\" data-orig-file=\"https:\/\/www.legistdf.gob.ar\/wp-content\/uploads\/2022\/03\/IMG_4822.jpg\" data-orig-size=\"1000,667\" data-comments-opened=\"0\" data-image-meta=\"{&quot;aperture&quot;:&quot;2.8&quot;,&quot;credit&quot;:&quot;&quot;,&quot;camera&quot;:&quot;Canon EOS 6D&quot;,&quot;caption&quot;:&quot;&quot;,&quot;created_timestamp&quot;:&quot;1648046840&quot;,&quot;copyright&quot;:&quot;&quot;,&quot;focal_length&quot;:&quot;50&quot;,&quot;iso&quot;:&quot;200&quot;,&quot;shutter_speed&quot;:&quot;0.008&quot;,&quot;title&quot;:&quot;&quot;,&quot;orientation&quot;:&quot;0&quot;}\" data-image-title=\"IMG_4822\" data-image-description=\"\" data-image-caption=\"\" data-medium-file=\"https:\/\/www.legistdf.gob.ar\/wp-content\/uploads\/2022\/03\/IMG_4822-300x200.jpg\" data-large-file=\"https:\/\/www.legistdf.gob.ar\/wp-content\/uploads\/2022\/03\/IMG_4822.jpg\" \/><\/a>\n\t\t\t<\/dt><\/dl><br style=\"clear: both\" \/>\n\t\t<\/div>\n\n<p>&nbsp;<\/p>\n<p style=\"text-align: right\">\n","protected":false},"excerpt":{"rendered":"<p>Ushuaia, lunes 11 de abril de 2022.- El legislador Federico Greve (FORJA), convoc\u00f3 a un nuevo encuentro de la Comisi\u00f3n N\u00b0 1 de Legislaci\u00f3n General para el d\u00eda martes 12 a las 16 h, en el sal\u00f3n de Comisiones, con el fin de dar tratamiento al proyecto de Ley que propone regular el ejercicio profesional [&hellip;]<\/p>\n","protected":false},"author":352,"featured_media":31161,"comment_status":"closed","ping_status":"open","sticky":false,"template":"","format":"standard","meta":{"jetpack_post_was_ever_published":false,"_jetpack_newsletter_access":"","_jetpack_dont_email_post_to_subs":false,"_jetpack_newsletter_tier_id":0,"footnotes":"","jetpack_publicize_message":"","jetpack_publicize_feature_enabled":true,"jetpack_social_post_already_shared":true,"jetpack_social_options":{"image_generator_settings":{"template":"highway","enabled":false}}},"categories":[1],"tags":[1816,1858,130,2236],"jetpack_publicize_connections":[],"jetpack_sharing_enabled":true,"jetpack_featured_media_url":"https:\/\/www.legistdf.gob.ar\/wp-content\/uploads\/2022\/03\/IMG_4822.jpg","jetpack-related-posts":[],"_links":{"self":[{"href":"https:\/\/www.legistdf.gob.ar\/index.php\/wp-json\/wp\/v2\/posts\/32158"}],"collection":[{"href":"https:\/\/www.legistdf.gob.ar\/index.php\/wp-json\/wp\/v2\/posts"}],"about":[{"href":"https:\/\/www.legistdf.gob.ar\/index.php\/wp-json\/wp\/v2\/types\/post"}],"author":[{"embeddable":true,"href":"https:\/\/www.legistdf.gob.ar\/index.php\/wp-json\/wp\/v2\/users\/352"}],"replies":[{"embeddable":true,"href":"https:\/\/www.legistdf.gob.ar\/index.php\/wp-json\/wp\/v2\/comments?post=32158"}],"version-history":[{"count":1,"href":"https:\/\/www.legistdf.gob.ar\/index.php\/wp-json\/wp\/v2\/posts\/32158\/revisions"}],"predecessor-version":[{"id":32159,"href":"https:\/\/www.legistdf.gob.ar\/index.php\/wp-json\/wp\/v2\/posts\/32158\/revisions\/32159"}],"wp:featuredmedia":[{"embeddable":true,"href":"https:\/\/www.legistdf.gob.ar\/index.php\/wp-json\/wp\/v2\/media\/31161"}],"wp:attachment":[{"href":"https:\/\/www.legistdf.gob.ar\/index.php\/wp-json\/wp\/v2\/media?parent=32158"}],"wp:term":[{"taxonomy":"category","embeddable":true,"href":"https:\/\/www.legistdf.gob.ar\/index.php\/wp-json\/wp\/v2\/categories?post=32158"},{"taxonomy":"post_tag","embeddable":true,"href":"https:\/\/www.legistdf.gob.ar\/index.php\/wp-json\/wp\/v2\/tags?post=32158"}],"curies":[{"name":"wp","href":"https:\/\/api.w.org\/{rel}","templated":true}]}}