{"id":32314,"date":"2022-04-18T15:16:00","date_gmt":"2022-04-18T18:16:00","guid":{"rendered":"https:\/\/www.legistdf.gob.ar\/?p=32314"},"modified":"2022-04-18T15:16:00","modified_gmt":"2022-04-18T18:16:00","slug":"salud-transforme-el-dolor-en-esperanza-dijo-maria-de-los-angeles-musumeci","status":"publish","type":"post","link":"https:\/\/www.legistdf.gob.ar\/index.php\/2022\/04\/18\/salud-transforme-el-dolor-en-esperanza-dijo-maria-de-los-angeles-musumeci\/","title":{"rendered":"SALUD: \u201cTransform\u00e9 el dolor en esperanza\u201d, dijo Mar\u00eda de los \u00c1ngeles Musumeci"},"content":{"rendered":"<p><strong><img loading=\"lazy\" decoding=\"async\" data-attachment-id=\"32317\" data-permalink=\"https:\/\/www.legistdf.gob.ar\/index.php\/2022\/04\/18\/salud-transforme-el-dolor-en-esperanza-dijo-maria-de-los-angeles-musumeci\/img_20220321_114441002_hdr\/\" data-orig-file=\"https:\/\/www.legistdf.gob.ar\/wp-content\/uploads\/2022\/04\/IMG_20220321_114441002_HDR.jpg\" data-orig-size=\"1000,750\" data-comments-opened=\"0\" data-image-meta=\"{&quot;aperture&quot;:&quot;1.7&quot;,&quot;credit&quot;:&quot;&quot;,&quot;camera&quot;:&quot;moto g(30)&quot;,&quot;caption&quot;:&quot;&quot;,&quot;created_timestamp&quot;:&quot;1647863082&quot;,&quot;copyright&quot;:&quot;&quot;,&quot;focal_length&quot;:&quot;4.74&quot;,&quot;iso&quot;:&quot;364&quot;,&quot;shutter_speed&quot;:&quot;0.028571428571429&quot;,&quot;title&quot;:&quot;&quot;,&quot;orientation&quot;:&quot;0&quot;}\" data-image-title=\"IMG_20220321_114441002_HDR\" data-image-description=\"\" data-image-caption=\"\" data-medium-file=\"https:\/\/www.legistdf.gob.ar\/wp-content\/uploads\/2022\/04\/IMG_20220321_114441002_HDR-300x225.jpg\" data-large-file=\"https:\/\/www.legistdf.gob.ar\/wp-content\/uploads\/2022\/04\/IMG_20220321_114441002_HDR.jpg\" class=\"alignleft wp-image-32317 size-medium\" src=\"https:\/\/www.legistdf.gob.ar\/wp-content\/uploads\/2022\/04\/IMG_20220321_114441002_HDR-300x225.jpg\" alt=\"\" width=\"300\" height=\"225\" srcset=\"https:\/\/www.legistdf.gob.ar\/wp-content\/uploads\/2022\/04\/IMG_20220321_114441002_HDR-300x225.jpg 300w, https:\/\/www.legistdf.gob.ar\/wp-content\/uploads\/2022\/04\/IMG_20220321_114441002_HDR-768x576.jpg 768w, https:\/\/www.legistdf.gob.ar\/wp-content\/uploads\/2022\/04\/IMG_20220321_114441002_HDR-160x120.jpg 160w, https:\/\/www.legistdf.gob.ar\/wp-content\/uploads\/2022\/04\/IMG_20220321_114441002_HDR.jpg 1000w\" sizes=\"(max-width: 300px) 100vw, 300px\" \/>Ushuaia, lunes 18 de abril de 2022.- Mar\u00eda de los \u00c1ngeles Musumeci, presidenta de la Fundaci\u00f3n Espera por la Vida, dialog\u00f3 con Prensa Legislativa luego de participar en la Media Marat\u00f3n Internacional \u201cDesaf\u00edo Corrientes 7 Puntas\u201d. \u201cTransform\u00e9 el dolor de haber perdido a mi sobrino, en esperanza y dije voy a empezar a correr para difundir la donaci\u00f3n de m\u00e9dula\u201d, afirm\u00f3.<\/strong><\/p>\n<p>&nbsp;<\/p>\n<p>Antes de viajar a Corrientes, la Presidenta de la Fundaci\u00f3n se reuni\u00f3 con el legislador Pablo Villegas (MPF), donde ambos intercambiaron opiniones y proyectos a futuro, en pos de promover la concientizaci\u00f3n en la poblaci\u00f3n sobre la donaci\u00f3n de m\u00e9dula.<\/p>\n<p>&nbsp;<\/p>\n<p>Luego de ese encuentro, el Parlamentario evalu\u00f3: \u201cMuchas veces se nos critica a los dirigentes pol\u00edticos por discutir entre nosotros. Esas cr\u00edticas a veces son acertadas. Sin embargo frente a ciertas acciones, cuando \u00e9stas se nos presentan con nobleza, son transparentes y resuelven padecimientos en la comunidad, las discusiones se terminan\u201d.<\/p>\n<p>&nbsp;<\/p>\n<p><img loading=\"lazy\" decoding=\"async\" data-attachment-id=\"32316\" data-permalink=\"https:\/\/www.legistdf.gob.ar\/index.php\/2022\/04\/18\/salud-transforme-el-dolor-en-esperanza-dijo-maria-de-los-angeles-musumeci\/img_7497-2\/\" data-orig-file=\"https:\/\/www.legistdf.gob.ar\/wp-content\/uploads\/2022\/04\/IMG_7497.jpg\" data-orig-size=\"1000,667\" data-comments-opened=\"0\" data-image-meta=\"{&quot;aperture&quot;:&quot;2.8&quot;,&quot;credit&quot;:&quot;&quot;,&quot;camera&quot;:&quot;Canon EOS 6D&quot;,&quot;caption&quot;:&quot;&quot;,&quot;created_timestamp&quot;:&quot;1649759924&quot;,&quot;copyright&quot;:&quot;&quot;,&quot;focal_length&quot;:&quot;24&quot;,&quot;iso&quot;:&quot;160&quot;,&quot;shutter_speed&quot;:&quot;0.00625&quot;,&quot;title&quot;:&quot;&quot;,&quot;orientation&quot;:&quot;0&quot;}\" data-image-title=\"IMG_7497\" data-image-description=\"\" data-image-caption=\"\" data-medium-file=\"https:\/\/www.legistdf.gob.ar\/wp-content\/uploads\/2022\/04\/IMG_7497-300x200.jpg\" data-large-file=\"https:\/\/www.legistdf.gob.ar\/wp-content\/uploads\/2022\/04\/IMG_7497.jpg\" class=\"alignright wp-image-32316 size-medium\" src=\"https:\/\/www.legistdf.gob.ar\/wp-content\/uploads\/2022\/04\/IMG_7497-300x200.jpg\" alt=\"\" width=\"300\" height=\"200\" srcset=\"https:\/\/www.legistdf.gob.ar\/wp-content\/uploads\/2022\/04\/IMG_7497-300x200.jpg 300w, https:\/\/www.legistdf.gob.ar\/wp-content\/uploads\/2022\/04\/IMG_7497-768x512.jpg 768w, https:\/\/www.legistdf.gob.ar\/wp-content\/uploads\/2022\/04\/IMG_7497-160x107.jpg 160w, https:\/\/www.legistdf.gob.ar\/wp-content\/uploads\/2022\/04\/IMG_7497.jpg 1000w\" sizes=\"(max-width: 300px) 100vw, 300px\" \/>En ese sentido, el legislador Villegas continu\u00f3: \u201c\u00c9ste es el caso de la Fundaci\u00f3n Espera por la Vida y su tarea de concientizaci\u00f3n para la donaci\u00f3n de m\u00e9dula \u00f3sea. Mar\u00eda de los \u00c1ngeles Musumeci nos ense\u00f1a a todos, sin distinciones de ninguna naturaleza, que con un acto, sencillo y sin riesgos, similar a la donaci\u00f3n de sangre, podemos aliviar y resolver la angustia de un enfermo y su familia, que ma\u00f1ana puede ser la nuestra tambi\u00e9n. Se lo agradecemos de todo coraz\u00f3n y le garantizamos que lo que est\u00e9 a nuestro alcance para ayudar a esa tarea de difusi\u00f3n, ser\u00e1 hecho\u201d.<\/p>\n<p>&nbsp;<\/p>\n<p>Al inicio de la charla, Mar\u00eda de los \u00c1ngeles record\u00f3 que \u201ceste a\u00f1o cumpliremos 11 a\u00f1os desde que comenc\u00e9 esta lucha. En ese momento era simplemente Mar\u00eda de los \u00c1ngeles, viv\u00ed una situaci\u00f3n muy especial en mi familia, ya que mi sobrino Fabricio esperaba un trasplante hep\u00e1tico, que no llegaba, y en una actitud desesperada abrac\u00e9 la plaza Independencia, en Tucum\u00e1n, con m\u00e1s de 500 personas pidiendo por la donaci\u00f3n de \u00f3rganos y por la salud de mi sobrino\u201d, cont\u00f3.<\/p>\n<p>&nbsp;<\/p>\n<p><img loading=\"lazy\" decoding=\"async\" data-attachment-id=\"32325\" data-permalink=\"https:\/\/www.legistdf.gob.ar\/index.php\/2022\/04\/18\/salud-transforme-el-dolor-en-esperanza-dijo-maria-de-los-angeles-musumeci\/whatsapp-image-2022-04-11-at-10-51-10-am-1\/\" data-orig-file=\"https:\/\/www.legistdf.gob.ar\/wp-content\/uploads\/2022\/04\/WhatsApp-Image-2022-04-11-at-10.51.10-AM-1.jpg\" data-orig-size=\"1000,563\" data-comments-opened=\"0\" data-image-meta=\"{&quot;aperture&quot;:&quot;0&quot;,&quot;credit&quot;:&quot;&quot;,&quot;camera&quot;:&quot;&quot;,&quot;caption&quot;:&quot;&quot;,&quot;created_timestamp&quot;:&quot;0&quot;,&quot;copyright&quot;:&quot;&quot;,&quot;focal_length&quot;:&quot;0&quot;,&quot;iso&quot;:&quot;0&quot;,&quot;shutter_speed&quot;:&quot;0&quot;,&quot;title&quot;:&quot;&quot;,&quot;orientation&quot;:&quot;0&quot;}\" data-image-title=\"WhatsApp Image 2022-04-11 at 10.51.10 AM (1)\" data-image-description=\"\" data-image-caption=\"\" data-medium-file=\"https:\/\/www.legistdf.gob.ar\/wp-content\/uploads\/2022\/04\/WhatsApp-Image-2022-04-11-at-10.51.10-AM-1-300x169.jpg\" data-large-file=\"https:\/\/www.legistdf.gob.ar\/wp-content\/uploads\/2022\/04\/WhatsApp-Image-2022-04-11-at-10.51.10-AM-1.jpg\" class=\"alignleft wp-image-32325 size-medium\" src=\"https:\/\/www.legistdf.gob.ar\/wp-content\/uploads\/2022\/04\/WhatsApp-Image-2022-04-11-at-10.51.10-AM-1-300x169.jpg\" alt=\"\" width=\"300\" height=\"169\" srcset=\"https:\/\/www.legistdf.gob.ar\/wp-content\/uploads\/2022\/04\/WhatsApp-Image-2022-04-11-at-10.51.10-AM-1-300x169.jpg 300w, https:\/\/www.legistdf.gob.ar\/wp-content\/uploads\/2022\/04\/WhatsApp-Image-2022-04-11-at-10.51.10-AM-1-768x432.jpg 768w, https:\/\/www.legistdf.gob.ar\/wp-content\/uploads\/2022\/04\/WhatsApp-Image-2022-04-11-at-10.51.10-AM-1-160x90.jpg 160w, https:\/\/www.legistdf.gob.ar\/wp-content\/uploads\/2022\/04\/WhatsApp-Image-2022-04-11-at-10.51.10-AM-1.jpg 1000w\" sizes=\"(max-width: 300px) 100vw, 300px\" \/>\u201cEl trasplante lleg\u00f3 al d\u00eda siguiente\u201d, continu\u00f3 Musumeci, \u201cno me voy a olvidar nunca, porque era el d\u00eda de mi cumplea\u00f1os, 15 de agosto de 2011. Lamentablemente lleg\u00f3 tarde, porque \u00e9l ten\u00eda otros \u00f3rganos comprometidos y falleci\u00f3 el 7 de septiembre\u201d. Este hecho no la amilan\u00f3 y, tras su encuentro con un paciente de leucemia, Mar\u00eda de los \u00c1ngeles emprendi\u00f3 una denodada lucha en b\u00fasqueda de potenciales donantes.<\/p>\n<p>&nbsp;<\/p>\n<p>Ante esa situaci\u00f3n, la titular de la Fundaci\u00f3n cont\u00f3 que el caso de su sobrino trascendi\u00f3 las fronteras de su provincia y lleg\u00f3 a Chile, donde la red de trasplantados de ese pa\u00eds, la convocan a difundir su experiencia en la competencia deportiva \u201cCorre la vida y que corren justamente a favor de la donaci\u00f3n de \u00f3rganos\u201d.<\/p>\n<p>Musumeci detall\u00f3 que a finales de noviembre de 2011, corri\u00f3\u00a0 7 km en Santiago de Chile con la intenci\u00f3n de concientizar sobre la importancia de registrar los donantes de m\u00e9dula. Sostuvo que desde ese momento \u201cencontr\u00e9 en el atletismo la llave para poder llegar a la gente. Transform\u00e9 el dolor de haber perdido a mi sobrino en esperanza y dije \u2018voy a empezar a correr para difundir la donaci\u00f3n de m\u00e9dula\u2019\u201d.<\/p>\n<p><iframe loading=\"lazy\" title=\"SALUD: \u201cTransform\u00e9 el dolor en esperanza\u201d, dijo Mar\u00eda de los \u00c1ngeles Musumeci\" width=\"844\" height=\"475\" src=\"https:\/\/www.youtube.com\/embed\/OUJAjpA_FXc?feature=oembed\" frameborder=\"0\" allow=\"accelerometer; autoplay; clipboard-write; encrypted-media; gyroscope; picture-in-picture; web-share\" allowfullscreen><\/iframe><\/p>\n<p>La Fundaci\u00f3n inici\u00f3 su labor en Tucum\u00e1n y luego de su radicaci\u00f3n en Tierra del Fuego, concret\u00f3 el cambio de jurisdicci\u00f3n \u201cy hoy ya somos una Fundaci\u00f3n fueguina\u201d.<\/p>\n<p>&nbsp;<\/p>\n<p><img loading=\"lazy\" decoding=\"async\" data-attachment-id=\"32320\" data-permalink=\"https:\/\/www.legistdf.gob.ar\/index.php\/2022\/04\/18\/salud-transforme-el-dolor-en-esperanza-dijo-maria-de-los-angeles-musumeci\/whatsapp-image-2022-04-11-at-10-51-03-am\/\" data-orig-file=\"https:\/\/www.legistdf.gob.ar\/wp-content\/uploads\/2022\/04\/WhatsApp-Image-2022-04-11-at-10.51.03-AM.jpg\" data-orig-size=\"1000,563\" data-comments-opened=\"0\" data-image-meta=\"{&quot;aperture&quot;:&quot;0&quot;,&quot;credit&quot;:&quot;&quot;,&quot;camera&quot;:&quot;&quot;,&quot;caption&quot;:&quot;&quot;,&quot;created_timestamp&quot;:&quot;0&quot;,&quot;copyright&quot;:&quot;&quot;,&quot;focal_length&quot;:&quot;0&quot;,&quot;iso&quot;:&quot;0&quot;,&quot;shutter_speed&quot;:&quot;0&quot;,&quot;title&quot;:&quot;&quot;,&quot;orientation&quot;:&quot;0&quot;}\" data-image-title=\"WhatsApp Image 2022-04-11 at 10.51.03 AM\" data-image-description=\"\" data-image-caption=\"\" data-medium-file=\"https:\/\/www.legistdf.gob.ar\/wp-content\/uploads\/2022\/04\/WhatsApp-Image-2022-04-11-at-10.51.03-AM-300x169.jpg\" data-large-file=\"https:\/\/www.legistdf.gob.ar\/wp-content\/uploads\/2022\/04\/WhatsApp-Image-2022-04-11-at-10.51.03-AM.jpg\" class=\"alignright wp-image-32320 size-medium\" src=\"https:\/\/www.legistdf.gob.ar\/wp-content\/uploads\/2022\/04\/WhatsApp-Image-2022-04-11-at-10.51.03-AM-300x169.jpg\" alt=\"\" width=\"300\" height=\"169\" srcset=\"https:\/\/www.legistdf.gob.ar\/wp-content\/uploads\/2022\/04\/WhatsApp-Image-2022-04-11-at-10.51.03-AM-300x169.jpg 300w, https:\/\/www.legistdf.gob.ar\/wp-content\/uploads\/2022\/04\/WhatsApp-Image-2022-04-11-at-10.51.03-AM-768x432.jpg 768w, https:\/\/www.legistdf.gob.ar\/wp-content\/uploads\/2022\/04\/WhatsApp-Image-2022-04-11-at-10.51.03-AM-160x90.jpg 160w, https:\/\/www.legistdf.gob.ar\/wp-content\/uploads\/2022\/04\/WhatsApp-Image-2022-04-11-at-10.51.03-AM.jpg 1000w\" sizes=\"(max-width: 300px) 100vw, 300px\" \/>Entendi\u00f3 que la actividad de difusi\u00f3n de la Fundaci\u00f3n, es vital a la hora de informar qu\u00e9 acciones realiza esa instituci\u00f3n y posibilita la concientizaci\u00f3n sobre la importancia de la donaci\u00f3n de m\u00e9dula. \u201cEsto tambi\u00e9n crea esperanzas para todas las familias que representamos\u201d, se\u00f1al\u00f3 en di\u00e1logo con Prensa Legislativa.<\/p>\n<p>&nbsp;<\/p>\n<p>Asimismo resalt\u00f3 los registros de donantes en los hospitales regionales de Ushuaia y R\u00edo Grande y en la cl\u00ednica San Jorge de la capital. \u201cTolhuin es la \u00fanica localidad que no lo tiene, pero se han realizado colectas externas con la gente de la cl\u00ednica que se ha trasladado y ha habido una muy buena respuesta de la gente de all\u00e1\u201d.<\/p>\n<p>&nbsp;<\/p>\n<p>Musumeci record\u00f3 que el a\u00f1o pasado el legislador Pablo Villegas particip\u00f3 de una carrera en la Provincia \u201cy en ese espacio, pude acudir a \u00e9l, quien se solidariz\u00f3 con la causa y se puso a disposici\u00f3n. Destac\u00f3 en ese sentido la predisposici\u00f3n y el apoyo que recibi\u00f3 del Parlamentario.<\/p>\n<p>&nbsp;<\/p>\n<p>Por \u00faltimo, record\u00f3 su participaci\u00f3n en esta \u00faltima competencia en Corrientes, \u201ccon el \u00fanico prop\u00f3sito de acompa\u00f1ar a Martina, una ni\u00f1a de la Fundaci\u00f3n que padece leucemia y est\u00e1 esperando un donante compatible para poder vivir\u00bb. Martina tiene 10 a\u00f1os y recientemente recibi\u00f3 el diagn\u00f3stico de leucemia y se encuentra a la espera de un trasplante.<\/p>\n<p>&nbsp;<\/p>\n<p>En la Media Marat\u00f3n Internacional \u201cDesaf\u00edo Corrientes 7 Puntas\u201d participaron alrededor de 400 atletas de distintas provincias argentinas y pa\u00edses lim\u00edtrofes, quienes hicieron su aporte al mensaje de esperanza para Martina.<\/p>\n<p style=\"text-align: right\"><em>LV-AT<\/em><\/p>\n\n\t\t<style type=\"text\/css\">\n\t\t\t#gallery-1 {\n\t\t\t\tmargin: auto;\n\t\t\t}\n\t\t\t#gallery-1 .gallery-item {\n\t\t\t\tfloat: left;\n\t\t\t\tmargin-top: 10px;\n\t\t\t\ttext-align: center;\n\t\t\t\twidth: 33%;\n\t\t\t}\n\t\t\t#gallery-1 img {\n\t\t\t\tborder: 2px solid #cfcfcf;\n\t\t\t}\n\t\t\t#gallery-1 .gallery-caption {\n\t\t\t\tmargin-left: 0;\n\t\t\t}\n\t\t\t\/* see gallery_shortcode() in wp-includes\/media.php *\/\n\t\t<\/style>\n\t\t<div data-carousel-extra='{\"blog_id\":1,\"permalink\":\"https:\\\/\\\/www.legistdf.gob.ar\\\/index.php\\\/2022\\\/04\\\/18\\\/salud-transforme-el-dolor-en-esperanza-dijo-maria-de-los-angeles-musumeci\\\/\"}' id='gallery-1' class='gallery galleryid-32314 gallery-columns-3 gallery-size-thumbnail'><dl class='gallery-item'>\n\t\t\t<dt class='gallery-icon landscape'>\n\t\t\t\t<a href='https:\/\/www.legistdf.gob.ar\/index.php\/2022\/04\/18\/salud-transforme-el-dolor-en-esperanza-dijo-maria-de-los-angeles-musumeci\/img_7489-2\/'><img loading=\"lazy\" decoding=\"async\" width=\"150\" height=\"150\" src=\"https:\/\/www.legistdf.gob.ar\/wp-content\/uploads\/2022\/04\/IMG_7489-150x150.jpg\" class=\"attachment-thumbnail size-thumbnail\" alt=\"\" srcset=\"https:\/\/www.legistdf.gob.ar\/wp-content\/uploads\/2022\/04\/IMG_7489-150x150.jpg 150w, https:\/\/www.legistdf.gob.ar\/wp-content\/uploads\/2022\/04\/IMG_7489-64x64.jpg 64w\" sizes=\"(max-width: 150px) 100vw, 150px\" data-attachment-id=\"32315\" data-permalink=\"https:\/\/www.legistdf.gob.ar\/index.php\/2022\/04\/18\/salud-transforme-el-dolor-en-esperanza-dijo-maria-de-los-angeles-musumeci\/img_7489-2\/\" data-orig-file=\"https:\/\/www.legistdf.gob.ar\/wp-content\/uploads\/2022\/04\/IMG_7489.jpg\" data-orig-size=\"1000,667\" data-comments-opened=\"0\" data-image-meta=\"{&quot;aperture&quot;:&quot;2.8&quot;,&quot;credit&quot;:&quot;&quot;,&quot;camera&quot;:&quot;Canon EOS 6D&quot;,&quot;caption&quot;:&quot;&quot;,&quot;created_timestamp&quot;:&quot;1649759773&quot;,&quot;copyright&quot;:&quot;&quot;,&quot;focal_length&quot;:&quot;24&quot;,&quot;iso&quot;:&quot;160&quot;,&quot;shutter_speed&quot;:&quot;0.00625&quot;,&quot;title&quot;:&quot;&quot;,&quot;orientation&quot;:&quot;0&quot;}\" data-image-title=\"IMG_7489\" data-image-description=\"\" data-image-caption=\"\" data-medium-file=\"https:\/\/www.legistdf.gob.ar\/wp-content\/uploads\/2022\/04\/IMG_7489-300x200.jpg\" data-large-file=\"https:\/\/www.legistdf.gob.ar\/wp-content\/uploads\/2022\/04\/IMG_7489.jpg\" \/><\/a>\n\t\t\t<\/dt><\/dl><dl class='gallery-item'>\n\t\t\t<dt class='gallery-icon landscape'>\n\t\t\t\t<a href='https:\/\/www.legistdf.gob.ar\/index.php\/2022\/04\/18\/salud-transforme-el-dolor-en-esperanza-dijo-maria-de-los-angeles-musumeci\/img_7497-2\/'><img loading=\"lazy\" decoding=\"async\" width=\"150\" height=\"150\" src=\"https:\/\/www.legistdf.gob.ar\/wp-content\/uploads\/2022\/04\/IMG_7497-150x150.jpg\" class=\"attachment-thumbnail size-thumbnail\" alt=\"\" srcset=\"https:\/\/www.legistdf.gob.ar\/wp-content\/uploads\/2022\/04\/IMG_7497-150x150.jpg 150w, https:\/\/www.legistdf.gob.ar\/wp-content\/uploads\/2022\/04\/IMG_7497-64x64.jpg 64w\" sizes=\"(max-width: 150px) 100vw, 150px\" data-attachment-id=\"32316\" data-permalink=\"https:\/\/www.legistdf.gob.ar\/index.php\/2022\/04\/18\/salud-transforme-el-dolor-en-esperanza-dijo-maria-de-los-angeles-musumeci\/img_7497-2\/\" data-orig-file=\"https:\/\/www.legistdf.gob.ar\/wp-content\/uploads\/2022\/04\/IMG_7497.jpg\" data-orig-size=\"1000,667\" data-comments-opened=\"0\" data-image-meta=\"{&quot;aperture&quot;:&quot;2.8&quot;,&quot;credit&quot;:&quot;&quot;,&quot;camera&quot;:&quot;Canon EOS 6D&quot;,&quot;caption&quot;:&quot;&quot;,&quot;created_timestamp&quot;:&quot;1649759924&quot;,&quot;copyright&quot;:&quot;&quot;,&quot;focal_length&quot;:&quot;24&quot;,&quot;iso&quot;:&quot;160&quot;,&quot;shutter_speed&quot;:&quot;0.00625&quot;,&quot;title&quot;:&quot;&quot;,&quot;orientation&quot;:&quot;0&quot;}\" data-image-title=\"IMG_7497\" data-image-description=\"\" data-image-caption=\"\" data-medium-file=\"https:\/\/www.legistdf.gob.ar\/wp-content\/uploads\/2022\/04\/IMG_7497-300x200.jpg\" data-large-file=\"https:\/\/www.legistdf.gob.ar\/wp-content\/uploads\/2022\/04\/IMG_7497.jpg\" \/><\/a>\n\t\t\t<\/dt><\/dl><dl class='gallery-item'>\n\t\t\t<dt class='gallery-icon landscape'>\n\t\t\t\t<a href='https:\/\/www.legistdf.gob.ar\/index.php\/2022\/04\/18\/salud-transforme-el-dolor-en-esperanza-dijo-maria-de-los-angeles-musumeci\/img_20220321_114441002_hdr\/'><img loading=\"lazy\" decoding=\"async\" width=\"150\" height=\"150\" src=\"https:\/\/www.legistdf.gob.ar\/wp-content\/uploads\/2022\/04\/IMG_20220321_114441002_HDR-150x150.jpg\" class=\"attachment-thumbnail size-thumbnail\" alt=\"\" srcset=\"https:\/\/www.legistdf.gob.ar\/wp-content\/uploads\/2022\/04\/IMG_20220321_114441002_HDR-150x150.jpg 150w, https:\/\/www.legistdf.gob.ar\/wp-content\/uploads\/2022\/04\/IMG_20220321_114441002_HDR-64x64.jpg 64w\" sizes=\"(max-width: 150px) 100vw, 150px\" data-attachment-id=\"32317\" data-permalink=\"https:\/\/www.legistdf.gob.ar\/index.php\/2022\/04\/18\/salud-transforme-el-dolor-en-esperanza-dijo-maria-de-los-angeles-musumeci\/img_20220321_114441002_hdr\/\" data-orig-file=\"https:\/\/www.legistdf.gob.ar\/wp-content\/uploads\/2022\/04\/IMG_20220321_114441002_HDR.jpg\" data-orig-size=\"1000,750\" data-comments-opened=\"0\" data-image-meta=\"{&quot;aperture&quot;:&quot;1.7&quot;,&quot;credit&quot;:&quot;&quot;,&quot;camera&quot;:&quot;moto g(30)&quot;,&quot;caption&quot;:&quot;&quot;,&quot;created_timestamp&quot;:&quot;1647863082&quot;,&quot;copyright&quot;:&quot;&quot;,&quot;focal_length&quot;:&quot;4.74&quot;,&quot;iso&quot;:&quot;364&quot;,&quot;shutter_speed&quot;:&quot;0.028571428571429&quot;,&quot;title&quot;:&quot;&quot;,&quot;orientation&quot;:&quot;0&quot;}\" data-image-title=\"IMG_20220321_114441002_HDR\" data-image-description=\"\" data-image-caption=\"\" data-medium-file=\"https:\/\/www.legistdf.gob.ar\/wp-content\/uploads\/2022\/04\/IMG_20220321_114441002_HDR-300x225.jpg\" data-large-file=\"https:\/\/www.legistdf.gob.ar\/wp-content\/uploads\/2022\/04\/IMG_20220321_114441002_HDR.jpg\" \/><\/a>\n\t\t\t<\/dt><\/dl><br style=\"clear: both\" \/><dl class='gallery-item'>\n\t\t\t<dt class='gallery-icon landscape'>\n\t\t\t\t<a href='https:\/\/www.legistdf.gob.ar\/index.php\/2022\/04\/18\/salud-transforme-el-dolor-en-esperanza-dijo-maria-de-los-angeles-musumeci\/whatsapp-image-2022-04-11-at-10-51-01-am-1\/'><img loading=\"lazy\" decoding=\"async\" width=\"150\" height=\"150\" src=\"https:\/\/www.legistdf.gob.ar\/wp-content\/uploads\/2022\/04\/WhatsApp-Image-2022-04-11-at-10.51.01-AM-1-150x150.jpg\" class=\"attachment-thumbnail size-thumbnail\" alt=\"\" srcset=\"https:\/\/www.legistdf.gob.ar\/wp-content\/uploads\/2022\/04\/WhatsApp-Image-2022-04-11-at-10.51.01-AM-1-150x150.jpg 150w, https:\/\/www.legistdf.gob.ar\/wp-content\/uploads\/2022\/04\/WhatsApp-Image-2022-04-11-at-10.51.01-AM-1-64x64.jpg 64w\" sizes=\"(max-width: 150px) 100vw, 150px\" data-attachment-id=\"32318\" data-permalink=\"https:\/\/www.legistdf.gob.ar\/index.php\/2022\/04\/18\/salud-transforme-el-dolor-en-esperanza-dijo-maria-de-los-angeles-musumeci\/whatsapp-image-2022-04-11-at-10-51-01-am-1\/\" data-orig-file=\"https:\/\/www.legistdf.gob.ar\/wp-content\/uploads\/2022\/04\/WhatsApp-Image-2022-04-11-at-10.51.01-AM-1.jpg\" data-orig-size=\"1000,563\" data-comments-opened=\"0\" data-image-meta=\"{&quot;aperture&quot;:&quot;0&quot;,&quot;credit&quot;:&quot;&quot;,&quot;camera&quot;:&quot;&quot;,&quot;caption&quot;:&quot;&quot;,&quot;created_timestamp&quot;:&quot;0&quot;,&quot;copyright&quot;:&quot;&quot;,&quot;focal_length&quot;:&quot;0&quot;,&quot;iso&quot;:&quot;0&quot;,&quot;shutter_speed&quot;:&quot;0&quot;,&quot;title&quot;:&quot;&quot;,&quot;orientation&quot;:&quot;0&quot;}\" data-image-title=\"WhatsApp Image 2022-04-11 at 10.51.01 AM (1)\" data-image-description=\"\" data-image-caption=\"\" data-medium-file=\"https:\/\/www.legistdf.gob.ar\/wp-content\/uploads\/2022\/04\/WhatsApp-Image-2022-04-11-at-10.51.01-AM-1-300x169.jpg\" data-large-file=\"https:\/\/www.legistdf.gob.ar\/wp-content\/uploads\/2022\/04\/WhatsApp-Image-2022-04-11-at-10.51.01-AM-1.jpg\" \/><\/a>\n\t\t\t<\/dt><\/dl><dl class='gallery-item'>\n\t\t\t<dt class='gallery-icon landscape'>\n\t\t\t\t<a href='https:\/\/www.legistdf.gob.ar\/index.php\/2022\/04\/18\/salud-transforme-el-dolor-en-esperanza-dijo-maria-de-los-angeles-musumeci\/whatsapp-image-2022-04-11-at-10-51-01-am\/'><img loading=\"lazy\" decoding=\"async\" width=\"150\" height=\"150\" src=\"https:\/\/www.legistdf.gob.ar\/wp-content\/uploads\/2022\/04\/WhatsApp-Image-2022-04-11-at-10.51.01-AM-150x150.jpg\" class=\"attachment-thumbnail size-thumbnail\" alt=\"\" srcset=\"https:\/\/www.legistdf.gob.ar\/wp-content\/uploads\/2022\/04\/WhatsApp-Image-2022-04-11-at-10.51.01-AM-150x150.jpg 150w, https:\/\/www.legistdf.gob.ar\/wp-content\/uploads\/2022\/04\/WhatsApp-Image-2022-04-11-at-10.51.01-AM-64x64.jpg 64w\" sizes=\"(max-width: 150px) 100vw, 150px\" data-attachment-id=\"32319\" data-permalink=\"https:\/\/www.legistdf.gob.ar\/index.php\/2022\/04\/18\/salud-transforme-el-dolor-en-esperanza-dijo-maria-de-los-angeles-musumeci\/whatsapp-image-2022-04-11-at-10-51-01-am\/\" data-orig-file=\"https:\/\/www.legistdf.gob.ar\/wp-content\/uploads\/2022\/04\/WhatsApp-Image-2022-04-11-at-10.51.01-AM.jpg\" data-orig-size=\"1000,563\" data-comments-opened=\"0\" data-image-meta=\"{&quot;aperture&quot;:&quot;0&quot;,&quot;credit&quot;:&quot;&quot;,&quot;camera&quot;:&quot;&quot;,&quot;caption&quot;:&quot;&quot;,&quot;created_timestamp&quot;:&quot;0&quot;,&quot;copyright&quot;:&quot;&quot;,&quot;focal_length&quot;:&quot;0&quot;,&quot;iso&quot;:&quot;0&quot;,&quot;shutter_speed&quot;:&quot;0&quot;,&quot;title&quot;:&quot;&quot;,&quot;orientation&quot;:&quot;0&quot;}\" data-image-title=\"WhatsApp Image 2022-04-11 at 10.51.01 AM\" data-image-description=\"\" data-image-caption=\"\" data-medium-file=\"https:\/\/www.legistdf.gob.ar\/wp-content\/uploads\/2022\/04\/WhatsApp-Image-2022-04-11-at-10.51.01-AM-300x169.jpg\" data-large-file=\"https:\/\/www.legistdf.gob.ar\/wp-content\/uploads\/2022\/04\/WhatsApp-Image-2022-04-11-at-10.51.01-AM.jpg\" \/><\/a>\n\t\t\t<\/dt><\/dl><dl class='gallery-item'>\n\t\t\t<dt class='gallery-icon landscape'>\n\t\t\t\t<a href='https:\/\/www.legistdf.gob.ar\/index.php\/2022\/04\/18\/salud-transforme-el-dolor-en-esperanza-dijo-maria-de-los-angeles-musumeci\/whatsapp-image-2022-04-11-at-10-51-03-am\/'><img loading=\"lazy\" decoding=\"async\" width=\"150\" height=\"150\" src=\"https:\/\/www.legistdf.gob.ar\/wp-content\/uploads\/2022\/04\/WhatsApp-Image-2022-04-11-at-10.51.03-AM-150x150.jpg\" class=\"attachment-thumbnail size-thumbnail\" alt=\"\" srcset=\"https:\/\/www.legistdf.gob.ar\/wp-content\/uploads\/2022\/04\/WhatsApp-Image-2022-04-11-at-10.51.03-AM-150x150.jpg 150w, https:\/\/www.legistdf.gob.ar\/wp-content\/uploads\/2022\/04\/WhatsApp-Image-2022-04-11-at-10.51.03-AM-64x64.jpg 64w\" sizes=\"(max-width: 150px) 100vw, 150px\" data-attachment-id=\"32320\" data-permalink=\"https:\/\/www.legistdf.gob.ar\/index.php\/2022\/04\/18\/salud-transforme-el-dolor-en-esperanza-dijo-maria-de-los-angeles-musumeci\/whatsapp-image-2022-04-11-at-10-51-03-am\/\" data-orig-file=\"https:\/\/www.legistdf.gob.ar\/wp-content\/uploads\/2022\/04\/WhatsApp-Image-2022-04-11-at-10.51.03-AM.jpg\" data-orig-size=\"1000,563\" data-comments-opened=\"0\" data-image-meta=\"{&quot;aperture&quot;:&quot;0&quot;,&quot;credit&quot;:&quot;&quot;,&quot;camera&quot;:&quot;&quot;,&quot;caption&quot;:&quot;&quot;,&quot;created_timestamp&quot;:&quot;0&quot;,&quot;copyright&quot;:&quot;&quot;,&quot;focal_length&quot;:&quot;0&quot;,&quot;iso&quot;:&quot;0&quot;,&quot;shutter_speed&quot;:&quot;0&quot;,&quot;title&quot;:&quot;&quot;,&quot;orientation&quot;:&quot;0&quot;}\" data-image-title=\"WhatsApp Image 2022-04-11 at 10.51.03 AM\" data-image-description=\"\" data-image-caption=\"\" data-medium-file=\"https:\/\/www.legistdf.gob.ar\/wp-content\/uploads\/2022\/04\/WhatsApp-Image-2022-04-11-at-10.51.03-AM-300x169.jpg\" data-large-file=\"https:\/\/www.legistdf.gob.ar\/wp-content\/uploads\/2022\/04\/WhatsApp-Image-2022-04-11-at-10.51.03-AM.jpg\" \/><\/a>\n\t\t\t<\/dt><\/dl><br style=\"clear: both\" \/><dl class='gallery-item'>\n\t\t\t<dt class='gallery-icon landscape'>\n\t\t\t\t<a href='https:\/\/www.legistdf.gob.ar\/index.php\/2022\/04\/18\/salud-transforme-el-dolor-en-esperanza-dijo-maria-de-los-angeles-musumeci\/whatsapp-image-2022-04-11-at-10-51-04-am\/'><img loading=\"lazy\" decoding=\"async\" width=\"150\" height=\"150\" src=\"https:\/\/www.legistdf.gob.ar\/wp-content\/uploads\/2022\/04\/WhatsApp-Image-2022-04-11-at-10.51.04-AM-150x150.jpg\" class=\"attachment-thumbnail size-thumbnail\" alt=\"\" srcset=\"https:\/\/www.legistdf.gob.ar\/wp-content\/uploads\/2022\/04\/WhatsApp-Image-2022-04-11-at-10.51.04-AM-150x150.jpg 150w, https:\/\/www.legistdf.gob.ar\/wp-content\/uploads\/2022\/04\/WhatsApp-Image-2022-04-11-at-10.51.04-AM-64x64.jpg 64w\" sizes=\"(max-width: 150px) 100vw, 150px\" data-attachment-id=\"32321\" data-permalink=\"https:\/\/www.legistdf.gob.ar\/index.php\/2022\/04\/18\/salud-transforme-el-dolor-en-esperanza-dijo-maria-de-los-angeles-musumeci\/whatsapp-image-2022-04-11-at-10-51-04-am\/\" data-orig-file=\"https:\/\/www.legistdf.gob.ar\/wp-content\/uploads\/2022\/04\/WhatsApp-Image-2022-04-11-at-10.51.04-AM.jpg\" data-orig-size=\"1000,563\" data-comments-opened=\"0\" data-image-meta=\"{&quot;aperture&quot;:&quot;0&quot;,&quot;credit&quot;:&quot;&quot;,&quot;camera&quot;:&quot;&quot;,&quot;caption&quot;:&quot;&quot;,&quot;created_timestamp&quot;:&quot;0&quot;,&quot;copyright&quot;:&quot;&quot;,&quot;focal_length&quot;:&quot;0&quot;,&quot;iso&quot;:&quot;0&quot;,&quot;shutter_speed&quot;:&quot;0&quot;,&quot;title&quot;:&quot;&quot;,&quot;orientation&quot;:&quot;0&quot;}\" data-image-title=\"WhatsApp Image 2022-04-11 at 10.51.04 AM\" data-image-description=\"\" data-image-caption=\"\" data-medium-file=\"https:\/\/www.legistdf.gob.ar\/wp-content\/uploads\/2022\/04\/WhatsApp-Image-2022-04-11-at-10.51.04-AM-300x169.jpg\" data-large-file=\"https:\/\/www.legistdf.gob.ar\/wp-content\/uploads\/2022\/04\/WhatsApp-Image-2022-04-11-at-10.51.04-AM.jpg\" \/><\/a>\n\t\t\t<\/dt><\/dl><dl class='gallery-item'>\n\t\t\t<dt class='gallery-icon landscape'>\n\t\t\t\t<a href='https:\/\/www.legistdf.gob.ar\/index.php\/2022\/04\/18\/salud-transforme-el-dolor-en-esperanza-dijo-maria-de-los-angeles-musumeci\/whatsapp-image-2022-04-11-at-10-51-05-am\/'><img loading=\"lazy\" decoding=\"async\" width=\"150\" height=\"150\" src=\"https:\/\/www.legistdf.gob.ar\/wp-content\/uploads\/2022\/04\/WhatsApp-Image-2022-04-11-at-10.51.05-AM-150x150.jpg\" class=\"attachment-thumbnail size-thumbnail\" alt=\"\" srcset=\"https:\/\/www.legistdf.gob.ar\/wp-content\/uploads\/2022\/04\/WhatsApp-Image-2022-04-11-at-10.51.05-AM-150x150.jpg 150w, https:\/\/www.legistdf.gob.ar\/wp-content\/uploads\/2022\/04\/WhatsApp-Image-2022-04-11-at-10.51.05-AM-64x64.jpg 64w\" sizes=\"(max-width: 150px) 100vw, 150px\" data-attachment-id=\"32322\" data-permalink=\"https:\/\/www.legistdf.gob.ar\/index.php\/2022\/04\/18\/salud-transforme-el-dolor-en-esperanza-dijo-maria-de-los-angeles-musumeci\/whatsapp-image-2022-04-11-at-10-51-05-am\/\" data-orig-file=\"https:\/\/www.legistdf.gob.ar\/wp-content\/uploads\/2022\/04\/WhatsApp-Image-2022-04-11-at-10.51.05-AM.jpg\" data-orig-size=\"1000,563\" data-comments-opened=\"0\" data-image-meta=\"{&quot;aperture&quot;:&quot;0&quot;,&quot;credit&quot;:&quot;&quot;,&quot;camera&quot;:&quot;&quot;,&quot;caption&quot;:&quot;&quot;,&quot;created_timestamp&quot;:&quot;0&quot;,&quot;copyright&quot;:&quot;&quot;,&quot;focal_length&quot;:&quot;0&quot;,&quot;iso&quot;:&quot;0&quot;,&quot;shutter_speed&quot;:&quot;0&quot;,&quot;title&quot;:&quot;&quot;,&quot;orientation&quot;:&quot;0&quot;}\" data-image-title=\"WhatsApp Image 2022-04-11 at 10.51.05 AM\" data-image-description=\"\" data-image-caption=\"\" data-medium-file=\"https:\/\/www.legistdf.gob.ar\/wp-content\/uploads\/2022\/04\/WhatsApp-Image-2022-04-11-at-10.51.05-AM-300x169.jpg\" data-large-file=\"https:\/\/www.legistdf.gob.ar\/wp-content\/uploads\/2022\/04\/WhatsApp-Image-2022-04-11-at-10.51.05-AM.jpg\" \/><\/a>\n\t\t\t<\/dt><\/dl><dl class='gallery-item'>\n\t\t\t<dt class='gallery-icon landscape'>\n\t\t\t\t<a href='https:\/\/www.legistdf.gob.ar\/index.php\/2022\/04\/18\/salud-transforme-el-dolor-en-esperanza-dijo-maria-de-los-angeles-musumeci\/whatsapp-image-2022-04-11-at-10-51-06-am-1\/'><img loading=\"lazy\" decoding=\"async\" width=\"150\" height=\"150\" src=\"https:\/\/www.legistdf.gob.ar\/wp-content\/uploads\/2022\/04\/WhatsApp-Image-2022-04-11-at-10.51.06-AM-1-150x150.jpg\" class=\"attachment-thumbnail size-thumbnail\" alt=\"\" srcset=\"https:\/\/www.legistdf.gob.ar\/wp-content\/uploads\/2022\/04\/WhatsApp-Image-2022-04-11-at-10.51.06-AM-1-150x150.jpg 150w, https:\/\/www.legistdf.gob.ar\/wp-content\/uploads\/2022\/04\/WhatsApp-Image-2022-04-11-at-10.51.06-AM-1-64x64.jpg 64w\" sizes=\"(max-width: 150px) 100vw, 150px\" data-attachment-id=\"32323\" data-permalink=\"https:\/\/www.legistdf.gob.ar\/index.php\/2022\/04\/18\/salud-transforme-el-dolor-en-esperanza-dijo-maria-de-los-angeles-musumeci\/whatsapp-image-2022-04-11-at-10-51-06-am-1\/\" data-orig-file=\"https:\/\/www.legistdf.gob.ar\/wp-content\/uploads\/2022\/04\/WhatsApp-Image-2022-04-11-at-10.51.06-AM-1.jpg\" data-orig-size=\"1000,563\" data-comments-opened=\"0\" data-image-meta=\"{&quot;aperture&quot;:&quot;0&quot;,&quot;credit&quot;:&quot;&quot;,&quot;camera&quot;:&quot;&quot;,&quot;caption&quot;:&quot;&quot;,&quot;created_timestamp&quot;:&quot;0&quot;,&quot;copyright&quot;:&quot;&quot;,&quot;focal_length&quot;:&quot;0&quot;,&quot;iso&quot;:&quot;0&quot;,&quot;shutter_speed&quot;:&quot;0&quot;,&quot;title&quot;:&quot;&quot;,&quot;orientation&quot;:&quot;0&quot;}\" data-image-title=\"WhatsApp Image 2022-04-11 at 10.51.06 AM (1)\" data-image-description=\"\" data-image-caption=\"\" data-medium-file=\"https:\/\/www.legistdf.gob.ar\/wp-content\/uploads\/2022\/04\/WhatsApp-Image-2022-04-11-at-10.51.06-AM-1-300x169.jpg\" data-large-file=\"https:\/\/www.legistdf.gob.ar\/wp-content\/uploads\/2022\/04\/WhatsApp-Image-2022-04-11-at-10.51.06-AM-1.jpg\" \/><\/a>\n\t\t\t<\/dt><\/dl><br style=\"clear: both\" \/><dl class='gallery-item'>\n\t\t\t<dt class='gallery-icon landscape'>\n\t\t\t\t<a href='https:\/\/www.legistdf.gob.ar\/index.php\/2022\/04\/18\/salud-transforme-el-dolor-en-esperanza-dijo-maria-de-los-angeles-musumeci\/whatsapp-image-2022-04-11-at-10-51-07-am\/'><img loading=\"lazy\" decoding=\"async\" width=\"150\" height=\"150\" src=\"https:\/\/www.legistdf.gob.ar\/wp-content\/uploads\/2022\/04\/WhatsApp-Image-2022-04-11-at-10.51.07-AM-150x150.jpg\" class=\"attachment-thumbnail size-thumbnail\" alt=\"\" srcset=\"https:\/\/www.legistdf.gob.ar\/wp-content\/uploads\/2022\/04\/WhatsApp-Image-2022-04-11-at-10.51.07-AM-150x150.jpg 150w, https:\/\/www.legistdf.gob.ar\/wp-content\/uploads\/2022\/04\/WhatsApp-Image-2022-04-11-at-10.51.07-AM-64x64.jpg 64w\" sizes=\"(max-width: 150px) 100vw, 150px\" data-attachment-id=\"32324\" data-permalink=\"https:\/\/www.legistdf.gob.ar\/index.php\/2022\/04\/18\/salud-transforme-el-dolor-en-esperanza-dijo-maria-de-los-angeles-musumeci\/whatsapp-image-2022-04-11-at-10-51-07-am\/\" data-orig-file=\"https:\/\/www.legistdf.gob.ar\/wp-content\/uploads\/2022\/04\/WhatsApp-Image-2022-04-11-at-10.51.07-AM.jpg\" data-orig-size=\"1000,563\" data-comments-opened=\"0\" data-image-meta=\"{&quot;aperture&quot;:&quot;0&quot;,&quot;credit&quot;:&quot;&quot;,&quot;camera&quot;:&quot;&quot;,&quot;caption&quot;:&quot;&quot;,&quot;created_timestamp&quot;:&quot;0&quot;,&quot;copyright&quot;:&quot;&quot;,&quot;focal_length&quot;:&quot;0&quot;,&quot;iso&quot;:&quot;0&quot;,&quot;shutter_speed&quot;:&quot;0&quot;,&quot;title&quot;:&quot;&quot;,&quot;orientation&quot;:&quot;0&quot;}\" data-image-title=\"WhatsApp Image 2022-04-11 at 10.51.07 AM\" data-image-description=\"\" data-image-caption=\"\" data-medium-file=\"https:\/\/www.legistdf.gob.ar\/wp-content\/uploads\/2022\/04\/WhatsApp-Image-2022-04-11-at-10.51.07-AM-300x169.jpg\" data-large-file=\"https:\/\/www.legistdf.gob.ar\/wp-content\/uploads\/2022\/04\/WhatsApp-Image-2022-04-11-at-10.51.07-AM.jpg\" \/><\/a>\n\t\t\t<\/dt><\/dl><dl class='gallery-item'>\n\t\t\t<dt class='gallery-icon landscape'>\n\t\t\t\t<a href='https:\/\/www.legistdf.gob.ar\/index.php\/2022\/04\/18\/salud-transforme-el-dolor-en-esperanza-dijo-maria-de-los-angeles-musumeci\/whatsapp-image-2022-04-11-at-10-51-10-am-1\/'><img loading=\"lazy\" decoding=\"async\" width=\"150\" height=\"150\" src=\"https:\/\/www.legistdf.gob.ar\/wp-content\/uploads\/2022\/04\/WhatsApp-Image-2022-04-11-at-10.51.10-AM-1-150x150.jpg\" class=\"attachment-thumbnail size-thumbnail\" alt=\"\" srcset=\"https:\/\/www.legistdf.gob.ar\/wp-content\/uploads\/2022\/04\/WhatsApp-Image-2022-04-11-at-10.51.10-AM-1-150x150.jpg 150w, https:\/\/www.legistdf.gob.ar\/wp-content\/uploads\/2022\/04\/WhatsApp-Image-2022-04-11-at-10.51.10-AM-1-64x64.jpg 64w\" sizes=\"(max-width: 150px) 100vw, 150px\" data-attachment-id=\"32325\" data-permalink=\"https:\/\/www.legistdf.gob.ar\/index.php\/2022\/04\/18\/salud-transforme-el-dolor-en-esperanza-dijo-maria-de-los-angeles-musumeci\/whatsapp-image-2022-04-11-at-10-51-10-am-1\/\" data-orig-file=\"https:\/\/www.legistdf.gob.ar\/wp-content\/uploads\/2022\/04\/WhatsApp-Image-2022-04-11-at-10.51.10-AM-1.jpg\" data-orig-size=\"1000,563\" data-comments-opened=\"0\" data-image-meta=\"{&quot;aperture&quot;:&quot;0&quot;,&quot;credit&quot;:&quot;&quot;,&quot;camera&quot;:&quot;&quot;,&quot;caption&quot;:&quot;&quot;,&quot;created_timestamp&quot;:&quot;0&quot;,&quot;copyright&quot;:&quot;&quot;,&quot;focal_length&quot;:&quot;0&quot;,&quot;iso&quot;:&quot;0&quot;,&quot;shutter_speed&quot;:&quot;0&quot;,&quot;title&quot;:&quot;&quot;,&quot;orientation&quot;:&quot;0&quot;}\" data-image-title=\"WhatsApp Image 2022-04-11 at 10.51.10 AM (1)\" data-image-description=\"\" data-image-caption=\"\" data-medium-file=\"https:\/\/www.legistdf.gob.ar\/wp-content\/uploads\/2022\/04\/WhatsApp-Image-2022-04-11-at-10.51.10-AM-1-300x169.jpg\" data-large-file=\"https:\/\/www.legistdf.gob.ar\/wp-content\/uploads\/2022\/04\/WhatsApp-Image-2022-04-11-at-10.51.10-AM-1.jpg\" \/><\/a>\n\t\t\t<\/dt><\/dl><dl class='gallery-item'>\n\t\t\t<dt class='gallery-icon landscape'>\n\t\t\t\t<a href='https:\/\/www.legistdf.gob.ar\/index.php\/2022\/04\/18\/salud-transforme-el-dolor-en-esperanza-dijo-maria-de-los-angeles-musumeci\/whatsapp-image-2022-04-11-at-10-51-10-am\/'><img loading=\"lazy\" decoding=\"async\" width=\"150\" height=\"150\" src=\"https:\/\/www.legistdf.gob.ar\/wp-content\/uploads\/2022\/04\/WhatsApp-Image-2022-04-11-at-10.51.10-AM-150x150.jpg\" class=\"attachment-thumbnail size-thumbnail\" alt=\"\" srcset=\"https:\/\/www.legistdf.gob.ar\/wp-content\/uploads\/2022\/04\/WhatsApp-Image-2022-04-11-at-10.51.10-AM-150x150.jpg 150w, https:\/\/www.legistdf.gob.ar\/wp-content\/uploads\/2022\/04\/WhatsApp-Image-2022-04-11-at-10.51.10-AM-64x64.jpg 64w\" sizes=\"(max-width: 150px) 100vw, 150px\" data-attachment-id=\"32326\" data-permalink=\"https:\/\/www.legistdf.gob.ar\/index.php\/2022\/04\/18\/salud-transforme-el-dolor-en-esperanza-dijo-maria-de-los-angeles-musumeci\/whatsapp-image-2022-04-11-at-10-51-10-am\/\" data-orig-file=\"https:\/\/www.legistdf.gob.ar\/wp-content\/uploads\/2022\/04\/WhatsApp-Image-2022-04-11-at-10.51.10-AM.jpg\" data-orig-size=\"1000,563\" data-comments-opened=\"0\" data-image-meta=\"{&quot;aperture&quot;:&quot;0&quot;,&quot;credit&quot;:&quot;&quot;,&quot;camera&quot;:&quot;&quot;,&quot;caption&quot;:&quot;&quot;,&quot;created_timestamp&quot;:&quot;0&quot;,&quot;copyright&quot;:&quot;&quot;,&quot;focal_length&quot;:&quot;0&quot;,&quot;iso&quot;:&quot;0&quot;,&quot;shutter_speed&quot;:&quot;0&quot;,&quot;title&quot;:&quot;&quot;,&quot;orientation&quot;:&quot;0&quot;}\" data-image-title=\"WhatsApp Image 2022-04-11 at 10.51.10 AM\" data-image-description=\"\" data-image-caption=\"\" data-medium-file=\"https:\/\/www.legistdf.gob.ar\/wp-content\/uploads\/2022\/04\/WhatsApp-Image-2022-04-11-at-10.51.10-AM-300x169.jpg\" data-large-file=\"https:\/\/www.legistdf.gob.ar\/wp-content\/uploads\/2022\/04\/WhatsApp-Image-2022-04-11-at-10.51.10-AM.jpg\" \/><\/a>\n\t\t\t<\/dt><\/dl><br style=\"clear: both\" \/><dl class='gallery-item'>\n\t\t\t<dt class='gallery-icon landscape'>\n\t\t\t\t<a href='https:\/\/www.legistdf.gob.ar\/index.php\/2022\/04\/18\/salud-transforme-el-dolor-en-esperanza-dijo-maria-de-los-angeles-musumeci\/whatsapp-image-2022-04-12-at-11-32-42-am\/'><img loading=\"lazy\" decoding=\"async\" width=\"150\" height=\"150\" src=\"https:\/\/www.legistdf.gob.ar\/wp-content\/uploads\/2022\/04\/WhatsApp-Image-2022-04-12-at-11.32.42-AM-150x150.jpg\" class=\"attachment-thumbnail size-thumbnail\" alt=\"\" srcset=\"https:\/\/www.legistdf.gob.ar\/wp-content\/uploads\/2022\/04\/WhatsApp-Image-2022-04-12-at-11.32.42-AM-150x150.jpg 150w, https:\/\/www.legistdf.gob.ar\/wp-content\/uploads\/2022\/04\/WhatsApp-Image-2022-04-12-at-11.32.42-AM-64x64.jpg 64w\" sizes=\"(max-width: 150px) 100vw, 150px\" data-attachment-id=\"32327\" data-permalink=\"https:\/\/www.legistdf.gob.ar\/index.php\/2022\/04\/18\/salud-transforme-el-dolor-en-esperanza-dijo-maria-de-los-angeles-musumeci\/whatsapp-image-2022-04-12-at-11-32-42-am\/\" data-orig-file=\"https:\/\/www.legistdf.gob.ar\/wp-content\/uploads\/2022\/04\/WhatsApp-Image-2022-04-12-at-11.32.42-AM.jpg\" data-orig-size=\"1000,667\" data-comments-opened=\"0\" data-image-meta=\"{&quot;aperture&quot;:&quot;0&quot;,&quot;credit&quot;:&quot;&quot;,&quot;camera&quot;:&quot;&quot;,&quot;caption&quot;:&quot;&quot;,&quot;created_timestamp&quot;:&quot;0&quot;,&quot;copyright&quot;:&quot;&quot;,&quot;focal_length&quot;:&quot;0&quot;,&quot;iso&quot;:&quot;0&quot;,&quot;shutter_speed&quot;:&quot;0&quot;,&quot;title&quot;:&quot;&quot;,&quot;orientation&quot;:&quot;0&quot;}\" data-image-title=\"WhatsApp Image 2022-04-12 at 11.32.42 AM\" data-image-description=\"\" data-image-caption=\"\" data-medium-file=\"https:\/\/www.legistdf.gob.ar\/wp-content\/uploads\/2022\/04\/WhatsApp-Image-2022-04-12-at-11.32.42-AM-300x200.jpg\" data-large-file=\"https:\/\/www.legistdf.gob.ar\/wp-content\/uploads\/2022\/04\/WhatsApp-Image-2022-04-12-at-11.32.42-AM.jpg\" \/><\/a>\n\t\t\t<\/dt><\/dl>\n\t\t\t<br style='clear: both' \/>\n\t\t<\/div>\n\n","protected":false},"excerpt":{"rendered":"<p>Ushuaia, lunes 18 de abril de 2022.- Mar\u00eda de los \u00c1ngeles Musumeci, presidenta de la Fundaci\u00f3n Espera por la Vida, dialog\u00f3 con Prensa Legislativa luego de participar en la Media Marat\u00f3n Internacional \u201cDesaf\u00edo Corrientes 7 Puntas\u201d. \u201cTransform\u00e9 el dolor de haber perdido a mi sobrino, en esperanza y dije voy a empezar a correr para [&hellip;]<\/p>\n","protected":false},"author":352,"featured_media":32317,"comment_status":"closed","ping_status":"open","sticky":false,"template":"","format":"standard","meta":{"jetpack_post_was_ever_published":false,"_jetpack_newsletter_access":"","_jetpack_dont_email_post_to_subs":false,"_jetpack_newsletter_tier_id":0,"footnotes":"","jetpack_publicize_message":"","jetpack_publicize_feature_enabled":true,"jetpack_social_post_already_shared":true,"jetpack_social_options":{"image_generator_settings":{"template":"highway","enabled":false}}},"categories":[1],"tags":[1646,1652,2555,802,78,2556,2554,106,79,87],"jetpack_publicize_connections":[],"jetpack_sharing_enabled":true,"jetpack_featured_media_url":"https:\/\/www.legistdf.gob.ar\/wp-content\/uploads\/2022\/04\/IMG_20220321_114441002_HDR.jpg","jetpack-related-posts":[],"_links":{"self":[{"href":"https:\/\/www.legistdf.gob.ar\/index.php\/wp-json\/wp\/v2\/posts\/32314"}],"collection":[{"href":"https:\/\/www.legistdf.gob.ar\/index.php\/wp-json\/wp\/v2\/posts"}],"about":[{"href":"https:\/\/www.legistdf.gob.ar\/index.php\/wp-json\/wp\/v2\/types\/post"}],"author":[{"embeddable":true,"href":"https:\/\/www.legistdf.gob.ar\/index.php\/wp-json\/wp\/v2\/users\/352"}],"replies":[{"embeddable":true,"href":"https:\/\/www.legistdf.gob.ar\/index.php\/wp-json\/wp\/v2\/comments?post=32314"}],"version-history":[{"count":1,"href":"https:\/\/www.legistdf.gob.ar\/index.php\/wp-json\/wp\/v2\/posts\/32314\/revisions"}],"predecessor-version":[{"id":32328,"href":"https:\/\/www.legistdf.gob.ar\/index.php\/wp-json\/wp\/v2\/posts\/32314\/revisions\/32328"}],"wp:featuredmedia":[{"embeddable":true,"href":"https:\/\/www.legistdf.gob.ar\/index.php\/wp-json\/wp\/v2\/media\/32317"}],"wp:attachment":[{"href":"https:\/\/www.legistdf.gob.ar\/index.php\/wp-json\/wp\/v2\/media?parent=32314"}],"wp:term":[{"taxonomy":"category","embeddable":true,"href":"https:\/\/www.legistdf.gob.ar\/index.php\/wp-json\/wp\/v2\/categories?post=32314"},{"taxonomy":"post_tag","embeddable":true,"href":"https:\/\/www.legistdf.gob.ar\/index.php\/wp-json\/wp\/v2\/tags?post=32314"}],"curies":[{"name":"wp","href":"https:\/\/api.w.org\/{rel}","templated":true}]}}