{"id":32903,"date":"2022-05-19T12:09:53","date_gmt":"2022-05-19T15:09:53","guid":{"rendered":"https:\/\/www.legistdf.gob.ar\/?p=32903"},"modified":"2022-05-19T12:09:53","modified_gmt":"2022-05-19T15:09:53","slug":"patagonia-alberto-fernandez-confirmo-su-participacion-en-la-segunda-sesion-del-parlamento-patagonico","status":"publish","type":"post","link":"https:\/\/www.legistdf.gob.ar\/index.php\/2022\/05\/19\/patagonia-alberto-fernandez-confirmo-su-participacion-en-la-segunda-sesion-del-parlamento-patagonico\/","title":{"rendered":"PATAGONIA: Alberto Fern\u00e1ndez confirm\u00f3 su participaci\u00f3n en la segunda sesi\u00f3n del Parlamento Patag\u00f3nico"},"content":{"rendered":"<p><strong><img loading=\"lazy\" decoding=\"async\" data-attachment-id=\"32905\" data-permalink=\"https:\/\/www.legistdf.gob.ar\/index.php\/2022\/05\/19\/patagonia-alberto-fernandez-confirmo-su-participacion-en-la-segunda-sesion-del-parlamento-patagonico\/whatsapp-image-2022-05-17-at-11-19-40-pm-1\/\" data-orig-file=\"https:\/\/www.legistdf.gob.ar\/wp-content\/uploads\/2022\/05\/WhatsApp-Image-2022-05-17-at-11.19.40-PM-1.jpeg\" data-orig-size=\"1024,683\" data-comments-opened=\"0\" data-image-meta=\"{&quot;aperture&quot;:&quot;0&quot;,&quot;credit&quot;:&quot;&quot;,&quot;camera&quot;:&quot;&quot;,&quot;caption&quot;:&quot;&quot;,&quot;created_timestamp&quot;:&quot;0&quot;,&quot;copyright&quot;:&quot;&quot;,&quot;focal_length&quot;:&quot;0&quot;,&quot;iso&quot;:&quot;0&quot;,&quot;shutter_speed&quot;:&quot;0&quot;,&quot;title&quot;:&quot;&quot;,&quot;orientation&quot;:&quot;0&quot;}\" data-image-title=\"WhatsApp Image 2022-05-17 at 11.19.40 PM (1)\" data-image-description=\"\" data-image-caption=\"\" data-medium-file=\"https:\/\/www.legistdf.gob.ar\/wp-content\/uploads\/2022\/05\/WhatsApp-Image-2022-05-17-at-11.19.40-PM-1-300x200.jpeg\" data-large-file=\"https:\/\/www.legistdf.gob.ar\/wp-content\/uploads\/2022\/05\/WhatsApp-Image-2022-05-17-at-11.19.40-PM-1-1024x683.jpeg\" class=\"alignleft wp-image-32905 size-medium\" src=\"https:\/\/www.legistdf.gob.ar\/wp-content\/uploads\/2022\/05\/WhatsApp-Image-2022-05-17-at-11.19.40-PM-1-300x200.jpeg\" alt=\"\" width=\"300\" height=\"200\" srcset=\"https:\/\/www.legistdf.gob.ar\/wp-content\/uploads\/2022\/05\/WhatsApp-Image-2022-05-17-at-11.19.40-PM-1-300x200.jpeg 300w, https:\/\/www.legistdf.gob.ar\/wp-content\/uploads\/2022\/05\/WhatsApp-Image-2022-05-17-at-11.19.40-PM-1-768x512.jpeg 768w, https:\/\/www.legistdf.gob.ar\/wp-content\/uploads\/2022\/05\/WhatsApp-Image-2022-05-17-at-11.19.40-PM-1.jpeg 1024w, https:\/\/www.legistdf.gob.ar\/wp-content\/uploads\/2022\/05\/WhatsApp-Image-2022-05-17-at-11.19.40-PM-1-160x107.jpeg 160w\" sizes=\"(max-width: 300px) 100vw, 300px\" \/>Ushuaia, jueves 19 de mayo de 2022.- Los titulares de los Parlamentos de cada provincia patag\u00f3nica mantuvieron un encuentro con el presidente de la Naci\u00f3n, Dr. Alberto Fern\u00e1ndez. En la reuni\u00f3n analizaron los puntos acordados en el documento suscripto en la primera sesi\u00f3n en Santa Rosa (La Pampa) que busca potenciar el desarrollo de esta regi\u00f3n del pa\u00eds. Asimismo, Fern\u00e1ndez confirm\u00f3 su presencia en la 2\u00aa sesi\u00f3n del Parlamento Patag\u00f3nico que se concretar\u00e1 en Chubut a mediados de agosto pr\u00f3ximo.<\/strong><\/p>\n<p>&nbsp;<\/p>\n<p>Parte de las demandas ya hab\u00edan sido adelantadas al Primer Mandatario en la ciudad de General Pico, durante la reuni\u00f3n del gabinete federal del programa Capitales Alternas. Ese d\u00eda estuvieron presentes el Presidente del Parlamento Patag\u00f3nico, legislador Emmanuel Trentino, Mat\u00edas Maz\u00fa por Santa Cruz, y la vicepresidenta de La Pampa, Valeria Luj\u00e1n.<\/p>\n<p>&nbsp;<\/p>\n<p>All\u00ed, los Legisladores provinciales le plantearon al Presidente de la Naci\u00f3n distintos requerimientos relacionados con la regi\u00f3n, como la necesidad de abastecimiento de agua para las distintas ciudades; la restituci\u00f3n de los reembolsos por puertos patag\u00f3nicos; la generaci\u00f3n de un r\u00e9gimen de promoci\u00f3n de empleo que estimule la creaci\u00f3n de trabajo en el sector privado; la eximici\u00f3n de impuestos para el consumidor final de combustibles l\u00edquidos; adem\u00e1s del desarrollo de obras de infraestructura de servicios, entre otros.<\/p>\n<p>&nbsp;<\/p>\n<p><img loading=\"lazy\" decoding=\"async\" data-attachment-id=\"32906\" data-permalink=\"https:\/\/www.legistdf.gob.ar\/index.php\/2022\/05\/19\/patagonia-alberto-fernandez-confirmo-su-participacion-en-la-segunda-sesion-del-parlamento-patagonico\/whatsapp-image-2022-05-17-at-11-19-40-pm\/\" data-orig-file=\"https:\/\/www.legistdf.gob.ar\/wp-content\/uploads\/2022\/05\/WhatsApp-Image-2022-05-17-at-11.19.40-PM.jpeg\" data-orig-size=\"1024,689\" data-comments-opened=\"0\" data-image-meta=\"{&quot;aperture&quot;:&quot;0&quot;,&quot;credit&quot;:&quot;&quot;,&quot;camera&quot;:&quot;&quot;,&quot;caption&quot;:&quot;&quot;,&quot;created_timestamp&quot;:&quot;0&quot;,&quot;copyright&quot;:&quot;&quot;,&quot;focal_length&quot;:&quot;0&quot;,&quot;iso&quot;:&quot;0&quot;,&quot;shutter_speed&quot;:&quot;0&quot;,&quot;title&quot;:&quot;&quot;,&quot;orientation&quot;:&quot;0&quot;}\" data-image-title=\"WhatsApp Image 2022-05-17 at 11.19.40 PM\" data-image-description=\"\" data-image-caption=\"\" data-medium-file=\"https:\/\/www.legistdf.gob.ar\/wp-content\/uploads\/2022\/05\/WhatsApp-Image-2022-05-17-at-11.19.40-PM-300x202.jpeg\" data-large-file=\"https:\/\/www.legistdf.gob.ar\/wp-content\/uploads\/2022\/05\/WhatsApp-Image-2022-05-17-at-11.19.40-PM-1024x689.jpeg\" class=\"alignright wp-image-32906 size-medium\" src=\"https:\/\/www.legistdf.gob.ar\/wp-content\/uploads\/2022\/05\/WhatsApp-Image-2022-05-17-at-11.19.40-PM-300x202.jpeg\" alt=\"\" width=\"300\" height=\"202\" srcset=\"https:\/\/www.legistdf.gob.ar\/wp-content\/uploads\/2022\/05\/WhatsApp-Image-2022-05-17-at-11.19.40-PM-300x202.jpeg 300w, https:\/\/www.legistdf.gob.ar\/wp-content\/uploads\/2022\/05\/WhatsApp-Image-2022-05-17-at-11.19.40-PM-768x517.jpeg 768w, https:\/\/www.legistdf.gob.ar\/wp-content\/uploads\/2022\/05\/WhatsApp-Image-2022-05-17-at-11.19.40-PM.jpeg 1024w, https:\/\/www.legistdf.gob.ar\/wp-content\/uploads\/2022\/05\/WhatsApp-Image-2022-05-17-at-11.19.40-PM-160x108.jpeg 160w\" sizes=\"(max-width: 300px) 100vw, 300px\" \/>Durante el encuentro, los Legisladores junto al titular del Poder Ejecutivo Nacional analizaron el documento firmado por los titulares de las Legislaturas provinciales que establece gestionar el restablecimiento de la Comisi\u00f3n Nacional para la Regi\u00f3n Patag\u00f3nica (CONADEPA), que dej\u00f3 de sesionar hace m\u00e1s de dos d\u00e9cadas.<\/p>\n<p>&nbsp;<\/p>\n<p>Por otra parte, durante el encuentro se abordaron seis puntos que figuran en el documento de Santa Rosa: La puesta en funcionamiento de la Comisi\u00f3n Nacional de Desarrollo para la Patagonia; el reembolso de Puertos Patag\u00f3nicos; el valor diferencial en el precio del combustible; la creaci\u00f3n de un Hub de conectividad a\u00e9rea en la Patagonia; la creaci\u00f3n del R\u00e9gimen de Promoci\u00f3n de Empleo para la Patagonia; y la necesidad de tener mayor conectividad digital en nuestra regi\u00f3n.<\/p>\n<p>&nbsp;<\/p>\n<p>El encuentro se desarroll\u00f3 en el Sal\u00f3n de la Ciencia de Casa Rosada y asistieron los legisladores Emmanuel Trentino (Tierra del Fuego), Roddy Ingram (Chubut), Mar\u00eda Ayel\u00e9n Guti\u00e9rrez, (Neuqu\u00e9n), Juan Elbi Cides, (R\u00edo Negro), Valeria Estefan\u00eda Luj\u00e1n (La Pampa), Carlos Alcides Santi (Santa Cruz), M\u00f3nica Acosta (Tierra del Fuego), M\u00f3nica Sasso (Chubut), Alejandro Marinao (R\u00edo Negro) y Mar\u00eda Laura Bonotti (Neuqu\u00e9n).<\/p>\n<p>&nbsp;<\/p>\n<p style=\"text-align: right\"><em>Gentileza prensa bloque FORJA<\/em><\/p>\n<p style=\"text-align: right\"><em>con informaci\u00f3n de agencia TELAM<\/em><\/p>\n\n\t\t<style type=\"text\/css\">\n\t\t\t#gallery-1 {\n\t\t\t\tmargin: auto;\n\t\t\t}\n\t\t\t#gallery-1 .gallery-item {\n\t\t\t\tfloat: left;\n\t\t\t\tmargin-top: 10px;\n\t\t\t\ttext-align: center;\n\t\t\t\twidth: 50%;\n\t\t\t}\n\t\t\t#gallery-1 img {\n\t\t\t\tborder: 2px solid #cfcfcf;\n\t\t\t}\n\t\t\t#gallery-1 .gallery-caption {\n\t\t\t\tmargin-left: 0;\n\t\t\t}\n\t\t\t\/* see gallery_shortcode() in wp-includes\/media.php *\/\n\t\t<\/style>\n\t\t<div data-carousel-extra='{\"blog_id\":1,\"permalink\":\"https:\\\/\\\/www.legistdf.gob.ar\\\/index.php\\\/2022\\\/05\\\/19\\\/patagonia-alberto-fernandez-confirmo-su-participacion-en-la-segunda-sesion-del-parlamento-patagonico\\\/\"}' id='gallery-1' class='gallery galleryid-32903 gallery-columns-2 gallery-size-thumbnail'><dl class='gallery-item'>\n\t\t\t<dt class='gallery-icon landscape'>\n\t\t\t\t<a href='https:\/\/www.legistdf.gob.ar\/index.php\/2022\/05\/19\/patagonia-alberto-fernandez-confirmo-su-participacion-en-la-segunda-sesion-del-parlamento-patagonico\/whatsapp-image-2022-05-17-at-11-19-40-pm-1\/'><img loading=\"lazy\" decoding=\"async\" width=\"150\" height=\"150\" src=\"https:\/\/www.legistdf.gob.ar\/wp-content\/uploads\/2022\/05\/WhatsApp-Image-2022-05-17-at-11.19.40-PM-1-150x150.jpeg\" class=\"attachment-thumbnail size-thumbnail\" alt=\"\" srcset=\"https:\/\/www.legistdf.gob.ar\/wp-content\/uploads\/2022\/05\/WhatsApp-Image-2022-05-17-at-11.19.40-PM-1-150x150.jpeg 150w, https:\/\/www.legistdf.gob.ar\/wp-content\/uploads\/2022\/05\/WhatsApp-Image-2022-05-17-at-11.19.40-PM-1-64x64.jpeg 64w\" sizes=\"(max-width: 150px) 100vw, 150px\" data-attachment-id=\"32905\" data-permalink=\"https:\/\/www.legistdf.gob.ar\/index.php\/2022\/05\/19\/patagonia-alberto-fernandez-confirmo-su-participacion-en-la-segunda-sesion-del-parlamento-patagonico\/whatsapp-image-2022-05-17-at-11-19-40-pm-1\/\" data-orig-file=\"https:\/\/www.legistdf.gob.ar\/wp-content\/uploads\/2022\/05\/WhatsApp-Image-2022-05-17-at-11.19.40-PM-1.jpeg\" data-orig-size=\"1024,683\" data-comments-opened=\"0\" data-image-meta=\"{&quot;aperture&quot;:&quot;0&quot;,&quot;credit&quot;:&quot;&quot;,&quot;camera&quot;:&quot;&quot;,&quot;caption&quot;:&quot;&quot;,&quot;created_timestamp&quot;:&quot;0&quot;,&quot;copyright&quot;:&quot;&quot;,&quot;focal_length&quot;:&quot;0&quot;,&quot;iso&quot;:&quot;0&quot;,&quot;shutter_speed&quot;:&quot;0&quot;,&quot;title&quot;:&quot;&quot;,&quot;orientation&quot;:&quot;0&quot;}\" data-image-title=\"WhatsApp Image 2022-05-17 at 11.19.40 PM (1)\" data-image-description=\"\" data-image-caption=\"\" data-medium-file=\"https:\/\/www.legistdf.gob.ar\/wp-content\/uploads\/2022\/05\/WhatsApp-Image-2022-05-17-at-11.19.40-PM-1-300x200.jpeg\" data-large-file=\"https:\/\/www.legistdf.gob.ar\/wp-content\/uploads\/2022\/05\/WhatsApp-Image-2022-05-17-at-11.19.40-PM-1-1024x683.jpeg\" \/><\/a>\n\t\t\t<\/dt><\/dl><dl class='gallery-item'>\n\t\t\t<dt class='gallery-icon landscape'>\n\t\t\t\t<a href='https:\/\/www.legistdf.gob.ar\/index.php\/2022\/05\/19\/patagonia-alberto-fernandez-confirmo-su-participacion-en-la-segunda-sesion-del-parlamento-patagonico\/whatsapp-image-2022-05-17-at-11-19-40-pm\/'><img loading=\"lazy\" decoding=\"async\" width=\"150\" height=\"150\" src=\"https:\/\/www.legistdf.gob.ar\/wp-content\/uploads\/2022\/05\/WhatsApp-Image-2022-05-17-at-11.19.40-PM-150x150.jpeg\" class=\"attachment-thumbnail size-thumbnail\" alt=\"\" srcset=\"https:\/\/www.legistdf.gob.ar\/wp-content\/uploads\/2022\/05\/WhatsApp-Image-2022-05-17-at-11.19.40-PM-150x150.jpeg 150w, https:\/\/www.legistdf.gob.ar\/wp-content\/uploads\/2022\/05\/WhatsApp-Image-2022-05-17-at-11.19.40-PM-64x64.jpeg 64w\" sizes=\"(max-width: 150px) 100vw, 150px\" data-attachment-id=\"32906\" data-permalink=\"https:\/\/www.legistdf.gob.ar\/index.php\/2022\/05\/19\/patagonia-alberto-fernandez-confirmo-su-participacion-en-la-segunda-sesion-del-parlamento-patagonico\/whatsapp-image-2022-05-17-at-11-19-40-pm\/\" data-orig-file=\"https:\/\/www.legistdf.gob.ar\/wp-content\/uploads\/2022\/05\/WhatsApp-Image-2022-05-17-at-11.19.40-PM.jpeg\" data-orig-size=\"1024,689\" data-comments-opened=\"0\" data-image-meta=\"{&quot;aperture&quot;:&quot;0&quot;,&quot;credit&quot;:&quot;&quot;,&quot;camera&quot;:&quot;&quot;,&quot;caption&quot;:&quot;&quot;,&quot;created_timestamp&quot;:&quot;0&quot;,&quot;copyright&quot;:&quot;&quot;,&quot;focal_length&quot;:&quot;0&quot;,&quot;iso&quot;:&quot;0&quot;,&quot;shutter_speed&quot;:&quot;0&quot;,&quot;title&quot;:&quot;&quot;,&quot;orientation&quot;:&quot;0&quot;}\" data-image-title=\"WhatsApp Image 2022-05-17 at 11.19.40 PM\" data-image-description=\"\" data-image-caption=\"\" data-medium-file=\"https:\/\/www.legistdf.gob.ar\/wp-content\/uploads\/2022\/05\/WhatsApp-Image-2022-05-17-at-11.19.40-PM-300x202.jpeg\" data-large-file=\"https:\/\/www.legistdf.gob.ar\/wp-content\/uploads\/2022\/05\/WhatsApp-Image-2022-05-17-at-11.19.40-PM-1024x689.jpeg\" \/><\/a>\n\t\t\t<\/dt><\/dl><br style=\"clear: both\" \/>\n\t\t<\/div>\n\n","protected":false},"excerpt":{"rendered":"<p>Ushuaia, jueves 19 de mayo de 2022.- Los titulares de los Parlamentos de cada provincia patag\u00f3nica mantuvieron un encuentro con el presidente de la Naci\u00f3n, Dr. Alberto Fern\u00e1ndez. En la reuni\u00f3n analizaron los puntos acordados en el documento suscripto en la primera sesi\u00f3n en Santa Rosa (La Pampa) que busca potenciar el desarrollo de esta [&hellip;]<\/p>\n","protected":false},"author":352,"featured_media":32906,"comment_status":"closed","ping_status":"open","sticky":false,"template":"","format":"standard","meta":{"jetpack_post_was_ever_published":false,"_jetpack_newsletter_access":"","_jetpack_dont_email_post_to_subs":false,"_jetpack_newsletter_tier_id":0,"footnotes":"","jetpack_publicize_message":"","jetpack_publicize_feature_enabled":true,"jetpack_social_post_already_shared":true,"jetpack_social_options":{"image_generator_settings":{"template":"highway","enabled":false}}},"categories":[1],"tags":[2102,1818,78,1980,397,134,117],"jetpack_publicize_connections":[],"jetpack_sharing_enabled":true,"jetpack_featured_media_url":"https:\/\/www.legistdf.gob.ar\/wp-content\/uploads\/2022\/05\/WhatsApp-Image-2022-05-17-at-11.19.40-PM.jpeg","jetpack-related-posts":[],"_links":{"self":[{"href":"https:\/\/www.legistdf.gob.ar\/index.php\/wp-json\/wp\/v2\/posts\/32903"}],"collection":[{"href":"https:\/\/www.legistdf.gob.ar\/index.php\/wp-json\/wp\/v2\/posts"}],"about":[{"href":"https:\/\/www.legistdf.gob.ar\/index.php\/wp-json\/wp\/v2\/types\/post"}],"author":[{"embeddable":true,"href":"https:\/\/www.legistdf.gob.ar\/index.php\/wp-json\/wp\/v2\/users\/352"}],"replies":[{"embeddable":true,"href":"https:\/\/www.legistdf.gob.ar\/index.php\/wp-json\/wp\/v2\/comments?post=32903"}],"version-history":[{"count":1,"href":"https:\/\/www.legistdf.gob.ar\/index.php\/wp-json\/wp\/v2\/posts\/32903\/revisions"}],"predecessor-version":[{"id":32908,"href":"https:\/\/www.legistdf.gob.ar\/index.php\/wp-json\/wp\/v2\/posts\/32903\/revisions\/32908"}],"wp:featuredmedia":[{"embeddable":true,"href":"https:\/\/www.legistdf.gob.ar\/index.php\/wp-json\/wp\/v2\/media\/32906"}],"wp:attachment":[{"href":"https:\/\/www.legistdf.gob.ar\/index.php\/wp-json\/wp\/v2\/media?parent=32903"}],"wp:term":[{"taxonomy":"category","embeddable":true,"href":"https:\/\/www.legistdf.gob.ar\/index.php\/wp-json\/wp\/v2\/categories?post=32903"},{"taxonomy":"post_tag","embeddable":true,"href":"https:\/\/www.legistdf.gob.ar\/index.php\/wp-json\/wp\/v2\/tags?post=32903"}],"curies":[{"name":"wp","href":"https:\/\/api.w.org\/{rel}","templated":true}]}}