{"id":33243,"date":"2022-06-08T14:17:24","date_gmt":"2022-06-08T17:17:24","guid":{"rendered":"https:\/\/www.legistdf.gob.ar\/?p=33243"},"modified":"2022-06-08T14:28:37","modified_gmt":"2022-06-08T17:28:37","slug":"sociedad-vecinas-del-barrio-mirador-de-los-andes-plantearon-oposicion-a-la-ubicacion-de-la-futura-unidad-de-detencion","status":"publish","type":"post","link":"https:\/\/www.legistdf.gob.ar\/index.php\/2022\/06\/08\/sociedad-vecinas-del-barrio-mirador-de-los-andes-plantearon-oposicion-a-la-ubicacion-de-la-futura-unidad-de-detencion\/","title":{"rendered":"SOCIEDAD: Vecinas del barrio Mirador de los Andes plantearon oposici\u00f3n a la ubicaci\u00f3n de la futura unidad de detenci\u00f3n"},"content":{"rendered":"<p><span style=\"font-family: arial, helvetica, sans-serif;font-size: 14pt\"><strong><img loading=\"lazy\" decoding=\"async\" data-attachment-id=\"33247\" data-permalink=\"https:\/\/www.legistdf.gob.ar\/index.php\/2022\/06\/08\/sociedad-vecinas-del-barrio-mirador-de-los-andes-plantearon-oposicion-a-la-ubicacion-de-la-futura-unidad-de-detencion\/legislatuta-tdf-aias-5\/\" data-orig-file=\"https:\/\/www.legistdf.gob.ar\/wp-content\/uploads\/2022\/06\/Legislatuta-TDF-AIAS-5.jpg\" data-orig-size=\"1000,667\" data-comments-opened=\"0\" data-image-meta=\"{&quot;aperture&quot;:&quot;0&quot;,&quot;credit&quot;:&quot;&quot;,&quot;camera&quot;:&quot;&quot;,&quot;caption&quot;:&quot;&quot;,&quot;created_timestamp&quot;:&quot;0&quot;,&quot;copyright&quot;:&quot;NDM&quot;,&quot;focal_length&quot;:&quot;0&quot;,&quot;iso&quot;:&quot;0&quot;,&quot;shutter_speed&quot;:&quot;0&quot;,&quot;title&quot;:&quot;&quot;,&quot;orientation&quot;:&quot;0&quot;}\" data-image-title=\"Legislatuta TDF AIAS-5\" data-image-description=\"\" data-image-caption=\"\" data-medium-file=\"https:\/\/www.legistdf.gob.ar\/wp-content\/uploads\/2022\/06\/Legislatuta-TDF-AIAS-5-300x200.jpg\" data-large-file=\"https:\/\/www.legistdf.gob.ar\/wp-content\/uploads\/2022\/06\/Legislatuta-TDF-AIAS-5.jpg\" class=\"alignleft wp-image-33247 size-medium\" src=\"https:\/\/www.legistdf.gob.ar\/wp-content\/uploads\/2022\/06\/Legislatuta-TDF-AIAS-5-300x200.jpg\" alt=\"\" width=\"300\" height=\"200\" srcset=\"https:\/\/www.legistdf.gob.ar\/wp-content\/uploads\/2022\/06\/Legislatuta-TDF-AIAS-5-300x200.jpg 300w, https:\/\/www.legistdf.gob.ar\/wp-content\/uploads\/2022\/06\/Legislatuta-TDF-AIAS-5-768x512.jpg 768w, https:\/\/www.legistdf.gob.ar\/wp-content\/uploads\/2022\/06\/Legislatuta-TDF-AIAS-5-160x107.jpg 160w, https:\/\/www.legistdf.gob.ar\/wp-content\/uploads\/2022\/06\/Legislatuta-TDF-AIAS-5.jpg 1000w\" sizes=\"(max-width: 300px) 100vw, 300px\" \/>Ushuaia, mi\u00e9rcoles 8 de junio de 2022.- El legislador Pablo Villegas (MPF) presidi\u00f3 hoy un nuevo encuentro de la Comisi\u00f3n de Seguridad N\u00b0 6. Los Parlamentarios integrantes de ese espacio de debate, recibieron a vecinas del barrio Mirador de los Andes, quienes se oponen a la posible construcci\u00f3n de una unidad de detenci\u00f3n provincial, en cercan\u00edas a ese sector de Ushuaia. <\/strong><\/span><\/p>\n<p>&nbsp;<\/p>\n<p><span style=\"font-family: arial, helvetica, sans-serif;font-size: 12pt\">Las vecinas hab\u00edan mantenido un encuentro similar con el Legislador en enero pasado, con la presentaci\u00f3n y respaldo \u201cde m\u00e1s de mil firmas\u201d, donde expusieron reparos y oposici\u00f3n a la posible construcci\u00f3n de una c\u00e1rcel en la zona. Villegas aclar\u00f3 que corresponde \u201cen t\u00e9rminos institucionales\u201d, que la Legislatura las escuchara.<\/span><\/p>\n<p>&nbsp;<\/p>\n<p><span style=\"font-family: arial, helvetica, sans-serif;font-size: 12pt\">Sostuvo que las vecinas ratificaron esos reparos presentados oportunamente por distintos motivos, entre los que mencion\u00f3: \u201cAmbientales, relacionados a temas de la salud y a la depreciaci\u00f3n econ\u00f3mica que pueden llegar a sufrir los inmuebles en la zona\u201d, ejemplific\u00f3.<\/span><\/p>\n<p>&nbsp;<\/p>\n<p><span style=\"font-family: arial, helvetica, sans-serif;font-size: 12pt\">\u201cSeguramente es un tema que vamos a seguir debatiendo con funcionarios del Poder Ejecutivo, que por distintas razones no pudieron estar presentes. Tambi\u00e9n nos reuniremos con representantes de las C\u00e1maras de Turismo, Hotelera y Gastron\u00f3mica de la Provincia, quienes tambi\u00e9n presentaron una nota\u201d de similares exposiciones, confirm\u00f3 el referente del Movimiento <\/span>Popular Fueguino.<\/p>\n<p>&nbsp;<\/p>\n<p>Record\u00f3 que la zona \u201ces el ingreso a Ushuaia y cercana a un basural a cielo abierto, que lamentablemente tenemos ah\u00ed. En t\u00e9rminos tur\u00edsticos y ambientales, es una zona que debe ser reparada y remediada, para ser destinada a otro tipo de zonificaci\u00f3n\u201d, sentenci\u00f3.<\/p>\n<p>&nbsp;<\/p>\n<p><img loading=\"lazy\" decoding=\"async\" data-attachment-id=\"33248\" data-permalink=\"https:\/\/www.legistdf.gob.ar\/index.php\/2022\/06\/08\/sociedad-vecinas-del-barrio-mirador-de-los-andes-plantearon-oposicion-a-la-ubicacion-de-la-futura-unidad-de-detencion\/legislatuta-tdf-aias-6\/\" data-orig-file=\"https:\/\/www.legistdf.gob.ar\/wp-content\/uploads\/2022\/06\/Legislatuta-TDF-AIAS-6.jpg\" data-orig-size=\"1000,667\" data-comments-opened=\"0\" data-image-meta=\"{&quot;aperture&quot;:&quot;0&quot;,&quot;credit&quot;:&quot;&quot;,&quot;camera&quot;:&quot;&quot;,&quot;caption&quot;:&quot;&quot;,&quot;created_timestamp&quot;:&quot;0&quot;,&quot;copyright&quot;:&quot;NDM&quot;,&quot;focal_length&quot;:&quot;0&quot;,&quot;iso&quot;:&quot;0&quot;,&quot;shutter_speed&quot;:&quot;0&quot;,&quot;title&quot;:&quot;&quot;,&quot;orientation&quot;:&quot;0&quot;}\" data-image-title=\"Legislatuta TDF AIAS-6\" data-image-description=\"\" data-image-caption=\"\" data-medium-file=\"https:\/\/www.legistdf.gob.ar\/wp-content\/uploads\/2022\/06\/Legislatuta-TDF-AIAS-6-300x200.jpg\" data-large-file=\"https:\/\/www.legistdf.gob.ar\/wp-content\/uploads\/2022\/06\/Legislatuta-TDF-AIAS-6.jpg\" class=\"alignright wp-image-33248 size-medium\" src=\"https:\/\/www.legistdf.gob.ar\/wp-content\/uploads\/2022\/06\/Legislatuta-TDF-AIAS-6-300x200.jpg\" alt=\"\" width=\"300\" height=\"200\" srcset=\"https:\/\/www.legistdf.gob.ar\/wp-content\/uploads\/2022\/06\/Legislatuta-TDF-AIAS-6-300x200.jpg 300w, https:\/\/www.legistdf.gob.ar\/wp-content\/uploads\/2022\/06\/Legislatuta-TDF-AIAS-6-768x512.jpg 768w, https:\/\/www.legistdf.gob.ar\/wp-content\/uploads\/2022\/06\/Legislatuta-TDF-AIAS-6-160x107.jpg 160w, https:\/\/www.legistdf.gob.ar\/wp-content\/uploads\/2022\/06\/Legislatuta-TDF-AIAS-6.jpg 1000w\" sizes=\"(max-width: 300px) 100vw, 300px\" \/>Prensa Legislativa dialog\u00f3 con una de las vecinas, Silvia Vizcarra, quien coment\u00f3 el posicionamiento negativo que expresaron ante los Legisladores que conforman la Comisi\u00f3n de Seguridad. \u201cEn la reuni\u00f3n que mantuvimos en enero pasado, nos explic\u00f3 los argumentos del proyecto, que entendemos pero pedimos que se respete nuestro planteo\u201d,\u00a0 enfatiz\u00f3 la vecina.<\/p>\n<p>&nbsp;<\/p>\n<p>Al finalizar, Vizcarra cont\u00f3 que solicitaron a los Legisladores que sean intermediarios ante el Gobierno de la Provincia,\u00a0 y que se tengan en cuenta los petitorios presentados, donde m\u00e1s de mil vecinos expresaron su rechazo al proyecto.<\/p>\n<p>&nbsp;<\/p>\n<p>En otro orden, el legislador Pablo Villegas confirm\u00f3 que, ante la ausencia de la ministra de Gobierno, Dra. Adriana Chaper\u00f3n y autoridades policiales, para abordar dos proyectos de Ley que aguardaban en agenda, los Parlamentarios acordaron pasar a un cuarto intermedio hasta la semana pr\u00f3xima.<\/p>\n<p>&nbsp;<\/p>\n<p>Del encuentro participaron tambi\u00e9n la legisladora Liliana Mart\u00ednez Allende (UCR) y los legisladores Federico Sciurano (UCR), Emmanuel Trentino (FORJA), Federico Bilota y Ricardo Furlan (JP).<\/p>\n<p>&nbsp;<\/p>\n<p style=\"text-align: right\"><em>ZV-LV-DM<\/em><\/p>\n<p><iframe loading=\"lazy\" title=\"SOCIEDAD: Vecinos plantearon oposici\u00f3n a la ubicaci\u00f3n de la futura unidad de detenci\u00f3n\" width=\"844\" height=\"475\" src=\"https:\/\/www.youtube.com\/embed\/4Cw3SbKuwNQ?feature=oembed\" frameborder=\"0\" allow=\"accelerometer; autoplay; clipboard-write; encrypted-media; gyroscope; picture-in-picture; web-share\" allowfullscreen><\/iframe><\/p>\n<p>&nbsp;<\/p>\n<p><iframe loading=\"lazy\" title=\"SOCIEDAD: Vecinos plantearon oposici\u00f3n a la ubicaci\u00f3n de la futura unidad de detenci\u00f3n\" width=\"844\" height=\"475\" src=\"https:\/\/www.youtube.com\/embed\/DYKDyq2MhLs?feature=oembed\" frameborder=\"0\" allow=\"accelerometer; autoplay; clipboard-write; encrypted-media; gyroscope; picture-in-picture; web-share\" allowfullscreen><\/iframe><\/p>\n<p>&nbsp;<\/p>\n\n\t\t<style type=\"text\/css\">\n\t\t\t#gallery-1 {\n\t\t\t\tmargin: auto;\n\t\t\t}\n\t\t\t#gallery-1 .gallery-item {\n\t\t\t\tfloat: left;\n\t\t\t\tmargin-top: 10px;\n\t\t\t\ttext-align: center;\n\t\t\t\twidth: 33%;\n\t\t\t}\n\t\t\t#gallery-1 img {\n\t\t\t\tborder: 2px solid #cfcfcf;\n\t\t\t}\n\t\t\t#gallery-1 .gallery-caption {\n\t\t\t\tmargin-left: 0;\n\t\t\t}\n\t\t\t\/* see gallery_shortcode() in wp-includes\/media.php *\/\n\t\t<\/style>\n\t\t<div data-carousel-extra='{\"blog_id\":1,\"permalink\":\"https:\\\/\\\/www.legistdf.gob.ar\\\/index.php\\\/2022\\\/06\\\/08\\\/sociedad-vecinas-del-barrio-mirador-de-los-andes-plantearon-oposicion-a-la-ubicacion-de-la-futura-unidad-de-detencion\\\/\"}' id='gallery-1' class='gallery galleryid-33243 gallery-columns-3 gallery-size-thumbnail'><dl class='gallery-item'>\n\t\t\t<dt class='gallery-icon landscape'>\n\t\t\t\t<a href='https:\/\/www.legistdf.gob.ar\/index.php\/2022\/06\/08\/sociedad-vecinas-del-barrio-mirador-de-los-andes-plantearon-oposicion-a-la-ubicacion-de-la-futura-unidad-de-detencion\/legislatuta-tdf-aias-2\/'><img loading=\"lazy\" decoding=\"async\" width=\"150\" height=\"150\" src=\"https:\/\/www.legistdf.gob.ar\/wp-content\/uploads\/2022\/06\/Legislatuta-TDF-AIAS-2-150x150.jpg\" class=\"attachment-thumbnail size-thumbnail\" alt=\"\" srcset=\"https:\/\/www.legistdf.gob.ar\/wp-content\/uploads\/2022\/06\/Legislatuta-TDF-AIAS-2-150x150.jpg 150w, https:\/\/www.legistdf.gob.ar\/wp-content\/uploads\/2022\/06\/Legislatuta-TDF-AIAS-2-64x64.jpg 64w\" sizes=\"(max-width: 150px) 100vw, 150px\" data-attachment-id=\"33244\" data-permalink=\"https:\/\/www.legistdf.gob.ar\/index.php\/2022\/06\/08\/sociedad-vecinas-del-barrio-mirador-de-los-andes-plantearon-oposicion-a-la-ubicacion-de-la-futura-unidad-de-detencion\/legislatuta-tdf-aias-2\/\" data-orig-file=\"https:\/\/www.legistdf.gob.ar\/wp-content\/uploads\/2022\/06\/Legislatuta-TDF-AIAS-2.jpg\" data-orig-size=\"1000,667\" data-comments-opened=\"0\" data-image-meta=\"{&quot;aperture&quot;:&quot;0&quot;,&quot;credit&quot;:&quot;&quot;,&quot;camera&quot;:&quot;&quot;,&quot;caption&quot;:&quot;&quot;,&quot;created_timestamp&quot;:&quot;0&quot;,&quot;copyright&quot;:&quot;NDM&quot;,&quot;focal_length&quot;:&quot;0&quot;,&quot;iso&quot;:&quot;0&quot;,&quot;shutter_speed&quot;:&quot;0&quot;,&quot;title&quot;:&quot;&quot;,&quot;orientation&quot;:&quot;0&quot;}\" data-image-title=\"Legislatuta TDF AIAS-2\" data-image-description=\"\" data-image-caption=\"\" data-medium-file=\"https:\/\/www.legistdf.gob.ar\/wp-content\/uploads\/2022\/06\/Legislatuta-TDF-AIAS-2-300x200.jpg\" data-large-file=\"https:\/\/www.legistdf.gob.ar\/wp-content\/uploads\/2022\/06\/Legislatuta-TDF-AIAS-2.jpg\" \/><\/a>\n\t\t\t<\/dt><\/dl><dl class='gallery-item'>\n\t\t\t<dt class='gallery-icon landscape'>\n\t\t\t\t<a href='https:\/\/www.legistdf.gob.ar\/index.php\/2022\/06\/08\/sociedad-vecinas-del-barrio-mirador-de-los-andes-plantearon-oposicion-a-la-ubicacion-de-la-futura-unidad-de-detencion\/legislatuta-tdf-aias-4\/'><img loading=\"lazy\" decoding=\"async\" width=\"150\" height=\"150\" src=\"https:\/\/www.legistdf.gob.ar\/wp-content\/uploads\/2022\/06\/Legislatuta-TDF-AIAS-4-150x150.jpg\" class=\"attachment-thumbnail size-thumbnail\" alt=\"\" srcset=\"https:\/\/www.legistdf.gob.ar\/wp-content\/uploads\/2022\/06\/Legislatuta-TDF-AIAS-4-150x150.jpg 150w, https:\/\/www.legistdf.gob.ar\/wp-content\/uploads\/2022\/06\/Legislatuta-TDF-AIAS-4-64x64.jpg 64w\" sizes=\"(max-width: 150px) 100vw, 150px\" data-attachment-id=\"33246\" data-permalink=\"https:\/\/www.legistdf.gob.ar\/index.php\/2022\/06\/08\/sociedad-vecinas-del-barrio-mirador-de-los-andes-plantearon-oposicion-a-la-ubicacion-de-la-futura-unidad-de-detencion\/legislatuta-tdf-aias-4\/\" data-orig-file=\"https:\/\/www.legistdf.gob.ar\/wp-content\/uploads\/2022\/06\/Legislatuta-TDF-AIAS-4.jpg\" data-orig-size=\"1000,667\" data-comments-opened=\"0\" data-image-meta=\"{&quot;aperture&quot;:&quot;0&quot;,&quot;credit&quot;:&quot;&quot;,&quot;camera&quot;:&quot;&quot;,&quot;caption&quot;:&quot;&quot;,&quot;created_timestamp&quot;:&quot;0&quot;,&quot;copyright&quot;:&quot;NDM&quot;,&quot;focal_length&quot;:&quot;0&quot;,&quot;iso&quot;:&quot;0&quot;,&quot;shutter_speed&quot;:&quot;0&quot;,&quot;title&quot;:&quot;&quot;,&quot;orientation&quot;:&quot;0&quot;}\" data-image-title=\"Legislatuta TDF AIAS-4\" data-image-description=\"\" data-image-caption=\"\" data-medium-file=\"https:\/\/www.legistdf.gob.ar\/wp-content\/uploads\/2022\/06\/Legislatuta-TDF-AIAS-4-300x200.jpg\" data-large-file=\"https:\/\/www.legistdf.gob.ar\/wp-content\/uploads\/2022\/06\/Legislatuta-TDF-AIAS-4.jpg\" \/><\/a>\n\t\t\t<\/dt><\/dl><dl class='gallery-item'>\n\t\t\t<dt class='gallery-icon landscape'>\n\t\t\t\t<a href='https:\/\/www.legistdf.gob.ar\/index.php\/2022\/06\/08\/sociedad-vecinas-del-barrio-mirador-de-los-andes-plantearon-oposicion-a-la-ubicacion-de-la-futura-unidad-de-detencion\/legislatuta-tdf-aias-6\/'><img loading=\"lazy\" decoding=\"async\" width=\"150\" height=\"150\" src=\"https:\/\/www.legistdf.gob.ar\/wp-content\/uploads\/2022\/06\/Legislatuta-TDF-AIAS-6-150x150.jpg\" class=\"attachment-thumbnail size-thumbnail\" alt=\"\" srcset=\"https:\/\/www.legistdf.gob.ar\/wp-content\/uploads\/2022\/06\/Legislatuta-TDF-AIAS-6-150x150.jpg 150w, https:\/\/www.legistdf.gob.ar\/wp-content\/uploads\/2022\/06\/Legislatuta-TDF-AIAS-6-64x64.jpg 64w\" sizes=\"(max-width: 150px) 100vw, 150px\" data-attachment-id=\"33248\" data-permalink=\"https:\/\/www.legistdf.gob.ar\/index.php\/2022\/06\/08\/sociedad-vecinas-del-barrio-mirador-de-los-andes-plantearon-oposicion-a-la-ubicacion-de-la-futura-unidad-de-detencion\/legislatuta-tdf-aias-6\/\" data-orig-file=\"https:\/\/www.legistdf.gob.ar\/wp-content\/uploads\/2022\/06\/Legislatuta-TDF-AIAS-6.jpg\" data-orig-size=\"1000,667\" data-comments-opened=\"0\" data-image-meta=\"{&quot;aperture&quot;:&quot;0&quot;,&quot;credit&quot;:&quot;&quot;,&quot;camera&quot;:&quot;&quot;,&quot;caption&quot;:&quot;&quot;,&quot;created_timestamp&quot;:&quot;0&quot;,&quot;copyright&quot;:&quot;NDM&quot;,&quot;focal_length&quot;:&quot;0&quot;,&quot;iso&quot;:&quot;0&quot;,&quot;shutter_speed&quot;:&quot;0&quot;,&quot;title&quot;:&quot;&quot;,&quot;orientation&quot;:&quot;0&quot;}\" data-image-title=\"Legislatuta TDF AIAS-6\" data-image-description=\"\" data-image-caption=\"\" data-medium-file=\"https:\/\/www.legistdf.gob.ar\/wp-content\/uploads\/2022\/06\/Legislatuta-TDF-AIAS-6-300x200.jpg\" data-large-file=\"https:\/\/www.legistdf.gob.ar\/wp-content\/uploads\/2022\/06\/Legislatuta-TDF-AIAS-6.jpg\" \/><\/a>\n\t\t\t<\/dt><\/dl><br style=\"clear: both\" \/><dl class='gallery-item'>\n\t\t\t<dt class='gallery-icon landscape'>\n\t\t\t\t<a href='https:\/\/www.legistdf.gob.ar\/index.php\/2022\/06\/08\/sociedad-vecinas-del-barrio-mirador-de-los-andes-plantearon-oposicion-a-la-ubicacion-de-la-futura-unidad-de-detencion\/legislatuta-tdf-aias-12\/'><img loading=\"lazy\" decoding=\"async\" width=\"150\" height=\"150\" src=\"https:\/\/www.legistdf.gob.ar\/wp-content\/uploads\/2022\/06\/Legislatuta-TDF-AIAS-12-150x150.jpg\" class=\"attachment-thumbnail size-thumbnail\" alt=\"\" srcset=\"https:\/\/www.legistdf.gob.ar\/wp-content\/uploads\/2022\/06\/Legislatuta-TDF-AIAS-12-150x150.jpg 150w, https:\/\/www.legistdf.gob.ar\/wp-content\/uploads\/2022\/06\/Legislatuta-TDF-AIAS-12-64x64.jpg 64w\" sizes=\"(max-width: 150px) 100vw, 150px\" data-attachment-id=\"33254\" data-permalink=\"https:\/\/www.legistdf.gob.ar\/index.php\/2022\/06\/08\/sociedad-vecinas-del-barrio-mirador-de-los-andes-plantearon-oposicion-a-la-ubicacion-de-la-futura-unidad-de-detencion\/legislatuta-tdf-aias-12\/\" data-orig-file=\"https:\/\/www.legistdf.gob.ar\/wp-content\/uploads\/2022\/06\/Legislatuta-TDF-AIAS-12.jpg\" data-orig-size=\"1000,667\" data-comments-opened=\"0\" data-image-meta=\"{&quot;aperture&quot;:&quot;0&quot;,&quot;credit&quot;:&quot;&quot;,&quot;camera&quot;:&quot;&quot;,&quot;caption&quot;:&quot;&quot;,&quot;created_timestamp&quot;:&quot;0&quot;,&quot;copyright&quot;:&quot;NDM&quot;,&quot;focal_length&quot;:&quot;0&quot;,&quot;iso&quot;:&quot;0&quot;,&quot;shutter_speed&quot;:&quot;0&quot;,&quot;title&quot;:&quot;&quot;,&quot;orientation&quot;:&quot;0&quot;}\" data-image-title=\"Legislatuta TDF AIAS-12\" data-image-description=\"\" data-image-caption=\"\" data-medium-file=\"https:\/\/www.legistdf.gob.ar\/wp-content\/uploads\/2022\/06\/Legislatuta-TDF-AIAS-12-300x200.jpg\" data-large-file=\"https:\/\/www.legistdf.gob.ar\/wp-content\/uploads\/2022\/06\/Legislatuta-TDF-AIAS-12.jpg\" \/><\/a>\n\t\t\t<\/dt><\/dl><dl class='gallery-item'>\n\t\t\t<dt class='gallery-icon landscape'>\n\t\t\t\t<a href='https:\/\/www.legistdf.gob.ar\/index.php\/2022\/06\/08\/sociedad-vecinas-del-barrio-mirador-de-los-andes-plantearon-oposicion-a-la-ubicacion-de-la-futura-unidad-de-detencion\/legislatuta-tdf-aias-11\/'><img loading=\"lazy\" decoding=\"async\" width=\"150\" height=\"150\" src=\"https:\/\/www.legistdf.gob.ar\/wp-content\/uploads\/2022\/06\/Legislatuta-TDF-AIAS-11-150x150.jpg\" class=\"attachment-thumbnail size-thumbnail\" alt=\"\" srcset=\"https:\/\/www.legistdf.gob.ar\/wp-content\/uploads\/2022\/06\/Legislatuta-TDF-AIAS-11-150x150.jpg 150w, https:\/\/www.legistdf.gob.ar\/wp-content\/uploads\/2022\/06\/Legislatuta-TDF-AIAS-11-64x64.jpg 64w\" sizes=\"(max-width: 150px) 100vw, 150px\" data-attachment-id=\"33253\" data-permalink=\"https:\/\/www.legistdf.gob.ar\/index.php\/2022\/06\/08\/sociedad-vecinas-del-barrio-mirador-de-los-andes-plantearon-oposicion-a-la-ubicacion-de-la-futura-unidad-de-detencion\/legislatuta-tdf-aias-11\/\" data-orig-file=\"https:\/\/www.legistdf.gob.ar\/wp-content\/uploads\/2022\/06\/Legislatuta-TDF-AIAS-11.jpg\" data-orig-size=\"1000,667\" data-comments-opened=\"0\" data-image-meta=\"{&quot;aperture&quot;:&quot;0&quot;,&quot;credit&quot;:&quot;&quot;,&quot;camera&quot;:&quot;&quot;,&quot;caption&quot;:&quot;&quot;,&quot;created_timestamp&quot;:&quot;0&quot;,&quot;copyright&quot;:&quot;NDM&quot;,&quot;focal_length&quot;:&quot;0&quot;,&quot;iso&quot;:&quot;0&quot;,&quot;shutter_speed&quot;:&quot;0&quot;,&quot;title&quot;:&quot;&quot;,&quot;orientation&quot;:&quot;0&quot;}\" data-image-title=\"Legislatuta TDF AIAS-11\" data-image-description=\"\" data-image-caption=\"\" data-medium-file=\"https:\/\/www.legistdf.gob.ar\/wp-content\/uploads\/2022\/06\/Legislatuta-TDF-AIAS-11-300x200.jpg\" data-large-file=\"https:\/\/www.legistdf.gob.ar\/wp-content\/uploads\/2022\/06\/Legislatuta-TDF-AIAS-11.jpg\" \/><\/a>\n\t\t\t<\/dt><\/dl><dl class='gallery-item'>\n\t\t\t<dt class='gallery-icon landscape'>\n\t\t\t\t<a href='https:\/\/www.legistdf.gob.ar\/index.php\/2022\/06\/08\/sociedad-vecinas-del-barrio-mirador-de-los-andes-plantearon-oposicion-a-la-ubicacion-de-la-futura-unidad-de-detencion\/legislatuta-tdf-aias-9\/'><img loading=\"lazy\" decoding=\"async\" width=\"150\" height=\"150\" src=\"https:\/\/www.legistdf.gob.ar\/wp-content\/uploads\/2022\/06\/Legislatuta-TDF-AIAS-9-150x150.jpg\" class=\"attachment-thumbnail size-thumbnail\" alt=\"\" srcset=\"https:\/\/www.legistdf.gob.ar\/wp-content\/uploads\/2022\/06\/Legislatuta-TDF-AIAS-9-150x150.jpg 150w, https:\/\/www.legistdf.gob.ar\/wp-content\/uploads\/2022\/06\/Legislatuta-TDF-AIAS-9-64x64.jpg 64w\" sizes=\"(max-width: 150px) 100vw, 150px\" data-attachment-id=\"33251\" data-permalink=\"https:\/\/www.legistdf.gob.ar\/index.php\/2022\/06\/08\/sociedad-vecinas-del-barrio-mirador-de-los-andes-plantearon-oposicion-a-la-ubicacion-de-la-futura-unidad-de-detencion\/legislatuta-tdf-aias-9\/\" data-orig-file=\"https:\/\/www.legistdf.gob.ar\/wp-content\/uploads\/2022\/06\/Legislatuta-TDF-AIAS-9.jpg\" data-orig-size=\"1000,667\" data-comments-opened=\"0\" data-image-meta=\"{&quot;aperture&quot;:&quot;0&quot;,&quot;credit&quot;:&quot;&quot;,&quot;camera&quot;:&quot;&quot;,&quot;caption&quot;:&quot;&quot;,&quot;created_timestamp&quot;:&quot;0&quot;,&quot;copyright&quot;:&quot;NDM&quot;,&quot;focal_length&quot;:&quot;0&quot;,&quot;iso&quot;:&quot;0&quot;,&quot;shutter_speed&quot;:&quot;0&quot;,&quot;title&quot;:&quot;&quot;,&quot;orientation&quot;:&quot;0&quot;}\" data-image-title=\"Legislatuta TDF AIAS-9\" data-image-description=\"\" data-image-caption=\"\" data-medium-file=\"https:\/\/www.legistdf.gob.ar\/wp-content\/uploads\/2022\/06\/Legislatuta-TDF-AIAS-9-300x200.jpg\" data-large-file=\"https:\/\/www.legistdf.gob.ar\/wp-content\/uploads\/2022\/06\/Legislatuta-TDF-AIAS-9.jpg\" \/><\/a>\n\t\t\t<\/dt><\/dl><br style=\"clear: both\" \/><dl class='gallery-item'>\n\t\t\t<dt class='gallery-icon landscape'>\n\t\t\t\t<a href='https:\/\/www.legistdf.gob.ar\/index.php\/2022\/06\/08\/sociedad-vecinas-del-barrio-mirador-de-los-andes-plantearon-oposicion-a-la-ubicacion-de-la-futura-unidad-de-detencion\/legislatuta-tdf-aias-7\/'><img loading=\"lazy\" decoding=\"async\" width=\"150\" height=\"150\" src=\"https:\/\/www.legistdf.gob.ar\/wp-content\/uploads\/2022\/06\/Legislatuta-TDF-AIAS-7-150x150.jpg\" class=\"attachment-thumbnail size-thumbnail\" alt=\"\" srcset=\"https:\/\/www.legistdf.gob.ar\/wp-content\/uploads\/2022\/06\/Legislatuta-TDF-AIAS-7-150x150.jpg 150w, https:\/\/www.legistdf.gob.ar\/wp-content\/uploads\/2022\/06\/Legislatuta-TDF-AIAS-7-64x64.jpg 64w\" sizes=\"(max-width: 150px) 100vw, 150px\" data-attachment-id=\"33249\" data-permalink=\"https:\/\/www.legistdf.gob.ar\/index.php\/2022\/06\/08\/sociedad-vecinas-del-barrio-mirador-de-los-andes-plantearon-oposicion-a-la-ubicacion-de-la-futura-unidad-de-detencion\/legislatuta-tdf-aias-7\/\" data-orig-file=\"https:\/\/www.legistdf.gob.ar\/wp-content\/uploads\/2022\/06\/Legislatuta-TDF-AIAS-7.jpg\" data-orig-size=\"1000,667\" data-comments-opened=\"0\" data-image-meta=\"{&quot;aperture&quot;:&quot;0&quot;,&quot;credit&quot;:&quot;&quot;,&quot;camera&quot;:&quot;&quot;,&quot;caption&quot;:&quot;&quot;,&quot;created_timestamp&quot;:&quot;0&quot;,&quot;copyright&quot;:&quot;NDM&quot;,&quot;focal_length&quot;:&quot;0&quot;,&quot;iso&quot;:&quot;0&quot;,&quot;shutter_speed&quot;:&quot;0&quot;,&quot;title&quot;:&quot;&quot;,&quot;orientation&quot;:&quot;0&quot;}\" data-image-title=\"Legislatuta TDF AIAS-7\" data-image-description=\"\" data-image-caption=\"\" data-medium-file=\"https:\/\/www.legistdf.gob.ar\/wp-content\/uploads\/2022\/06\/Legislatuta-TDF-AIAS-7-300x200.jpg\" data-large-file=\"https:\/\/www.legistdf.gob.ar\/wp-content\/uploads\/2022\/06\/Legislatuta-TDF-AIAS-7.jpg\" \/><\/a>\n\t\t\t<\/dt><\/dl><dl class='gallery-item'>\n\t\t\t<dt class='gallery-icon landscape'>\n\t\t\t\t<a href='https:\/\/www.legistdf.gob.ar\/index.php\/2022\/06\/08\/sociedad-vecinas-del-barrio-mirador-de-los-andes-plantearon-oposicion-a-la-ubicacion-de-la-futura-unidad-de-detencion\/legislatuta-tdf-aias-5\/'><img loading=\"lazy\" decoding=\"async\" width=\"150\" height=\"150\" src=\"https:\/\/www.legistdf.gob.ar\/wp-content\/uploads\/2022\/06\/Legislatuta-TDF-AIAS-5-150x150.jpg\" class=\"attachment-thumbnail size-thumbnail\" alt=\"\" srcset=\"https:\/\/www.legistdf.gob.ar\/wp-content\/uploads\/2022\/06\/Legislatuta-TDF-AIAS-5-150x150.jpg 150w, https:\/\/www.legistdf.gob.ar\/wp-content\/uploads\/2022\/06\/Legislatuta-TDF-AIAS-5-64x64.jpg 64w\" sizes=\"(max-width: 150px) 100vw, 150px\" data-attachment-id=\"33247\" data-permalink=\"https:\/\/www.legistdf.gob.ar\/index.php\/2022\/06\/08\/sociedad-vecinas-del-barrio-mirador-de-los-andes-plantearon-oposicion-a-la-ubicacion-de-la-futura-unidad-de-detencion\/legislatuta-tdf-aias-5\/\" data-orig-file=\"https:\/\/www.legistdf.gob.ar\/wp-content\/uploads\/2022\/06\/Legislatuta-TDF-AIAS-5.jpg\" data-orig-size=\"1000,667\" data-comments-opened=\"0\" data-image-meta=\"{&quot;aperture&quot;:&quot;0&quot;,&quot;credit&quot;:&quot;&quot;,&quot;camera&quot;:&quot;&quot;,&quot;caption&quot;:&quot;&quot;,&quot;created_timestamp&quot;:&quot;0&quot;,&quot;copyright&quot;:&quot;NDM&quot;,&quot;focal_length&quot;:&quot;0&quot;,&quot;iso&quot;:&quot;0&quot;,&quot;shutter_speed&quot;:&quot;0&quot;,&quot;title&quot;:&quot;&quot;,&quot;orientation&quot;:&quot;0&quot;}\" data-image-title=\"Legislatuta TDF AIAS-5\" data-image-description=\"\" data-image-caption=\"\" data-medium-file=\"https:\/\/www.legistdf.gob.ar\/wp-content\/uploads\/2022\/06\/Legislatuta-TDF-AIAS-5-300x200.jpg\" data-large-file=\"https:\/\/www.legistdf.gob.ar\/wp-content\/uploads\/2022\/06\/Legislatuta-TDF-AIAS-5.jpg\" \/><\/a>\n\t\t\t<\/dt><\/dl>\n\t\t\t<br style='clear: both' \/>\n\t\t<\/div>\n\n","protected":false},"excerpt":{"rendered":"<p>Ushuaia, mi\u00e9rcoles 8 de junio de 2022.- El legislador Pablo Villegas (MPF) presidi\u00f3 hoy un nuevo encuentro de la Comisi\u00f3n de Seguridad N\u00b0 6. Los Parlamentarios integrantes de ese espacio de debate, recibieron a vecinas del barrio Mirador de los Andes, quienes se oponen a la posible construcci\u00f3n de una unidad de detenci\u00f3n provincial, en [&hellip;]<\/p>\n","protected":false},"author":352,"featured_media":33247,"comment_status":"closed","ping_status":"open","sticky":false,"template":"","format":"standard","meta":{"jetpack_post_was_ever_published":false,"_jetpack_newsletter_access":"","_jetpack_dont_email_post_to_subs":false,"_jetpack_newsletter_tier_id":0,"footnotes":"","jetpack_publicize_message":"","jetpack_publicize_feature_enabled":true,"jetpack_social_post_already_shared":true,"jetpack_social_options":{"image_generator_settings":{"template":"highway","enabled":false}}},"categories":[1],"tags":[84,78,106,230,79,87],"jetpack_publicize_connections":[],"jetpack_sharing_enabled":true,"jetpack_featured_media_url":"https:\/\/www.legistdf.gob.ar\/wp-content\/uploads\/2022\/06\/Legislatuta-TDF-AIAS-5.jpg","jetpack-related-posts":[],"_links":{"self":[{"href":"https:\/\/www.legistdf.gob.ar\/index.php\/wp-json\/wp\/v2\/posts\/33243"}],"collection":[{"href":"https:\/\/www.legistdf.gob.ar\/index.php\/wp-json\/wp\/v2\/posts"}],"about":[{"href":"https:\/\/www.legistdf.gob.ar\/index.php\/wp-json\/wp\/v2\/types\/post"}],"author":[{"embeddable":true,"href":"https:\/\/www.legistdf.gob.ar\/index.php\/wp-json\/wp\/v2\/users\/352"}],"replies":[{"embeddable":true,"href":"https:\/\/www.legistdf.gob.ar\/index.php\/wp-json\/wp\/v2\/comments?post=33243"}],"version-history":[{"count":4,"href":"https:\/\/www.legistdf.gob.ar\/index.php\/wp-json\/wp\/v2\/posts\/33243\/revisions"}],"predecessor-version":[{"id":33260,"href":"https:\/\/www.legistdf.gob.ar\/index.php\/wp-json\/wp\/v2\/posts\/33243\/revisions\/33260"}],"wp:featuredmedia":[{"embeddable":true,"href":"https:\/\/www.legistdf.gob.ar\/index.php\/wp-json\/wp\/v2\/media\/33247"}],"wp:attachment":[{"href":"https:\/\/www.legistdf.gob.ar\/index.php\/wp-json\/wp\/v2\/media?parent=33243"}],"wp:term":[{"taxonomy":"category","embeddable":true,"href":"https:\/\/www.legistdf.gob.ar\/index.php\/wp-json\/wp\/v2\/categories?post=33243"},{"taxonomy":"post_tag","embeddable":true,"href":"https:\/\/www.legistdf.gob.ar\/index.php\/wp-json\/wp\/v2\/tags?post=33243"}],"curies":[{"name":"wp","href":"https:\/\/api.w.org\/{rel}","templated":true}]}}