{"id":33719,"date":"2022-07-13T11:57:40","date_gmt":"2022-07-13T14:57:40","guid":{"rendered":"https:\/\/www.legistdf.gob.ar\/?p=33719"},"modified":"2022-07-13T11:57:40","modified_gmt":"2022-07-13T14:57:40","slug":"justicia-el-consejo-de-la-magistratura-eligio-nuevos-jueces-para-cubrir-los-cargos-vacantes","status":"publish","type":"post","link":"https:\/\/www.legistdf.gob.ar\/index.php\/2022\/07\/13\/justicia-el-consejo-de-la-magistratura-eligio-nuevos-jueces-para-cubrir-los-cargos-vacantes\/","title":{"rendered":"JUSTICIA: El Consejo de la Magistratura eligi\u00f3 nuevos jueces para cubrir los cargos vacantes"},"content":{"rendered":"<p><strong><img loading=\"lazy\" decoding=\"async\" data-attachment-id=\"33720\" data-permalink=\"https:\/\/www.legistdf.gob.ar\/index.php\/2022\/07\/13\/justicia-el-consejo-de-la-magistratura-eligio-nuevos-jueces-para-cubrir-los-cargos-vacantes\/120722-magistratura-1\/\" data-orig-file=\"https:\/\/www.legistdf.gob.ar\/wp-content\/uploads\/2022\/07\/120722-Magistratura-1.jpg\" data-orig-size=\"1000,667\" data-comments-opened=\"0\" data-image-meta=\"{&quot;aperture&quot;:&quot;0&quot;,&quot;credit&quot;:&quot;&quot;,&quot;camera&quot;:&quot;&quot;,&quot;caption&quot;:&quot;&quot;,&quot;created_timestamp&quot;:&quot;0&quot;,&quot;copyright&quot;:&quot;&quot;,&quot;focal_length&quot;:&quot;0&quot;,&quot;iso&quot;:&quot;0&quot;,&quot;shutter_speed&quot;:&quot;0&quot;,&quot;title&quot;:&quot;&quot;,&quot;orientation&quot;:&quot;0&quot;}\" data-image-title=\"120722 Magistratura 1\" data-image-description=\"\" data-image-caption=\"\" data-medium-file=\"https:\/\/www.legistdf.gob.ar\/wp-content\/uploads\/2022\/07\/120722-Magistratura-1-300x200.jpg\" data-large-file=\"https:\/\/www.legistdf.gob.ar\/wp-content\/uploads\/2022\/07\/120722-Magistratura-1.jpg\" class=\"alignleft wp-image-33720 size-medium\" src=\"https:\/\/www.legistdf.gob.ar\/wp-content\/uploads\/2022\/07\/120722-Magistratura-1-300x200.jpg\" alt=\"\" width=\"300\" height=\"200\" srcset=\"https:\/\/www.legistdf.gob.ar\/wp-content\/uploads\/2022\/07\/120722-Magistratura-1-300x200.jpg 300w, https:\/\/www.legistdf.gob.ar\/wp-content\/uploads\/2022\/07\/120722-Magistratura-1-768x512.jpg 768w, https:\/\/www.legistdf.gob.ar\/wp-content\/uploads\/2022\/07\/120722-Magistratura-1-160x107.jpg 160w, https:\/\/www.legistdf.gob.ar\/wp-content\/uploads\/2022\/07\/120722-Magistratura-1.jpg 1000w\" sizes=\"(max-width: 300px) 100vw, 300px\" \/>Ushuaia, mi\u00e9rcoles 13 de julio de 2022.- El Dr. Ernesto L\u00f6ffler presidi\u00f3 una nueva reuni\u00f3n del Consejo de la Magistratura provincial, en el edificio sede del Superior Tribunal de Justicia. Del encuentro participaron los representantes del Parlamento, legisladores Ricardo Furlan (JP) y Pablo Villegas (MPF).<\/strong><\/p>\n<p>El Cuerpo deliber\u00f3 con la totalidad de sus integrantes: La consejera Dra. Mar\u00eda Gabriela San Mart\u00edn y los consejeros Lic. Paulo Agust\u00edn Tita, Dr. Virgilio Juan Mart\u00ednez de Sucre y Dr. Jos\u00e9 Galindo Rodas Fern\u00e1ndez, adem\u00e1s de los nombrados.<\/p>\n<p>De acuerdo al orden del d\u00eda, se realizaron las entrevistas para cubrir los cargos de Juez\/a de Primera Instancia del Juzgado en lo Civil y Comercial N\u00ba 2; Juez\/a de Primera Instancia del Juzgado de Instrucci\u00f3n N\u00ba 3 y Juez\/a de Primera Instancia del Juzgado Correccional, todos ellos del Distrito Judicial Norte (DJN).<\/p>\n<p><img loading=\"lazy\" decoding=\"async\" data-attachment-id=\"33723\" data-permalink=\"https:\/\/www.legistdf.gob.ar\/index.php\/2022\/07\/13\/justicia-el-consejo-de-la-magistratura-eligio-nuevos-jueces-para-cubrir-los-cargos-vacantes\/120722-magistratura-4\/\" data-orig-file=\"https:\/\/www.legistdf.gob.ar\/wp-content\/uploads\/2022\/07\/120722-Magistratura-4.jpg\" data-orig-size=\"1000,667\" data-comments-opened=\"0\" data-image-meta=\"{&quot;aperture&quot;:&quot;0&quot;,&quot;credit&quot;:&quot;&quot;,&quot;camera&quot;:&quot;&quot;,&quot;caption&quot;:&quot;&quot;,&quot;created_timestamp&quot;:&quot;0&quot;,&quot;copyright&quot;:&quot;&quot;,&quot;focal_length&quot;:&quot;0&quot;,&quot;iso&quot;:&quot;0&quot;,&quot;shutter_speed&quot;:&quot;0&quot;,&quot;title&quot;:&quot;&quot;,&quot;orientation&quot;:&quot;0&quot;}\" data-image-title=\"120722 Magistratura 4\" data-image-description=\"\" data-image-caption=\"\" data-medium-file=\"https:\/\/www.legistdf.gob.ar\/wp-content\/uploads\/2022\/07\/120722-Magistratura-4-300x200.jpg\" data-large-file=\"https:\/\/www.legistdf.gob.ar\/wp-content\/uploads\/2022\/07\/120722-Magistratura-4.jpg\" class=\"alignright wp-image-33723 size-medium\" src=\"https:\/\/www.legistdf.gob.ar\/wp-content\/uploads\/2022\/07\/120722-Magistratura-4-300x200.jpg\" alt=\"\" width=\"300\" height=\"200\" srcset=\"https:\/\/www.legistdf.gob.ar\/wp-content\/uploads\/2022\/07\/120722-Magistratura-4-300x200.jpg 300w, https:\/\/www.legistdf.gob.ar\/wp-content\/uploads\/2022\/07\/120722-Magistratura-4-768x512.jpg 768w, https:\/\/www.legistdf.gob.ar\/wp-content\/uploads\/2022\/07\/120722-Magistratura-4-160x107.jpg 160w, https:\/\/www.legistdf.gob.ar\/wp-content\/uploads\/2022\/07\/120722-Magistratura-4.jpg 1000w\" sizes=\"(max-width: 300px) 100vw, 300px\" \/>Para el cargo del Juzgado Correccional del Distrito Judicial Norte result\u00f3 elegido el Dr. Pedro \u00c1ngel Fern\u00e1ndez, mientras que para el Juzgado de Instrucci\u00f3n N\u00ba 3 del Distrito Judicial Norte eligieron a la Dra. Cecilia Cataldo.<\/p>\n<p>Luego de la ronda de votaciones, los integrantes del Consejo de la Magistratura tomaron la entrevista personal al Dr. Pablo Hern\u00e1n Bozzi, \u00fanico postulante que se present\u00f3 para concursar el cargo de Juez de Primera Instancia del Juzgado en lo Civil y Comercial N\u00ba 2 del Distrito Judicial Norte.<\/p>\n<p>&nbsp;<\/p>\n<p>&nbsp;<\/p>\n\n\t\t<style type=\"text\/css\">\n\t\t\t#gallery-1 {\n\t\t\t\tmargin: auto;\n\t\t\t}\n\t\t\t#gallery-1 .gallery-item {\n\t\t\t\tfloat: left;\n\t\t\t\tmargin-top: 10px;\n\t\t\t\ttext-align: center;\n\t\t\t\twidth: 33%;\n\t\t\t}\n\t\t\t#gallery-1 img {\n\t\t\t\tborder: 2px solid #cfcfcf;\n\t\t\t}\n\t\t\t#gallery-1 .gallery-caption {\n\t\t\t\tmargin-left: 0;\n\t\t\t}\n\t\t\t\/* see gallery_shortcode() in wp-includes\/media.php *\/\n\t\t<\/style>\n\t\t<div data-carousel-extra='{\"blog_id\":1,\"permalink\":\"https:\\\/\\\/www.legistdf.gob.ar\\\/index.php\\\/2022\\\/07\\\/13\\\/justicia-el-consejo-de-la-magistratura-eligio-nuevos-jueces-para-cubrir-los-cargos-vacantes\\\/\"}' id='gallery-1' class='gallery galleryid-33719 gallery-columns-3 gallery-size-thumbnail'><dl class='gallery-item'>\n\t\t\t<dt class='gallery-icon landscape'>\n\t\t\t\t<a href='https:\/\/www.legistdf.gob.ar\/index.php\/2022\/07\/13\/justicia-el-consejo-de-la-magistratura-eligio-nuevos-jueces-para-cubrir-los-cargos-vacantes\/120722-magistratura-8\/'><img loading=\"lazy\" decoding=\"async\" width=\"150\" height=\"150\" src=\"https:\/\/www.legistdf.gob.ar\/wp-content\/uploads\/2022\/07\/120722-Magistratura-8-150x150.jpg\" class=\"attachment-thumbnail size-thumbnail\" alt=\"\" srcset=\"https:\/\/www.legistdf.gob.ar\/wp-content\/uploads\/2022\/07\/120722-Magistratura-8-150x150.jpg 150w, https:\/\/www.legistdf.gob.ar\/wp-content\/uploads\/2022\/07\/120722-Magistratura-8-64x64.jpg 64w\" sizes=\"(max-width: 150px) 100vw, 150px\" data-attachment-id=\"33727\" data-permalink=\"https:\/\/www.legistdf.gob.ar\/index.php\/2022\/07\/13\/justicia-el-consejo-de-la-magistratura-eligio-nuevos-jueces-para-cubrir-los-cargos-vacantes\/120722-magistratura-8\/\" data-orig-file=\"https:\/\/www.legistdf.gob.ar\/wp-content\/uploads\/2022\/07\/120722-Magistratura-8.jpg\" data-orig-size=\"1000,667\" data-comments-opened=\"0\" data-image-meta=\"{&quot;aperture&quot;:&quot;0&quot;,&quot;credit&quot;:&quot;&quot;,&quot;camera&quot;:&quot;&quot;,&quot;caption&quot;:&quot;&quot;,&quot;created_timestamp&quot;:&quot;0&quot;,&quot;copyright&quot;:&quot;&quot;,&quot;focal_length&quot;:&quot;0&quot;,&quot;iso&quot;:&quot;0&quot;,&quot;shutter_speed&quot;:&quot;0&quot;,&quot;title&quot;:&quot;&quot;,&quot;orientation&quot;:&quot;0&quot;}\" data-image-title=\"120722 Magistratura 8\" data-image-description=\"\" data-image-caption=\"\" data-medium-file=\"https:\/\/www.legistdf.gob.ar\/wp-content\/uploads\/2022\/07\/120722-Magistratura-8-300x200.jpg\" data-large-file=\"https:\/\/www.legistdf.gob.ar\/wp-content\/uploads\/2022\/07\/120722-Magistratura-8.jpg\" \/><\/a>\n\t\t\t<\/dt><\/dl><dl class='gallery-item'>\n\t\t\t<dt class='gallery-icon landscape'>\n\t\t\t\t<a href='https:\/\/www.legistdf.gob.ar\/index.php\/2022\/07\/13\/justicia-el-consejo-de-la-magistratura-eligio-nuevos-jueces-para-cubrir-los-cargos-vacantes\/120722-magistratura-7\/'><img loading=\"lazy\" decoding=\"async\" width=\"150\" height=\"150\" src=\"https:\/\/www.legistdf.gob.ar\/wp-content\/uploads\/2022\/07\/120722-Magistratura-7-150x150.jpg\" class=\"attachment-thumbnail size-thumbnail\" alt=\"\" srcset=\"https:\/\/www.legistdf.gob.ar\/wp-content\/uploads\/2022\/07\/120722-Magistratura-7-150x150.jpg 150w, https:\/\/www.legistdf.gob.ar\/wp-content\/uploads\/2022\/07\/120722-Magistratura-7-64x64.jpg 64w\" sizes=\"(max-width: 150px) 100vw, 150px\" data-attachment-id=\"33726\" data-permalink=\"https:\/\/www.legistdf.gob.ar\/index.php\/2022\/07\/13\/justicia-el-consejo-de-la-magistratura-eligio-nuevos-jueces-para-cubrir-los-cargos-vacantes\/120722-magistratura-7\/\" data-orig-file=\"https:\/\/www.legistdf.gob.ar\/wp-content\/uploads\/2022\/07\/120722-Magistratura-7.jpg\" data-orig-size=\"1000,667\" data-comments-opened=\"0\" data-image-meta=\"{&quot;aperture&quot;:&quot;0&quot;,&quot;credit&quot;:&quot;&quot;,&quot;camera&quot;:&quot;&quot;,&quot;caption&quot;:&quot;&quot;,&quot;created_timestamp&quot;:&quot;0&quot;,&quot;copyright&quot;:&quot;&quot;,&quot;focal_length&quot;:&quot;0&quot;,&quot;iso&quot;:&quot;0&quot;,&quot;shutter_speed&quot;:&quot;0&quot;,&quot;title&quot;:&quot;&quot;,&quot;orientation&quot;:&quot;0&quot;}\" data-image-title=\"120722 Magistratura 7\" data-image-description=\"\" data-image-caption=\"\" data-medium-file=\"https:\/\/www.legistdf.gob.ar\/wp-content\/uploads\/2022\/07\/120722-Magistratura-7-300x200.jpg\" data-large-file=\"https:\/\/www.legistdf.gob.ar\/wp-content\/uploads\/2022\/07\/120722-Magistratura-7.jpg\" \/><\/a>\n\t\t\t<\/dt><\/dl><dl class='gallery-item'>\n\t\t\t<dt class='gallery-icon landscape'>\n\t\t\t\t<a href='https:\/\/www.legistdf.gob.ar\/index.php\/2022\/07\/13\/justicia-el-consejo-de-la-magistratura-eligio-nuevos-jueces-para-cubrir-los-cargos-vacantes\/120722-magistratura-6\/'><img loading=\"lazy\" decoding=\"async\" width=\"150\" height=\"150\" src=\"https:\/\/www.legistdf.gob.ar\/wp-content\/uploads\/2022\/07\/120722-Magistratura-6-150x150.jpg\" class=\"attachment-thumbnail size-thumbnail\" alt=\"\" srcset=\"https:\/\/www.legistdf.gob.ar\/wp-content\/uploads\/2022\/07\/120722-Magistratura-6-150x150.jpg 150w, https:\/\/www.legistdf.gob.ar\/wp-content\/uploads\/2022\/07\/120722-Magistratura-6-64x64.jpg 64w\" sizes=\"(max-width: 150px) 100vw, 150px\" data-attachment-id=\"33725\" data-permalink=\"https:\/\/www.legistdf.gob.ar\/index.php\/2022\/07\/13\/justicia-el-consejo-de-la-magistratura-eligio-nuevos-jueces-para-cubrir-los-cargos-vacantes\/120722-magistratura-6\/\" data-orig-file=\"https:\/\/www.legistdf.gob.ar\/wp-content\/uploads\/2022\/07\/120722-Magistratura-6.jpg\" data-orig-size=\"1000,667\" data-comments-opened=\"0\" data-image-meta=\"{&quot;aperture&quot;:&quot;0&quot;,&quot;credit&quot;:&quot;&quot;,&quot;camera&quot;:&quot;&quot;,&quot;caption&quot;:&quot;&quot;,&quot;created_timestamp&quot;:&quot;0&quot;,&quot;copyright&quot;:&quot;&quot;,&quot;focal_length&quot;:&quot;0&quot;,&quot;iso&quot;:&quot;0&quot;,&quot;shutter_speed&quot;:&quot;0&quot;,&quot;title&quot;:&quot;&quot;,&quot;orientation&quot;:&quot;0&quot;}\" data-image-title=\"120722 Magistratura 6\" data-image-description=\"\" data-image-caption=\"\" data-medium-file=\"https:\/\/www.legistdf.gob.ar\/wp-content\/uploads\/2022\/07\/120722-Magistratura-6-300x200.jpg\" data-large-file=\"https:\/\/www.legistdf.gob.ar\/wp-content\/uploads\/2022\/07\/120722-Magistratura-6.jpg\" \/><\/a>\n\t\t\t<\/dt><\/dl><br style=\"clear: both\" \/><dl class='gallery-item'>\n\t\t\t<dt class='gallery-icon landscape'>\n\t\t\t\t<a href='https:\/\/www.legistdf.gob.ar\/index.php\/2022\/07\/13\/justicia-el-consejo-de-la-magistratura-eligio-nuevos-jueces-para-cubrir-los-cargos-vacantes\/120722-magistratura-5\/'><img loading=\"lazy\" decoding=\"async\" width=\"150\" height=\"150\" src=\"https:\/\/www.legistdf.gob.ar\/wp-content\/uploads\/2022\/07\/120722-Magistratura-5-150x150.jpg\" class=\"attachment-thumbnail size-thumbnail\" alt=\"\" srcset=\"https:\/\/www.legistdf.gob.ar\/wp-content\/uploads\/2022\/07\/120722-Magistratura-5-150x150.jpg 150w, https:\/\/www.legistdf.gob.ar\/wp-content\/uploads\/2022\/07\/120722-Magistratura-5-64x64.jpg 64w\" sizes=\"(max-width: 150px) 100vw, 150px\" data-attachment-id=\"33724\" data-permalink=\"https:\/\/www.legistdf.gob.ar\/index.php\/2022\/07\/13\/justicia-el-consejo-de-la-magistratura-eligio-nuevos-jueces-para-cubrir-los-cargos-vacantes\/120722-magistratura-5\/\" data-orig-file=\"https:\/\/www.legistdf.gob.ar\/wp-content\/uploads\/2022\/07\/120722-Magistratura-5.jpg\" data-orig-size=\"1000,667\" data-comments-opened=\"0\" data-image-meta=\"{&quot;aperture&quot;:&quot;0&quot;,&quot;credit&quot;:&quot;&quot;,&quot;camera&quot;:&quot;&quot;,&quot;caption&quot;:&quot;&quot;,&quot;created_timestamp&quot;:&quot;0&quot;,&quot;copyright&quot;:&quot;&quot;,&quot;focal_length&quot;:&quot;0&quot;,&quot;iso&quot;:&quot;0&quot;,&quot;shutter_speed&quot;:&quot;0&quot;,&quot;title&quot;:&quot;&quot;,&quot;orientation&quot;:&quot;0&quot;}\" data-image-title=\"120722 Magistratura 5\" data-image-description=\"\" data-image-caption=\"\" data-medium-file=\"https:\/\/www.legistdf.gob.ar\/wp-content\/uploads\/2022\/07\/120722-Magistratura-5-300x200.jpg\" data-large-file=\"https:\/\/www.legistdf.gob.ar\/wp-content\/uploads\/2022\/07\/120722-Magistratura-5.jpg\" \/><\/a>\n\t\t\t<\/dt><\/dl><dl class='gallery-item'>\n\t\t\t<dt class='gallery-icon landscape'>\n\t\t\t\t<a href='https:\/\/www.legistdf.gob.ar\/index.php\/2022\/07\/13\/justicia-el-consejo-de-la-magistratura-eligio-nuevos-jueces-para-cubrir-los-cargos-vacantes\/120722-magistratura-4\/'><img loading=\"lazy\" decoding=\"async\" width=\"150\" height=\"150\" src=\"https:\/\/www.legistdf.gob.ar\/wp-content\/uploads\/2022\/07\/120722-Magistratura-4-150x150.jpg\" class=\"attachment-thumbnail size-thumbnail\" alt=\"\" srcset=\"https:\/\/www.legistdf.gob.ar\/wp-content\/uploads\/2022\/07\/120722-Magistratura-4-150x150.jpg 150w, https:\/\/www.legistdf.gob.ar\/wp-content\/uploads\/2022\/07\/120722-Magistratura-4-64x64.jpg 64w\" sizes=\"(max-width: 150px) 100vw, 150px\" data-attachment-id=\"33723\" data-permalink=\"https:\/\/www.legistdf.gob.ar\/index.php\/2022\/07\/13\/justicia-el-consejo-de-la-magistratura-eligio-nuevos-jueces-para-cubrir-los-cargos-vacantes\/120722-magistratura-4\/\" data-orig-file=\"https:\/\/www.legistdf.gob.ar\/wp-content\/uploads\/2022\/07\/120722-Magistratura-4.jpg\" data-orig-size=\"1000,667\" data-comments-opened=\"0\" data-image-meta=\"{&quot;aperture&quot;:&quot;0&quot;,&quot;credit&quot;:&quot;&quot;,&quot;camera&quot;:&quot;&quot;,&quot;caption&quot;:&quot;&quot;,&quot;created_timestamp&quot;:&quot;0&quot;,&quot;copyright&quot;:&quot;&quot;,&quot;focal_length&quot;:&quot;0&quot;,&quot;iso&quot;:&quot;0&quot;,&quot;shutter_speed&quot;:&quot;0&quot;,&quot;title&quot;:&quot;&quot;,&quot;orientation&quot;:&quot;0&quot;}\" data-image-title=\"120722 Magistratura 4\" data-image-description=\"\" data-image-caption=\"\" data-medium-file=\"https:\/\/www.legistdf.gob.ar\/wp-content\/uploads\/2022\/07\/120722-Magistratura-4-300x200.jpg\" data-large-file=\"https:\/\/www.legistdf.gob.ar\/wp-content\/uploads\/2022\/07\/120722-Magistratura-4.jpg\" \/><\/a>\n\t\t\t<\/dt><\/dl><dl class='gallery-item'>\n\t\t\t<dt class='gallery-icon landscape'>\n\t\t\t\t<a href='https:\/\/www.legistdf.gob.ar\/index.php\/2022\/07\/13\/justicia-el-consejo-de-la-magistratura-eligio-nuevos-jueces-para-cubrir-los-cargos-vacantes\/120722-magistratura-3\/'><img loading=\"lazy\" decoding=\"async\" width=\"150\" height=\"150\" src=\"https:\/\/www.legistdf.gob.ar\/wp-content\/uploads\/2022\/07\/120722-Magistratura-3-150x150.jpg\" class=\"attachment-thumbnail size-thumbnail\" alt=\"\" srcset=\"https:\/\/www.legistdf.gob.ar\/wp-content\/uploads\/2022\/07\/120722-Magistratura-3-150x150.jpg 150w, https:\/\/www.legistdf.gob.ar\/wp-content\/uploads\/2022\/07\/120722-Magistratura-3-64x64.jpg 64w\" sizes=\"(max-width: 150px) 100vw, 150px\" data-attachment-id=\"33722\" data-permalink=\"https:\/\/www.legistdf.gob.ar\/index.php\/2022\/07\/13\/justicia-el-consejo-de-la-magistratura-eligio-nuevos-jueces-para-cubrir-los-cargos-vacantes\/120722-magistratura-3\/\" data-orig-file=\"https:\/\/www.legistdf.gob.ar\/wp-content\/uploads\/2022\/07\/120722-Magistratura-3.jpg\" data-orig-size=\"1000,667\" data-comments-opened=\"0\" data-image-meta=\"{&quot;aperture&quot;:&quot;0&quot;,&quot;credit&quot;:&quot;&quot;,&quot;camera&quot;:&quot;&quot;,&quot;caption&quot;:&quot;&quot;,&quot;created_timestamp&quot;:&quot;0&quot;,&quot;copyright&quot;:&quot;&quot;,&quot;focal_length&quot;:&quot;0&quot;,&quot;iso&quot;:&quot;0&quot;,&quot;shutter_speed&quot;:&quot;0&quot;,&quot;title&quot;:&quot;&quot;,&quot;orientation&quot;:&quot;0&quot;}\" data-image-title=\"120722 Magistratura 3\" data-image-description=\"\" data-image-caption=\"\" data-medium-file=\"https:\/\/www.legistdf.gob.ar\/wp-content\/uploads\/2022\/07\/120722-Magistratura-3-300x200.jpg\" data-large-file=\"https:\/\/www.legistdf.gob.ar\/wp-content\/uploads\/2022\/07\/120722-Magistratura-3.jpg\" \/><\/a>\n\t\t\t<\/dt><\/dl><br style=\"clear: both\" \/><dl class='gallery-item'>\n\t\t\t<dt class='gallery-icon landscape'>\n\t\t\t\t<a href='https:\/\/www.legistdf.gob.ar\/index.php\/2022\/07\/13\/justicia-el-consejo-de-la-magistratura-eligio-nuevos-jueces-para-cubrir-los-cargos-vacantes\/120722-magistratura-2\/'><img loading=\"lazy\" decoding=\"async\" width=\"150\" height=\"150\" src=\"https:\/\/www.legistdf.gob.ar\/wp-content\/uploads\/2022\/07\/120722-Magistratura-2-150x150.jpg\" class=\"attachment-thumbnail size-thumbnail\" alt=\"\" srcset=\"https:\/\/www.legistdf.gob.ar\/wp-content\/uploads\/2022\/07\/120722-Magistratura-2-150x150.jpg 150w, https:\/\/www.legistdf.gob.ar\/wp-content\/uploads\/2022\/07\/120722-Magistratura-2-64x64.jpg 64w\" sizes=\"(max-width: 150px) 100vw, 150px\" data-attachment-id=\"33721\" data-permalink=\"https:\/\/www.legistdf.gob.ar\/index.php\/2022\/07\/13\/justicia-el-consejo-de-la-magistratura-eligio-nuevos-jueces-para-cubrir-los-cargos-vacantes\/120722-magistratura-2\/\" data-orig-file=\"https:\/\/www.legistdf.gob.ar\/wp-content\/uploads\/2022\/07\/120722-Magistratura-2.jpg\" data-orig-size=\"1000,667\" data-comments-opened=\"0\" data-image-meta=\"{&quot;aperture&quot;:&quot;0&quot;,&quot;credit&quot;:&quot;&quot;,&quot;camera&quot;:&quot;&quot;,&quot;caption&quot;:&quot;&quot;,&quot;created_timestamp&quot;:&quot;0&quot;,&quot;copyright&quot;:&quot;&quot;,&quot;focal_length&quot;:&quot;0&quot;,&quot;iso&quot;:&quot;0&quot;,&quot;shutter_speed&quot;:&quot;0&quot;,&quot;title&quot;:&quot;&quot;,&quot;orientation&quot;:&quot;0&quot;}\" data-image-title=\"120722 Magistratura 2\" data-image-description=\"\" data-image-caption=\"\" data-medium-file=\"https:\/\/www.legistdf.gob.ar\/wp-content\/uploads\/2022\/07\/120722-Magistratura-2-300x200.jpg\" data-large-file=\"https:\/\/www.legistdf.gob.ar\/wp-content\/uploads\/2022\/07\/120722-Magistratura-2.jpg\" \/><\/a>\n\t\t\t<\/dt><\/dl><dl class='gallery-item'>\n\t\t\t<dt class='gallery-icon landscape'>\n\t\t\t\t<a href='https:\/\/www.legistdf.gob.ar\/index.php\/2022\/07\/13\/justicia-el-consejo-de-la-magistratura-eligio-nuevos-jueces-para-cubrir-los-cargos-vacantes\/120722-magistratura-1\/'><img loading=\"lazy\" decoding=\"async\" width=\"150\" height=\"150\" src=\"https:\/\/www.legistdf.gob.ar\/wp-content\/uploads\/2022\/07\/120722-Magistratura-1-150x150.jpg\" class=\"attachment-thumbnail size-thumbnail\" alt=\"\" srcset=\"https:\/\/www.legistdf.gob.ar\/wp-content\/uploads\/2022\/07\/120722-Magistratura-1-150x150.jpg 150w, https:\/\/www.legistdf.gob.ar\/wp-content\/uploads\/2022\/07\/120722-Magistratura-1-64x64.jpg 64w\" sizes=\"(max-width: 150px) 100vw, 150px\" data-attachment-id=\"33720\" data-permalink=\"https:\/\/www.legistdf.gob.ar\/index.php\/2022\/07\/13\/justicia-el-consejo-de-la-magistratura-eligio-nuevos-jueces-para-cubrir-los-cargos-vacantes\/120722-magistratura-1\/\" data-orig-file=\"https:\/\/www.legistdf.gob.ar\/wp-content\/uploads\/2022\/07\/120722-Magistratura-1.jpg\" data-orig-size=\"1000,667\" data-comments-opened=\"0\" data-image-meta=\"{&quot;aperture&quot;:&quot;0&quot;,&quot;credit&quot;:&quot;&quot;,&quot;camera&quot;:&quot;&quot;,&quot;caption&quot;:&quot;&quot;,&quot;created_timestamp&quot;:&quot;0&quot;,&quot;copyright&quot;:&quot;&quot;,&quot;focal_length&quot;:&quot;0&quot;,&quot;iso&quot;:&quot;0&quot;,&quot;shutter_speed&quot;:&quot;0&quot;,&quot;title&quot;:&quot;&quot;,&quot;orientation&quot;:&quot;0&quot;}\" data-image-title=\"120722 Magistratura 1\" data-image-description=\"\" data-image-caption=\"\" data-medium-file=\"https:\/\/www.legistdf.gob.ar\/wp-content\/uploads\/2022\/07\/120722-Magistratura-1-300x200.jpg\" data-large-file=\"https:\/\/www.legistdf.gob.ar\/wp-content\/uploads\/2022\/07\/120722-Magistratura-1.jpg\" \/><\/a>\n\t\t\t<\/dt><\/dl>\n\t\t\t<br style='clear: both' \/>\n\t\t<\/div>\n\n","protected":false},"excerpt":{"rendered":"<p>Ushuaia, mi\u00e9rcoles 13 de julio de 2022.- El Dr. Ernesto L\u00f6ffler presidi\u00f3 una nueva reuni\u00f3n del Consejo de la Magistratura provincial, en el edificio sede del Superior Tribunal de Justicia. Del encuentro participaron los representantes del Parlamento, legisladores Ricardo Furlan (JP) y Pablo Villegas (MPF). El Cuerpo deliber\u00f3 con la totalidad de sus integrantes: La [&hellip;]<\/p>\n","protected":false},"author":352,"featured_media":33722,"comment_status":"closed","ping_status":"open","sticky":false,"template":"","format":"standard","meta":{"jetpack_post_was_ever_published":false,"_jetpack_newsletter_access":"","_jetpack_dont_email_post_to_subs":false,"_jetpack_newsletter_tier_id":0,"footnotes":"","jetpack_publicize_message":"","jetpack_publicize_feature_enabled":true,"jetpack_social_post_already_shared":true,"jetpack_social_options":{"image_generator_settings":{"template":"highway","enabled":false}}},"categories":[1],"tags":[163,610,130,106,104,1267],"jetpack_publicize_connections":[],"jetpack_sharing_enabled":true,"jetpack_featured_media_url":"https:\/\/www.legistdf.gob.ar\/wp-content\/uploads\/2022\/07\/120722-Magistratura-3.jpg","jetpack-related-posts":[],"_links":{"self":[{"href":"https:\/\/www.legistdf.gob.ar\/index.php\/wp-json\/wp\/v2\/posts\/33719"}],"collection":[{"href":"https:\/\/www.legistdf.gob.ar\/index.php\/wp-json\/wp\/v2\/posts"}],"about":[{"href":"https:\/\/www.legistdf.gob.ar\/index.php\/wp-json\/wp\/v2\/types\/post"}],"author":[{"embeddable":true,"href":"https:\/\/www.legistdf.gob.ar\/index.php\/wp-json\/wp\/v2\/users\/352"}],"replies":[{"embeddable":true,"href":"https:\/\/www.legistdf.gob.ar\/index.php\/wp-json\/wp\/v2\/comments?post=33719"}],"version-history":[{"count":1,"href":"https:\/\/www.legistdf.gob.ar\/index.php\/wp-json\/wp\/v2\/posts\/33719\/revisions"}],"predecessor-version":[{"id":33728,"href":"https:\/\/www.legistdf.gob.ar\/index.php\/wp-json\/wp\/v2\/posts\/33719\/revisions\/33728"}],"wp:featuredmedia":[{"embeddable":true,"href":"https:\/\/www.legistdf.gob.ar\/index.php\/wp-json\/wp\/v2\/media\/33722"}],"wp:attachment":[{"href":"https:\/\/www.legistdf.gob.ar\/index.php\/wp-json\/wp\/v2\/media?parent=33719"}],"wp:term":[{"taxonomy":"category","embeddable":true,"href":"https:\/\/www.legistdf.gob.ar\/index.php\/wp-json\/wp\/v2\/categories?post=33719"},{"taxonomy":"post_tag","embeddable":true,"href":"https:\/\/www.legistdf.gob.ar\/index.php\/wp-json\/wp\/v2\/tags?post=33719"}],"curies":[{"name":"wp","href":"https:\/\/api.w.org\/{rel}","templated":true}]}}