{"id":33953,"date":"2022-08-15T16:00:28","date_gmt":"2022-08-15T19:00:28","guid":{"rendered":"https:\/\/www.legistdf.gob.ar\/?p=33953"},"modified":"2022-08-12T15:38:07","modified_gmt":"2022-08-12T18:38:07","slug":"trabajo-exigimos-la-inmediata-incorporacion-de-los-trabajadores-perjudicados-reclamo-martinez-allende","status":"publish","type":"post","link":"https:\/\/www.legistdf.gob.ar\/index.php\/2022\/08\/15\/trabajo-exigimos-la-inmediata-incorporacion-de-los-trabajadores-perjudicados-reclamo-martinez-allende\/","title":{"rendered":"TRABAJO: \u201cExigimos la inmediata incorporaci\u00f3n de los trabajadores perjudicados\u201d, reclam\u00f3 Mart\u00ednez Allende"},"content":{"rendered":"<p><strong><img loading=\"lazy\" decoding=\"async\" data-attachment-id=\"33954\" data-permalink=\"https:\/\/www.legistdf.gob.ar\/index.php\/2022\/08\/15\/trabajo-exigimos-la-inmediata-incorporacion-de-los-trabajadores-perjudicados-reclamo-martinez-allende\/whatsapp-image-2022-08-12-at-11-25-56-am\/\" data-orig-file=\"https:\/\/www.legistdf.gob.ar\/wp-content\/uploads\/2022\/08\/WhatsApp-Image-2022-08-12-at-11.25.56-AM.jpeg\" data-orig-size=\"1280,1054\" data-comments-opened=\"0\" data-image-meta=\"{&quot;aperture&quot;:&quot;0&quot;,&quot;credit&quot;:&quot;&quot;,&quot;camera&quot;:&quot;&quot;,&quot;caption&quot;:&quot;&quot;,&quot;created_timestamp&quot;:&quot;0&quot;,&quot;copyright&quot;:&quot;&quot;,&quot;focal_length&quot;:&quot;0&quot;,&quot;iso&quot;:&quot;0&quot;,&quot;shutter_speed&quot;:&quot;0&quot;,&quot;title&quot;:&quot;&quot;,&quot;orientation&quot;:&quot;0&quot;}\" data-image-title=\"WhatsApp Image 2022-08-12 at 11.25.56 AM\" data-image-description=\"\" data-image-caption=\"\" data-medium-file=\"https:\/\/www.legistdf.gob.ar\/wp-content\/uploads\/2022\/08\/WhatsApp-Image-2022-08-12-at-11.25.56-AM-300x247.jpeg\" data-large-file=\"https:\/\/www.legistdf.gob.ar\/wp-content\/uploads\/2022\/08\/WhatsApp-Image-2022-08-12-at-11.25.56-AM-1024x843.jpeg\" class=\"alignleft wp-image-33954 size-medium\" src=\"https:\/\/www.legistdf.gob.ar\/wp-content\/uploads\/2022\/08\/WhatsApp-Image-2022-08-12-at-11.25.56-AM-300x247.jpeg\" alt=\"\" width=\"300\" height=\"247\" srcset=\"https:\/\/www.legistdf.gob.ar\/wp-content\/uploads\/2022\/08\/WhatsApp-Image-2022-08-12-at-11.25.56-AM-300x247.jpeg 300w, https:\/\/www.legistdf.gob.ar\/wp-content\/uploads\/2022\/08\/WhatsApp-Image-2022-08-12-at-11.25.56-AM-768x632.jpeg 768w, https:\/\/www.legistdf.gob.ar\/wp-content\/uploads\/2022\/08\/WhatsApp-Image-2022-08-12-at-11.25.56-AM-1024x843.jpeg 1024w, https:\/\/www.legistdf.gob.ar\/wp-content\/uploads\/2022\/08\/WhatsApp-Image-2022-08-12-at-11.25.56-AM-160x132.jpeg 160w, https:\/\/www.legistdf.gob.ar\/wp-content\/uploads\/2022\/08\/WhatsApp-Image-2022-08-12-at-11.25.56-AM.jpeg 1280w\" sizes=\"(max-width: 300px) 100vw, 300px\" \/>Ushuaia, lunes 15 de agosto de 2022.- La legisladora Liliana Mart\u00ednez Allende (UCR) particip\u00f3 la semana pasada, de la primera mesa de trabajo en pos de articular acciones con los sectores que intervienen en situaciones de violencia y acoso laboral, organizada por el Ministerio de Trabajo y Empleo provincial, junto al Ministerio de Trabajo, Empleo y Seguridad Social de la Naci\u00f3n. \u201cLa situaci\u00f3n de los trabajadores de la industria fueguina sufren violencia laboral\u201d, remarc\u00f3 la Parlamentaria.<\/strong><\/p>\n<p>&nbsp;<\/p>\n<p>La puesta en marcha de este espacio, se da en el marco de las normas y convenios laborales, que tienen un enfoque inclusivo, integrado, con perspectiva de g\u00e9nero y reconocen el derecho de toda persona a un mundo del trabajo, libres de violencia y acoso.<\/p>\n<p>&nbsp;<\/p>\n<p>En ese sentido, la Parlamentaria hizo referencia a la violencia laboral que sufren en la actualidad los empleados de las industrias fueguinas: \u201cDesde el lugar que hoy me toca ocupar como Legisladora provincial, pero sobre todo como una fueguina m\u00e1s, quiero expresar mi mayor apoyo a todos aquellos trabajadores de empresas electr\u00f3nicas y textiles que hayan visto limitadas o cercenadas sus fuentes de trabajo\u201d, expuso.<\/p>\n<p>&nbsp;<\/p>\n<p><img loading=\"lazy\" decoding=\"async\" data-attachment-id=\"33956\" data-permalink=\"https:\/\/www.legistdf.gob.ar\/index.php\/2022\/08\/15\/trabajo-exigimos-la-inmediata-incorporacion-de-los-trabajadores-perjudicados-reclamo-martinez-allende\/whatsapp-image-2022-08-12-at-11-25-58-am-1\/\" data-orig-file=\"https:\/\/www.legistdf.gob.ar\/wp-content\/uploads\/2022\/08\/WhatsApp-Image-2022-08-12-at-11.25.58-AM-1.jpeg\" data-orig-size=\"1280,853\" data-comments-opened=\"0\" data-image-meta=\"{&quot;aperture&quot;:&quot;0&quot;,&quot;credit&quot;:&quot;&quot;,&quot;camera&quot;:&quot;&quot;,&quot;caption&quot;:&quot;&quot;,&quot;created_timestamp&quot;:&quot;0&quot;,&quot;copyright&quot;:&quot;&quot;,&quot;focal_length&quot;:&quot;0&quot;,&quot;iso&quot;:&quot;0&quot;,&quot;shutter_speed&quot;:&quot;0&quot;,&quot;title&quot;:&quot;&quot;,&quot;orientation&quot;:&quot;0&quot;}\" data-image-title=\"WhatsApp Image 2022-08-12 at 11.25.58 AM (1)\" data-image-description=\"\" data-image-caption=\"\" data-medium-file=\"https:\/\/www.legistdf.gob.ar\/wp-content\/uploads\/2022\/08\/WhatsApp-Image-2022-08-12-at-11.25.58-AM-1-300x200.jpeg\" data-large-file=\"https:\/\/www.legistdf.gob.ar\/wp-content\/uploads\/2022\/08\/WhatsApp-Image-2022-08-12-at-11.25.58-AM-1-1024x682.jpeg\" class=\"alignright wp-image-33956 size-medium\" src=\"https:\/\/www.legistdf.gob.ar\/wp-content\/uploads\/2022\/08\/WhatsApp-Image-2022-08-12-at-11.25.58-AM-1-300x200.jpeg\" alt=\"\" width=\"300\" height=\"200\" srcset=\"https:\/\/www.legistdf.gob.ar\/wp-content\/uploads\/2022\/08\/WhatsApp-Image-2022-08-12-at-11.25.58-AM-1-300x200.jpeg 300w, https:\/\/www.legistdf.gob.ar\/wp-content\/uploads\/2022\/08\/WhatsApp-Image-2022-08-12-at-11.25.58-AM-1-768x512.jpeg 768w, https:\/\/www.legistdf.gob.ar\/wp-content\/uploads\/2022\/08\/WhatsApp-Image-2022-08-12-at-11.25.58-AM-1-1024x682.jpeg 1024w, https:\/\/www.legistdf.gob.ar\/wp-content\/uploads\/2022\/08\/WhatsApp-Image-2022-08-12-at-11.25.58-AM-1-160x107.jpeg 160w, https:\/\/www.legistdf.gob.ar\/wp-content\/uploads\/2022\/08\/WhatsApp-Image-2022-08-12-at-11.25.58-AM-1.jpeg 1280w\" sizes=\"(max-width: 300px) 100vw, 300px\" \/>\u201cEn las \u00faltimas semanas, desde el Gobierno nacional y provincial se aduce que la falta de insumos para las f\u00e1bricas se debe a un limitante internacional de ciertos materiales; produciendo en nuestra Provincia la cesant\u00eda de cientos de trabajadores, con el agravante de la precarizaci\u00f3n laboral y la falta de previsibilidad para los trabajadores, que no pueden planificar su proyecto de vida\u201d, remarc\u00f3 Mart\u00ednez Allende.<\/p>\n<p>&nbsp;<\/p>\n<p>\u201cNo es menos cierto el descalabro econ\u00f3mico por el que est\u00e1 pasando el pa\u00eds, en el que las pol\u00edticas macroecon\u00f3micas no son claras, dejando en evidencia la falta de un plan estrat\u00e9gico. Es necesario que desde el Gobierno nacional y provincial se comience a dar certezas sobre el futuro de la industria\u201d, reclam\u00f3 la referente radical.<\/p>\n<p>&nbsp;<\/p>\n<p>En esa l\u00ednea, sostuvo que \u201clas autoridades de Tierra del Fuego han reconocido lo dif\u00edcil que es prever en esta Provincia respecto de la situaci\u00f3n industrial, ello atento a la inseguridad jur\u00eddica e institucional que ronda por estos d\u00edas. Debido a esto hacemos un en\u00e9rgico llamado a que toda la ciudadan\u00eda y aquellos que tenemos alg\u00fan grado de responsabilidad pol\u00edtica y social, pero sobre todo al Gobierno provincial y nacional, a que no escatimen en esfuerzos para reactivar la industria\u201d.<\/p>\n<p>&nbsp;<\/p>\n<p>Adem\u00e1s, agreg\u00f3: \u201cAprovechamos la visita de las autoridades del Ministerio de Trabajo, Empleo y Seguridad Social de la Naci\u00f3n para comentarles cu\u00e1l es la situaci\u00f3n de los fabriles, el problema de las contrataciones bajo la modalidad de Empleados Permanentes Discontinuos y las suspensiones producto de la faltante de insumos para la producci\u00f3n\u201d.<\/p>\n<p>&nbsp;<\/p>\n<p>Por \u00faltimo, Mart\u00ednez Allende fue terminante: \u201cExigimos la inmediata incorporaci\u00f3n de los trabajadores perjudicados y el total cumplimiento del art\u00edculo 14\u00b0 bis de la Constituci\u00f3n Nacional. A la Provincia la sacamos adelante juntos\u201d, concluy\u00f3.<\/p>\n<p>&nbsp;<\/p>\n<p>Cabe recordar que la Red Territorial contra la violencia laboral se implementa a trav\u00e9s de las 44 Agencias Territoriales, distribuidas en todo el pa\u00eds. Con la reuni\u00f3n de la mesa t\u00e9cnica, qued\u00f3 oficialmente conformada la red en la Provincia. En ese \u00e1mbito, los Parlamentarios del bloque radical recordaron que el <a href=\"https:\/\/www.legistdf.gob.ar\/lp\/novedadesip\/Asuntos%20Entrados%202021\/As.%20N%BA%20133-21.pdf\">asunto N\u00b0 133\/21<\/a>, proyecto de ley sobre Prevenci\u00f3n y erradicaci\u00f3n de la violencia laboral en el \u00e1mbito de la Administraci\u00f3n P\u00fablica, contin\u00faa con estado parlamentario.<\/p>\n<p>&nbsp;<\/p>\n<p style=\"text-align: right\"><em>Gentileza Prensa bloque UCR<\/em><\/p>\n<p>&nbsp;<\/p>\n\n\t\t<style type=\"text\/css\">\n\t\t\t#gallery-1 {\n\t\t\t\tmargin: auto;\n\t\t\t}\n\t\t\t#gallery-1 .gallery-item {\n\t\t\t\tfloat: left;\n\t\t\t\tmargin-top: 10px;\n\t\t\t\ttext-align: center;\n\t\t\t\twidth: 33%;\n\t\t\t}\n\t\t\t#gallery-1 img {\n\t\t\t\tborder: 2px solid #cfcfcf;\n\t\t\t}\n\t\t\t#gallery-1 .gallery-caption {\n\t\t\t\tmargin-left: 0;\n\t\t\t}\n\t\t\t\/* see gallery_shortcode() in wp-includes\/media.php *\/\n\t\t<\/style>\n\t\t<div data-carousel-extra='{\"blog_id\":1,\"permalink\":\"https:\\\/\\\/www.legistdf.gob.ar\\\/index.php\\\/2022\\\/08\\\/15\\\/trabajo-exigimos-la-inmediata-incorporacion-de-los-trabajadores-perjudicados-reclamo-martinez-allende\\\/\"}' id='gallery-1' class='gallery galleryid-33953 gallery-columns-3 gallery-size-thumbnail'><dl class='gallery-item'>\n\t\t\t<dt class='gallery-icon landscape'>\n\t\t\t\t<a href='https:\/\/www.legistdf.gob.ar\/index.php\/2022\/08\/15\/trabajo-exigimos-la-inmediata-incorporacion-de-los-trabajadores-perjudicados-reclamo-martinez-allende\/whatsapp-image-2022-08-12-at-11-25-56-am\/'><img loading=\"lazy\" decoding=\"async\" width=\"150\" height=\"150\" src=\"https:\/\/www.legistdf.gob.ar\/wp-content\/uploads\/2022\/08\/WhatsApp-Image-2022-08-12-at-11.25.56-AM-150x150.jpeg\" class=\"attachment-thumbnail size-thumbnail\" alt=\"\" srcset=\"https:\/\/www.legistdf.gob.ar\/wp-content\/uploads\/2022\/08\/WhatsApp-Image-2022-08-12-at-11.25.56-AM-150x150.jpeg 150w, https:\/\/www.legistdf.gob.ar\/wp-content\/uploads\/2022\/08\/WhatsApp-Image-2022-08-12-at-11.25.56-AM-64x64.jpeg 64w\" sizes=\"(max-width: 150px) 100vw, 150px\" data-attachment-id=\"33954\" data-permalink=\"https:\/\/www.legistdf.gob.ar\/index.php\/2022\/08\/15\/trabajo-exigimos-la-inmediata-incorporacion-de-los-trabajadores-perjudicados-reclamo-martinez-allende\/whatsapp-image-2022-08-12-at-11-25-56-am\/\" data-orig-file=\"https:\/\/www.legistdf.gob.ar\/wp-content\/uploads\/2022\/08\/WhatsApp-Image-2022-08-12-at-11.25.56-AM.jpeg\" data-orig-size=\"1280,1054\" data-comments-opened=\"0\" data-image-meta=\"{&quot;aperture&quot;:&quot;0&quot;,&quot;credit&quot;:&quot;&quot;,&quot;camera&quot;:&quot;&quot;,&quot;caption&quot;:&quot;&quot;,&quot;created_timestamp&quot;:&quot;0&quot;,&quot;copyright&quot;:&quot;&quot;,&quot;focal_length&quot;:&quot;0&quot;,&quot;iso&quot;:&quot;0&quot;,&quot;shutter_speed&quot;:&quot;0&quot;,&quot;title&quot;:&quot;&quot;,&quot;orientation&quot;:&quot;0&quot;}\" data-image-title=\"WhatsApp Image 2022-08-12 at 11.25.56 AM\" data-image-description=\"\" data-image-caption=\"\" data-medium-file=\"https:\/\/www.legistdf.gob.ar\/wp-content\/uploads\/2022\/08\/WhatsApp-Image-2022-08-12-at-11.25.56-AM-300x247.jpeg\" data-large-file=\"https:\/\/www.legistdf.gob.ar\/wp-content\/uploads\/2022\/08\/WhatsApp-Image-2022-08-12-at-11.25.56-AM-1024x843.jpeg\" \/><\/a>\n\t\t\t<\/dt><\/dl><dl class='gallery-item'>\n\t\t\t<dt class='gallery-icon landscape'>\n\t\t\t\t<a href='https:\/\/www.legistdf.gob.ar\/index.php\/2022\/08\/15\/trabajo-exigimos-la-inmediata-incorporacion-de-los-trabajadores-perjudicados-reclamo-martinez-allende\/whatsapp-image-2022-08-12-at-11-25-57-am\/'><img loading=\"lazy\" decoding=\"async\" width=\"150\" height=\"150\" src=\"https:\/\/www.legistdf.gob.ar\/wp-content\/uploads\/2022\/08\/WhatsApp-Image-2022-08-12-at-11.25.57-AM-150x150.jpeg\" class=\"attachment-thumbnail size-thumbnail\" alt=\"\" srcset=\"https:\/\/www.legistdf.gob.ar\/wp-content\/uploads\/2022\/08\/WhatsApp-Image-2022-08-12-at-11.25.57-AM-150x150.jpeg 150w, https:\/\/www.legistdf.gob.ar\/wp-content\/uploads\/2022\/08\/WhatsApp-Image-2022-08-12-at-11.25.57-AM-64x64.jpeg 64w\" sizes=\"(max-width: 150px) 100vw, 150px\" data-attachment-id=\"33955\" data-permalink=\"https:\/\/www.legistdf.gob.ar\/index.php\/2022\/08\/15\/trabajo-exigimos-la-inmediata-incorporacion-de-los-trabajadores-perjudicados-reclamo-martinez-allende\/whatsapp-image-2022-08-12-at-11-25-57-am\/\" data-orig-file=\"https:\/\/www.legistdf.gob.ar\/wp-content\/uploads\/2022\/08\/WhatsApp-Image-2022-08-12-at-11.25.57-AM.jpeg\" data-orig-size=\"1280,1100\" data-comments-opened=\"0\" data-image-meta=\"{&quot;aperture&quot;:&quot;0&quot;,&quot;credit&quot;:&quot;&quot;,&quot;camera&quot;:&quot;&quot;,&quot;caption&quot;:&quot;&quot;,&quot;created_timestamp&quot;:&quot;0&quot;,&quot;copyright&quot;:&quot;&quot;,&quot;focal_length&quot;:&quot;0&quot;,&quot;iso&quot;:&quot;0&quot;,&quot;shutter_speed&quot;:&quot;0&quot;,&quot;title&quot;:&quot;&quot;,&quot;orientation&quot;:&quot;0&quot;}\" data-image-title=\"WhatsApp Image 2022-08-12 at 11.25.57 AM\" data-image-description=\"\" data-image-caption=\"\" data-medium-file=\"https:\/\/www.legistdf.gob.ar\/wp-content\/uploads\/2022\/08\/WhatsApp-Image-2022-08-12-at-11.25.57-AM-300x258.jpeg\" data-large-file=\"https:\/\/www.legistdf.gob.ar\/wp-content\/uploads\/2022\/08\/WhatsApp-Image-2022-08-12-at-11.25.57-AM-1024x880.jpeg\" \/><\/a>\n\t\t\t<\/dt><\/dl><dl class='gallery-item'>\n\t\t\t<dt class='gallery-icon landscape'>\n\t\t\t\t<a href='https:\/\/www.legistdf.gob.ar\/index.php\/2022\/08\/15\/trabajo-exigimos-la-inmediata-incorporacion-de-los-trabajadores-perjudicados-reclamo-martinez-allende\/whatsapp-image-2022-08-12-at-11-25-58-am-1\/'><img loading=\"lazy\" decoding=\"async\" width=\"150\" height=\"150\" src=\"https:\/\/www.legistdf.gob.ar\/wp-content\/uploads\/2022\/08\/WhatsApp-Image-2022-08-12-at-11.25.58-AM-1-150x150.jpeg\" class=\"attachment-thumbnail size-thumbnail\" alt=\"\" srcset=\"https:\/\/www.legistdf.gob.ar\/wp-content\/uploads\/2022\/08\/WhatsApp-Image-2022-08-12-at-11.25.58-AM-1-150x150.jpeg 150w, https:\/\/www.legistdf.gob.ar\/wp-content\/uploads\/2022\/08\/WhatsApp-Image-2022-08-12-at-11.25.58-AM-1-64x64.jpeg 64w\" sizes=\"(max-width: 150px) 100vw, 150px\" data-attachment-id=\"33956\" data-permalink=\"https:\/\/www.legistdf.gob.ar\/index.php\/2022\/08\/15\/trabajo-exigimos-la-inmediata-incorporacion-de-los-trabajadores-perjudicados-reclamo-martinez-allende\/whatsapp-image-2022-08-12-at-11-25-58-am-1\/\" data-orig-file=\"https:\/\/www.legistdf.gob.ar\/wp-content\/uploads\/2022\/08\/WhatsApp-Image-2022-08-12-at-11.25.58-AM-1.jpeg\" data-orig-size=\"1280,853\" data-comments-opened=\"0\" data-image-meta=\"{&quot;aperture&quot;:&quot;0&quot;,&quot;credit&quot;:&quot;&quot;,&quot;camera&quot;:&quot;&quot;,&quot;caption&quot;:&quot;&quot;,&quot;created_timestamp&quot;:&quot;0&quot;,&quot;copyright&quot;:&quot;&quot;,&quot;focal_length&quot;:&quot;0&quot;,&quot;iso&quot;:&quot;0&quot;,&quot;shutter_speed&quot;:&quot;0&quot;,&quot;title&quot;:&quot;&quot;,&quot;orientation&quot;:&quot;0&quot;}\" data-image-title=\"WhatsApp Image 2022-08-12 at 11.25.58 AM (1)\" data-image-description=\"\" data-image-caption=\"\" data-medium-file=\"https:\/\/www.legistdf.gob.ar\/wp-content\/uploads\/2022\/08\/WhatsApp-Image-2022-08-12-at-11.25.58-AM-1-300x200.jpeg\" data-large-file=\"https:\/\/www.legistdf.gob.ar\/wp-content\/uploads\/2022\/08\/WhatsApp-Image-2022-08-12-at-11.25.58-AM-1-1024x682.jpeg\" \/><\/a>\n\t\t\t<\/dt><\/dl><br style=\"clear: both\" \/><dl class='gallery-item'>\n\t\t\t<dt class='gallery-icon landscape'>\n\t\t\t\t<a href='https:\/\/www.legistdf.gob.ar\/index.php\/2022\/08\/15\/trabajo-exigimos-la-inmediata-incorporacion-de-los-trabajadores-perjudicados-reclamo-martinez-allende\/whatsapp-image-2022-08-12-at-11-25-58-am\/'><img loading=\"lazy\" decoding=\"async\" width=\"150\" height=\"150\" src=\"https:\/\/www.legistdf.gob.ar\/wp-content\/uploads\/2022\/08\/WhatsApp-Image-2022-08-12-at-11.25.58-AM-150x150.jpeg\" class=\"attachment-thumbnail size-thumbnail\" alt=\"\" srcset=\"https:\/\/www.legistdf.gob.ar\/wp-content\/uploads\/2022\/08\/WhatsApp-Image-2022-08-12-at-11.25.58-AM-150x150.jpeg 150w, https:\/\/www.legistdf.gob.ar\/wp-content\/uploads\/2022\/08\/WhatsApp-Image-2022-08-12-at-11.25.58-AM-64x64.jpeg 64w\" sizes=\"(max-width: 150px) 100vw, 150px\" data-attachment-id=\"33957\" data-permalink=\"https:\/\/www.legistdf.gob.ar\/index.php\/2022\/08\/15\/trabajo-exigimos-la-inmediata-incorporacion-de-los-trabajadores-perjudicados-reclamo-martinez-allende\/whatsapp-image-2022-08-12-at-11-25-58-am\/\" data-orig-file=\"https:\/\/www.legistdf.gob.ar\/wp-content\/uploads\/2022\/08\/WhatsApp-Image-2022-08-12-at-11.25.58-AM.jpeg\" data-orig-size=\"1280,912\" data-comments-opened=\"0\" data-image-meta=\"{&quot;aperture&quot;:&quot;0&quot;,&quot;credit&quot;:&quot;&quot;,&quot;camera&quot;:&quot;&quot;,&quot;caption&quot;:&quot;&quot;,&quot;created_timestamp&quot;:&quot;0&quot;,&quot;copyright&quot;:&quot;&quot;,&quot;focal_length&quot;:&quot;0&quot;,&quot;iso&quot;:&quot;0&quot;,&quot;shutter_speed&quot;:&quot;0&quot;,&quot;title&quot;:&quot;&quot;,&quot;orientation&quot;:&quot;0&quot;}\" data-image-title=\"WhatsApp Image 2022-08-12 at 11.25.58 AM\" data-image-description=\"\" data-image-caption=\"\" data-medium-file=\"https:\/\/www.legistdf.gob.ar\/wp-content\/uploads\/2022\/08\/WhatsApp-Image-2022-08-12-at-11.25.58-AM-300x214.jpeg\" data-large-file=\"https:\/\/www.legistdf.gob.ar\/wp-content\/uploads\/2022\/08\/WhatsApp-Image-2022-08-12-at-11.25.58-AM-1024x730.jpeg\" \/><\/a>\n\t\t\t<\/dt><\/dl><dl class='gallery-item'>\n\t\t\t<dt class='gallery-icon landscape'>\n\t\t\t\t<a href='https:\/\/www.legistdf.gob.ar\/index.php\/2022\/08\/15\/trabajo-exigimos-la-inmediata-incorporacion-de-los-trabajadores-perjudicados-reclamo-martinez-allende\/whatsapp-image-2022-08-12-at-11-25-59-am\/'><img loading=\"lazy\" decoding=\"async\" width=\"150\" height=\"150\" src=\"https:\/\/www.legistdf.gob.ar\/wp-content\/uploads\/2022\/08\/WhatsApp-Image-2022-08-12-at-11.25.59-AM-150x150.jpeg\" class=\"attachment-thumbnail size-thumbnail\" alt=\"\" srcset=\"https:\/\/www.legistdf.gob.ar\/wp-content\/uploads\/2022\/08\/WhatsApp-Image-2022-08-12-at-11.25.59-AM-150x150.jpeg 150w, https:\/\/www.legistdf.gob.ar\/wp-content\/uploads\/2022\/08\/WhatsApp-Image-2022-08-12-at-11.25.59-AM-64x64.jpeg 64w\" sizes=\"(max-width: 150px) 100vw, 150px\" data-attachment-id=\"33958\" data-permalink=\"https:\/\/www.legistdf.gob.ar\/index.php\/2022\/08\/15\/trabajo-exigimos-la-inmediata-incorporacion-de-los-trabajadores-perjudicados-reclamo-martinez-allende\/whatsapp-image-2022-08-12-at-11-25-59-am\/\" data-orig-file=\"https:\/\/www.legistdf.gob.ar\/wp-content\/uploads\/2022\/08\/WhatsApp-Image-2022-08-12-at-11.25.59-AM.jpeg\" data-orig-size=\"1280,948\" data-comments-opened=\"0\" data-image-meta=\"{&quot;aperture&quot;:&quot;0&quot;,&quot;credit&quot;:&quot;&quot;,&quot;camera&quot;:&quot;&quot;,&quot;caption&quot;:&quot;&quot;,&quot;created_timestamp&quot;:&quot;0&quot;,&quot;copyright&quot;:&quot;&quot;,&quot;focal_length&quot;:&quot;0&quot;,&quot;iso&quot;:&quot;0&quot;,&quot;shutter_speed&quot;:&quot;0&quot;,&quot;title&quot;:&quot;&quot;,&quot;orientation&quot;:&quot;0&quot;}\" data-image-title=\"WhatsApp Image 2022-08-12 at 11.25.59 AM\" data-image-description=\"\" data-image-caption=\"\" data-medium-file=\"https:\/\/www.legistdf.gob.ar\/wp-content\/uploads\/2022\/08\/WhatsApp-Image-2022-08-12-at-11.25.59-AM-300x222.jpeg\" data-large-file=\"https:\/\/www.legistdf.gob.ar\/wp-content\/uploads\/2022\/08\/WhatsApp-Image-2022-08-12-at-11.25.59-AM-1024x758.jpeg\" \/><\/a>\n\t\t\t<\/dt><\/dl>\n\t\t\t<br style='clear: both' \/>\n\t\t<\/div>\n\n","protected":false},"excerpt":{"rendered":"<p>Ushuaia, lunes 15 de agosto de 2022.- La legisladora Liliana Mart\u00ednez Allende (UCR) particip\u00f3 la semana pasada, de la primera mesa de trabajo en pos de articular acciones con los sectores que intervienen en situaciones de violencia y acoso laboral, organizada por el Ministerio de Trabajo y Empleo provincial, junto al Ministerio de Trabajo, Empleo [&hellip;]<\/p>\n","protected":false},"author":352,"featured_media":33954,"comment_status":"closed","ping_status":"open","sticky":false,"template":"","format":"standard","meta":{"jetpack_post_was_ever_published":false,"_jetpack_newsletter_access":"","_jetpack_dont_email_post_to_subs":false,"_jetpack_newsletter_tier_id":0,"footnotes":"","jetpack_publicize_message":"","jetpack_publicize_feature_enabled":true,"jetpack_social_post_already_shared":true,"jetpack_social_options":{"image_generator_settings":{"template":"highway","enabled":false}}},"categories":[1],"tags":[556,1824,677,2618,130,155,648,2619],"jetpack_publicize_connections":[],"jetpack_sharing_enabled":true,"jetpack_featured_media_url":"https:\/\/www.legistdf.gob.ar\/wp-content\/uploads\/2022\/08\/WhatsApp-Image-2022-08-12-at-11.25.56-AM.jpeg","jetpack-related-posts":[],"_links":{"self":[{"href":"https:\/\/www.legistdf.gob.ar\/index.php\/wp-json\/wp\/v2\/posts\/33953"}],"collection":[{"href":"https:\/\/www.legistdf.gob.ar\/index.php\/wp-json\/wp\/v2\/posts"}],"about":[{"href":"https:\/\/www.legistdf.gob.ar\/index.php\/wp-json\/wp\/v2\/types\/post"}],"author":[{"embeddable":true,"href":"https:\/\/www.legistdf.gob.ar\/index.php\/wp-json\/wp\/v2\/users\/352"}],"replies":[{"embeddable":true,"href":"https:\/\/www.legistdf.gob.ar\/index.php\/wp-json\/wp\/v2\/comments?post=33953"}],"version-history":[{"count":2,"href":"https:\/\/www.legistdf.gob.ar\/index.php\/wp-json\/wp\/v2\/posts\/33953\/revisions"}],"predecessor-version":[{"id":33960,"href":"https:\/\/www.legistdf.gob.ar\/index.php\/wp-json\/wp\/v2\/posts\/33953\/revisions\/33960"}],"wp:featuredmedia":[{"embeddable":true,"href":"https:\/\/www.legistdf.gob.ar\/index.php\/wp-json\/wp\/v2\/media\/33954"}],"wp:attachment":[{"href":"https:\/\/www.legistdf.gob.ar\/index.php\/wp-json\/wp\/v2\/media?parent=33953"}],"wp:term":[{"taxonomy":"category","embeddable":true,"href":"https:\/\/www.legistdf.gob.ar\/index.php\/wp-json\/wp\/v2\/categories?post=33953"},{"taxonomy":"post_tag","embeddable":true,"href":"https:\/\/www.legistdf.gob.ar\/index.php\/wp-json\/wp\/v2\/tags?post=33953"}],"curies":[{"name":"wp","href":"https:\/\/api.w.org\/{rel}","templated":true}]}}