{"id":33961,"date":"2022-08-17T09:16:24","date_gmt":"2022-08-17T12:16:24","guid":{"rendered":"https:\/\/www.legistdf.gob.ar\/?p=33961"},"modified":"2022-08-12T17:03:01","modified_gmt":"2022-08-12T20:03:01","slug":"industria-martinez-allende-recibio-a-representantes-japoneses-para-analizar-posibles-inversiones","status":"publish","type":"post","link":"https:\/\/www.legistdf.gob.ar\/index.php\/2022\/08\/17\/industria-martinez-allende-recibio-a-representantes-japoneses-para-analizar-posibles-inversiones\/","title":{"rendered":"INDUSTRIA: Mart\u00ednez Allende recibi\u00f3 a representantes japoneses donde analizaron posibles inversiones"},"content":{"rendered":"<p><span style=\"font-family: arial, helvetica, sans-serif;font-size: 12pt\"><strong><img loading=\"lazy\" decoding=\"async\" data-attachment-id=\"33963\" data-permalink=\"https:\/\/www.legistdf.gob.ar\/index.php\/2022\/08\/17\/industria-martinez-allende-recibio-a-representantes-japoneses-para-analizar-posibles-inversiones\/whatsapp-image-2022-08-12-at-11-24-58-am\/\" data-orig-file=\"https:\/\/www.legistdf.gob.ar\/wp-content\/uploads\/2022\/08\/WhatsApp-Image-2022-08-12-at-11.24.58-AM.jpeg\" data-orig-size=\"1280,960\" data-comments-opened=\"0\" data-image-meta=\"{&quot;aperture&quot;:&quot;0&quot;,&quot;credit&quot;:&quot;&quot;,&quot;camera&quot;:&quot;&quot;,&quot;caption&quot;:&quot;&quot;,&quot;created_timestamp&quot;:&quot;0&quot;,&quot;copyright&quot;:&quot;&quot;,&quot;focal_length&quot;:&quot;0&quot;,&quot;iso&quot;:&quot;0&quot;,&quot;shutter_speed&quot;:&quot;0&quot;,&quot;title&quot;:&quot;&quot;,&quot;orientation&quot;:&quot;0&quot;}\" data-image-title=\"WhatsApp Image 2022-08-12 at 11.24.58 AM\" data-image-description=\"\" data-image-caption=\"\" data-medium-file=\"https:\/\/www.legistdf.gob.ar\/wp-content\/uploads\/2022\/08\/WhatsApp-Image-2022-08-12-at-11.24.58-AM-300x225.jpeg\" data-large-file=\"https:\/\/www.legistdf.gob.ar\/wp-content\/uploads\/2022\/08\/WhatsApp-Image-2022-08-12-at-11.24.58-AM-1024x768.jpeg\" class=\"alignleft wp-image-33963 size-medium\" src=\"https:\/\/www.legistdf.gob.ar\/wp-content\/uploads\/2022\/08\/WhatsApp-Image-2022-08-12-at-11.24.58-AM-300x225.jpeg\" alt=\"\" width=\"300\" height=\"225\" srcset=\"https:\/\/www.legistdf.gob.ar\/wp-content\/uploads\/2022\/08\/WhatsApp-Image-2022-08-12-at-11.24.58-AM-300x225.jpeg 300w, https:\/\/www.legistdf.gob.ar\/wp-content\/uploads\/2022\/08\/WhatsApp-Image-2022-08-12-at-11.24.58-AM-768x576.jpeg 768w, https:\/\/www.legistdf.gob.ar\/wp-content\/uploads\/2022\/08\/WhatsApp-Image-2022-08-12-at-11.24.58-AM-1024x768.jpeg 1024w, https:\/\/www.legistdf.gob.ar\/wp-content\/uploads\/2022\/08\/WhatsApp-Image-2022-08-12-at-11.24.58-AM-160x120.jpeg 160w, https:\/\/www.legistdf.gob.ar\/wp-content\/uploads\/2022\/08\/WhatsApp-Image-2022-08-12-at-11.24.58-AM.jpeg 1280w\" sizes=\"(max-width: 300px) 100vw, 300px\" \/>Ushuaia, mi\u00e9rcoles 17 de agosto de 2022.- La legisladora Liliana Mart\u00ednez Allende (UCR) recibi\u00f3 en su despacho a representantes de Jetro, organizaci\u00f3n que depende del Ministerio de Econom\u00eda de Jap\u00f3n. Es una entidad aut\u00f3noma, perteneciente al gobierno nip\u00f3n. <\/strong><\/span><\/p>\n<p>&nbsp;<\/p>\n<p><span style=\"font-family: arial, helvetica, sans-serif;font-size: 12pt\">Yuseke Nishizawa, director general de la Organizaci\u00f3n para el Comercio Exterior de Jap\u00f3n y Silvia Yamaki, responsable de proyectos, se reunieron con la Parlamentaria, acompa\u00f1ados por el empresario lic. Fernando Gliubich. Los funcionarios visitaron la Provincia con el fin de conocer los distintos sectores comerciales e industriales de Tierra del Fuego.<\/span><\/p>\n<p>&nbsp;<\/p>\n<p><span style=\"font-family: arial, helvetica, sans-serif;font-size: 12pt\">Seg\u00fan contaron a la referente radical, viajaron a la Provincia con el objetivo de realizar un relevamiento sobre qu\u00e9 potencialidades ofrece Tierra del Fuego para inversores japoneses.\u00a0<\/span><\/p>\n<p>&nbsp;<\/p>\n<p><span style=\"font-family: arial, helvetica, sans-serif;font-size: 12pt\">Por su parte, la legisladora Liliana Mart\u00ednez Allende se puso a disposici\u00f3n de los visitantes, para gestionar lo necesario en pos de lograr inversiones que contribuyan al crecimiento y desarrollo de las fueguinas y los fueguinos.<\/span><\/p>\n<p>&nbsp;<\/p>\n<p><span style=\"font-family: arial, helvetica, sans-serif;font-size: 12pt\">Seg\u00fan informaron, esta es la primera Provincia que visitan esos funcionarios, con el objetivo de conocer y ver posibles intereses de inversiones de empresas japonesas en la Argentina y en Tierra del Fuego en particular.<\/span><\/p>\n<p>&nbsp;<\/p>\n<p><span style=\"font-family: arial, helvetica, sans-serif;font-size: 12pt\">Silvia Yamaki explic\u00f3 que \u201csomos un organismo de promoci\u00f3n de comercio exterior e inversiones, del Ministerio de Econom\u00eda del Gobierno de Jap\u00f3n y tenemos una oficina regional en Buenos Aires, donde fortalecemos el v\u00ednculo entre japoneses y tambi\u00e9n Paraguay y Uruguay. Tenemos otras seis oficinas m\u00e1s en Latinoam\u00e9rica y a nivel global estamos en m\u00e1s de 50 pa\u00edses con 75 oficinas\u201d.<\/span><\/p>\n<p>&nbsp;<\/p>\n<p><span style=\"font-family: arial, helvetica, sans-serif;font-size: 12pt\">Agreg\u00f3 que desde esta red global de oficinas \u201cestamos viendo todas las oportunidades que existen en el mundo y desde Buenos Aires analizamos qu\u00e9 es lo que nos puede llegar a ofrecer la Argentina en materia de comercios y qu\u00e9 oportunidades hay para las empresas japonesas en esta zona\u201d.<\/span><\/p>\n<p>&nbsp;<\/p>\n<p style=\"text-align: right\"><em>Gentileza Prensa bloque UCR y LVV<\/em><\/p>\n<p>&nbsp;<\/p>\n\n\t\t<style type=\"text\/css\">\n\t\t\t#gallery-1 {\n\t\t\t\tmargin: auto;\n\t\t\t}\n\t\t\t#gallery-1 .gallery-item {\n\t\t\t\tfloat: left;\n\t\t\t\tmargin-top: 10px;\n\t\t\t\ttext-align: center;\n\t\t\t\twidth: 50%;\n\t\t\t}\n\t\t\t#gallery-1 img {\n\t\t\t\tborder: 2px solid #cfcfcf;\n\t\t\t}\n\t\t\t#gallery-1 .gallery-caption {\n\t\t\t\tmargin-left: 0;\n\t\t\t}\n\t\t\t\/* see gallery_shortcode() in wp-includes\/media.php *\/\n\t\t<\/style>\n\t\t<div data-carousel-extra='{\"blog_id\":1,\"permalink\":\"https:\\\/\\\/www.legistdf.gob.ar\\\/index.php\\\/2022\\\/08\\\/17\\\/industria-martinez-allende-recibio-a-representantes-japoneses-para-analizar-posibles-inversiones\\\/\"}' id='gallery-1' class='gallery galleryid-33961 gallery-columns-2 gallery-size-thumbnail'><dl class='gallery-item'>\n\t\t\t<dt class='gallery-icon landscape'>\n\t\t\t\t<a href='https:\/\/www.legistdf.gob.ar\/index.php\/2022\/08\/17\/industria-martinez-allende-recibio-a-representantes-japoneses-para-analizar-posibles-inversiones\/whatsapp-image-2022-08-12-at-11-24-58-am\/'><img loading=\"lazy\" decoding=\"async\" width=\"150\" height=\"150\" src=\"https:\/\/www.legistdf.gob.ar\/wp-content\/uploads\/2022\/08\/WhatsApp-Image-2022-08-12-at-11.24.58-AM-150x150.jpeg\" class=\"attachment-thumbnail size-thumbnail\" alt=\"\" srcset=\"https:\/\/www.legistdf.gob.ar\/wp-content\/uploads\/2022\/08\/WhatsApp-Image-2022-08-12-at-11.24.58-AM-150x150.jpeg 150w, https:\/\/www.legistdf.gob.ar\/wp-content\/uploads\/2022\/08\/WhatsApp-Image-2022-08-12-at-11.24.58-AM-64x64.jpeg 64w\" sizes=\"(max-width: 150px) 100vw, 150px\" data-attachment-id=\"33963\" data-permalink=\"https:\/\/www.legistdf.gob.ar\/index.php\/2022\/08\/17\/industria-martinez-allende-recibio-a-representantes-japoneses-para-analizar-posibles-inversiones\/whatsapp-image-2022-08-12-at-11-24-58-am\/\" data-orig-file=\"https:\/\/www.legistdf.gob.ar\/wp-content\/uploads\/2022\/08\/WhatsApp-Image-2022-08-12-at-11.24.58-AM.jpeg\" data-orig-size=\"1280,960\" data-comments-opened=\"0\" data-image-meta=\"{&quot;aperture&quot;:&quot;0&quot;,&quot;credit&quot;:&quot;&quot;,&quot;camera&quot;:&quot;&quot;,&quot;caption&quot;:&quot;&quot;,&quot;created_timestamp&quot;:&quot;0&quot;,&quot;copyright&quot;:&quot;&quot;,&quot;focal_length&quot;:&quot;0&quot;,&quot;iso&quot;:&quot;0&quot;,&quot;shutter_speed&quot;:&quot;0&quot;,&quot;title&quot;:&quot;&quot;,&quot;orientation&quot;:&quot;0&quot;}\" data-image-title=\"WhatsApp Image 2022-08-12 at 11.24.58 AM\" data-image-description=\"\" data-image-caption=\"\" data-medium-file=\"https:\/\/www.legistdf.gob.ar\/wp-content\/uploads\/2022\/08\/WhatsApp-Image-2022-08-12-at-11.24.58-AM-300x225.jpeg\" data-large-file=\"https:\/\/www.legistdf.gob.ar\/wp-content\/uploads\/2022\/08\/WhatsApp-Image-2022-08-12-at-11.24.58-AM-1024x768.jpeg\" \/><\/a>\n\t\t\t<\/dt><\/dl><dl class='gallery-item'>\n\t\t\t<dt class='gallery-icon landscape'>\n\t\t\t\t<a href='https:\/\/www.legistdf.gob.ar\/index.php\/2022\/08\/17\/industria-martinez-allende-recibio-a-representantes-japoneses-para-analizar-posibles-inversiones\/whatsapp-image-2022-08-12-at-11-24-58-am-1\/'><img loading=\"lazy\" decoding=\"async\" width=\"150\" height=\"150\" src=\"https:\/\/www.legistdf.gob.ar\/wp-content\/uploads\/2022\/08\/WhatsApp-Image-2022-08-12-at-11.24.58-AM-1-150x150.jpeg\" class=\"attachment-thumbnail size-thumbnail\" alt=\"\" srcset=\"https:\/\/www.legistdf.gob.ar\/wp-content\/uploads\/2022\/08\/WhatsApp-Image-2022-08-12-at-11.24.58-AM-1-150x150.jpeg 150w, https:\/\/www.legistdf.gob.ar\/wp-content\/uploads\/2022\/08\/WhatsApp-Image-2022-08-12-at-11.24.58-AM-1-64x64.jpeg 64w\" sizes=\"(max-width: 150px) 100vw, 150px\" data-attachment-id=\"33962\" data-permalink=\"https:\/\/www.legistdf.gob.ar\/index.php\/2022\/08\/17\/industria-martinez-allende-recibio-a-representantes-japoneses-para-analizar-posibles-inversiones\/whatsapp-image-2022-08-12-at-11-24-58-am-1\/\" data-orig-file=\"https:\/\/www.legistdf.gob.ar\/wp-content\/uploads\/2022\/08\/WhatsApp-Image-2022-08-12-at-11.24.58-AM-1.jpeg\" data-orig-size=\"1280,960\" data-comments-opened=\"0\" data-image-meta=\"{&quot;aperture&quot;:&quot;0&quot;,&quot;credit&quot;:&quot;&quot;,&quot;camera&quot;:&quot;&quot;,&quot;caption&quot;:&quot;&quot;,&quot;created_timestamp&quot;:&quot;0&quot;,&quot;copyright&quot;:&quot;&quot;,&quot;focal_length&quot;:&quot;0&quot;,&quot;iso&quot;:&quot;0&quot;,&quot;shutter_speed&quot;:&quot;0&quot;,&quot;title&quot;:&quot;&quot;,&quot;orientation&quot;:&quot;0&quot;}\" data-image-title=\"WhatsApp Image 2022-08-12 at 11.24.58 AM (1)\" data-image-description=\"\" data-image-caption=\"\" data-medium-file=\"https:\/\/www.legistdf.gob.ar\/wp-content\/uploads\/2022\/08\/WhatsApp-Image-2022-08-12-at-11.24.58-AM-1-300x225.jpeg\" data-large-file=\"https:\/\/www.legistdf.gob.ar\/wp-content\/uploads\/2022\/08\/WhatsApp-Image-2022-08-12-at-11.24.58-AM-1-1024x768.jpeg\" \/><\/a>\n\t\t\t<\/dt><\/dl><br style=\"clear: both\" \/>\n\t\t<\/div>\n\n","protected":false},"excerpt":{"rendered":"<p>Ushuaia, mi\u00e9rcoles 17 de agosto de 2022.- La legisladora Liliana Mart\u00ednez Allende (UCR) recibi\u00f3 en su despacho a representantes de Jetro, organizaci\u00f3n que depende del Ministerio de Econom\u00eda de Jap\u00f3n. Es una entidad aut\u00f3noma, perteneciente al gobierno nip\u00f3n. &nbsp; Yuseke Nishizawa, director general de la Organizaci\u00f3n para el Comercio Exterior de Jap\u00f3n y Silvia Yamaki, [&hellip;]<\/p>\n","protected":false},"author":352,"featured_media":33963,"comment_status":"closed","ping_status":"open","sticky":false,"template":"","format":"standard","meta":{"jetpack_post_was_ever_published":false,"_jetpack_newsletter_access":"","_jetpack_dont_email_post_to_subs":false,"_jetpack_newsletter_tier_id":0,"footnotes":"","jetpack_publicize_message":"","jetpack_publicize_feature_enabled":true,"jetpack_social_post_already_shared":true,"jetpack_social_options":{"image_generator_settings":{"template":"highway","enabled":false}}},"categories":[1],"tags":[2621,2618,2620,1325,155,648],"jetpack_publicize_connections":[],"jetpack_sharing_enabled":true,"jetpack_featured_media_url":"https:\/\/www.legistdf.gob.ar\/wp-content\/uploads\/2022\/08\/WhatsApp-Image-2022-08-12-at-11.24.58-AM.jpeg","jetpack-related-posts":[],"_links":{"self":[{"href":"https:\/\/www.legistdf.gob.ar\/index.php\/wp-json\/wp\/v2\/posts\/33961"}],"collection":[{"href":"https:\/\/www.legistdf.gob.ar\/index.php\/wp-json\/wp\/v2\/posts"}],"about":[{"href":"https:\/\/www.legistdf.gob.ar\/index.php\/wp-json\/wp\/v2\/types\/post"}],"author":[{"embeddable":true,"href":"https:\/\/www.legistdf.gob.ar\/index.php\/wp-json\/wp\/v2\/users\/352"}],"replies":[{"embeddable":true,"href":"https:\/\/www.legistdf.gob.ar\/index.php\/wp-json\/wp\/v2\/comments?post=33961"}],"version-history":[{"count":5,"href":"https:\/\/www.legistdf.gob.ar\/index.php\/wp-json\/wp\/v2\/posts\/33961\/revisions"}],"predecessor-version":[{"id":33968,"href":"https:\/\/www.legistdf.gob.ar\/index.php\/wp-json\/wp\/v2\/posts\/33961\/revisions\/33968"}],"wp:featuredmedia":[{"embeddable":true,"href":"https:\/\/www.legistdf.gob.ar\/index.php\/wp-json\/wp\/v2\/media\/33963"}],"wp:attachment":[{"href":"https:\/\/www.legistdf.gob.ar\/index.php\/wp-json\/wp\/v2\/media?parent=33961"}],"wp:term":[{"taxonomy":"category","embeddable":true,"href":"https:\/\/www.legistdf.gob.ar\/index.php\/wp-json\/wp\/v2\/categories?post=33961"},{"taxonomy":"post_tag","embeddable":true,"href":"https:\/\/www.legistdf.gob.ar\/index.php\/wp-json\/wp\/v2\/tags?post=33961"}],"curies":[{"name":"wp","href":"https:\/\/api.w.org\/{rel}","templated":true}]}}