{"id":34366,"date":"2022-08-31T14:11:30","date_gmt":"2022-08-31T17:11:30","guid":{"rendered":"https:\/\/www.legistdf.gob.ar\/?p=34366"},"modified":"2022-08-31T14:14:23","modified_gmt":"2022-08-31T17:14:23","slug":"comisiones-psicologia-social-y-tecnicos-de-emergencias-medicas-en-agenda-legislativa-nuevamente","status":"publish","type":"post","link":"https:\/\/www.legistdf.gob.ar\/index.php\/2022\/08\/31\/comisiones-psicologia-social-y-tecnicos-de-emergencias-medicas-en-agenda-legislativa-nuevamente\/","title":{"rendered":"COMISIONES: Psicolog\u00eda social y t\u00e9cnicos de emergencias m\u00e9dicas en agenda legislativa nuevamente"},"content":{"rendered":"<p><strong><img loading=\"lazy\" decoding=\"async\" data-attachment-id=\"34368\" data-permalink=\"https:\/\/www.legistdf.gob.ar\/index.php\/2022\/08\/31\/comisiones-psicologia-social-y-tecnicos-de-emergencias-medicas-en-agenda-legislativa-nuevamente\/1-238\/\" data-orig-file=\"https:\/\/www.legistdf.gob.ar\/wp-content\/uploads\/2022\/08\/1-4.jpg\" data-orig-size=\"1334,1000\" data-comments-opened=\"0\" data-image-meta=\"{&quot;aperture&quot;:&quot;0&quot;,&quot;credit&quot;:&quot;&quot;,&quot;camera&quot;:&quot;&quot;,&quot;caption&quot;:&quot;&quot;,&quot;created_timestamp&quot;:&quot;0&quot;,&quot;copyright&quot;:&quot;&quot;,&quot;focal_length&quot;:&quot;0&quot;,&quot;iso&quot;:&quot;0&quot;,&quot;shutter_speed&quot;:&quot;0&quot;,&quot;title&quot;:&quot;&quot;,&quot;orientation&quot;:&quot;0&quot;}\" data-image-title=\"1\" data-image-description=\"\" data-image-caption=\"\" data-medium-file=\"https:\/\/www.legistdf.gob.ar\/wp-content\/uploads\/2022\/08\/1-4-300x225.jpg\" data-large-file=\"https:\/\/www.legistdf.gob.ar\/wp-content\/uploads\/2022\/08\/1-4-1024x768.jpg\" class=\"alignleft wp-image-34368 size-medium\" src=\"https:\/\/www.legistdf.gob.ar\/wp-content\/uploads\/2022\/08\/1-4-300x225.jpg\" alt=\"\" width=\"300\" height=\"225\" srcset=\"https:\/\/www.legistdf.gob.ar\/wp-content\/uploads\/2022\/08\/1-4-300x225.jpg 300w, https:\/\/www.legistdf.gob.ar\/wp-content\/uploads\/2022\/08\/1-4-768x576.jpg 768w, https:\/\/www.legistdf.gob.ar\/wp-content\/uploads\/2022\/08\/1-4-1024x768.jpg 1024w, https:\/\/www.legistdf.gob.ar\/wp-content\/uploads\/2022\/08\/1-4-160x120.jpg 160w, https:\/\/www.legistdf.gob.ar\/wp-content\/uploads\/2022\/08\/1-4.jpg 1334w\" sizes=\"(max-width: 300px) 100vw, 300px\" \/>Ushuaia, mi\u00e9rcoles 31 de agosto de 2022.- Convocaron a una nueva reuni\u00f3n de las Comisiones de Legislaci\u00f3n General N\u00ba 1 y de Salud P\u00fablica N\u00b0 5 en conjunto, ser\u00e1 ma\u00f1ana jueves a las 11 h. Los legisladores Federico Greve y Daniel Rivarola (FORJA), que presiden esos espacios de debate, convocaron a las Legisladoras y Legisladores para dar tratamiento a los asuntos <a href=\"https:\/\/www.legistdf.gob.ar\/lp\/novedadesip\/Asuntos%20Entrados%202022\/As.%20N%BA%20044-22.pdf\" target=\"_blank\" rel=\"noopener noreferrer\">044\/22<\/a> y <a href=\"https:\/\/www.legistdf.gob.ar\/lp\/novedadesip\/Asuntos%20Entrados%202022\/As.%20N%BA%20130-22.pdf\" target=\"_blank\" rel=\"noopener noreferrer\">130\/22<\/a>.<\/strong><\/p>\n<p>&nbsp;<\/p>\n<p>Seg\u00fan informaci\u00f3n suministrada por la <a href=\"https:\/\/www.legistdf.gob.ar\/wp-content\/uploads\/2022\/08\/Memo-054-22-Com-1-y-5.pdf\" target=\"_blank\" rel=\"noopener noreferrer\">Direcci\u00f3n de Comisiones en el memorando N\u00b0 054\/22<\/a>. En primer lugar, se retomar\u00e1 el debate por el proyecto de Ley del bloque FORJA que busca regular el ejercicio profesional de los trabajadores de la psicolog\u00eda social en la Provincia.<\/p>\n<p>&nbsp;<\/p>\n<p>En relaci\u00f3n<a href=\"https:\/\/www.legistdf.gob.ar\/index.php\/2022\/07\/15\/salud-sigue-en-agenda-legislativa-la-regulacion-del-ejercicio-de-la-psicologia-social\/\" target=\"_blank\" rel=\"noopener noreferrer\"> al \u00faltimo encuentro de la Comisi\u00f3n<\/a> donde se cont\u00f3 con la presencia de funcionario del Ejecutivo provincial, quienes detallaron cuestiones inherentes a las titularizaciones y desde Salud Mental explicaron c\u00f3mo \u201cest\u00e1n trabajando desde el \u00e1mbito de Gobierno y tambi\u00e9n en Desarrollo Humano\u201d.<\/p>\n<p>Rivarola dijo que se debe seguir \u201ccorrigiendo la letra\u201d de la iniciativa.<\/p>\n<p>&nbsp;<\/p>\n<p>Por otro lado, abordar\u00e1n el asunto N\u00b0 130\/22 proyecto de Ley que propone regular el ejercicio profesional de los t\u00e9cnicos de emergencias m\u00e9dicas. <a href=\"https:\/\/www.legistdf.gob.ar\/index.php\/2022\/08\/25\/salud-el-plan-de-proteccion-integral-a-pacientes-oncologicos-infanto-juveniles-sera-ley-en-la-proxima-sesion\/\" target=\"_blank\" rel=\"noopener noreferrer\">En el primer encuentro<\/a> donde se trat\u00f3 el asunto, Rivarola consider\u00f3 que \u201cpudimos poner un poco de claridad sobre este proyecto, tambi\u00e9n impulsado por el bloque de la UCR\u201d.<\/p>\n<p>&nbsp;<\/p>\n<p style=\"text-align: right\"><em>AT<\/em><\/p>\n<p>&nbsp;<\/p>\n\n\t\t<style type=\"text\/css\">\n\t\t\t#gallery-1 {\n\t\t\t\tmargin: auto;\n\t\t\t}\n\t\t\t#gallery-1 .gallery-item {\n\t\t\t\tfloat: left;\n\t\t\t\tmargin-top: 10px;\n\t\t\t\ttext-align: center;\n\t\t\t\twidth: 100%;\n\t\t\t}\n\t\t\t#gallery-1 img {\n\t\t\t\tborder: 2px solid #cfcfcf;\n\t\t\t}\n\t\t\t#gallery-1 .gallery-caption {\n\t\t\t\tmargin-left: 0;\n\t\t\t}\n\t\t\t\/* see gallery_shortcode() in wp-includes\/media.php *\/\n\t\t<\/style>\n\t\t<div data-carousel-extra='{\"blog_id\":1,\"permalink\":\"https:\\\/\\\/www.legistdf.gob.ar\\\/index.php\\\/2022\\\/08\\\/31\\\/comisiones-psicologia-social-y-tecnicos-de-emergencias-medicas-en-agenda-legislativa-nuevamente\\\/\"}' id='gallery-1' class='gallery galleryid-34366 gallery-columns-1 gallery-size-thumbnail'><dl class='gallery-item'>\n\t\t\t<dt class='gallery-icon landscape'>\n\t\t\t\t<a href='https:\/\/www.legistdf.gob.ar\/index.php\/2022\/08\/31\/comisiones-psicologia-social-y-tecnicos-de-emergencias-medicas-en-agenda-legislativa-nuevamente\/1-238\/'><img loading=\"lazy\" decoding=\"async\" width=\"150\" height=\"150\" src=\"https:\/\/www.legistdf.gob.ar\/wp-content\/uploads\/2022\/08\/1-4-150x150.jpg\" class=\"attachment-thumbnail size-thumbnail\" alt=\"\" srcset=\"https:\/\/www.legistdf.gob.ar\/wp-content\/uploads\/2022\/08\/1-4-150x150.jpg 150w, https:\/\/www.legistdf.gob.ar\/wp-content\/uploads\/2022\/08\/1-4-64x64.jpg 64w\" sizes=\"(max-width: 150px) 100vw, 150px\" data-attachment-id=\"34368\" data-permalink=\"https:\/\/www.legistdf.gob.ar\/index.php\/2022\/08\/31\/comisiones-psicologia-social-y-tecnicos-de-emergencias-medicas-en-agenda-legislativa-nuevamente\/1-238\/\" data-orig-file=\"https:\/\/www.legistdf.gob.ar\/wp-content\/uploads\/2022\/08\/1-4.jpg\" data-orig-size=\"1334,1000\" data-comments-opened=\"0\" data-image-meta=\"{&quot;aperture&quot;:&quot;0&quot;,&quot;credit&quot;:&quot;&quot;,&quot;camera&quot;:&quot;&quot;,&quot;caption&quot;:&quot;&quot;,&quot;created_timestamp&quot;:&quot;0&quot;,&quot;copyright&quot;:&quot;&quot;,&quot;focal_length&quot;:&quot;0&quot;,&quot;iso&quot;:&quot;0&quot;,&quot;shutter_speed&quot;:&quot;0&quot;,&quot;title&quot;:&quot;&quot;,&quot;orientation&quot;:&quot;0&quot;}\" data-image-title=\"1\" data-image-description=\"\" data-image-caption=\"\" data-medium-file=\"https:\/\/www.legistdf.gob.ar\/wp-content\/uploads\/2022\/08\/1-4-300x225.jpg\" data-large-file=\"https:\/\/www.legistdf.gob.ar\/wp-content\/uploads\/2022\/08\/1-4-1024x768.jpg\" \/><\/a>\n\t\t\t<\/dt><\/dl><br style=\"clear: both\" \/>\n\t\t<\/div>\n\n","protected":false},"excerpt":{"rendered":"<p>Ushuaia, mi\u00e9rcoles 31 de agosto de 2022.- Convocaron a una nueva reuni\u00f3n de las Comisiones de Legislaci\u00f3n General N\u00ba 1 y de Salud P\u00fablica N\u00b0 5 en conjunto, ser\u00e1 ma\u00f1ana jueves a las 11 h. Los legisladores Federico Greve y Daniel Rivarola (FORJA), que presiden esos espacios de debate, convocaron a las Legisladoras y Legisladores [&hellip;]<\/p>\n","protected":false},"author":352,"featured_media":34368,"comment_status":"closed","ping_status":"open","sticky":false,"template":"","format":"standard","meta":{"jetpack_post_was_ever_published":false,"_jetpack_newsletter_access":"","_jetpack_dont_email_post_to_subs":false,"_jetpack_newsletter_tier_id":0,"footnotes":"","jetpack_publicize_message":"","jetpack_publicize_feature_enabled":true,"jetpack_social_post_already_shared":true,"jetpack_social_options":{"image_generator_settings":{"template":"highway","enabled":false}}},"categories":[1],"tags":[2669,2670,2671,85,2236,154,1783],"jetpack_publicize_connections":[],"jetpack_sharing_enabled":true,"jetpack_featured_media_url":"https:\/\/www.legistdf.gob.ar\/wp-content\/uploads\/2022\/08\/1-4.jpg","jetpack-related-posts":[],"_links":{"self":[{"href":"https:\/\/www.legistdf.gob.ar\/index.php\/wp-json\/wp\/v2\/posts\/34366"}],"collection":[{"href":"https:\/\/www.legistdf.gob.ar\/index.php\/wp-json\/wp\/v2\/posts"}],"about":[{"href":"https:\/\/www.legistdf.gob.ar\/index.php\/wp-json\/wp\/v2\/types\/post"}],"author":[{"embeddable":true,"href":"https:\/\/www.legistdf.gob.ar\/index.php\/wp-json\/wp\/v2\/users\/352"}],"replies":[{"embeddable":true,"href":"https:\/\/www.legistdf.gob.ar\/index.php\/wp-json\/wp\/v2\/comments?post=34366"}],"version-history":[{"count":2,"href":"https:\/\/www.legistdf.gob.ar\/index.php\/wp-json\/wp\/v2\/posts\/34366\/revisions"}],"predecessor-version":[{"id":34371,"href":"https:\/\/www.legistdf.gob.ar\/index.php\/wp-json\/wp\/v2\/posts\/34366\/revisions\/34371"}],"wp:featuredmedia":[{"embeddable":true,"href":"https:\/\/www.legistdf.gob.ar\/index.php\/wp-json\/wp\/v2\/media\/34368"}],"wp:attachment":[{"href":"https:\/\/www.legistdf.gob.ar\/index.php\/wp-json\/wp\/v2\/media?parent=34366"}],"wp:term":[{"taxonomy":"category","embeddable":true,"href":"https:\/\/www.legistdf.gob.ar\/index.php\/wp-json\/wp\/v2\/categories?post=34366"},{"taxonomy":"post_tag","embeddable":true,"href":"https:\/\/www.legistdf.gob.ar\/index.php\/wp-json\/wp\/v2\/tags?post=34366"}],"curies":[{"name":"wp","href":"https:\/\/api.w.org\/{rel}","templated":true}]}}