{"id":34401,"date":"2022-08-31T20:16:28","date_gmt":"2022-08-31T23:16:28","guid":{"rendered":"https:\/\/www.legistdf.gob.ar\/?p=34401"},"modified":"2022-08-31T20:16:28","modified_gmt":"2022-08-31T23:16:28","slug":"vuoto-la-ley-de-cancer-infantil-viene-garantizar-un-acompanamiento-integral-a-las-familias-dijo-hoy","status":"publish","type":"post","link":"https:\/\/www.legistdf.gob.ar\/index.php\/2022\/08\/31\/vuoto-la-ley-de-cancer-infantil-viene-garantizar-un-acompanamiento-integral-a-las-familias-dijo-hoy\/","title":{"rendered":"VUOTO: \u201cLa ley de c\u00e1ncer infantil viene garantizar un acompa\u00f1amiento integral a las familias\u201d, dijo hoy"},"content":{"rendered":"<p><strong><img loading=\"lazy\" decoding=\"async\" data-attachment-id=\"34378\" data-permalink=\"https:\/\/www.legistdf.gob.ar\/index.php\/2022\/08\/31\/malvinas-el-28-de-julio-se-recordara-como-dia-de-la-integracion-territorial\/img_2353-2\/\" data-orig-file=\"https:\/\/www.legistdf.gob.ar\/wp-content\/uploads\/2022\/08\/IMG_2353.jpg\" data-orig-size=\"1200,800\" data-comments-opened=\"0\" data-image-meta=\"{&quot;aperture&quot;:&quot;5.6&quot;,&quot;credit&quot;:&quot;&quot;,&quot;camera&quot;:&quot;Canon EOS Rebel T6i&quot;,&quot;caption&quot;:&quot;&quot;,&quot;created_timestamp&quot;:&quot;1661949364&quot;,&quot;copyright&quot;:&quot;&quot;,&quot;focal_length&quot;:&quot;50&quot;,&quot;iso&quot;:&quot;3200&quot;,&quot;shutter_speed&quot;:&quot;0.003125&quot;,&quot;title&quot;:&quot;&quot;,&quot;orientation&quot;:&quot;0&quot;}\" data-image-title=\"IMG_2353\" data-image-description=\"\" data-image-caption=\"\" data-medium-file=\"https:\/\/www.legistdf.gob.ar\/wp-content\/uploads\/2022\/08\/IMG_2353-300x200.jpg\" data-large-file=\"https:\/\/www.legistdf.gob.ar\/wp-content\/uploads\/2022\/08\/IMG_2353-1024x683.jpg\" class=\"alignleft wp-image-34378 size-medium\" src=\"https:\/\/www.legistdf.gob.ar\/wp-content\/uploads\/2022\/08\/IMG_2353-300x200.jpg\" alt=\"\" width=\"300\" height=\"200\" srcset=\"https:\/\/www.legistdf.gob.ar\/wp-content\/uploads\/2022\/08\/IMG_2353-300x200.jpg 300w, https:\/\/www.legistdf.gob.ar\/wp-content\/uploads\/2022\/08\/IMG_2353-768x512.jpg 768w, https:\/\/www.legistdf.gob.ar\/wp-content\/uploads\/2022\/08\/IMG_2353-1024x683.jpg 1024w, https:\/\/www.legistdf.gob.ar\/wp-content\/uploads\/2022\/08\/IMG_2353-160x107.jpg 160w, https:\/\/www.legistdf.gob.ar\/wp-content\/uploads\/2022\/08\/IMG_2353.jpg 1200w\" sizes=\"(max-width: 300px) 100vw, 300px\" \/><span style=\"font-family: arial, helvetica, sans-serif;font-size: 12pt\">Ushuaia, mi\u00e9rcoles 31 de agosto de 2022.- Luego de casi dos a\u00f1os de trabajo y debate en Comisiones, obtuvo el dictamen general el proyecto que crea el \u201cPrograma de atenci\u00f3n integral a pacientes oncol\u00f3gicos infanto-juveniles\u201d y ser\u00e1 tratado en la pr\u00f3xima sesi\u00f3n ordinaria de la Legislatura.<\/span><\/strong><\/p>\n<p>&nbsp;<\/p>\n<p><span style=\"font-family: arial, helvetica, sans-serif;font-size: 12pt\">\u201cEl proyecto cont\u00f3 con aportes de todos los bloques que fueron considerados en la redacci\u00f3n final\u201d valor\u00f3 la legisladora Mar\u00eda Victoria Vuoto quien destac\u00f3 las particularidades del programa \u201cque se adaptan a la realidad de la Provincia en la que vivimos\u201d.<\/span><\/p>\n<p>&nbsp;<\/p>\n<p><span style=\"font-family: arial, helvetica, sans-serif;font-size: 12pt\">\u201cVivimos en la \u00fanica provincia aero-dependiente del pa\u00eds, donde las distancias generan una dificultad mayor a la hora de pensar en tratamientos con internaci\u00f3n y las complejidades que pueden presentarse para las familias fueguinas que atraviesan por una situaci\u00f3n tan dif\u00edcil como esta\u201d remarc\u00f3 Vuoto quien adem\u00e1s destac\u00f3 la Unidad de Seguimiento que crea el proyecto que permite \u201carticular las necesidades m\u00e9dicas y administrativas de los pacientes derivados\u201d.<\/span><\/p>\n<p>&nbsp;<\/p>\n<p><span style=\"font-family: arial, helvetica, sans-serif;font-size: 12pt\">\u201cEsta conquista de derechos es un logro de los fueguinos y fueguinas\u201d destac\u00f3 e hizo menci\u00f3n especial a quienes reunieron m\u00e1s de veinte mil firmas en muestra de apoyo al proyecto. \u201cEl trabajo en redes para la difusi\u00f3n, no solo de ellos, sino tambi\u00e9n de colegios profesionales, sindicatos, instituciones deportivas, las ONG y dem\u00e1s entidades sociales, culturales y pol\u00edticas\u201d resalt\u00f3 la Parlamentaria y agreg\u00f3 que \u201cse trata de una Ley que construimos entre todas y todos\u201d.<\/span><\/p>\n<p>&nbsp;<\/p>\n<p><span style=\"font-family: arial, helvetica, sans-serif;font-size: 12pt\"><img loading=\"lazy\" decoding=\"async\" data-attachment-id=\"34388\" data-permalink=\"https:\/\/www.legistdf.gob.ar\/index.php\/2022\/08\/31\/malvinas-el-28-de-julio-se-recordara-como-dia-de-la-integracion-territorial\/img_2379-2\/\" data-orig-file=\"https:\/\/www.legistdf.gob.ar\/wp-content\/uploads\/2022\/08\/IMG_2379.jpg\" data-orig-size=\"1200,800\" data-comments-opened=\"0\" data-image-meta=\"{&quot;aperture&quot;:&quot;5.6&quot;,&quot;credit&quot;:&quot;&quot;,&quot;camera&quot;:&quot;Canon EOS Rebel T6i&quot;,&quot;caption&quot;:&quot;&quot;,&quot;created_timestamp&quot;:&quot;1661950316&quot;,&quot;copyright&quot;:&quot;&quot;,&quot;focal_length&quot;:&quot;18&quot;,&quot;iso&quot;:&quot;3200&quot;,&quot;shutter_speed&quot;:&quot;0.004&quot;,&quot;title&quot;:&quot;&quot;,&quot;orientation&quot;:&quot;0&quot;}\" data-image-title=\"IMG_2379\" data-image-description=\"\" data-image-caption=\"\" data-medium-file=\"https:\/\/www.legistdf.gob.ar\/wp-content\/uploads\/2022\/08\/IMG_2379-300x200.jpg\" data-large-file=\"https:\/\/www.legistdf.gob.ar\/wp-content\/uploads\/2022\/08\/IMG_2379-1024x683.jpg\" class=\"alignright wp-image-34388 size-medium\" src=\"https:\/\/www.legistdf.gob.ar\/wp-content\/uploads\/2022\/08\/IMG_2379-300x200.jpg\" alt=\"\" width=\"300\" height=\"200\" srcset=\"https:\/\/www.legistdf.gob.ar\/wp-content\/uploads\/2022\/08\/IMG_2379-300x200.jpg 300w, https:\/\/www.legistdf.gob.ar\/wp-content\/uploads\/2022\/08\/IMG_2379-768x512.jpg 768w, https:\/\/www.legistdf.gob.ar\/wp-content\/uploads\/2022\/08\/IMG_2379-1024x683.jpg 1024w, https:\/\/www.legistdf.gob.ar\/wp-content\/uploads\/2022\/08\/IMG_2379-160x107.jpg 160w, https:\/\/www.legistdf.gob.ar\/wp-content\/uploads\/2022\/08\/IMG_2379.jpg 1200w\" sizes=\"(max-width: 300px) 100vw, 300px\" \/>Vuoto destac\u00f3 tambi\u00e9n la participaci\u00f3n popular activa en distintos conversatorios del proyecto de ley que cont\u00f3 con la participaci\u00f3n y respaldo del doctor Pablo Pesce, Coordinador m\u00e9dico del PAMI y creador del registro oncopedi\u00e1trico hospitalario argentino.<\/span><\/p>\n<p>&nbsp;<\/p>\n<p><span style=\"font-family: arial, helvetica, sans-serif;font-size: 12pt\">Tambi\u00e9n cont\u00f3 con aportes fundamentales de especialistas en el tema como las doctoras Edith Grynszpancholc, en representaci\u00f3n de la Fundaci\u00f3n Natal\u00ed Dafne Flexer y su referente local, Ver\u00f3nica Pani, junto a Ver\u00f3nica Bar\u00f3, directora M\u00e9dica de la asociaci\u00f3n Lucha Contra el C\u00e1ncer Ushuaia (LUCCAU). As\u00ed tambi\u00e9n Fundaci\u00f3n Pedi\u00e1trica Argentina &#8211; FUPEA incorpor\u00f3 su aporte para la elaboraci\u00f3n, exposici\u00f3n y tratamiento de la Ley.<\/span><\/p>\n<p>&nbsp;<\/p>\n<p><span style=\"font-family: arial, helvetica, sans-serif;font-size: 12pt\">Cabe destacar que este proyecto fue declarado de inter\u00e9s por el Concejo Deliberante de R\u00edo Grande, al que se sumaron el de Ushuaia y el de Tolhuin, apoyado por los concejales y concejalas de las tres ciudades de la provincia.<\/span><\/p>\n<p><span style=\"font-family: arial, helvetica, sans-serif;font-size: 12pt\"><em>\u00a0<\/em><\/span><\/p>\n<p style=\"text-align: center\"><span style=\"font-family: arial, helvetica, sans-serif;font-size: 12pt\"><em>CLAVES DE LA LEY PROVINCIAL DE C\u00c1NCER INFANTIL<\/em><\/span><\/p>\n<p>&nbsp;<\/p>\n<p><span style=\"font-family: arial, helvetica, sans-serif;font-size: 12pt\"><img loading=\"lazy\" decoding=\"async\" data-attachment-id=\"34380\" data-permalink=\"https:\/\/www.legistdf.gob.ar\/index.php\/2022\/08\/31\/malvinas-el-28-de-julio-se-recordara-como-dia-de-la-integracion-territorial\/img_2355\/\" data-orig-file=\"https:\/\/www.legistdf.gob.ar\/wp-content\/uploads\/2022\/08\/IMG_2355.jpg\" data-orig-size=\"1200,800\" data-comments-opened=\"0\" data-image-meta=\"{&quot;aperture&quot;:&quot;5.6&quot;,&quot;credit&quot;:&quot;&quot;,&quot;camera&quot;:&quot;Canon EOS Rebel T6i&quot;,&quot;caption&quot;:&quot;&quot;,&quot;created_timestamp&quot;:&quot;1661949375&quot;,&quot;copyright&quot;:&quot;&quot;,&quot;focal_length&quot;:&quot;40&quot;,&quot;iso&quot;:&quot;3200&quot;,&quot;shutter_speed&quot;:&quot;0.003125&quot;,&quot;title&quot;:&quot;&quot;,&quot;orientation&quot;:&quot;0&quot;}\" data-image-title=\"IMG_2355\" data-image-description=\"\" data-image-caption=\"\" data-medium-file=\"https:\/\/www.legistdf.gob.ar\/wp-content\/uploads\/2022\/08\/IMG_2355-300x200.jpg\" data-large-file=\"https:\/\/www.legistdf.gob.ar\/wp-content\/uploads\/2022\/08\/IMG_2355-1024x683.jpg\" class=\"alignleft wp-image-34380 size-medium\" src=\"https:\/\/www.legistdf.gob.ar\/wp-content\/uploads\/2022\/08\/IMG_2355-300x200.jpg\" alt=\"\" width=\"300\" height=\"200\" srcset=\"https:\/\/www.legistdf.gob.ar\/wp-content\/uploads\/2022\/08\/IMG_2355-300x200.jpg 300w, https:\/\/www.legistdf.gob.ar\/wp-content\/uploads\/2022\/08\/IMG_2355-768x512.jpg 768w, https:\/\/www.legistdf.gob.ar\/wp-content\/uploads\/2022\/08\/IMG_2355-1024x683.jpg 1024w, https:\/\/www.legistdf.gob.ar\/wp-content\/uploads\/2022\/08\/IMG_2355-160x107.jpg 160w, https:\/\/www.legistdf.gob.ar\/wp-content\/uploads\/2022\/08\/IMG_2355.jpg 1200w\" sizes=\"(max-width: 300px) 100vw, 300px\" \/>El proyecto crea la Unidad de Diagn\u00f3stico, Referencia y Seguimiento que tiene como objetivos el monitoreo de las derivaciones como tambi\u00e9n el seguimiento intra tratamiento y post tratamiento de los y las\u00a0 pacientes, desarrollando cuidados paliativos y programas de atenci\u00f3n a los sobrevivientes.<\/span><\/p>\n<p>&nbsp;<\/p>\n<p><span style=\"font-family: arial, helvetica, sans-serif;font-size: 12pt\">La misma est\u00e1 integrada por un equipo interdisciplinario compuesto por m\u00e9dicos, laboratorio, hemoterapia, anatom\u00eda patol\u00f3gica, nutrici\u00f3n, kinesiolog\u00eda, salud mental, enfermer\u00eda, farmacia y la posibilidad de incorporar otras \u00e1reas que resulten necesarias.<\/span><\/p>\n<p>&nbsp;<\/p>\n<p><span style=\"font-family: arial, helvetica, sans-serif;font-size: 12pt\">Crea adem\u00e1s el Registro \u00danico de Pacientes Oncopedi\u00e1tricos, el que permitir\u00e1 establecer un sistema de informaci\u00f3n estrat\u00e9gica que incluya la detecci\u00f3n temprana, garantice la vigilancia epidemiol\u00f3gica y permita el seguimiento adecuado de las derivaciones como tambi\u00e9n el monitoreo y evaluaci\u00f3n del impacto del Programa.<\/span><\/p>\n<p>&nbsp;<\/p>\n<p><span style=\"font-family: arial, helvetica, sans-serif;font-size: 12pt\">Garantiza la cobertura del 100% de las prestaciones m\u00e9dicas, incluyendo medicamentos oncol\u00f3gicos y no oncol\u00f3gicos, estudios de diagn\u00f3stico y seguimiento, internaci\u00f3n y honorarios profesionales por cualquier tipo de cirug\u00eda, material descartable y estudios que fueran necesarios. Cuidados paliativos, asistencia psicol\u00f3gica, psicopedag\u00f3gica y psiqui\u00e1trica con especialidad en psicooncolog\u00eda infantojuvenil como tambi\u00e9n la rehabilitaci\u00f3n integral en centro de salud especializado.\u00a0<\/span><\/p>\n<p>&nbsp;<\/p>\n<p><span style=\"font-family: arial, helvetica, sans-serif;font-size: 12pt\">Incorpora un cap\u00edtulo particular que se ocupa del acompa\u00f1amiento a las familias en las tareas de cuidado con un alcance que incluye vivienda, estad\u00edas, asistencia psicol\u00f3gica, educaci\u00f3n y las licencias especiales por cuidados; incluyendo traslados a\u00e9reos para garantizar la continuidad de los tratamientos.<\/span><\/p>\n<p>&nbsp;<\/p>\n<p style=\"text-align: right\"><em>Gentileza\u00a0<\/em><\/p>\n<p style=\"text-align: right\"><em>prensa Bloque PV<\/em><\/p>\n","protected":false},"excerpt":{"rendered":"<p>Ushuaia, mi\u00e9rcoles 31 de agosto de 2022.- Luego de casi dos a\u00f1os de trabajo y debate en Comisiones, obtuvo el dictamen general el proyecto que crea el \u201cPrograma de atenci\u00f3n integral a pacientes oncol\u00f3gicos infanto-juveniles\u201d y ser\u00e1 tratado en la pr\u00f3xima sesi\u00f3n ordinaria de la Legislatura. &nbsp; \u201cEl proyecto cont\u00f3 con aportes de todos los [&hellip;]<\/p>\n","protected":false},"author":352,"featured_media":34378,"comment_status":"closed","ping_status":"open","sticky":false,"template":"","format":"standard","meta":{"jetpack_post_was_ever_published":false,"_jetpack_newsletter_access":"","_jetpack_dont_email_post_to_subs":false,"_jetpack_newsletter_tier_id":0,"footnotes":"","jetpack_publicize_message":"","jetpack_publicize_feature_enabled":true,"jetpack_social_post_already_shared":true,"jetpack_social_options":{"image_generator_settings":{"template":"highway","enabled":false}}},"categories":[1],"tags":[78,2168,1825,48,79,87],"jetpack_publicize_connections":[],"jetpack_sharing_enabled":true,"jetpack_featured_media_url":"https:\/\/www.legistdf.gob.ar\/wp-content\/uploads\/2022\/08\/IMG_2353.jpg","jetpack-related-posts":[],"_links":{"self":[{"href":"https:\/\/www.legistdf.gob.ar\/index.php\/wp-json\/wp\/v2\/posts\/34401"}],"collection":[{"href":"https:\/\/www.legistdf.gob.ar\/index.php\/wp-json\/wp\/v2\/posts"}],"about":[{"href":"https:\/\/www.legistdf.gob.ar\/index.php\/wp-json\/wp\/v2\/types\/post"}],"author":[{"embeddable":true,"href":"https:\/\/www.legistdf.gob.ar\/index.php\/wp-json\/wp\/v2\/users\/352"}],"replies":[{"embeddable":true,"href":"https:\/\/www.legistdf.gob.ar\/index.php\/wp-json\/wp\/v2\/comments?post=34401"}],"version-history":[{"count":1,"href":"https:\/\/www.legistdf.gob.ar\/index.php\/wp-json\/wp\/v2\/posts\/34401\/revisions"}],"predecessor-version":[{"id":34402,"href":"https:\/\/www.legistdf.gob.ar\/index.php\/wp-json\/wp\/v2\/posts\/34401\/revisions\/34402"}],"wp:featuredmedia":[{"embeddable":true,"href":"https:\/\/www.legistdf.gob.ar\/index.php\/wp-json\/wp\/v2\/media\/34378"}],"wp:attachment":[{"href":"https:\/\/www.legistdf.gob.ar\/index.php\/wp-json\/wp\/v2\/media?parent=34401"}],"wp:term":[{"taxonomy":"category","embeddable":true,"href":"https:\/\/www.legistdf.gob.ar\/index.php\/wp-json\/wp\/v2\/categories?post=34401"},{"taxonomy":"post_tag","embeddable":true,"href":"https:\/\/www.legistdf.gob.ar\/index.php\/wp-json\/wp\/v2\/tags?post=34401"}],"curies":[{"name":"wp","href":"https:\/\/api.w.org\/{rel}","templated":true}]}}