{"id":34461,"date":"2022-09-04T13:27:03","date_gmt":"2022-09-04T16:27:03","guid":{"rendered":"https:\/\/www.legistdf.gob.ar\/?p=34461"},"modified":"2022-09-02T16:32:25","modified_gmt":"2022-09-02T19:32:25","slug":"salud-el-estado-debe-estar-con-las-familias-que-mas-lo-necesitan-dijo-vuoto","status":"publish","type":"post","link":"https:\/\/www.legistdf.gob.ar\/index.php\/2022\/09\/04\/salud-el-estado-debe-estar-con-las-familias-que-mas-lo-necesitan-dijo-vuoto\/","title":{"rendered":"SALUD: \u201cEl Estado debe estar con las familias que m\u00e1s lo necesitan\u201d, dijo Vuoto"},"content":{"rendered":"<p><span style=\"font-family: arial, helvetica, sans-serif;font-size: 12pt\"><strong><img loading=\"lazy\" decoding=\"async\" data-attachment-id=\"34378\" data-permalink=\"https:\/\/www.legistdf.gob.ar\/index.php\/2022\/08\/31\/malvinas-el-28-de-julio-se-recordara-como-dia-de-la-integracion-territorial\/img_2353-2\/\" data-orig-file=\"https:\/\/www.legistdf.gob.ar\/wp-content\/uploads\/2022\/08\/IMG_2353.jpg\" data-orig-size=\"1200,800\" data-comments-opened=\"0\" data-image-meta=\"{&quot;aperture&quot;:&quot;5.6&quot;,&quot;credit&quot;:&quot;&quot;,&quot;camera&quot;:&quot;Canon EOS Rebel T6i&quot;,&quot;caption&quot;:&quot;&quot;,&quot;created_timestamp&quot;:&quot;1661949364&quot;,&quot;copyright&quot;:&quot;&quot;,&quot;focal_length&quot;:&quot;50&quot;,&quot;iso&quot;:&quot;3200&quot;,&quot;shutter_speed&quot;:&quot;0.003125&quot;,&quot;title&quot;:&quot;&quot;,&quot;orientation&quot;:&quot;0&quot;}\" data-image-title=\"IMG_2353\" data-image-description=\"\" data-image-caption=\"\" data-medium-file=\"https:\/\/www.legistdf.gob.ar\/wp-content\/uploads\/2022\/08\/IMG_2353-300x200.jpg\" data-large-file=\"https:\/\/www.legistdf.gob.ar\/wp-content\/uploads\/2022\/08\/IMG_2353-1024x683.jpg\" class=\"alignleft wp-image-34378 size-medium\" src=\"https:\/\/www.legistdf.gob.ar\/wp-content\/uploads\/2022\/08\/IMG_2353-300x200.jpg\" alt=\"\" width=\"300\" height=\"200\" srcset=\"https:\/\/www.legistdf.gob.ar\/wp-content\/uploads\/2022\/08\/IMG_2353-300x200.jpg 300w, https:\/\/www.legistdf.gob.ar\/wp-content\/uploads\/2022\/08\/IMG_2353-768x512.jpg 768w, https:\/\/www.legistdf.gob.ar\/wp-content\/uploads\/2022\/08\/IMG_2353-1024x683.jpg 1024w, https:\/\/www.legistdf.gob.ar\/wp-content\/uploads\/2022\/08\/IMG_2353-160x107.jpg 160w, https:\/\/www.legistdf.gob.ar\/wp-content\/uploads\/2022\/08\/IMG_2353.jpg 1200w\" sizes=\"(max-width: 300px) 100vw, 300px\" \/>Ushuaia, domingo 4 de septiembre de 2022.- Con la mirada visiblemente emocionada ante el logro alcanzado luego de \u201cluchar\u201d por casi dos a\u00f1os, la legisladora del Partido Verde, Mar\u00eda Victoria Vuoto, dijo que se dio un paso muy importante en la defensa de los derechos de las y los fueguinos. Es que la semana pasada, los Parlamentarios que conforman las comisiones de Econom\u00eda N\u00ba 2 y de Salud P\u00fablica N\u00ba 5, sellaron el dictamen que en la pr\u00f3xima sesi\u00f3n ordinaria de la C\u00e1mara, permitir\u00e1 que el Programa de atenci\u00f3n integral a pacientes oncol\u00f3gicos infanto-juveniles, se convierta en Ley. <\/strong><\/span><\/p>\n<p>&nbsp;<\/p>\n<p><span style=\"font-family: arial, helvetica, sans-serif;font-size: 12pt\">Cuando el presidente de la comisi\u00f3n de Salud, el referente de FORJA, Daniel Rivarola anunci\u00f3 el tratamiento del asunto, las expectativas del p\u00fablico que se acerc\u00f3 a participar del debate en el sal\u00f3n de comisiones del edificio de bloques pol\u00edticos, evidenciaron la trascendencia del tema. Carteles con fotograf\u00edas de ni\u00f1os que padecieron c\u00e1ncer, familiares y profesionales de la salud permanecieron atentos, ante la decisi\u00f3n que tomaron los Legisladores.<\/span><\/p>\n<p>&nbsp;<\/p>\n<p><span style=\"font-family: arial, helvetica, sans-serif;font-size: 14pt\">\u201cSe trata de una Ley que propone crear un programa de acompa\u00f1amiento integral a ni\u00f1os, ni\u00f1as y adolescentes que padecen c\u00e1ncer en la Provincia\u201d, describi\u00f3 Vuoto. Cont\u00f3 que la redacci\u00f3n del proyecto se llev\u00f3 adelante con \u201ctodos\u201d los que cotidianamente acompa\u00f1an a las familias y colaboran desde la m\u00e1s absoluta \u201csolidaridad y sin ning\u00fan tipo de inter\u00e9s\u201d.<\/span><\/p>\n<p>&nbsp;<\/p>\n<p><span style=\"font-family: arial, helvetica, sans-serif;font-size: 12pt\"><img loading=\"lazy\" decoding=\"async\" data-attachment-id=\"34388\" data-permalink=\"https:\/\/www.legistdf.gob.ar\/index.php\/2022\/08\/31\/malvinas-el-28-de-julio-se-recordara-como-dia-de-la-integracion-territorial\/img_2379-2\/\" data-orig-file=\"https:\/\/www.legistdf.gob.ar\/wp-content\/uploads\/2022\/08\/IMG_2379.jpg\" data-orig-size=\"1200,800\" data-comments-opened=\"0\" data-image-meta=\"{&quot;aperture&quot;:&quot;5.6&quot;,&quot;credit&quot;:&quot;&quot;,&quot;camera&quot;:&quot;Canon EOS Rebel T6i&quot;,&quot;caption&quot;:&quot;&quot;,&quot;created_timestamp&quot;:&quot;1661950316&quot;,&quot;copyright&quot;:&quot;&quot;,&quot;focal_length&quot;:&quot;18&quot;,&quot;iso&quot;:&quot;3200&quot;,&quot;shutter_speed&quot;:&quot;0.004&quot;,&quot;title&quot;:&quot;&quot;,&quot;orientation&quot;:&quot;0&quot;}\" data-image-title=\"IMG_2379\" data-image-description=\"\" data-image-caption=\"\" data-medium-file=\"https:\/\/www.legistdf.gob.ar\/wp-content\/uploads\/2022\/08\/IMG_2379-300x200.jpg\" data-large-file=\"https:\/\/www.legistdf.gob.ar\/wp-content\/uploads\/2022\/08\/IMG_2379-1024x683.jpg\" class=\"alignright wp-image-34388 size-medium\" src=\"https:\/\/www.legistdf.gob.ar\/wp-content\/uploads\/2022\/08\/IMG_2379-300x200.jpg\" alt=\"\" width=\"300\" height=\"200\" srcset=\"https:\/\/www.legistdf.gob.ar\/wp-content\/uploads\/2022\/08\/IMG_2379-300x200.jpg 300w, https:\/\/www.legistdf.gob.ar\/wp-content\/uploads\/2022\/08\/IMG_2379-768x512.jpg 768w, https:\/\/www.legistdf.gob.ar\/wp-content\/uploads\/2022\/08\/IMG_2379-1024x683.jpg 1024w, https:\/\/www.legistdf.gob.ar\/wp-content\/uploads\/2022\/08\/IMG_2379-160x107.jpg 160w, https:\/\/www.legistdf.gob.ar\/wp-content\/uploads\/2022\/08\/IMG_2379.jpg 1200w\" sizes=\"(max-width: 300px) 100vw, 300px\" \/>Vuot\u00f3 opin\u00f3 que en los espacios que ocupan hoy las distintas fundaciones y\u00a0 asociaciones, debe \u201cestar el Estado\u201d. Agreg\u00f3 que la unidad de seguimiento que se crear\u00e1 mediante la futura Ley, permitir\u00e1 centralizar la informaci\u00f3n de todos los ni\u00f1os que atraviesan el c\u00e1ncer en nuestra Provincia. Otro de los puntos, que destac\u00f3, es que se articular\u00e1 el proceso m\u00e9dico con los equipos tratantes en el lugar donde el paciente haya sido derivado.<\/span><\/p>\n<p>&nbsp;<\/p>\n<p><span style=\"font-family: arial, helvetica, sans-serif;font-size: 12pt\">Cuando se recibe el peor diagn\u00f3stico, \u201cque tu hijo o hija tiene c\u00e1ncer\u201d, la madre generalmente se sube al avi\u00f3n sanitario con el paciente y llega a Buenos Aires, donde debe atravesar situaciones dif\u00edciles como el alojamiento, detall\u00f3. A partir de la sanci\u00f3n de la Ley y su reglamentaci\u00f3n, habr\u00e1 un equipo interdisciplinario que acompa\u00f1ar\u00e1 el transitar de las familias, narr\u00f3 la referente del Partido Verde.<\/span><\/p>\n<p>&nbsp;<\/p>\n<p><span style=\"font-family: arial, helvetica, sans-serif;font-size: 12pt\">Vuoto, tambi\u00e9n cont\u00f3 con aportes fundamentales de especialistas en el tema como las doctoras: Edith Grynszpancholc, en representaci\u00f3n de la Fundaci\u00f3n Natal\u00ed Dafne Flexer y su referente local, Ver\u00f3nica Pani, junto a Ver\u00f3nica Bar\u00f3, directora M\u00e9dica de la asociaci\u00f3n Lucha Contra el C\u00e1ncer Ushuaia (LUCCAU). \u00a0<\/span><span style=\"font-family: arial, helvetica, sans-serif;font-size: 12pt\">Adem\u00e1s mencion\u00f3 especialmente, a la Fundaci\u00f3n Pedi\u00e1trica Argentina \u2013 FUPEA incorpor\u00f3 su aporte para la elaboraci\u00f3n, exposici\u00f3n y tratamiento de la Ley. Y de manea especial mencion\u00f3 a\u00a0 Pablo Pesce, Coordinador m\u00e9dico del PAMI y creador del registro oncopedi\u00e1trico hospitalario argentino.<\/span><\/p>\n<p>&nbsp;<\/p>\n<p style=\"text-align: right\"><em>ZV-AT<\/em><\/p>\n<p style=\"text-align: right\"><em>Gentileza TV P\u00fablica<\/em><\/p>\n<p><iframe loading=\"lazy\" title=\"SALUD: \u201cEl Estado debe estar con las familias que m\u00e1s lo necesitan\u201d, dijo Vuoto\" width=\"844\" height=\"475\" src=\"https:\/\/www.youtube.com\/embed\/eI7frFocLq4?feature=oembed\" frameborder=\"0\" allow=\"accelerometer; autoplay; clipboard-write; encrypted-media; gyroscope; picture-in-picture; web-share\" allowfullscreen><\/iframe><\/p>\n<p>&nbsp;<\/p>\n","protected":false},"excerpt":{"rendered":"<p>Ushuaia, domingo 4 de septiembre de 2022.- Con la mirada visiblemente emocionada ante el logro alcanzado luego de \u201cluchar\u201d por casi dos a\u00f1os, la legisladora del Partido Verde, Mar\u00eda Victoria Vuoto, dijo que se dio un paso muy importante en la defensa de los derechos de las y los fueguinos. Es que la semana pasada, [&hellip;]<\/p>\n","protected":false},"author":352,"featured_media":34378,"comment_status":"closed","ping_status":"open","sticky":false,"template":"","format":"standard","meta":{"jetpack_post_was_ever_published":false,"_jetpack_newsletter_access":"","_jetpack_dont_email_post_to_subs":false,"_jetpack_newsletter_tier_id":0,"footnotes":"","jetpack_publicize_message":"","jetpack_publicize_feature_enabled":true,"jetpack_social_post_already_shared":true,"jetpack_social_options":{"image_generator_settings":{"template":"highway","enabled":false}}},"categories":[1],"tags":[1691,84,1743,2168,2335,79,87],"jetpack_publicize_connections":[],"jetpack_sharing_enabled":true,"jetpack_featured_media_url":"https:\/\/www.legistdf.gob.ar\/wp-content\/uploads\/2022\/08\/IMG_2353.jpg","jetpack-related-posts":[],"_links":{"self":[{"href":"https:\/\/www.legistdf.gob.ar\/index.php\/wp-json\/wp\/v2\/posts\/34461"}],"collection":[{"href":"https:\/\/www.legistdf.gob.ar\/index.php\/wp-json\/wp\/v2\/posts"}],"about":[{"href":"https:\/\/www.legistdf.gob.ar\/index.php\/wp-json\/wp\/v2\/types\/post"}],"author":[{"embeddable":true,"href":"https:\/\/www.legistdf.gob.ar\/index.php\/wp-json\/wp\/v2\/users\/352"}],"replies":[{"embeddable":true,"href":"https:\/\/www.legistdf.gob.ar\/index.php\/wp-json\/wp\/v2\/comments?post=34461"}],"version-history":[{"count":1,"href":"https:\/\/www.legistdf.gob.ar\/index.php\/wp-json\/wp\/v2\/posts\/34461\/revisions"}],"predecessor-version":[{"id":34462,"href":"https:\/\/www.legistdf.gob.ar\/index.php\/wp-json\/wp\/v2\/posts\/34461\/revisions\/34462"}],"wp:featuredmedia":[{"embeddable":true,"href":"https:\/\/www.legistdf.gob.ar\/index.php\/wp-json\/wp\/v2\/media\/34378"}],"wp:attachment":[{"href":"https:\/\/www.legistdf.gob.ar\/index.php\/wp-json\/wp\/v2\/media?parent=34461"}],"wp:term":[{"taxonomy":"category","embeddable":true,"href":"https:\/\/www.legistdf.gob.ar\/index.php\/wp-json\/wp\/v2\/categories?post=34461"},{"taxonomy":"post_tag","embeddable":true,"href":"https:\/\/www.legistdf.gob.ar\/index.php\/wp-json\/wp\/v2\/tags?post=34461"}],"curies":[{"name":"wp","href":"https:\/\/api.w.org\/{rel}","templated":true}]}}