{"id":34473,"date":"2022-09-03T15:26:17","date_gmt":"2022-09-03T18:26:17","guid":{"rendered":"https:\/\/www.legistdf.gob.ar\/?p=34473"},"modified":"2022-09-03T15:26:17","modified_gmt":"2022-09-03T18:26:17","slug":"onu-colazo-asistio-a-la-apertura-del-simulacro-del-modelo-de-naciones-unidas","status":"publish","type":"post","link":"https:\/\/www.legistdf.gob.ar\/index.php\/2022\/09\/03\/onu-colazo-asistio-a-la-apertura-del-simulacro-del-modelo-de-naciones-unidas\/","title":{"rendered":"ONU: Colazo asisti\u00f3 a la apertura del simulacro del modelo de Naciones Unidas"},"content":{"rendered":"<p><span style=\"font-family: arial, helvetica, sans-serif;font-size: 12pt\"><strong><img loading=\"lazy\" decoding=\"async\" data-attachment-id=\"34478\" data-permalink=\"https:\/\/www.legistdf.gob.ar\/index.php\/2022\/09\/03\/onu-colazo-asistio-a-la-apertura-del-simulacro-del-modelo-de-naciones-unidas\/5-146\/\" data-orig-file=\"https:\/\/www.legistdf.gob.ar\/wp-content\/uploads\/2022\/09\/5-1.jpeg\" data-orig-size=\"1600,1598\" data-comments-opened=\"0\" data-image-meta=\"{&quot;aperture&quot;:&quot;0&quot;,&quot;credit&quot;:&quot;&quot;,&quot;camera&quot;:&quot;&quot;,&quot;caption&quot;:&quot;&quot;,&quot;created_timestamp&quot;:&quot;0&quot;,&quot;copyright&quot;:&quot;&quot;,&quot;focal_length&quot;:&quot;0&quot;,&quot;iso&quot;:&quot;0&quot;,&quot;shutter_speed&quot;:&quot;0&quot;,&quot;title&quot;:&quot;&quot;,&quot;orientation&quot;:&quot;0&quot;}\" data-image-title=\"5\" data-image-description=\"\" data-image-caption=\"\" data-medium-file=\"https:\/\/www.legistdf.gob.ar\/wp-content\/uploads\/2022\/09\/5-1-300x300.jpeg\" data-large-file=\"https:\/\/www.legistdf.gob.ar\/wp-content\/uploads\/2022\/09\/5-1-1024x1024.jpeg\" class=\"alignleft wp-image-34478 size-medium\" src=\"https:\/\/www.legistdf.gob.ar\/wp-content\/uploads\/2022\/09\/5-1-300x300.jpeg\" alt=\"\" width=\"300\" height=\"300\" srcset=\"https:\/\/www.legistdf.gob.ar\/wp-content\/uploads\/2022\/09\/5-1-300x300.jpeg 300w, https:\/\/www.legistdf.gob.ar\/wp-content\/uploads\/2022\/09\/5-1-150x150.jpeg 150w, https:\/\/www.legistdf.gob.ar\/wp-content\/uploads\/2022\/09\/5-1-768x767.jpeg 768w, https:\/\/www.legistdf.gob.ar\/wp-content\/uploads\/2022\/09\/5-1-1024x1024.jpeg 1024w, https:\/\/www.legistdf.gob.ar\/wp-content\/uploads\/2022\/09\/5-1-160x160.jpeg 160w, https:\/\/www.legistdf.gob.ar\/wp-content\/uploads\/2022\/09\/5-1-64x64.jpeg 64w, https:\/\/www.legistdf.gob.ar\/wp-content\/uploads\/2022\/09\/5-1.jpeg 1600w\" sizes=\"(max-width: 300px) 100vw, 300px\" \/>R\u00edo Grande, s\u00e1bado 3 de septiembre de 2022.- Se concret\u00f3 en R\u00edo Grande la cuarta simulaci\u00f3n del modelo de Naciones Unidas integradas por estudiantes de los \u00faltimos tres a\u00f1os de la escuela secundaria. La legisladora Mar\u00eda Laura Colazo (PV) acompa\u00f1\u00f3 la actividad que se realiz\u00f3 en la escuela N\u00b0 2 Benjam\u00edn Zorrilla. La Legisladora destac\u00f3 el debate que busca herramientas al \u201cdi\u00e1logo, la generaci\u00f3n de consensos y la comprensi\u00f3n de la pol\u00edtica internacional\u201d, dijo.<\/strong><\/span><\/p>\n<p><span style=\"font-family: arial, helvetica, sans-serif;font-size: 12pt\"><strong>\u00a0<\/strong><\/span><\/p>\n<p><span style=\"font-family: arial, helvetica, sans-serif;font-size: 12pt\">En la simulaci\u00f3n del Sistema de Naciones Unidas, participan alumnos de escuelas secundarias representado por delegados de Estados Miembros de la Organizaci\u00f3n de las Naciones Unidas (ONU) que intervienen en debates y negociaciones en los que tratan temas que corresponden a los programas de trabajo de los diferentes \u00f3rganos y comisiones de las Naciones Unidas.<\/span><\/p>\n<p>&nbsp;<\/p>\n<p><span style=\"font-family: arial, helvetica, sans-serif;font-size: 12pt\">El Modelo de la ONU es una de las maneras \u201cm\u00e1s pr\u00e1cticas para aprender sobre el funcionamiento de las Naciones\u00a0<\/span><\/p>\n<p><img loading=\"lazy\" decoding=\"async\" data-attachment-id=\"34483\" data-permalink=\"https:\/\/www.legistdf.gob.ar\/index.php\/2022\/09\/03\/onu-colazo-asistio-a-la-apertura-del-simulacro-del-modelo-de-naciones-unidas\/10-41\/\" data-orig-file=\"https:\/\/www.legistdf.gob.ar\/wp-content\/uploads\/2022\/09\/10.jpeg\" data-orig-size=\"1600,1067\" data-comments-opened=\"0\" data-image-meta=\"{&quot;aperture&quot;:&quot;0&quot;,&quot;credit&quot;:&quot;&quot;,&quot;camera&quot;:&quot;&quot;,&quot;caption&quot;:&quot;&quot;,&quot;created_timestamp&quot;:&quot;0&quot;,&quot;copyright&quot;:&quot;&quot;,&quot;focal_length&quot;:&quot;0&quot;,&quot;iso&quot;:&quot;0&quot;,&quot;shutter_speed&quot;:&quot;0&quot;,&quot;title&quot;:&quot;&quot;,&quot;orientation&quot;:&quot;0&quot;}\" data-image-title=\"10\" data-image-description=\"\" data-image-caption=\"\" data-medium-file=\"https:\/\/www.legistdf.gob.ar\/wp-content\/uploads\/2022\/09\/10-300x200.jpeg\" data-large-file=\"https:\/\/www.legistdf.gob.ar\/wp-content\/uploads\/2022\/09\/10-1024x683.jpeg\" class=\"alignright wp-image-34483 size-medium\" style=\"font-family: arial, helvetica, sans-serif;font-size: 16px\" src=\"https:\/\/www.legistdf.gob.ar\/wp-content\/uploads\/2022\/09\/10-300x200.jpeg\" alt=\"\" width=\"300\" height=\"200\" srcset=\"https:\/\/www.legistdf.gob.ar\/wp-content\/uploads\/2022\/09\/10-300x200.jpeg 300w, https:\/\/www.legistdf.gob.ar\/wp-content\/uploads\/2022\/09\/10-768x512.jpeg 768w, https:\/\/www.legistdf.gob.ar\/wp-content\/uploads\/2022\/09\/10-1024x683.jpeg 1024w, https:\/\/www.legistdf.gob.ar\/wp-content\/uploads\/2022\/09\/10-160x107.jpeg 160w, https:\/\/www.legistdf.gob.ar\/wp-content\/uploads\/2022\/09\/10.jpeg 1600w\" sizes=\"(max-width: 300px) 100vw, 300px\" \/><\/p>\n<p><span style=\"font-family: arial, helvetica, sans-serif;font-size: 12pt\">Unidas\u201d, se\u00f1alaron desde la organizaci\u00f3n. Las conferencias son organizadas por cientos de instituciones educativas de todos los niveles, para involucrar a los j\u00f3venes estudiantes en debates diplom\u00e1ticos y conversaciones que se asemejan a los de las Naciones Unidas.<\/span><\/p>\n<p>&nbsp;<\/p>\n<p><span style=\"font-family: arial, helvetica, sans-serif;font-size: 12pt\"><span style=\"font-size: 14pt\">La Legisladora referente del Partido Verde, celebr\u00f3 el evento que re\u00fane a j\u00f3venes y estudiantes de toda la Provincia \u201cque se encuentran para debatir temas de agenda internacional\u201d y sumar herramientas al \u201cdi\u00e1logo, la generaci\u00f3n de consensos y comprender la pol\u00edtica internacional\u201d, dijo.<\/span><\/span><\/p>\n<p>&nbsp;<\/p>\n<p><img loading=\"lazy\" decoding=\"async\" data-attachment-id=\"34480\" data-permalink=\"https:\/\/www.legistdf.gob.ar\/index.php\/2022\/09\/03\/onu-colazo-asistio-a-la-apertura-del-simulacro-del-modelo-de-naciones-unidas\/7-79\/\" data-orig-file=\"https:\/\/www.legistdf.gob.ar\/wp-content\/uploads\/2022\/09\/7.jpeg\" data-orig-size=\"1600,899\" data-comments-opened=\"0\" data-image-meta=\"{&quot;aperture&quot;:&quot;0&quot;,&quot;credit&quot;:&quot;&quot;,&quot;camera&quot;:&quot;&quot;,&quot;caption&quot;:&quot;&quot;,&quot;created_timestamp&quot;:&quot;0&quot;,&quot;copyright&quot;:&quot;&quot;,&quot;focal_length&quot;:&quot;0&quot;,&quot;iso&quot;:&quot;0&quot;,&quot;shutter_speed&quot;:&quot;0&quot;,&quot;title&quot;:&quot;&quot;,&quot;orientation&quot;:&quot;0&quot;}\" data-image-title=\"7\" data-image-description=\"\" data-image-caption=\"\" data-medium-file=\"https:\/\/www.legistdf.gob.ar\/wp-content\/uploads\/2022\/09\/7-300x169.jpeg\" data-large-file=\"https:\/\/www.legistdf.gob.ar\/wp-content\/uploads\/2022\/09\/7-1024x575.jpeg\" class=\"alignleft wp-image-34480 size-medium\" style=\"font-family: arial, helvetica, sans-serif;font-size: 16px\" src=\"https:\/\/www.legistdf.gob.ar\/wp-content\/uploads\/2022\/09\/7-300x169.jpeg\" alt=\"\" width=\"300\" height=\"169\" srcset=\"https:\/\/www.legistdf.gob.ar\/wp-content\/uploads\/2022\/09\/7-300x169.jpeg 300w, https:\/\/www.legistdf.gob.ar\/wp-content\/uploads\/2022\/09\/7-768x432.jpeg 768w, https:\/\/www.legistdf.gob.ar\/wp-content\/uploads\/2022\/09\/7-1024x575.jpeg 1024w, https:\/\/www.legistdf.gob.ar\/wp-content\/uploads\/2022\/09\/7-160x90.jpeg 160w, https:\/\/www.legistdf.gob.ar\/wp-content\/uploads\/2022\/09\/7.jpeg 1600w\" sizes=\"(max-width: 300px) 100vw, 300px\" \/><\/p>\n<p><span style=\"font-family: arial, helvetica, sans-serif;font-size: 12pt\">Colazo tambi\u00e9n resalt\u00f3 el tratamiento de asuntos \u201ctan importantes, como la Cuesti\u00f3n Malvinas\u201d, que se aborda en la cuarta edici\u00f3n del Simulacro. \u201cEstas iniciativas est\u00e1n vinculadas con el di\u00e1logo y la paz\u201d que propende a la resoluci\u00f3n de las controversias \u201ca trav\u00e9s del di\u00e1logo, el respeto y la paz\u201d, sostuvo hoy.<\/span><\/p>\n<p>&nbsp;<\/p>\n<p><span style=\"font-family: arial, helvetica, sans-serif;font-size: 12pt\">La titular de la bancada del PV expres\u00f3 sus felicitaciones al Gobierno fueguino, a trav\u00e9s de la Secretar\u00eda de Malvinas y el Ministerio de Educaci\u00f3n de Tierra del Fuego, como as\u00ed tambi\u00e9n a la Asociaci\u00f3n Civil ANU AR.<\/span><\/p>\n<p>&nbsp;<\/p>\n<p><span style=\"font-family: arial, helvetica, sans-serif;font-size: 12pt\">La jornada se extender\u00e1 hasta ma\u00f1ana domingo, de 9 a 18 h, y se compone de dos comisiones de trabajo para estudiantes y una restante para docentes. Participaron adem\u00e1s, el secretario de Malvinas del Gobierno fueguino, lic Andr\u00e9s Dachary y la ministra Educaci\u00f3n, DI Anal\u00eda Cubino, el Centro de Excombatientes de Malvinas y funcionarios del Poder Ejecutivo provincial.<\/span><\/p>\n<p>&nbsp;<\/p>\n<p><img loading=\"lazy\" decoding=\"async\" data-attachment-id=\"34479\" data-permalink=\"https:\/\/www.legistdf.gob.ar\/index.php\/2022\/09\/03\/onu-colazo-asistio-a-la-apertura-del-simulacro-del-modelo-de-naciones-unidas\/6-108\/\" data-orig-file=\"https:\/\/www.legistdf.gob.ar\/wp-content\/uploads\/2022\/09\/6-1.jpeg\" data-orig-size=\"1600,1067\" data-comments-opened=\"0\" data-image-meta=\"{&quot;aperture&quot;:&quot;0&quot;,&quot;credit&quot;:&quot;&quot;,&quot;camera&quot;:&quot;&quot;,&quot;caption&quot;:&quot;&quot;,&quot;created_timestamp&quot;:&quot;0&quot;,&quot;copyright&quot;:&quot;&quot;,&quot;focal_length&quot;:&quot;0&quot;,&quot;iso&quot;:&quot;0&quot;,&quot;shutter_speed&quot;:&quot;0&quot;,&quot;title&quot;:&quot;&quot;,&quot;orientation&quot;:&quot;0&quot;}\" data-image-title=\"6\" data-image-description=\"\" data-image-caption=\"\" data-medium-file=\"https:\/\/www.legistdf.gob.ar\/wp-content\/uploads\/2022\/09\/6-1-300x200.jpeg\" data-large-file=\"https:\/\/www.legistdf.gob.ar\/wp-content\/uploads\/2022\/09\/6-1-1024x683.jpeg\" class=\"alignleft wp-image-34479 size-medium\" style=\"font-family: arial, helvetica, sans-serif;font-size: 16px\" src=\"https:\/\/www.legistdf.gob.ar\/wp-content\/uploads\/2022\/09\/6-1-300x200.jpeg\" alt=\"\" width=\"300\" height=\"200\" srcset=\"https:\/\/www.legistdf.gob.ar\/wp-content\/uploads\/2022\/09\/6-1-300x200.jpeg 300w, https:\/\/www.legistdf.gob.ar\/wp-content\/uploads\/2022\/09\/6-1-768x512.jpeg 768w, https:\/\/www.legistdf.gob.ar\/wp-content\/uploads\/2022\/09\/6-1-1024x683.jpeg 1024w, https:\/\/www.legistdf.gob.ar\/wp-content\/uploads\/2022\/09\/6-1-160x107.jpeg 160w, https:\/\/www.legistdf.gob.ar\/wp-content\/uploads\/2022\/09\/6-1.jpeg 1600w\" sizes=\"(max-width: 300px) 100vw, 300px\" \/><\/p>\n<p><span style=\"font-family: arial, helvetica, sans-serif;font-size: 12pt\">El trabajo de los estudiantes ahondar\u00e1 en asuntos del Comit\u00e9 Especial de Descolonizaci\u00f3n donde abordar\u00e1n: La situaci\u00f3n en las Islas Malvinas. Estado de aplicaci\u00f3n de la resoluci\u00f3n 2065 y avances en las conversaciones respecto al status de las islas y Sahara Occidental: Implementaci\u00f3n del refer\u00e9ndum de autodeterminaci\u00f3n establecido en la resoluci\u00f3n 690 del CS.<\/span><\/p>\n<p>&nbsp;<\/p>\n<p><span style=\"font-family: arial, helvetica, sans-serif;font-size: 12pt\">En la restante comisi\u00f3n de asuntos econ\u00f3micos, debatir\u00e1n sobre la explotaci\u00f3n de los recursos naturales en el espacio mar\u00edtimo en territorios sujetos a cuestiones de descolonizaci\u00f3n. Seguimiento de los avances en torno al Informe A\/AC.109\/2021\/6, punto 4\u00b0 referido a la explotaci\u00f3n de la pesca e hidrocarburos, considerando que las islas forman parte de la plataforma continental por contig\u00fcidad y continuidad geogr\u00e1fica).<\/span><\/p>\n<p>&nbsp;<\/p>\n<p>&nbsp;<\/p>\n<p style=\"text-align: right\"><em>AT-AEH<\/em><\/p>\n<p>&nbsp;<\/p>\n\n\t\t<style type=\"text\/css\">\n\t\t\t#gallery-1 {\n\t\t\t\tmargin: auto;\n\t\t\t}\n\t\t\t#gallery-1 .gallery-item {\n\t\t\t\tfloat: left;\n\t\t\t\tmargin-top: 10px;\n\t\t\t\ttext-align: center;\n\t\t\t\twidth: 20%;\n\t\t\t}\n\t\t\t#gallery-1 img {\n\t\t\t\tborder: 2px solid #cfcfcf;\n\t\t\t}\n\t\t\t#gallery-1 .gallery-caption {\n\t\t\t\tmargin-left: 0;\n\t\t\t}\n\t\t\t\/* see gallery_shortcode() in wp-includes\/media.php *\/\n\t\t<\/style>\n\t\t<div data-carousel-extra='{\"blog_id\":1,\"permalink\":\"https:\\\/\\\/www.legistdf.gob.ar\\\/index.php\\\/2022\\\/09\\\/03\\\/onu-colazo-asistio-a-la-apertura-del-simulacro-del-modelo-de-naciones-unidas\\\/\"}' id='gallery-1' class='gallery galleryid-34473 gallery-columns-5 gallery-size-thumbnail'><dl class='gallery-item'>\n\t\t\t<dt class='gallery-icon landscape'>\n\t\t\t\t<a href='https:\/\/www.legistdf.gob.ar\/index.php\/2022\/09\/03\/onu-colazo-asistio-a-la-apertura-del-simulacro-del-modelo-de-naciones-unidas\/1-240\/'><img loading=\"lazy\" decoding=\"async\" width=\"150\" height=\"150\" src=\"https:\/\/www.legistdf.gob.ar\/wp-content\/uploads\/2022\/09\/1-1-150x150.jpeg\" class=\"attachment-thumbnail size-thumbnail\" alt=\"\" srcset=\"https:\/\/www.legistdf.gob.ar\/wp-content\/uploads\/2022\/09\/1-1-150x150.jpeg 150w, https:\/\/www.legistdf.gob.ar\/wp-content\/uploads\/2022\/09\/1-1-64x64.jpeg 64w\" sizes=\"(max-width: 150px) 100vw, 150px\" data-attachment-id=\"34474\" data-permalink=\"https:\/\/www.legistdf.gob.ar\/index.php\/2022\/09\/03\/onu-colazo-asistio-a-la-apertura-del-simulacro-del-modelo-de-naciones-unidas\/1-240\/\" data-orig-file=\"https:\/\/www.legistdf.gob.ar\/wp-content\/uploads\/2022\/09\/1-1.jpeg\" data-orig-size=\"1600,1067\" data-comments-opened=\"0\" data-image-meta=\"{&quot;aperture&quot;:&quot;0&quot;,&quot;credit&quot;:&quot;&quot;,&quot;camera&quot;:&quot;&quot;,&quot;caption&quot;:&quot;&quot;,&quot;created_timestamp&quot;:&quot;0&quot;,&quot;copyright&quot;:&quot;&quot;,&quot;focal_length&quot;:&quot;0&quot;,&quot;iso&quot;:&quot;0&quot;,&quot;shutter_speed&quot;:&quot;0&quot;,&quot;title&quot;:&quot;&quot;,&quot;orientation&quot;:&quot;0&quot;}\" data-image-title=\"1\" data-image-description=\"\" data-image-caption=\"\" data-medium-file=\"https:\/\/www.legistdf.gob.ar\/wp-content\/uploads\/2022\/09\/1-1-300x200.jpeg\" data-large-file=\"https:\/\/www.legistdf.gob.ar\/wp-content\/uploads\/2022\/09\/1-1-1024x683.jpeg\" \/><\/a>\n\t\t\t<\/dt><\/dl><dl class='gallery-item'>\n\t\t\t<dt class='gallery-icon landscape'>\n\t\t\t\t<a href='https:\/\/www.legistdf.gob.ar\/index.php\/2022\/09\/03\/onu-colazo-asistio-a-la-apertura-del-simulacro-del-modelo-de-naciones-unidas\/2-227\/'><img loading=\"lazy\" decoding=\"async\" width=\"150\" height=\"150\" src=\"https:\/\/www.legistdf.gob.ar\/wp-content\/uploads\/2022\/09\/2-1-150x150.jpeg\" class=\"attachment-thumbnail size-thumbnail\" alt=\"\" srcset=\"https:\/\/www.legistdf.gob.ar\/wp-content\/uploads\/2022\/09\/2-1-150x150.jpeg 150w, https:\/\/www.legistdf.gob.ar\/wp-content\/uploads\/2022\/09\/2-1-64x64.jpeg 64w\" sizes=\"(max-width: 150px) 100vw, 150px\" data-attachment-id=\"34475\" data-permalink=\"https:\/\/www.legistdf.gob.ar\/index.php\/2022\/09\/03\/onu-colazo-asistio-a-la-apertura-del-simulacro-del-modelo-de-naciones-unidas\/2-227\/\" data-orig-file=\"https:\/\/www.legistdf.gob.ar\/wp-content\/uploads\/2022\/09\/2-1.jpeg\" data-orig-size=\"1600,900\" data-comments-opened=\"0\" data-image-meta=\"{&quot;aperture&quot;:&quot;0&quot;,&quot;credit&quot;:&quot;&quot;,&quot;camera&quot;:&quot;&quot;,&quot;caption&quot;:&quot;&quot;,&quot;created_timestamp&quot;:&quot;0&quot;,&quot;copyright&quot;:&quot;&quot;,&quot;focal_length&quot;:&quot;0&quot;,&quot;iso&quot;:&quot;0&quot;,&quot;shutter_speed&quot;:&quot;0&quot;,&quot;title&quot;:&quot;&quot;,&quot;orientation&quot;:&quot;0&quot;}\" data-image-title=\"2\" data-image-description=\"\" data-image-caption=\"\" data-medium-file=\"https:\/\/www.legistdf.gob.ar\/wp-content\/uploads\/2022\/09\/2-1-300x169.jpeg\" data-large-file=\"https:\/\/www.legistdf.gob.ar\/wp-content\/uploads\/2022\/09\/2-1-1024x576.jpeg\" \/><\/a>\n\t\t\t<\/dt><\/dl><dl class='gallery-item'>\n\t\t\t<dt class='gallery-icon landscape'>\n\t\t\t\t<a href='https:\/\/www.legistdf.gob.ar\/index.php\/2022\/09\/03\/onu-colazo-asistio-a-la-apertura-del-simulacro-del-modelo-de-naciones-unidas\/3-197\/'><img loading=\"lazy\" decoding=\"async\" width=\"150\" height=\"150\" src=\"https:\/\/www.legistdf.gob.ar\/wp-content\/uploads\/2022\/09\/3-1-150x150.jpeg\" class=\"attachment-thumbnail size-thumbnail\" alt=\"\" srcset=\"https:\/\/www.legistdf.gob.ar\/wp-content\/uploads\/2022\/09\/3-1-150x150.jpeg 150w, https:\/\/www.legistdf.gob.ar\/wp-content\/uploads\/2022\/09\/3-1-64x64.jpeg 64w\" sizes=\"(max-width: 150px) 100vw, 150px\" data-attachment-id=\"34476\" data-permalink=\"https:\/\/www.legistdf.gob.ar\/index.php\/2022\/09\/03\/onu-colazo-asistio-a-la-apertura-del-simulacro-del-modelo-de-naciones-unidas\/3-197\/\" data-orig-file=\"https:\/\/www.legistdf.gob.ar\/wp-content\/uploads\/2022\/09\/3-1.jpeg\" data-orig-size=\"1600,900\" data-comments-opened=\"0\" data-image-meta=\"{&quot;aperture&quot;:&quot;0&quot;,&quot;credit&quot;:&quot;&quot;,&quot;camera&quot;:&quot;&quot;,&quot;caption&quot;:&quot;&quot;,&quot;created_timestamp&quot;:&quot;0&quot;,&quot;copyright&quot;:&quot;&quot;,&quot;focal_length&quot;:&quot;0&quot;,&quot;iso&quot;:&quot;0&quot;,&quot;shutter_speed&quot;:&quot;0&quot;,&quot;title&quot;:&quot;&quot;,&quot;orientation&quot;:&quot;0&quot;}\" data-image-title=\"3\" data-image-description=\"\" data-image-caption=\"\" data-medium-file=\"https:\/\/www.legistdf.gob.ar\/wp-content\/uploads\/2022\/09\/3-1-300x169.jpeg\" data-large-file=\"https:\/\/www.legistdf.gob.ar\/wp-content\/uploads\/2022\/09\/3-1-1024x576.jpeg\" \/><\/a>\n\t\t\t<\/dt><\/dl><dl class='gallery-item'>\n\t\t\t<dt class='gallery-icon landscape'>\n\t\t\t\t<a href='https:\/\/www.legistdf.gob.ar\/index.php\/2022\/09\/03\/onu-colazo-asistio-a-la-apertura-del-simulacro-del-modelo-de-naciones-unidas\/4-165\/'><img loading=\"lazy\" decoding=\"async\" width=\"150\" height=\"150\" src=\"https:\/\/www.legistdf.gob.ar\/wp-content\/uploads\/2022\/09\/4-1-150x150.jpeg\" class=\"attachment-thumbnail size-thumbnail\" alt=\"\" srcset=\"https:\/\/www.legistdf.gob.ar\/wp-content\/uploads\/2022\/09\/4-1-150x150.jpeg 150w, https:\/\/www.legistdf.gob.ar\/wp-content\/uploads\/2022\/09\/4-1-64x64.jpeg 64w\" sizes=\"(max-width: 150px) 100vw, 150px\" data-attachment-id=\"34477\" data-permalink=\"https:\/\/www.legistdf.gob.ar\/index.php\/2022\/09\/03\/onu-colazo-asistio-a-la-apertura-del-simulacro-del-modelo-de-naciones-unidas\/4-165\/\" data-orig-file=\"https:\/\/www.legistdf.gob.ar\/wp-content\/uploads\/2022\/09\/4-1.jpeg\" data-orig-size=\"1600,1067\" data-comments-opened=\"0\" data-image-meta=\"{&quot;aperture&quot;:&quot;0&quot;,&quot;credit&quot;:&quot;&quot;,&quot;camera&quot;:&quot;&quot;,&quot;caption&quot;:&quot;&quot;,&quot;created_timestamp&quot;:&quot;0&quot;,&quot;copyright&quot;:&quot;&quot;,&quot;focal_length&quot;:&quot;0&quot;,&quot;iso&quot;:&quot;0&quot;,&quot;shutter_speed&quot;:&quot;0&quot;,&quot;title&quot;:&quot;&quot;,&quot;orientation&quot;:&quot;0&quot;}\" data-image-title=\"4\" data-image-description=\"\" data-image-caption=\"\" data-medium-file=\"https:\/\/www.legistdf.gob.ar\/wp-content\/uploads\/2022\/09\/4-1-300x200.jpeg\" data-large-file=\"https:\/\/www.legistdf.gob.ar\/wp-content\/uploads\/2022\/09\/4-1-1024x683.jpeg\" \/><\/a>\n\t\t\t<\/dt><\/dl><dl class='gallery-item'>\n\t\t\t<dt class='gallery-icon landscape'>\n\t\t\t\t<a href='https:\/\/www.legistdf.gob.ar\/index.php\/2022\/09\/03\/onu-colazo-asistio-a-la-apertura-del-simulacro-del-modelo-de-naciones-unidas\/5-146\/'><img loading=\"lazy\" decoding=\"async\" width=\"150\" height=\"150\" src=\"https:\/\/www.legistdf.gob.ar\/wp-content\/uploads\/2022\/09\/5-1-150x150.jpeg\" class=\"attachment-thumbnail size-thumbnail\" alt=\"\" srcset=\"https:\/\/www.legistdf.gob.ar\/wp-content\/uploads\/2022\/09\/5-1-150x150.jpeg 150w, https:\/\/www.legistdf.gob.ar\/wp-content\/uploads\/2022\/09\/5-1-300x300.jpeg 300w, https:\/\/www.legistdf.gob.ar\/wp-content\/uploads\/2022\/09\/5-1-768x767.jpeg 768w, https:\/\/www.legistdf.gob.ar\/wp-content\/uploads\/2022\/09\/5-1-1024x1024.jpeg 1024w, https:\/\/www.legistdf.gob.ar\/wp-content\/uploads\/2022\/09\/5-1-160x160.jpeg 160w, https:\/\/www.legistdf.gob.ar\/wp-content\/uploads\/2022\/09\/5-1-64x64.jpeg 64w, https:\/\/www.legistdf.gob.ar\/wp-content\/uploads\/2022\/09\/5-1.jpeg 1600w\" sizes=\"(max-width: 150px) 100vw, 150px\" data-attachment-id=\"34478\" data-permalink=\"https:\/\/www.legistdf.gob.ar\/index.php\/2022\/09\/03\/onu-colazo-asistio-a-la-apertura-del-simulacro-del-modelo-de-naciones-unidas\/5-146\/\" data-orig-file=\"https:\/\/www.legistdf.gob.ar\/wp-content\/uploads\/2022\/09\/5-1.jpeg\" data-orig-size=\"1600,1598\" data-comments-opened=\"0\" data-image-meta=\"{&quot;aperture&quot;:&quot;0&quot;,&quot;credit&quot;:&quot;&quot;,&quot;camera&quot;:&quot;&quot;,&quot;caption&quot;:&quot;&quot;,&quot;created_timestamp&quot;:&quot;0&quot;,&quot;copyright&quot;:&quot;&quot;,&quot;focal_length&quot;:&quot;0&quot;,&quot;iso&quot;:&quot;0&quot;,&quot;shutter_speed&quot;:&quot;0&quot;,&quot;title&quot;:&quot;&quot;,&quot;orientation&quot;:&quot;0&quot;}\" data-image-title=\"5\" data-image-description=\"\" data-image-caption=\"\" data-medium-file=\"https:\/\/www.legistdf.gob.ar\/wp-content\/uploads\/2022\/09\/5-1-300x300.jpeg\" data-large-file=\"https:\/\/www.legistdf.gob.ar\/wp-content\/uploads\/2022\/09\/5-1-1024x1024.jpeg\" \/><\/a>\n\t\t\t<\/dt><\/dl><br style=\"clear: both\" \/><dl class='gallery-item'>\n\t\t\t<dt class='gallery-icon landscape'>\n\t\t\t\t<a href='https:\/\/www.legistdf.gob.ar\/index.php\/2022\/09\/03\/onu-colazo-asistio-a-la-apertura-del-simulacro-del-modelo-de-naciones-unidas\/6-108\/'><img loading=\"lazy\" decoding=\"async\" width=\"150\" height=\"150\" src=\"https:\/\/www.legistdf.gob.ar\/wp-content\/uploads\/2022\/09\/6-1-150x150.jpeg\" class=\"attachment-thumbnail size-thumbnail\" alt=\"\" srcset=\"https:\/\/www.legistdf.gob.ar\/wp-content\/uploads\/2022\/09\/6-1-150x150.jpeg 150w, https:\/\/www.legistdf.gob.ar\/wp-content\/uploads\/2022\/09\/6-1-64x64.jpeg 64w\" sizes=\"(max-width: 150px) 100vw, 150px\" data-attachment-id=\"34479\" data-permalink=\"https:\/\/www.legistdf.gob.ar\/index.php\/2022\/09\/03\/onu-colazo-asistio-a-la-apertura-del-simulacro-del-modelo-de-naciones-unidas\/6-108\/\" data-orig-file=\"https:\/\/www.legistdf.gob.ar\/wp-content\/uploads\/2022\/09\/6-1.jpeg\" data-orig-size=\"1600,1067\" data-comments-opened=\"0\" data-image-meta=\"{&quot;aperture&quot;:&quot;0&quot;,&quot;credit&quot;:&quot;&quot;,&quot;camera&quot;:&quot;&quot;,&quot;caption&quot;:&quot;&quot;,&quot;created_timestamp&quot;:&quot;0&quot;,&quot;copyright&quot;:&quot;&quot;,&quot;focal_length&quot;:&quot;0&quot;,&quot;iso&quot;:&quot;0&quot;,&quot;shutter_speed&quot;:&quot;0&quot;,&quot;title&quot;:&quot;&quot;,&quot;orientation&quot;:&quot;0&quot;}\" data-image-title=\"6\" data-image-description=\"\" data-image-caption=\"\" data-medium-file=\"https:\/\/www.legistdf.gob.ar\/wp-content\/uploads\/2022\/09\/6-1-300x200.jpeg\" data-large-file=\"https:\/\/www.legistdf.gob.ar\/wp-content\/uploads\/2022\/09\/6-1-1024x683.jpeg\" \/><\/a>\n\t\t\t<\/dt><\/dl><dl class='gallery-item'>\n\t\t\t<dt class='gallery-icon landscape'>\n\t\t\t\t<a href='https:\/\/www.legistdf.gob.ar\/index.php\/2022\/09\/03\/onu-colazo-asistio-a-la-apertura-del-simulacro-del-modelo-de-naciones-unidas\/7-79\/'><img loading=\"lazy\" decoding=\"async\" width=\"150\" height=\"150\" src=\"https:\/\/www.legistdf.gob.ar\/wp-content\/uploads\/2022\/09\/7-150x150.jpeg\" class=\"attachment-thumbnail size-thumbnail\" alt=\"\" srcset=\"https:\/\/www.legistdf.gob.ar\/wp-content\/uploads\/2022\/09\/7-150x150.jpeg 150w, https:\/\/www.legistdf.gob.ar\/wp-content\/uploads\/2022\/09\/7-64x64.jpeg 64w\" sizes=\"(max-width: 150px) 100vw, 150px\" data-attachment-id=\"34480\" data-permalink=\"https:\/\/www.legistdf.gob.ar\/index.php\/2022\/09\/03\/onu-colazo-asistio-a-la-apertura-del-simulacro-del-modelo-de-naciones-unidas\/7-79\/\" data-orig-file=\"https:\/\/www.legistdf.gob.ar\/wp-content\/uploads\/2022\/09\/7.jpeg\" data-orig-size=\"1600,899\" data-comments-opened=\"0\" data-image-meta=\"{&quot;aperture&quot;:&quot;0&quot;,&quot;credit&quot;:&quot;&quot;,&quot;camera&quot;:&quot;&quot;,&quot;caption&quot;:&quot;&quot;,&quot;created_timestamp&quot;:&quot;0&quot;,&quot;copyright&quot;:&quot;&quot;,&quot;focal_length&quot;:&quot;0&quot;,&quot;iso&quot;:&quot;0&quot;,&quot;shutter_speed&quot;:&quot;0&quot;,&quot;title&quot;:&quot;&quot;,&quot;orientation&quot;:&quot;0&quot;}\" data-image-title=\"7\" data-image-description=\"\" data-image-caption=\"\" data-medium-file=\"https:\/\/www.legistdf.gob.ar\/wp-content\/uploads\/2022\/09\/7-300x169.jpeg\" data-large-file=\"https:\/\/www.legistdf.gob.ar\/wp-content\/uploads\/2022\/09\/7-1024x575.jpeg\" \/><\/a>\n\t\t\t<\/dt><\/dl><dl class='gallery-item'>\n\t\t\t<dt class='gallery-icon landscape'>\n\t\t\t\t<a href='https:\/\/www.legistdf.gob.ar\/index.php\/2022\/09\/03\/onu-colazo-asistio-a-la-apertura-del-simulacro-del-modelo-de-naciones-unidas\/8-58\/'><img loading=\"lazy\" decoding=\"async\" width=\"150\" height=\"150\" src=\"https:\/\/www.legistdf.gob.ar\/wp-content\/uploads\/2022\/09\/8-150x150.jpeg\" class=\"attachment-thumbnail size-thumbnail\" alt=\"\" srcset=\"https:\/\/www.legistdf.gob.ar\/wp-content\/uploads\/2022\/09\/8-150x150.jpeg 150w, https:\/\/www.legistdf.gob.ar\/wp-content\/uploads\/2022\/09\/8-64x64.jpeg 64w\" sizes=\"(max-width: 150px) 100vw, 150px\" data-attachment-id=\"34481\" data-permalink=\"https:\/\/www.legistdf.gob.ar\/index.php\/2022\/09\/03\/onu-colazo-asistio-a-la-apertura-del-simulacro-del-modelo-de-naciones-unidas\/8-58\/\" data-orig-file=\"https:\/\/www.legistdf.gob.ar\/wp-content\/uploads\/2022\/09\/8.jpeg\" data-orig-size=\"1600,1074\" data-comments-opened=\"0\" data-image-meta=\"{&quot;aperture&quot;:&quot;0&quot;,&quot;credit&quot;:&quot;&quot;,&quot;camera&quot;:&quot;&quot;,&quot;caption&quot;:&quot;&quot;,&quot;created_timestamp&quot;:&quot;0&quot;,&quot;copyright&quot;:&quot;&quot;,&quot;focal_length&quot;:&quot;0&quot;,&quot;iso&quot;:&quot;0&quot;,&quot;shutter_speed&quot;:&quot;0&quot;,&quot;title&quot;:&quot;&quot;,&quot;orientation&quot;:&quot;0&quot;}\" data-image-title=\"8\" data-image-description=\"\" data-image-caption=\"\" data-medium-file=\"https:\/\/www.legistdf.gob.ar\/wp-content\/uploads\/2022\/09\/8-300x201.jpeg\" data-large-file=\"https:\/\/www.legistdf.gob.ar\/wp-content\/uploads\/2022\/09\/8-1024x687.jpeg\" \/><\/a>\n\t\t\t<\/dt><\/dl><dl class='gallery-item'>\n\t\t\t<dt class='gallery-icon landscape'>\n\t\t\t\t<a href='https:\/\/www.legistdf.gob.ar\/index.php\/2022\/09\/03\/onu-colazo-asistio-a-la-apertura-del-simulacro-del-modelo-de-naciones-unidas\/9-45\/'><img loading=\"lazy\" decoding=\"async\" width=\"150\" height=\"150\" src=\"https:\/\/www.legistdf.gob.ar\/wp-content\/uploads\/2022\/09\/9-150x150.jpeg\" class=\"attachment-thumbnail size-thumbnail\" alt=\"\" srcset=\"https:\/\/www.legistdf.gob.ar\/wp-content\/uploads\/2022\/09\/9-150x150.jpeg 150w, https:\/\/www.legistdf.gob.ar\/wp-content\/uploads\/2022\/09\/9-64x64.jpeg 64w\" sizes=\"(max-width: 150px) 100vw, 150px\" data-attachment-id=\"34482\" data-permalink=\"https:\/\/www.legistdf.gob.ar\/index.php\/2022\/09\/03\/onu-colazo-asistio-a-la-apertura-del-simulacro-del-modelo-de-naciones-unidas\/9-45\/\" data-orig-file=\"https:\/\/www.legistdf.gob.ar\/wp-content\/uploads\/2022\/09\/9.jpeg\" data-orig-size=\"1600,1067\" data-comments-opened=\"0\" data-image-meta=\"{&quot;aperture&quot;:&quot;0&quot;,&quot;credit&quot;:&quot;&quot;,&quot;camera&quot;:&quot;&quot;,&quot;caption&quot;:&quot;&quot;,&quot;created_timestamp&quot;:&quot;0&quot;,&quot;copyright&quot;:&quot;&quot;,&quot;focal_length&quot;:&quot;0&quot;,&quot;iso&quot;:&quot;0&quot;,&quot;shutter_speed&quot;:&quot;0&quot;,&quot;title&quot;:&quot;&quot;,&quot;orientation&quot;:&quot;0&quot;}\" data-image-title=\"9\" data-image-description=\"\" data-image-caption=\"\" data-medium-file=\"https:\/\/www.legistdf.gob.ar\/wp-content\/uploads\/2022\/09\/9-300x200.jpeg\" data-large-file=\"https:\/\/www.legistdf.gob.ar\/wp-content\/uploads\/2022\/09\/9-1024x683.jpeg\" \/><\/a>\n\t\t\t<\/dt><\/dl><dl class='gallery-item'>\n\t\t\t<dt class='gallery-icon landscape'>\n\t\t\t\t<a href='https:\/\/www.legistdf.gob.ar\/index.php\/2022\/09\/03\/onu-colazo-asistio-a-la-apertura-del-simulacro-del-modelo-de-naciones-unidas\/10-41\/'><img loading=\"lazy\" decoding=\"async\" width=\"150\" height=\"150\" src=\"https:\/\/www.legistdf.gob.ar\/wp-content\/uploads\/2022\/09\/10-150x150.jpeg\" class=\"attachment-thumbnail size-thumbnail\" alt=\"\" srcset=\"https:\/\/www.legistdf.gob.ar\/wp-content\/uploads\/2022\/09\/10-150x150.jpeg 150w, https:\/\/www.legistdf.gob.ar\/wp-content\/uploads\/2022\/09\/10-64x64.jpeg 64w\" sizes=\"(max-width: 150px) 100vw, 150px\" data-attachment-id=\"34483\" data-permalink=\"https:\/\/www.legistdf.gob.ar\/index.php\/2022\/09\/03\/onu-colazo-asistio-a-la-apertura-del-simulacro-del-modelo-de-naciones-unidas\/10-41\/\" data-orig-file=\"https:\/\/www.legistdf.gob.ar\/wp-content\/uploads\/2022\/09\/10.jpeg\" data-orig-size=\"1600,1067\" data-comments-opened=\"0\" data-image-meta=\"{&quot;aperture&quot;:&quot;0&quot;,&quot;credit&quot;:&quot;&quot;,&quot;camera&quot;:&quot;&quot;,&quot;caption&quot;:&quot;&quot;,&quot;created_timestamp&quot;:&quot;0&quot;,&quot;copyright&quot;:&quot;&quot;,&quot;focal_length&quot;:&quot;0&quot;,&quot;iso&quot;:&quot;0&quot;,&quot;shutter_speed&quot;:&quot;0&quot;,&quot;title&quot;:&quot;&quot;,&quot;orientation&quot;:&quot;0&quot;}\" data-image-title=\"10\" data-image-description=\"\" data-image-caption=\"\" data-medium-file=\"https:\/\/www.legistdf.gob.ar\/wp-content\/uploads\/2022\/09\/10-300x200.jpeg\" data-large-file=\"https:\/\/www.legistdf.gob.ar\/wp-content\/uploads\/2022\/09\/10-1024x683.jpeg\" \/><\/a>\n\t\t\t<\/dt><\/dl><br style=\"clear: both\" \/>\n\t\t<\/div>\n\n","protected":false},"excerpt":{"rendered":"<p>R\u00edo Grande, s\u00e1bado 3 de septiembre de 2022.- Se concret\u00f3 en R\u00edo Grande la cuarta simulaci\u00f3n del modelo de Naciones Unidas integradas por estudiantes de los \u00faltimos tres a\u00f1os de la escuela secundaria. La legisladora Mar\u00eda Laura Colazo (PV) acompa\u00f1\u00f3 la actividad que se realiz\u00f3 en la escuela N\u00b0 2 Benjam\u00edn Zorrilla. La Legisladora destac\u00f3 [&hellip;]<\/p>\n","protected":false},"author":352,"featured_media":34483,"comment_status":"closed","ping_status":"open","sticky":false,"template":"","format":"standard","meta":{"jetpack_post_was_ever_published":false,"_jetpack_newsletter_access":"","_jetpack_dont_email_post_to_subs":false,"_jetpack_newsletter_tier_id":0,"footnotes":"","jetpack_publicize_message":"","jetpack_publicize_feature_enabled":true,"jetpack_social_post_already_shared":true,"jetpack_social_options":{"image_generator_settings":{"template":"highway","enabled":false}}},"categories":[1],"tags":[80,78,1876,591,1884,96,79],"jetpack_publicize_connections":[],"jetpack_sharing_enabled":true,"jetpack_featured_media_url":"https:\/\/www.legistdf.gob.ar\/wp-content\/uploads\/2022\/09\/10.jpeg","jetpack-related-posts":[],"_links":{"self":[{"href":"https:\/\/www.legistdf.gob.ar\/index.php\/wp-json\/wp\/v2\/posts\/34473"}],"collection":[{"href":"https:\/\/www.legistdf.gob.ar\/index.php\/wp-json\/wp\/v2\/posts"}],"about":[{"href":"https:\/\/www.legistdf.gob.ar\/index.php\/wp-json\/wp\/v2\/types\/post"}],"author":[{"embeddable":true,"href":"https:\/\/www.legistdf.gob.ar\/index.php\/wp-json\/wp\/v2\/users\/352"}],"replies":[{"embeddable":true,"href":"https:\/\/www.legistdf.gob.ar\/index.php\/wp-json\/wp\/v2\/comments?post=34473"}],"version-history":[{"count":1,"href":"https:\/\/www.legistdf.gob.ar\/index.php\/wp-json\/wp\/v2\/posts\/34473\/revisions"}],"predecessor-version":[{"id":34484,"href":"https:\/\/www.legistdf.gob.ar\/index.php\/wp-json\/wp\/v2\/posts\/34473\/revisions\/34484"}],"wp:featuredmedia":[{"embeddable":true,"href":"https:\/\/www.legistdf.gob.ar\/index.php\/wp-json\/wp\/v2\/media\/34483"}],"wp:attachment":[{"href":"https:\/\/www.legistdf.gob.ar\/index.php\/wp-json\/wp\/v2\/media?parent=34473"}],"wp:term":[{"taxonomy":"category","embeddable":true,"href":"https:\/\/www.legistdf.gob.ar\/index.php\/wp-json\/wp\/v2\/categories?post=34473"},{"taxonomy":"post_tag","embeddable":true,"href":"https:\/\/www.legistdf.gob.ar\/index.php\/wp-json\/wp\/v2\/tags?post=34473"}],"curies":[{"name":"wp","href":"https:\/\/api.w.org\/{rel}","templated":true}]}}