{"id":34487,"date":"2022-09-05T10:51:29","date_gmt":"2022-09-05T13:51:29","guid":{"rendered":"https:\/\/www.legistdf.gob.ar\/?p=34487"},"modified":"2022-09-05T10:51:29","modified_gmt":"2022-09-05T13:51:29","slug":"comisiones-justicia-y-seguridad-retomara-agenda-parlamentaria","status":"publish","type":"post","link":"https:\/\/www.legistdf.gob.ar\/index.php\/2022\/09\/05\/comisiones-justicia-y-seguridad-retomara-agenda-parlamentaria\/","title":{"rendered":"COMISIONES: Justicia y Seguridad retomar\u00e1 agenda parlamentaria"},"content":{"rendered":"<p><strong><img loading=\"lazy\" decoding=\"async\" data-attachment-id=\"34298\" data-permalink=\"https:\/\/www.legistdf.gob.ar\/index.php\/2022\/08\/29\/villegas-hay-que-poner-en-agenda-publica-la-necesidad-de-una-nueva-unidad-carcelaria-para-tierra-del-fuego\/img_9302-2\/\" data-orig-file=\"https:\/\/www.legistdf.gob.ar\/wp-content\/uploads\/2022\/08\/IMG_9302.jpg\" data-orig-size=\"1200,800\" data-comments-opened=\"0\" data-image-meta=\"{&quot;aperture&quot;:&quot;0&quot;,&quot;credit&quot;:&quot;&quot;,&quot;camera&quot;:&quot;&quot;,&quot;caption&quot;:&quot;&quot;,&quot;created_timestamp&quot;:&quot;0&quot;,&quot;copyright&quot;:&quot;2020 TDF&quot;,&quot;focal_length&quot;:&quot;0&quot;,&quot;iso&quot;:&quot;0&quot;,&quot;shutter_speed&quot;:&quot;0&quot;,&quot;title&quot;:&quot;&quot;,&quot;orientation&quot;:&quot;0&quot;}\" data-image-title=\"IMG_9302\" data-image-description=\"\" data-image-caption=\"\" data-medium-file=\"https:\/\/www.legistdf.gob.ar\/wp-content\/uploads\/2022\/08\/IMG_9302-300x200.jpg\" data-large-file=\"https:\/\/www.legistdf.gob.ar\/wp-content\/uploads\/2022\/08\/IMG_9302-1024x683.jpg\" class=\"alignleft wp-image-34298 size-medium\" src=\"https:\/\/www.legistdf.gob.ar\/wp-content\/uploads\/2022\/08\/IMG_9302-300x200.jpg\" alt=\"\" width=\"300\" height=\"200\" srcset=\"https:\/\/www.legistdf.gob.ar\/wp-content\/uploads\/2022\/08\/IMG_9302-300x200.jpg 300w, https:\/\/www.legistdf.gob.ar\/wp-content\/uploads\/2022\/08\/IMG_9302-768x512.jpg 768w, https:\/\/www.legistdf.gob.ar\/wp-content\/uploads\/2022\/08\/IMG_9302-1024x683.jpg 1024w, https:\/\/www.legistdf.gob.ar\/wp-content\/uploads\/2022\/08\/IMG_9302-160x107.jpg 160w, https:\/\/www.legistdf.gob.ar\/wp-content\/uploads\/2022\/08\/IMG_9302.jpg 1200w\" sizes=\"(max-width: 300px) 100vw, 300px\" \/><span style=\"font-family: arial, helvetica, sans-serif;font-size: 12pt\">Ushuaia, lunes 5 de septiembre de 2022.- El legislador Pablo Villegas (MPF) presidir\u00e1 un encuentro de la Comisi\u00f3n de Justicia y Seguridad N\u00b0 6, donde recibir\u00e1n a integrantes del Superior Tribunal de Justicia (STJ) y Colegios de Abogados fueguinos. En el orden del d\u00eda se destacan abordaje de acci\u00f3n de amparo y modificaci\u00f3n a normas provinciales. La reuni\u00f3n se concretar\u00e1 ma\u00f1ana martes 6 desde las 11 h.<\/span><\/strong><\/p>\n<p>&nbsp;<\/p>\n<p><span style=\"font-family: arial, helvetica, sans-serif;font-size: 12pt\">El primero de los asuntos es el <a href=\"https:\/\/www.legistdf.gob.ar\/lp\/novedadesip\/Asuntos%20Entrados%202022\/As.%20N%BA%20053-22.pdf\" target=\"_blank\" rel=\"noopener noreferrer\">N\u00b0 053\/22<\/a>, del MPF, que busca dar \u201cla protecci\u00f3n de los derechos y libertades reconocidos en la Constituci\u00f3n Nacional, Tratados Internacionales de Derechos Humanos, Constituci\u00f3n Provincial y Leyes del Congreso de la Naci\u00f3n. (Acci\u00f3n de Amparo)\u201d.<\/span><\/p>\n<p>&nbsp;<\/p>\n<p><span style=\"font-family: arial, helvetica, sans-serif;font-size: 14pt\">La acci\u00f3n de amparo \u201ces el remedio fundamental\u201d que tienen los ciudadanos para proteger sus derechos consagrados en la Constituci\u00f3n Nacional ante las arbitrariedades e ilegalidades con que muchas veces, act\u00faa -ya sea por acci\u00f3n u omisi\u00f3n- el Estado o bien los particulares, se\u00f1alan desde la bancada del MPF en los fundamentos de la iniciativa.<\/span><\/p>\n<p>&nbsp;<\/p>\n<p><span style=\"font-family: arial, helvetica, sans-serif;font-size: 12pt\"><img loading=\"lazy\" decoding=\"async\" data-attachment-id=\"34386\" data-permalink=\"https:\/\/www.legistdf.gob.ar\/index.php\/2022\/08\/31\/malvinas-el-28-de-julio-se-recordara-como-dia-de-la-integracion-territorial\/img_2376-3\/\" data-orig-file=\"https:\/\/www.legistdf.gob.ar\/wp-content\/uploads\/2022\/08\/IMG_2376.jpg\" data-orig-size=\"1200,800\" data-comments-opened=\"0\" data-image-meta=\"{&quot;aperture&quot;:&quot;5.6&quot;,&quot;credit&quot;:&quot;&quot;,&quot;camera&quot;:&quot;Canon EOS Rebel T6i&quot;,&quot;caption&quot;:&quot;&quot;,&quot;created_timestamp&quot;:&quot;1661950249&quot;,&quot;copyright&quot;:&quot;&quot;,&quot;focal_length&quot;:&quot;100&quot;,&quot;iso&quot;:&quot;3200&quot;,&quot;shutter_speed&quot;:&quot;0.004&quot;,&quot;title&quot;:&quot;&quot;,&quot;orientation&quot;:&quot;0&quot;}\" data-image-title=\"IMG_2376\" data-image-description=\"\" data-image-caption=\"\" data-medium-file=\"https:\/\/www.legistdf.gob.ar\/wp-content\/uploads\/2022\/08\/IMG_2376-300x200.jpg\" data-large-file=\"https:\/\/www.legistdf.gob.ar\/wp-content\/uploads\/2022\/08\/IMG_2376-1024x683.jpg\" class=\"alignright wp-image-34386 size-medium\" src=\"https:\/\/www.legistdf.gob.ar\/wp-content\/uploads\/2022\/08\/IMG_2376-300x200.jpg\" alt=\"\" width=\"300\" height=\"200\" srcset=\"https:\/\/www.legistdf.gob.ar\/wp-content\/uploads\/2022\/08\/IMG_2376-300x200.jpg 300w, https:\/\/www.legistdf.gob.ar\/wp-content\/uploads\/2022\/08\/IMG_2376-768x512.jpg 768w, https:\/\/www.legistdf.gob.ar\/wp-content\/uploads\/2022\/08\/IMG_2376-1024x683.jpg 1024w, https:\/\/www.legistdf.gob.ar\/wp-content\/uploads\/2022\/08\/IMG_2376-160x107.jpg 160w, https:\/\/www.legistdf.gob.ar\/wp-content\/uploads\/2022\/08\/IMG_2376.jpg 1200w\" sizes=\"(max-width: 300px) 100vw, 300px\" \/>Villegas record\u00f3 que actualmente y sobre el particular, \u201cnuestra Provincia se rige por la antigua y obsoleta ley nacional de amparo N\u00b0 16.986 sancionada en el a\u00f1o 1966\u201d, detall\u00f3. Y consider\u00f3 que a m\u00e1s de 50 a\u00f1os de su sanci\u00f3n \u201cocurrieron hechos hist\u00f3ricos que dejaron a la ley nacional de amparo en un claro plano de antig\u00fcedad de cara al nuevo Estado Constitucional de Derecho\u201d.<\/span><\/p>\n<p>&nbsp;<\/p>\n<p><span style=\"font-family: arial, helvetica, sans-serif;font-size: 12pt\">En este sentido, se espera la presencia del Presidente del STJ, Dr. Javier Muchnik; del miembro del STJ, Dr. Ernesto L\u00f6ffler y de los Presidentes de los Colegios P\u00fablicos de Abogados de Ushuaia y R\u00edo Grande.<\/span><\/p>\n<p>&nbsp;<\/p>\n<p><span style=\"font-family: arial, helvetica, sans-serif;font-size: 12pt\">Para analizar el siguiente asunto, ser\u00e1n los Jueces del STJ, quienes expongan sobre el <a href=\"https:\/\/www.legistdf.gob.ar\/lp\/novedadesip\/Asuntos%20Entrados%202022\/As.%20N%BA%20144-22.pdf\" target=\"_blank\" rel=\"noopener noreferrer\">asunto N\u00b0 144\/22<\/a> oficio N\u00b0 22\/22 que adjunta acordada N\u00b0 27\/22 por modificaci\u00f3n de las leyes provinciales N\u00b0 110 168 y 1024.<\/span><\/p>\n<p>&nbsp;<\/p>\n<p style=\"text-align: right\"><em>AT<\/em><\/p>\n<p>&nbsp;<\/p>\n","protected":false},"excerpt":{"rendered":"<p>Ushuaia, lunes 5 de septiembre de 2022.- El legislador Pablo Villegas (MPF) presidir\u00e1 un encuentro de la Comisi\u00f3n de Justicia y Seguridad N\u00b0 6, donde recibir\u00e1n a integrantes del Superior Tribunal de Justicia (STJ) y Colegios de Abogados fueguinos. En el orden del d\u00eda se destacan abordaje de acci\u00f3n de amparo y modificaci\u00f3n a normas [&hellip;]<\/p>\n","protected":false},"author":352,"featured_media":34297,"comment_status":"closed","ping_status":"open","sticky":false,"template":"","format":"standard","meta":{"jetpack_post_was_ever_published":false,"_jetpack_newsletter_access":"","_jetpack_dont_email_post_to_subs":false,"_jetpack_newsletter_tier_id":0,"footnotes":"","jetpack_publicize_message":"","jetpack_publicize_feature_enabled":true,"jetpack_social_post_already_shared":true,"jetpack_social_options":{"image_generator_settings":{"template":"highway","enabled":false}}},"categories":[1],"tags":[162,78,113,106,230,79,87],"jetpack_publicize_connections":[],"jetpack_sharing_enabled":true,"jetpack_featured_media_url":"https:\/\/www.legistdf.gob.ar\/wp-content\/uploads\/2022\/08\/IMG_9297.jpg","jetpack-related-posts":[],"_links":{"self":[{"href":"https:\/\/www.legistdf.gob.ar\/index.php\/wp-json\/wp\/v2\/posts\/34487"}],"collection":[{"href":"https:\/\/www.legistdf.gob.ar\/index.php\/wp-json\/wp\/v2\/posts"}],"about":[{"href":"https:\/\/www.legistdf.gob.ar\/index.php\/wp-json\/wp\/v2\/types\/post"}],"author":[{"embeddable":true,"href":"https:\/\/www.legistdf.gob.ar\/index.php\/wp-json\/wp\/v2\/users\/352"}],"replies":[{"embeddable":true,"href":"https:\/\/www.legistdf.gob.ar\/index.php\/wp-json\/wp\/v2\/comments?post=34487"}],"version-history":[{"count":1,"href":"https:\/\/www.legistdf.gob.ar\/index.php\/wp-json\/wp\/v2\/posts\/34487\/revisions"}],"predecessor-version":[{"id":34488,"href":"https:\/\/www.legistdf.gob.ar\/index.php\/wp-json\/wp\/v2\/posts\/34487\/revisions\/34488"}],"wp:featuredmedia":[{"embeddable":true,"href":"https:\/\/www.legistdf.gob.ar\/index.php\/wp-json\/wp\/v2\/media\/34297"}],"wp:attachment":[{"href":"https:\/\/www.legistdf.gob.ar\/index.php\/wp-json\/wp\/v2\/media?parent=34487"}],"wp:term":[{"taxonomy":"category","embeddable":true,"href":"https:\/\/www.legistdf.gob.ar\/index.php\/wp-json\/wp\/v2\/categories?post=34487"},{"taxonomy":"post_tag","embeddable":true,"href":"https:\/\/www.legistdf.gob.ar\/index.php\/wp-json\/wp\/v2\/tags?post=34487"}],"curies":[{"name":"wp","href":"https:\/\/api.w.org\/{rel}","templated":true}]}}