{"id":34607,"date":"2022-09-08T15:23:23","date_gmt":"2022-09-08T18:23:23","guid":{"rendered":"https:\/\/www.legistdf.gob.ar\/?p=34607"},"modified":"2022-09-08T15:23:23","modified_gmt":"2022-09-08T18:23:23","slug":"cultura-en-homenaje-a-julio-leite-cada-1-de-septiembre-sera-el-dia-de-la-poesia-fueguina","status":"publish","type":"post","link":"https:\/\/www.legistdf.gob.ar\/index.php\/2022\/09\/08\/cultura-en-homenaje-a-julio-leite-cada-1-de-septiembre-sera-el-dia-de-la-poesia-fueguina\/","title":{"rendered":"CULTURA: En homenaje a Julio Leite, cada 1 de septiembre ser\u00e1 el d\u00eda de la poes\u00eda fueguina"},"content":{"rendered":"<p><span style=\"font-family: arial, helvetica, sans-serif;font-size: 12pt\"><strong><img loading=\"lazy\" decoding=\"async\" data-attachment-id=\"34609\" data-permalink=\"https:\/\/www.legistdf.gob.ar\/index.php\/2022\/09\/08\/cultura-en-homenaje-a-julio-leite-cada-1-de-septiembre-sera-el-dia-de-la-poesia-fueguina\/img_2844\/\" data-orig-file=\"https:\/\/www.legistdf.gob.ar\/wp-content\/uploads\/2022\/09\/IMG_2844.jpg\" data-orig-size=\"1500,1000\" data-comments-opened=\"0\" data-image-meta=\"{&quot;aperture&quot;:&quot;5.6&quot;,&quot;credit&quot;:&quot;&quot;,&quot;camera&quot;:&quot;Canon EOS Rebel T6i&quot;,&quot;caption&quot;:&quot;&quot;,&quot;created_timestamp&quot;:&quot;1662641829&quot;,&quot;copyright&quot;:&quot;&quot;,&quot;focal_length&quot;:&quot;20&quot;,&quot;iso&quot;:&quot;3200&quot;,&quot;shutter_speed&quot;:&quot;0.00625&quot;,&quot;title&quot;:&quot;&quot;,&quot;orientation&quot;:&quot;0&quot;}\" data-image-title=\"IMG_2844\" data-image-description=\"\" data-image-caption=\"\" data-medium-file=\"https:\/\/www.legistdf.gob.ar\/wp-content\/uploads\/2022\/09\/IMG_2844-300x200.jpg\" data-large-file=\"https:\/\/www.legistdf.gob.ar\/wp-content\/uploads\/2022\/09\/IMG_2844-1024x683.jpg\" class=\"alignleft wp-image-34609 size-medium\" src=\"https:\/\/www.legistdf.gob.ar\/wp-content\/uploads\/2022\/09\/IMG_2844-300x200.jpg\" alt=\"\" width=\"300\" height=\"200\" srcset=\"https:\/\/www.legistdf.gob.ar\/wp-content\/uploads\/2022\/09\/IMG_2844-300x200.jpg 300w, https:\/\/www.legistdf.gob.ar\/wp-content\/uploads\/2022\/09\/IMG_2844-768x512.jpg 768w, https:\/\/www.legistdf.gob.ar\/wp-content\/uploads\/2022\/09\/IMG_2844-1024x683.jpg 1024w, https:\/\/www.legistdf.gob.ar\/wp-content\/uploads\/2022\/09\/IMG_2844-160x107.jpg 160w, https:\/\/www.legistdf.gob.ar\/wp-content\/uploads\/2022\/09\/IMG_2844.jpg 1500w\" sizes=\"(max-width: 300px) 100vw, 300px\" \/>Ushuaia, jueves 8 de septiembre de 2022.- La cultura fueguina y sus representantes, tuvieron \u00a0su espacio en la \u00a03\u00aa Sesi\u00f3n Ordinaria del Parlamento. Por unanimidad, sancionaron la Ley que \u00a0\u00a0rinde homenaje al poeta fueguino, Juan Jos\u00e9 \u201cMochi\u201d Leite, quien naciera el 1 de septiembre de 1957. Sus obras no solo recorrieron festivales en el pa\u00eds, sino que fue convocado y destacado en el pa\u00eds vecino de Chile. En ese sentido el proyecto propone adem\u00e1s que se declare la semana de la poes\u00eda en la Provincia con el objetivo de promover ese tipo de narrativa. La autora de la iniciativa es la legisladora Mar\u00eda Victoria Vuoto (PV). <\/strong><strong>La iniciativa del Partido Verde fue sancionada por unanimidad de la C\u00e1mara en sesi\u00f3n ordinaria.\u00a0<\/strong><\/span><\/p>\n<p>&nbsp;<\/p>\n<p><span style=\"font-family: arial, helvetica, sans-serif;font-size: 14pt\">La Legisladora, expres\u00f3 en sesi\u00f3n que el poeta fueguino trascendi\u00f3 las fronteras de la Provincia. \u201cLleg\u00f3 a lo largo y ancho de nuestro pa\u00eds con su pluma y poes\u00eda. \u00a0Tambi\u00e9n se destac\u00f3 en pa\u00edses latinoamericanos\u201d, consider\u00f3. <\/span><span style=\"font-family: arial, helvetica, sans-serif;font-size: 12pt\"><span style=\"font-size: 14pt\">Adem\u00e1s la Ley crea un programa de concientizaci\u00f3n y acciones vinculadas a la educaci\u00f3n durante toda una semana. De esta manera se\u00a0 promueve la poes\u00eda ante los\u00a0 j\u00f3venes, ni\u00f1as, ni\u00f1os y adolescentes, remarc\u00f3 la referente del Partido Verde<\/span>.<\/span><\/p>\n<p>&nbsp;<\/p>\n<p><span style=\"font-family: arial, helvetica, sans-serif;font-size: 12pt\"><img loading=\"lazy\" decoding=\"async\" data-attachment-id=\"34608\" data-permalink=\"https:\/\/www.legistdf.gob.ar\/index.php\/2022\/09\/08\/cultura-en-homenaje-a-julio-leite-cada-1-de-septiembre-sera-el-dia-de-la-poesia-fueguina\/img_2760-2\/\" data-orig-file=\"https:\/\/www.legistdf.gob.ar\/wp-content\/uploads\/2022\/09\/IMG_2760.jpg\" data-orig-size=\"1500,1000\" data-comments-opened=\"0\" data-image-meta=\"{&quot;aperture&quot;:&quot;5.6&quot;,&quot;credit&quot;:&quot;&quot;,&quot;camera&quot;:&quot;Canon EOS Rebel T6i&quot;,&quot;caption&quot;:&quot;&quot;,&quot;created_timestamp&quot;:&quot;1662640207&quot;,&quot;copyright&quot;:&quot;&quot;,&quot;focal_length&quot;:&quot;13&quot;,&quot;iso&quot;:&quot;3200&quot;,&quot;shutter_speed&quot;:&quot;0.00625&quot;,&quot;title&quot;:&quot;&quot;,&quot;orientation&quot;:&quot;0&quot;}\" data-image-title=\"IMG_2760\" data-image-description=\"\" data-image-caption=\"\" data-medium-file=\"https:\/\/www.legistdf.gob.ar\/wp-content\/uploads\/2022\/09\/IMG_2760-300x200.jpg\" data-large-file=\"https:\/\/www.legistdf.gob.ar\/wp-content\/uploads\/2022\/09\/IMG_2760-1024x683.jpg\" class=\"alignright wp-image-34608 size-medium\" src=\"https:\/\/www.legistdf.gob.ar\/wp-content\/uploads\/2022\/09\/IMG_2760-300x200.jpg\" alt=\"\" width=\"300\" height=\"200\" srcset=\"https:\/\/www.legistdf.gob.ar\/wp-content\/uploads\/2022\/09\/IMG_2760-300x200.jpg 300w, https:\/\/www.legistdf.gob.ar\/wp-content\/uploads\/2022\/09\/IMG_2760-768x512.jpg 768w, https:\/\/www.legistdf.gob.ar\/wp-content\/uploads\/2022\/09\/IMG_2760-1024x683.jpg 1024w, https:\/\/www.legistdf.gob.ar\/wp-content\/uploads\/2022\/09\/IMG_2760-160x107.jpg 160w, https:\/\/www.legistdf.gob.ar\/wp-content\/uploads\/2022\/09\/IMG_2760.jpg 1500w\" sizes=\"(max-width: 300px) 100vw, 300px\" \/>Cabe recordar que el <a href=\"https:\/\/www.legistdf.gob.ar\/lp\/novedadesip\/Asuntos%20Entrados%202022\/As.%20N%BA%20300-22.pdf\" target=\"_blank\" rel=\"noopener noreferrer\">asunto N\u00ba 300\/22<\/a>\u00a0 propuesto por el Partido Verde fue abordado en el seno de la Comisi\u00f3n de Educaci\u00f3n N\u00ba 4, espacio en el que el \u00a0tema convoc\u00f3 expresiones de escritores, docentes y referentes de la cultura fueguina. Todos ellos, mencionaron an\u00e9cdotas que vivieron en lo particular,\u00a0 junto al artista fallecido en 2019, Julio Leite.<\/span><\/p>\n<p>&nbsp;<\/p>\n<p><span style=\"font-family: arial, helvetica, sans-serif;font-size: 14pt\">El escritor particip\u00f3, entre otras actividades, del Encuentro de J\u00f3venes Escritores de la Universidad de Alcal\u00e1 de Herniares, del Encuentro Nacional de Escritores.\u00a0\u00a0Sus poes\u00edas han sido parte de los cancioneros de los cantautores argentinos y de la Patagonia. Fue destacado con diploma de honor en Puerto Porvenir (Chile) y en R\u00edo Gallegos (Santa Cruz). Adem\u00e1s fue puesto en la plaqueta de popularidad por la Asociaci\u00f3n de Artesanos de R\u00edo Grande.\u00a0<\/span><\/p>\n<p>&nbsp;<\/p>\n<p><span style=\"font-family: arial, helvetica, sans-serif;font-size: 12pt\"><img loading=\"lazy\" decoding=\"async\" data-attachment-id=\"34610\" data-permalink=\"https:\/\/www.legistdf.gob.ar\/index.php\/2022\/09\/08\/cultura-en-homenaje-a-julio-leite-cada-1-de-septiembre-sera-el-dia-de-la-poesia-fueguina\/julio_jose_leite\/\" data-orig-file=\"https:\/\/www.legistdf.gob.ar\/wp-content\/uploads\/2022\/09\/Julio_Jos\u00e9_Leite.jpg\" data-orig-size=\"1216,793\" data-comments-opened=\"0\" data-image-meta=\"{&quot;aperture&quot;:&quot;4.5&quot;,&quot;credit&quot;:&quot;Picasa&quot;,&quot;camera&quot;:&quot;Canon EOS DIGITAL REBEL XT&quot;,&quot;caption&quot;:&quot;&quot;,&quot;created_timestamp&quot;:&quot;1410038238&quot;,&quot;copyright&quot;:&quot;&quot;,&quot;focal_length&quot;:&quot;40&quot;,&quot;iso&quot;:&quot;200&quot;,&quot;shutter_speed&quot;:&quot;0.076923076923077&quot;,&quot;title&quot;:&quot;&quot;,&quot;orientation&quot;:&quot;0&quot;}\" data-image-title=\"Julio_Jos\u00e9_Leite\" data-image-description=\"\" data-image-caption=\"\" data-medium-file=\"https:\/\/www.legistdf.gob.ar\/wp-content\/uploads\/2022\/09\/Julio_Jos\u00e9_Leite-300x196.jpg\" data-large-file=\"https:\/\/www.legistdf.gob.ar\/wp-content\/uploads\/2022\/09\/Julio_Jos\u00e9_Leite-1024x668.jpg\" class=\"alignleft wp-image-34610 size-medium\" src=\"https:\/\/www.legistdf.gob.ar\/wp-content\/uploads\/2022\/09\/Julio_Jos\u00e9_Leite-300x196.jpg\" alt=\"\" width=\"300\" height=\"196\" srcset=\"https:\/\/www.legistdf.gob.ar\/wp-content\/uploads\/2022\/09\/Julio_Jos\u00e9_Leite-300x196.jpg 300w, https:\/\/www.legistdf.gob.ar\/wp-content\/uploads\/2022\/09\/Julio_Jos\u00e9_Leite-768x501.jpg 768w, https:\/\/www.legistdf.gob.ar\/wp-content\/uploads\/2022\/09\/Julio_Jos\u00e9_Leite-1024x668.jpg 1024w, https:\/\/www.legistdf.gob.ar\/wp-content\/uploads\/2022\/09\/Julio_Jos\u00e9_Leite-160x104.jpg 160w, https:\/\/www.legistdf.gob.ar\/wp-content\/uploads\/2022\/09\/Julio_Jos\u00e9_Leite.jpg 1216w\" sizes=\"(max-width: 300px) 100vw, 300px\" \/>El Ministerio de Educaci\u00f3n de la Provincia deber\u00e1 implementar la jornada de la difusi\u00f3n po\u00e9tica, a partir del 1\u00b0 de septiembre, fecha del natalicio de Leite, \u201cSemana de la poes\u00eda\u201d en correspondencia al d\u00eda del \u201cPoeta fueguino\u201d, espacio en el que se dictar\u00e1n clases, talleres que ayuden a favorecer, a trav\u00e9s de los miembros de la comunidad educativa, el an\u00e1lisis, debate y participaci\u00f3n de los alumnos en el abordaje de la poes\u00eda.\u00a0<\/span><\/p>\n<p>&nbsp;<\/p>\n<p>&nbsp;<\/p>\n<p>&nbsp;<\/p>\n\n\t\t<style type=\"text\/css\">\n\t\t\t#gallery-1 {\n\t\t\t\tmargin: auto;\n\t\t\t}\n\t\t\t#gallery-1 .gallery-item {\n\t\t\t\tfloat: left;\n\t\t\t\tmargin-top: 10px;\n\t\t\t\ttext-align: center;\n\t\t\t\twidth: 50%;\n\t\t\t}\n\t\t\t#gallery-1 img {\n\t\t\t\tborder: 2px solid #cfcfcf;\n\t\t\t}\n\t\t\t#gallery-1 .gallery-caption {\n\t\t\t\tmargin-left: 0;\n\t\t\t}\n\t\t\t\/* see gallery_shortcode() in wp-includes\/media.php *\/\n\t\t<\/style>\n\t\t<div data-carousel-extra='{\"blog_id\":1,\"permalink\":\"https:\\\/\\\/www.legistdf.gob.ar\\\/index.php\\\/2022\\\/09\\\/08\\\/cultura-en-homenaje-a-julio-leite-cada-1-de-septiembre-sera-el-dia-de-la-poesia-fueguina\\\/\"}' id='gallery-1' class='gallery galleryid-34607 gallery-columns-2 gallery-size-thumbnail'><dl class='gallery-item'>\n\t\t\t<dt class='gallery-icon landscape'>\n\t\t\t\t<a href='https:\/\/www.legistdf.gob.ar\/index.php\/2022\/09\/08\/cultura-en-homenaje-a-julio-leite-cada-1-de-septiembre-sera-el-dia-de-la-poesia-fueguina\/img_2760-2\/'><img loading=\"lazy\" decoding=\"async\" width=\"150\" height=\"150\" src=\"https:\/\/www.legistdf.gob.ar\/wp-content\/uploads\/2022\/09\/IMG_2760-150x150.jpg\" class=\"attachment-thumbnail size-thumbnail\" alt=\"\" srcset=\"https:\/\/www.legistdf.gob.ar\/wp-content\/uploads\/2022\/09\/IMG_2760-150x150.jpg 150w, https:\/\/www.legistdf.gob.ar\/wp-content\/uploads\/2022\/09\/IMG_2760-64x64.jpg 64w\" sizes=\"(max-width: 150px) 100vw, 150px\" data-attachment-id=\"34608\" data-permalink=\"https:\/\/www.legistdf.gob.ar\/index.php\/2022\/09\/08\/cultura-en-homenaje-a-julio-leite-cada-1-de-septiembre-sera-el-dia-de-la-poesia-fueguina\/img_2760-2\/\" data-orig-file=\"https:\/\/www.legistdf.gob.ar\/wp-content\/uploads\/2022\/09\/IMG_2760.jpg\" data-orig-size=\"1500,1000\" data-comments-opened=\"0\" data-image-meta=\"{&quot;aperture&quot;:&quot;5.6&quot;,&quot;credit&quot;:&quot;&quot;,&quot;camera&quot;:&quot;Canon EOS Rebel T6i&quot;,&quot;caption&quot;:&quot;&quot;,&quot;created_timestamp&quot;:&quot;1662640207&quot;,&quot;copyright&quot;:&quot;&quot;,&quot;focal_length&quot;:&quot;13&quot;,&quot;iso&quot;:&quot;3200&quot;,&quot;shutter_speed&quot;:&quot;0.00625&quot;,&quot;title&quot;:&quot;&quot;,&quot;orientation&quot;:&quot;0&quot;}\" data-image-title=\"IMG_2760\" data-image-description=\"\" data-image-caption=\"\" data-medium-file=\"https:\/\/www.legistdf.gob.ar\/wp-content\/uploads\/2022\/09\/IMG_2760-300x200.jpg\" data-large-file=\"https:\/\/www.legistdf.gob.ar\/wp-content\/uploads\/2022\/09\/IMG_2760-1024x683.jpg\" \/><\/a>\n\t\t\t<\/dt><\/dl><dl class='gallery-item'>\n\t\t\t<dt class='gallery-icon landscape'>\n\t\t\t\t<a href='https:\/\/www.legistdf.gob.ar\/index.php\/2022\/09\/08\/cultura-en-homenaje-a-julio-leite-cada-1-de-septiembre-sera-el-dia-de-la-poesia-fueguina\/img_2844\/'><img loading=\"lazy\" decoding=\"async\" width=\"150\" height=\"150\" src=\"https:\/\/www.legistdf.gob.ar\/wp-content\/uploads\/2022\/09\/IMG_2844-150x150.jpg\" class=\"attachment-thumbnail size-thumbnail\" alt=\"\" srcset=\"https:\/\/www.legistdf.gob.ar\/wp-content\/uploads\/2022\/09\/IMG_2844-150x150.jpg 150w, https:\/\/www.legistdf.gob.ar\/wp-content\/uploads\/2022\/09\/IMG_2844-64x64.jpg 64w\" sizes=\"(max-width: 150px) 100vw, 150px\" data-attachment-id=\"34609\" data-permalink=\"https:\/\/www.legistdf.gob.ar\/index.php\/2022\/09\/08\/cultura-en-homenaje-a-julio-leite-cada-1-de-septiembre-sera-el-dia-de-la-poesia-fueguina\/img_2844\/\" data-orig-file=\"https:\/\/www.legistdf.gob.ar\/wp-content\/uploads\/2022\/09\/IMG_2844.jpg\" data-orig-size=\"1500,1000\" data-comments-opened=\"0\" data-image-meta=\"{&quot;aperture&quot;:&quot;5.6&quot;,&quot;credit&quot;:&quot;&quot;,&quot;camera&quot;:&quot;Canon EOS Rebel T6i&quot;,&quot;caption&quot;:&quot;&quot;,&quot;created_timestamp&quot;:&quot;1662641829&quot;,&quot;copyright&quot;:&quot;&quot;,&quot;focal_length&quot;:&quot;20&quot;,&quot;iso&quot;:&quot;3200&quot;,&quot;shutter_speed&quot;:&quot;0.00625&quot;,&quot;title&quot;:&quot;&quot;,&quot;orientation&quot;:&quot;0&quot;}\" data-image-title=\"IMG_2844\" data-image-description=\"\" data-image-caption=\"\" data-medium-file=\"https:\/\/www.legistdf.gob.ar\/wp-content\/uploads\/2022\/09\/IMG_2844-300x200.jpg\" data-large-file=\"https:\/\/www.legistdf.gob.ar\/wp-content\/uploads\/2022\/09\/IMG_2844-1024x683.jpg\" \/><\/a>\n\t\t\t<\/dt><\/dl><br style=\"clear: both\" \/>\n\t\t<\/div>\n\n<p style=\"text-align: right\"><em>ZV-MCH-NEGM<\/em><\/p>\n","protected":false},"excerpt":{"rendered":"<p>Ushuaia, jueves 8 de septiembre de 2022.- La cultura fueguina y sus representantes, tuvieron \u00a0su espacio en la \u00a03\u00aa Sesi\u00f3n Ordinaria del Parlamento. Por unanimidad, sancionaron la Ley que \u00a0\u00a0rinde homenaje al poeta fueguino, Juan Jos\u00e9 \u201cMochi\u201d Leite, quien naciera el 1 de septiembre de 1957. Sus obras no solo recorrieron festivales en el pa\u00eds, [&hellip;]<\/p>\n","protected":false},"author":352,"featured_media":34610,"comment_status":"closed","ping_status":"open","sticky":false,"template":"","format":"standard","meta":{"jetpack_post_was_ever_published":false,"_jetpack_newsletter_access":"","_jetpack_dont_email_post_to_subs":false,"_jetpack_newsletter_tier_id":0,"footnotes":"","jetpack_publicize_message":"","jetpack_publicize_feature_enabled":true,"jetpack_social_post_already_shared":true,"jetpack_social_options":{"image_generator_settings":{"template":"highway","enabled":false}}},"categories":[1],"tags":[47,1221,78,2677,2168,1825,117,87],"jetpack_publicize_connections":[],"jetpack_sharing_enabled":true,"jetpack_featured_media_url":"https:\/\/www.legistdf.gob.ar\/wp-content\/uploads\/2022\/09\/Julio_Jos\u00e9_Leite.jpg","jetpack-related-posts":[],"_links":{"self":[{"href":"https:\/\/www.legistdf.gob.ar\/index.php\/wp-json\/wp\/v2\/posts\/34607"}],"collection":[{"href":"https:\/\/www.legistdf.gob.ar\/index.php\/wp-json\/wp\/v2\/posts"}],"about":[{"href":"https:\/\/www.legistdf.gob.ar\/index.php\/wp-json\/wp\/v2\/types\/post"}],"author":[{"embeddable":true,"href":"https:\/\/www.legistdf.gob.ar\/index.php\/wp-json\/wp\/v2\/users\/352"}],"replies":[{"embeddable":true,"href":"https:\/\/www.legistdf.gob.ar\/index.php\/wp-json\/wp\/v2\/comments?post=34607"}],"version-history":[{"count":1,"href":"https:\/\/www.legistdf.gob.ar\/index.php\/wp-json\/wp\/v2\/posts\/34607\/revisions"}],"predecessor-version":[{"id":34611,"href":"https:\/\/www.legistdf.gob.ar\/index.php\/wp-json\/wp\/v2\/posts\/34607\/revisions\/34611"}],"wp:featuredmedia":[{"embeddable":true,"href":"https:\/\/www.legistdf.gob.ar\/index.php\/wp-json\/wp\/v2\/media\/34610"}],"wp:attachment":[{"href":"https:\/\/www.legistdf.gob.ar\/index.php\/wp-json\/wp\/v2\/media?parent=34607"}],"wp:term":[{"taxonomy":"category","embeddable":true,"href":"https:\/\/www.legistdf.gob.ar\/index.php\/wp-json\/wp\/v2\/categories?post=34607"},{"taxonomy":"post_tag","embeddable":true,"href":"https:\/\/www.legistdf.gob.ar\/index.php\/wp-json\/wp\/v2\/tags?post=34607"}],"curies":[{"name":"wp","href":"https:\/\/api.w.org\/{rel}","templated":true}]}}