{"id":34694,"date":"2022-09-12T11:17:01","date_gmt":"2022-09-12T14:17:01","guid":{"rendered":"https:\/\/www.legistdf.gob.ar\/?p=34694"},"modified":"2022-09-12T11:27:49","modified_gmt":"2022-09-12T14:27:49","slug":"sesion-establecen-leyenda-oficial-por-40-anos-de-la-restauracion-de-la-democracia-argentina","status":"publish","type":"post","link":"https:\/\/www.legistdf.gob.ar\/index.php\/2022\/09\/12\/sesion-establecen-leyenda-oficial-por-40-anos-de-la-restauracion-de-la-democracia-argentina\/","title":{"rendered":"SESI\u00d3N: Establecen leyenda oficial por 40 a\u00f1os de la restauraci\u00f3n de la democracia argentina"},"content":{"rendered":"<p><span style=\"font-family: arial, helvetica, sans-serif;font-size: 12pt\"><strong><img loading=\"lazy\" decoding=\"async\" data-attachment-id=\"34695\" data-permalink=\"https:\/\/www.legistdf.gob.ar\/index.php\/2022\/09\/12\/sesion-establecen-leyenda-oficial-por-40-anos-de-la-restauracion-de-la-democracia-argentina\/35-anos-de-democracia-alfonsin-en-el-cabildo-victor-bugge\/\" data-orig-file=\"https:\/\/www.legistdf.gob.ar\/wp-content\/uploads\/2022\/09\/35-anos-de-democracia-Alfonsin-en-el-Cabildo-Victor-Bugge.jpg\" data-orig-size=\"1920,1072\" data-comments-opened=\"0\" data-image-meta=\"{&quot;aperture&quot;:&quot;0&quot;,&quot;credit&quot;:&quot;&quot;,&quot;camera&quot;:&quot;&quot;,&quot;caption&quot;:&quot;&quot;,&quot;created_timestamp&quot;:&quot;0&quot;,&quot;copyright&quot;:&quot;&quot;,&quot;focal_length&quot;:&quot;0&quot;,&quot;iso&quot;:&quot;0&quot;,&quot;shutter_speed&quot;:&quot;0&quot;,&quot;title&quot;:&quot;&quot;,&quot;orientation&quot;:&quot;1&quot;}\" data-image-title=\"35-anos-de-democracia-Alfonsin-en-el-Cabildo-Victor-Bugge\" data-image-description=\"\" data-image-caption=\"\" data-medium-file=\"https:\/\/www.legistdf.gob.ar\/wp-content\/uploads\/2022\/09\/35-anos-de-democracia-Alfonsin-en-el-Cabildo-Victor-Bugge-300x168.jpg\" data-large-file=\"https:\/\/www.legistdf.gob.ar\/wp-content\/uploads\/2022\/09\/35-anos-de-democracia-Alfonsin-en-el-Cabildo-Victor-Bugge-1024x572.jpg\" class=\"alignleft wp-image-34695 size-medium\" src=\"https:\/\/www.legistdf.gob.ar\/wp-content\/uploads\/2022\/09\/35-anos-de-democracia-Alfonsin-en-el-Cabildo-Victor-Bugge-300x168.jpg\" alt=\"\" width=\"300\" height=\"168\" srcset=\"https:\/\/www.legistdf.gob.ar\/wp-content\/uploads\/2022\/09\/35-anos-de-democracia-Alfonsin-en-el-Cabildo-Victor-Bugge-300x168.jpg 300w, https:\/\/www.legistdf.gob.ar\/wp-content\/uploads\/2022\/09\/35-anos-de-democracia-Alfonsin-en-el-Cabildo-Victor-Bugge-768x429.jpg 768w, https:\/\/www.legistdf.gob.ar\/wp-content\/uploads\/2022\/09\/35-anos-de-democracia-Alfonsin-en-el-Cabildo-Victor-Bugge-1024x572.jpg 1024w, https:\/\/www.legistdf.gob.ar\/wp-content\/uploads\/2022\/09\/35-anos-de-democracia-Alfonsin-en-el-Cabildo-Victor-Bugge-160x89.jpg 160w, https:\/\/www.legistdf.gob.ar\/wp-content\/uploads\/2022\/09\/35-anos-de-democracia-Alfonsin-en-el-Cabildo-Victor-Bugge.jpg 1920w\" sizes=\"(max-width: 300px) 100vw, 300px\" \/><span style=\"font-size: 14pt\">Ushuaia, lunes 12 de septiembre de 2022.- El a\u00f1o pr\u00f3ximo se cumplen cuatro d\u00e9cadas de vida democr\u00e1tica en la Argentina, en ese sentido los Legisladores del bloque de la UCR, presentaron un proyecto que se transform\u00f3 en Ley en la sesi\u00f3n del jueves pr\u00f3ximo pasado. Se estableci\u00f3 que toda la papeler\u00eda oficial de la Provincia deber\u00e1 llevar la leyenda \u201c2023 &#8211; 40\u00ba Aniversario de la Restauraci\u00f3n de la Democracia\u201d, en el margen superior derecho. <\/span><\/strong><\/span><\/p>\n<p>&nbsp;<\/p>\n<p><span style=\"font-family: arial, helvetica, sans-serif;font-size: 12pt\">En sesi\u00f3n, el legislador Federico Sciurano, expres\u00f3 que \u201ccada 10 de diciembre se conmemora en nuestro pa\u00eds el d\u00eda de la restauraci\u00f3n de la democracia en recuerdo de la asunci\u00f3n de Ra\u00fal Alfons\u00edn como presidente de la Naci\u00f3n en 1983. El pueblo recuperaba la democracia y el Estado de derecho tras siete a\u00f1os de dictadura c\u00edvico militar\u201d.<\/span><\/p>\n<p>&nbsp;<\/p>\n<p><span style=\"font-family: arial, helvetica, sans-serif;font-size: 12pt\"><img loading=\"lazy\" decoding=\"async\" data-attachment-id=\"34645\" data-permalink=\"https:\/\/www.legistdf.gob.ar\/index.php\/2022\/09\/09\/sesion-el-proyecto-de-ley-de-presupuesto-2023-espera-su-debate-en-comision-n-2\/img_4537\/\" data-orig-file=\"https:\/\/www.legistdf.gob.ar\/wp-content\/uploads\/2022\/09\/IMG_4537.jpg\" data-orig-size=\"1500,1000\" data-comments-opened=\"0\" data-image-meta=\"{&quot;aperture&quot;:&quot;3.5&quot;,&quot;credit&quot;:&quot;&quot;,&quot;camera&quot;:&quot;Canon EOS 6D&quot;,&quot;caption&quot;:&quot;&quot;,&quot;created_timestamp&quot;:&quot;1662645416&quot;,&quot;copyright&quot;:&quot;&quot;,&quot;focal_length&quot;:&quot;70&quot;,&quot;iso&quot;:&quot;2500&quot;,&quot;shutter_speed&quot;:&quot;0.00625&quot;,&quot;title&quot;:&quot;&quot;,&quot;orientation&quot;:&quot;0&quot;}\" data-image-title=\"IMG_4537\" data-image-description=\"\" data-image-caption=\"\" data-medium-file=\"https:\/\/www.legistdf.gob.ar\/wp-content\/uploads\/2022\/09\/IMG_4537-300x200.jpg\" data-large-file=\"https:\/\/www.legistdf.gob.ar\/wp-content\/uploads\/2022\/09\/IMG_4537-1024x683.jpg\" class=\"alignright wp-image-34645 size-medium\" src=\"https:\/\/www.legistdf.gob.ar\/wp-content\/uploads\/2022\/09\/IMG_4537-300x200.jpg\" alt=\"\" width=\"300\" height=\"200\" srcset=\"https:\/\/www.legistdf.gob.ar\/wp-content\/uploads\/2022\/09\/IMG_4537-300x200.jpg 300w, https:\/\/www.legistdf.gob.ar\/wp-content\/uploads\/2022\/09\/IMG_4537-768x512.jpg 768w, https:\/\/www.legistdf.gob.ar\/wp-content\/uploads\/2022\/09\/IMG_4537-1024x683.jpg 1024w, https:\/\/www.legistdf.gob.ar\/wp-content\/uploads\/2022\/09\/IMG_4537-160x107.jpg 160w, https:\/\/www.legistdf.gob.ar\/wp-content\/uploads\/2022\/09\/IMG_4537.jpg 1500w\" sizes=\"(max-width: 300px) 100vw, 300px\" \/>En los fundamentos del asunto, el bloque especifica que la fecha fue establecida por la<a href=\"http:\/\/servicios.infoleg.gob.ar\/infolegInternet\/anexos\/135000-139999\/135915\/norma.htm\" target=\"_blank\" rel=\"noopener noreferrer\"> Ley N\u00b0 26.323<\/a> con el fin de promover en todo el territorio nacional, los valores democr\u00e1ticos y resaltar su significado hist\u00f3rico, pol\u00edtico y social.<\/span><\/p>\n<p>&nbsp;<\/p>\n<p><span style=\"font-family: arial, helvetica, sans-serif;font-size: 12pt\">En el articulado, se establece que en los sitios de internet oficiales, se deber\u00e1 tambi\u00e9n introducir la leyenda y adem\u00e1s se invitar\u00e1 a las administraciones municipales de Tierra del Fuego, a adherir a la Ley.<\/span><\/p>\n<p>&nbsp;<\/p>\n<p style=\"text-align: right\"><em>ZV-NEGM<\/em><\/p>\n","protected":false},"excerpt":{"rendered":"<p>Ushuaia, lunes 12 de septiembre de 2022.- El a\u00f1o pr\u00f3ximo se cumplen cuatro d\u00e9cadas de vida democr\u00e1tica en la Argentina, en ese sentido los Legisladores del bloque de la UCR, presentaron un proyecto que se transform\u00f3 en Ley en la sesi\u00f3n del jueves pr\u00f3ximo pasado. Se estableci\u00f3 que toda la papeler\u00eda oficial de la Provincia [&hellip;]<\/p>\n","protected":false},"author":352,"featured_media":34695,"comment_status":"closed","ping_status":"open","sticky":false,"template":"","format":"standard","meta":{"jetpack_post_was_ever_published":false,"_jetpack_newsletter_access":"","_jetpack_dont_email_post_to_subs":false,"_jetpack_newsletter_tier_id":0,"footnotes":"","jetpack_publicize_message":"","jetpack_publicize_feature_enabled":true,"jetpack_social_post_already_shared":true,"jetpack_social_options":{"image_generator_settings":{"template":"highway","enabled":false}}},"categories":[1],"tags":[904,1824,78,119,117,79,648],"jetpack_publicize_connections":[],"jetpack_sharing_enabled":true,"jetpack_featured_media_url":"https:\/\/www.legistdf.gob.ar\/wp-content\/uploads\/2022\/09\/35-anos-de-democracia-Alfonsin-en-el-Cabildo-Victor-Bugge.jpg","jetpack-related-posts":[],"_links":{"self":[{"href":"https:\/\/www.legistdf.gob.ar\/index.php\/wp-json\/wp\/v2\/posts\/34694"}],"collection":[{"href":"https:\/\/www.legistdf.gob.ar\/index.php\/wp-json\/wp\/v2\/posts"}],"about":[{"href":"https:\/\/www.legistdf.gob.ar\/index.php\/wp-json\/wp\/v2\/types\/post"}],"author":[{"embeddable":true,"href":"https:\/\/www.legistdf.gob.ar\/index.php\/wp-json\/wp\/v2\/users\/352"}],"replies":[{"embeddable":true,"href":"https:\/\/www.legistdf.gob.ar\/index.php\/wp-json\/wp\/v2\/comments?post=34694"}],"version-history":[{"count":2,"href":"https:\/\/www.legistdf.gob.ar\/index.php\/wp-json\/wp\/v2\/posts\/34694\/revisions"}],"predecessor-version":[{"id":34697,"href":"https:\/\/www.legistdf.gob.ar\/index.php\/wp-json\/wp\/v2\/posts\/34694\/revisions\/34697"}],"wp:featuredmedia":[{"embeddable":true,"href":"https:\/\/www.legistdf.gob.ar\/index.php\/wp-json\/wp\/v2\/media\/34695"}],"wp:attachment":[{"href":"https:\/\/www.legistdf.gob.ar\/index.php\/wp-json\/wp\/v2\/media?parent=34694"}],"wp:term":[{"taxonomy":"category","embeddable":true,"href":"https:\/\/www.legistdf.gob.ar\/index.php\/wp-json\/wp\/v2\/categories?post=34694"},{"taxonomy":"post_tag","embeddable":true,"href":"https:\/\/www.legistdf.gob.ar\/index.php\/wp-json\/wp\/v2\/tags?post=34694"}],"curies":[{"name":"wp","href":"https:\/\/api.w.org\/{rel}","templated":true}]}}