{"id":34905,"date":"2022-09-23T11:20:18","date_gmt":"2022-09-23T14:20:18","guid":{"rendered":"https:\/\/www.legistdf.gob.ar\/?p=34905"},"modified":"2022-09-23T13:55:38","modified_gmt":"2022-09-23T16:55:38","slug":"sesion-se-reune-el-parlamento-patagonico-en-bariloche","status":"publish","type":"post","link":"https:\/\/www.legistdf.gob.ar\/index.php\/2022\/09\/23\/sesion-se-reune-el-parlamento-patagonico-en-bariloche\/","title":{"rendered":"SESI\u00d3N: Se re\u00fane el Parlamento Patag\u00f3nico en Bariloche"},"content":{"rendered":"<p><span style=\"font-size: 14pt\"><strong><span style=\"font-family: arial, helvetica, sans-serif\"><img loading=\"lazy\" decoding=\"async\" data-attachment-id=\"34051\" data-permalink=\"https:\/\/www.legistdf.gob.ar\/index.php\/2022\/08\/19\/trentino-el-parlamento-patagonico-expresa-mensaje-de-unidad-trabajo-e-integracion-regional-dijo\/bb\/\" data-orig-file=\"https:\/\/www.legistdf.gob.ar\/wp-content\/uploads\/2022\/08\/bb.jpg\" data-orig-size=\"1200,800\" data-comments-opened=\"0\" data-image-meta=\"{&quot;aperture&quot;:&quot;3.5&quot;,&quot;credit&quot;:&quot;PRENSA LEGISLATIVA TDF AIAS&quot;,&quot;camera&quot;:&quot;Canon EOS 70D&quot;,&quot;caption&quot;:&quot;&quot;,&quot;created_timestamp&quot;:&quot;1660745096&quot;,&quot;copyright&quot;:&quot;NDM&quot;,&quot;focal_length&quot;:&quot;18&quot;,&quot;iso&quot;:&quot;1250&quot;,&quot;shutter_speed&quot;:&quot;0.025&quot;,&quot;title&quot;:&quot;&quot;,&quot;orientation&quot;:&quot;1&quot;}\" data-image-title=\"bb\" data-image-description=\"\" data-image-caption=\"\" data-medium-file=\"https:\/\/www.legistdf.gob.ar\/wp-content\/uploads\/2022\/08\/bb-300x200.jpg\" data-large-file=\"https:\/\/www.legistdf.gob.ar\/wp-content\/uploads\/2022\/08\/bb-1024x683.jpg\" class=\"alignleft wp-image-34051 size-medium\" src=\"https:\/\/www.legistdf.gob.ar\/wp-content\/uploads\/2022\/08\/bb-300x200.jpg\" alt=\"\" width=\"300\" height=\"200\" srcset=\"https:\/\/www.legistdf.gob.ar\/wp-content\/uploads\/2022\/08\/bb-300x200.jpg 300w, https:\/\/www.legistdf.gob.ar\/wp-content\/uploads\/2022\/08\/bb-768x512.jpg 768w, https:\/\/www.legistdf.gob.ar\/wp-content\/uploads\/2022\/08\/bb-1024x683.jpg 1024w, https:\/\/www.legistdf.gob.ar\/wp-content\/uploads\/2022\/08\/bb-160x107.jpg 160w, https:\/\/www.legistdf.gob.ar\/wp-content\/uploads\/2022\/08\/bb.jpg 1200w\" sizes=\"(max-width: 300px) 100vw, 300px\" \/>Viedma, R\u00edo Negro, viernes 23 de septiembre de 2022.- Con 52 Legisladores confirmados, representantes de las seis provincias que integran la regi\u00f3n, los d\u00edas martes y mi\u00e9rcoles de la semana pr\u00f3xima se realizar\u00e1 la 3\u00aa sesi\u00f3n ordinaria del Parlamento Patag\u00f3nico, el \u00f3rgano legislativo que conforman diputados provinciales de La Pampa, Neuqu\u00e9n, R\u00edo Negro, Chubut, Santa Cruz y Tierra del Fuego que preside hasta fin de a\u00f1o el Cuerpo regional, en la figura del legislador Emmanuel trentino. Hace instantes dieron a conocer el Bolet\u00edn de Ausntos Entrados (BAE).<\/span><\/strong><\/span><\/p>\n<p>&nbsp;<\/p>\n<p><span style=\"font-family: arial, helvetica, sans-serif;font-size: 12pt\">Est\u00e1 previsto que las delegaciones arriben el lunes, y que las deliberaciones tengan lugar el martes 27 y mi\u00e9rcoles 28. Adem\u00e1s de tratar los temas comunes del temario acordado, est\u00e1n previstas salidas y visitas oficiales al INVAP SE y un acto en conmemoraci\u00f3n a h\u00e9roes y Veteranos de la Guerra de la Malvinas.<\/span><\/p>\n<p>&nbsp;<\/p>\n<p><span style=\"font-family: arial, helvetica, sans-serif;font-size: 12pt\">Entre varios temas, la provincia anfitriona, solicitar\u00e1 al Congreso de la Naci\u00f3n el \u201cpronto tratamiento del proyecto de Ley que tiene como objeto el impulso y promoci\u00f3n del hidr\u00f3geno verde\u201d, y en el mismo sentido, pedir\u00e1 a los representantes de las provincias patag\u00f3nicas en el Congreso que \u201cimpulsen la sanci\u00f3n de una Ley de Hidr\u00f3geno Verde que promueva su desarrollo tecnol\u00f3gico, producci\u00f3n, aprovechamiento y utilizaci\u00f3n energ\u00e9tica e industrial\u201d. <\/span><span style=\"font-family: arial, helvetica, sans-serif;font-size: 12pt\">Y sumaron una declaraci\u00f3n de R\u00edo Negro en la cual se expresa su \u201cen\u00e9rgico y absoluto repudio al intento de magnicidio sufrido por la vicepresidenta Cristina Fern\u00e1ndez de Kirchner\u201d, el 1 de septiembre.<\/span><\/p>\n<p>&nbsp;<\/p>\n<p><span style=\"font-family: arial, helvetica, sans-serif;font-size: 12pt\">En este sentido, la Direcci\u00f3n de Comisiones de la Legislatura de Tierra del Fuego dio a conocer hoy, <a href=\"https:\/\/www.legistdf.gob.ar\/wp-content\/uploads\/2022\/09\/Boletin-de-Asuntos-Entrados-R\u00cdO-NEGRO-SEPTIEMBRE-2022.pdf\" target=\"_blank\" rel=\"noopener noreferrer\">el Bolet\u00edn de Asuntos Entrados (BAE)<\/a> de la tercera sesi\u00f3n ordinaria que se celebrar\u00e1 en San Carlos de Bariloche (R\u00edo Negro). <\/span><\/p>\n<p>&nbsp;<\/p>\n<p style=\"text-align: center\"><em><span style=\"font-family: arial, helvetica, sans-serif;font-size: 12pt\">Cronograma<\/span><\/em><\/p>\n<p>&nbsp;<\/p>\n<p><span style=\"font-family: arial, helvetica, sans-serif;font-size: 12pt\">Lunes 26<\/span><\/p>\n<p><span style=\"font-family: arial, helvetica, sans-serif;font-size: 12pt\">18.30 Labor Parlamentaria<\/span><\/p>\n<p>&nbsp;<\/p>\n<p><span style=\"font-family: arial, helvetica, sans-serif;font-size: 12pt\">Martes 27<\/span><\/p>\n<p>&nbsp;<\/p>\n<p><span style=\"font-family: arial, helvetica, sans-serif;font-size: 12pt\">9.30 Acto de Apertura de la Sesi\u00f3n<\/span><\/p>\n<p><span style=\"font-family: arial, helvetica, sans-serif;font-size: 12pt\">11.00 Disertaci\u00f3n de autoridades nacionales y regionales.<\/span><\/p>\n<p><span style=\"font-family: arial, helvetica, sans-serif;font-size: 12pt\">13.00 Reuni\u00f3n de la gobernadora Arabela Carreras con vicegobernadores y autoridades nacionales<\/span><\/p>\n<p><span style=\"font-family: arial, helvetica, sans-serif;font-size: 12pt\">14.00 Trabajo en comisiones<\/span><\/p>\n<p><span style=\"font-family: arial, helvetica, sans-serif;font-size: 12pt\">15.00 Visita a Invap (Vicegobernador y autoridades)<\/span><\/p>\n<p>&nbsp;<\/p>\n<p><span style=\"font-family: arial, helvetica, sans-serif;font-size: 12pt\">Mi\u00e9rcoles 28<\/span><\/p>\n<p><span style=\"font-family: arial, helvetica, sans-serif;font-size: 12pt\">9.30 Aprobaci\u00f3n de proyectos; Acto de Cierre de la Sesi\u00f3n<\/span><\/p>\n<p><span style=\"font-family: arial, helvetica, sans-serif;font-size: 12pt\">11.30 Homenaje a ca\u00eddos y veteranos de Malvinas<\/span><\/p>\n<p><span style=\"font-family: arial, helvetica, sans-serif;font-size: 12pt\">14.30 Visita a INVAP SE (Legisladores de las provincias)<\/span><\/p>\n<p>&nbsp;<\/p>\n<p style=\"text-align: right\"><em>Gentileza ESaizar<\/em><\/p>\n<p style=\"text-align: right\"><a href=\"https:\/\/web.legisrn.gov.ar\/comunicacion\/sesiona-el-parlamento-patagonico-en-bariloche-y-rio-negro-pedira-ley-sobre-hidrogeno-verde-gasoducto-cordillerano-y-rutas\" target=\"_blank\" rel=\"noopener noreferrer\"><em>prensa Legislatura de R\u00edo Negro<\/em><\/a><\/p>\n","protected":false},"excerpt":{"rendered":"<p>Viedma, R\u00edo Negro, viernes 23 de septiembre de 2022.- Con 52 Legisladores confirmados, representantes de las seis provincias que integran la regi\u00f3n, los d\u00edas martes y mi\u00e9rcoles de la semana pr\u00f3xima se realizar\u00e1 la 3\u00aa sesi\u00f3n ordinaria del Parlamento Patag\u00f3nico, el \u00f3rgano legislativo que conforman diputados provinciales de La Pampa, Neuqu\u00e9n, R\u00edo Negro, Chubut, Santa [&hellip;]<\/p>\n","protected":false},"author":352,"featured_media":34051,"comment_status":"closed","ping_status":"open","sticky":false,"template":"","format":"standard","meta":{"jetpack_post_was_ever_published":false,"_jetpack_newsletter_access":"","_jetpack_dont_email_post_to_subs":false,"_jetpack_newsletter_tier_id":0,"footnotes":"","jetpack_publicize_message":"","jetpack_publicize_feature_enabled":true,"jetpack_social_post_already_shared":true,"jetpack_social_options":{"image_generator_settings":{"template":"highway","enabled":false}}},"categories":[1],"tags":[1818,1980,397,263,117,79],"jetpack_publicize_connections":[],"jetpack_sharing_enabled":true,"jetpack_featured_media_url":"https:\/\/www.legistdf.gob.ar\/wp-content\/uploads\/2022\/08\/bb.jpg","jetpack-related-posts":[],"_links":{"self":[{"href":"https:\/\/www.legistdf.gob.ar\/index.php\/wp-json\/wp\/v2\/posts\/34905"}],"collection":[{"href":"https:\/\/www.legistdf.gob.ar\/index.php\/wp-json\/wp\/v2\/posts"}],"about":[{"href":"https:\/\/www.legistdf.gob.ar\/index.php\/wp-json\/wp\/v2\/types\/post"}],"author":[{"embeddable":true,"href":"https:\/\/www.legistdf.gob.ar\/index.php\/wp-json\/wp\/v2\/users\/352"}],"replies":[{"embeddable":true,"href":"https:\/\/www.legistdf.gob.ar\/index.php\/wp-json\/wp\/v2\/comments?post=34905"}],"version-history":[{"count":3,"href":"https:\/\/www.legistdf.gob.ar\/index.php\/wp-json\/wp\/v2\/posts\/34905\/revisions"}],"predecessor-version":[{"id":34920,"href":"https:\/\/www.legistdf.gob.ar\/index.php\/wp-json\/wp\/v2\/posts\/34905\/revisions\/34920"}],"wp:featuredmedia":[{"embeddable":true,"href":"https:\/\/www.legistdf.gob.ar\/index.php\/wp-json\/wp\/v2\/media\/34051"}],"wp:attachment":[{"href":"https:\/\/www.legistdf.gob.ar\/index.php\/wp-json\/wp\/v2\/media?parent=34905"}],"wp:term":[{"taxonomy":"category","embeddable":true,"href":"https:\/\/www.legistdf.gob.ar\/index.php\/wp-json\/wp\/v2\/categories?post=34905"},{"taxonomy":"post_tag","embeddable":true,"href":"https:\/\/www.legistdf.gob.ar\/index.php\/wp-json\/wp\/v2\/tags?post=34905"}],"curies":[{"name":"wp","href":"https:\/\/api.w.org\/{rel}","templated":true}]}}