{"id":34908,"date":"2022-09-23T12:45:08","date_gmt":"2022-09-23T15:45:08","guid":{"rendered":"https:\/\/www.legistdf.gob.ar\/?p=34908"},"modified":"2022-09-23T12:45:08","modified_gmt":"2022-09-23T15:45:08","slug":"forja-presentan-proyectos-de-ley-que-buscan-modificar-relaciones-laborales-en-tierra-del-fuego","status":"publish","type":"post","link":"https:\/\/www.legistdf.gob.ar\/index.php\/2022\/09\/23\/forja-presentan-proyectos-de-ley-que-buscan-modificar-relaciones-laborales-en-tierra-del-fuego\/","title":{"rendered":"FORJA: Presentan proyectos de Ley que buscan modificar relaciones laborales en Tierra del Fuego"},"content":{"rendered":"<p><span style=\"font-family: arial, helvetica, sans-serif;font-size: 14pt\"><strong><img loading=\"lazy\" decoding=\"async\" data-attachment-id=\"34914\" data-permalink=\"https:\/\/www.legistdf.gob.ar\/index.php\/2022\/09\/23\/forja-presentan-proyectos-de-ley-que-buscan-modificar-relaciones-laborales-en-tierra-del-fuego\/img_3071\/\" data-orig-file=\"https:\/\/www.legistdf.gob.ar\/wp-content\/uploads\/2022\/09\/IMG_3071.jpg\" data-orig-size=\"1500,1000\" data-comments-opened=\"0\" data-image-meta=\"{&quot;aperture&quot;:&quot;5.6&quot;,&quot;credit&quot;:&quot;&quot;,&quot;camera&quot;:&quot;Canon EOS Rebel T6i&quot;,&quot;caption&quot;:&quot;&quot;,&quot;created_timestamp&quot;:&quot;1663854618&quot;,&quot;copyright&quot;:&quot;&quot;,&quot;focal_length&quot;:&quot;18&quot;,&quot;iso&quot;:&quot;1600&quot;,&quot;shutter_speed&quot;:&quot;0.00625&quot;,&quot;title&quot;:&quot;&quot;,&quot;orientation&quot;:&quot;0&quot;}\" data-image-title=\"IMG_3071\" data-image-description=\"\" data-image-caption=\"\" data-medium-file=\"https:\/\/www.legistdf.gob.ar\/wp-content\/uploads\/2022\/09\/IMG_3071-300x200.jpg\" data-large-file=\"https:\/\/www.legistdf.gob.ar\/wp-content\/uploads\/2022\/09\/IMG_3071-1024x683.jpg\" class=\"alignleft wp-image-34914 size-medium\" src=\"https:\/\/www.legistdf.gob.ar\/wp-content\/uploads\/2022\/09\/IMG_3071-300x200.jpg\" alt=\"\" width=\"300\" height=\"200\" srcset=\"https:\/\/www.legistdf.gob.ar\/wp-content\/uploads\/2022\/09\/IMG_3071-300x200.jpg 300w, https:\/\/www.legistdf.gob.ar\/wp-content\/uploads\/2022\/09\/IMG_3071-768x512.jpg 768w, https:\/\/www.legistdf.gob.ar\/wp-content\/uploads\/2022\/09\/IMG_3071-1024x683.jpg 1024w, https:\/\/www.legistdf.gob.ar\/wp-content\/uploads\/2022\/09\/IMG_3071-160x107.jpg 160w, https:\/\/www.legistdf.gob.ar\/wp-content\/uploads\/2022\/09\/IMG_3071.jpg 1500w\" sizes=\"(max-width: 300px) 100vw, 300px\" \/>Ushuaia, viernes 23 de septiembre de 2022.- Los Legisladores que integran el bloque FORJA, convocaron ayer a representantes de los diferentes gremios que se desempe\u00f1an en Tierra del Fuego,\u00a0 con el objetivo de presentarles cuatro proyectos de Ley que buscan impactar de manera beneficiosa en el escenario laboral de los trabajadores del \u00e1mbito p\u00fablico y privado de la Provincia. \u201cSe trata de proyectos que requerir\u00e1n debates con mucha responsabilidad. Por eso les pedimos el compromiso a las organizaciones sindicales para que aporten sus voces\u201d, coincidieron en resaltar Federico Greve, M\u00f3nica Acosta, Emmanuel Trentino y Daniel Rivarola. \u00a0<\/strong><\/span><\/p>\n<p>&nbsp;<\/p>\n<p><span style=\"font-family: arial, helvetica, sans-serif;font-size: 12pt\">En di\u00e1logo con Prensa Legislativa, Rivarola cont\u00f3 que el objetivo del encuentro fue presentarles los cuatro proyectos que poseen estado parlamentario para que los analicen con los trabajadores que representan al tiempo que indic\u00f3 que esperan contar con sus aportes, opini\u00f3n cuando sean convocados en las Comisiones respectivas. Cabe destacar que los proyectos son: asuntos N\u00ba <a href=\"https:\/\/www.legistdf.gob.ar\/lp\/novedadesip\/Asuntos%20Entrados%202021\/As.%20N%BA%20390-21.pdf\" target=\"_blank\" rel=\"noopener noreferrer\">390\/21<\/a>, <a href=\"https:\/\/www.legistdf.gob.ar\/lp\/novedadesip\/Asuntos%20Entrados%202022\/As.%20N%BA%20042-22.pdf\" target=\"_blank\" rel=\"noopener noreferrer\">42\/22<\/a>, <a href=\"https:\/\/www.legistdf.gob.ar\/lp\/novedadesip\/Asuntos%20Entrados%202022\/As.%20N%BA%20411-22.pdf\" target=\"_blank\" rel=\"noopener noreferrer\">411\/22<\/a> y <a href=\"https:\/\/www.legistdf.gob.ar\/lp\/novedadesip\/Asuntos%20Entrados%202022\/As.%20N%BA%20448-22.pdf\" target=\"_blank\" rel=\"noopener noreferrer\">448\/22<\/a>.<\/span><\/p>\n<p>&nbsp;<\/p>\n<p><span style=\"font-family: arial, helvetica, sans-serif;font-size: 12pt\"><img loading=\"lazy\" decoding=\"async\" data-attachment-id=\"34912\" data-permalink=\"https:\/\/www.legistdf.gob.ar\/index.php\/2022\/09\/23\/forja-presentan-proyectos-de-ley-que-buscan-modificar-relaciones-laborales-en-tierra-del-fuego\/img_3049-3\/\" data-orig-file=\"https:\/\/www.legistdf.gob.ar\/wp-content\/uploads\/2022\/09\/IMG_3049.jpg\" data-orig-size=\"1500,1000\" data-comments-opened=\"0\" data-image-meta=\"{&quot;aperture&quot;:&quot;5.6&quot;,&quot;credit&quot;:&quot;&quot;,&quot;camera&quot;:&quot;Canon EOS Rebel T6i&quot;,&quot;caption&quot;:&quot;&quot;,&quot;created_timestamp&quot;:&quot;1663853502&quot;,&quot;copyright&quot;:&quot;&quot;,&quot;focal_length&quot;:&quot;100&quot;,&quot;iso&quot;:&quot;100&quot;,&quot;shutter_speed&quot;:&quot;0.0125&quot;,&quot;title&quot;:&quot;&quot;,&quot;orientation&quot;:&quot;0&quot;}\" data-image-title=\"IMG_3049\" data-image-description=\"\" data-image-caption=\"\" data-medium-file=\"https:\/\/www.legistdf.gob.ar\/wp-content\/uploads\/2022\/09\/IMG_3049-300x200.jpg\" data-large-file=\"https:\/\/www.legistdf.gob.ar\/wp-content\/uploads\/2022\/09\/IMG_3049-1024x683.jpg\" class=\"alignright wp-image-34912 size-medium\" src=\"https:\/\/www.legistdf.gob.ar\/wp-content\/uploads\/2022\/09\/IMG_3049-300x200.jpg\" alt=\"\" width=\"300\" height=\"200\" srcset=\"https:\/\/www.legistdf.gob.ar\/wp-content\/uploads\/2022\/09\/IMG_3049-300x200.jpg 300w, https:\/\/www.legistdf.gob.ar\/wp-content\/uploads\/2022\/09\/IMG_3049-768x512.jpg 768w, https:\/\/www.legistdf.gob.ar\/wp-content\/uploads\/2022\/09\/IMG_3049-1024x683.jpg 1024w, https:\/\/www.legistdf.gob.ar\/wp-content\/uploads\/2022\/09\/IMG_3049-160x107.jpg 160w, https:\/\/www.legistdf.gob.ar\/wp-content\/uploads\/2022\/09\/IMG_3049.jpg 1500w\" sizes=\"(max-width: 300px) 100vw, 300px\" \/>En primer lugar cont\u00f3 que el asunto N\u00ba 42\/22, se trata de un proyecto, que busca crear el Consejo de Obra Sociales y Prepagas compuesto por integrantes de cada obra social, \u201ca los efectos de discutir los costos de la salud en Tierra del Fuego\u201d, especific\u00f3 el autor de la iniciativa.<\/span><\/p>\n<p>&nbsp;<\/p>\n<p><span style=\"font-family: arial, helvetica, sans-serif;font-size: 12pt\">Adem\u00e1s, explic\u00f3 ante las organizaciones sindicales que se acercaron al Poder Legislativo, la iniciativa que busca promover la creaci\u00f3n del Servicio de Conciliaci\u00f3n Laboral, SECLA (asunto N\u00ba 411\/22). \u00a0All\u00ed, se propone la posibilidad de modificar la estructura del Ministerio de Trabajo. Dentro de las premisas que se traza el bloque FORJA, se ubica la disminuci\u00f3n de los tiempos de los juicio laborales.<\/span><\/p>\n<p>&nbsp;<\/p>\n<p><span style=\"font-family: arial, helvetica, sans-serif;font-size: 12pt\">\u201cSe trata de temas importante para el sector de los trabajadores y entendemos que puede haber resistencia por parte de los prestadores\u00a0 privados de salud\u201d, opin\u00f3.\u00a0 Agreg\u00f3 que respecto a SECLA, \u201ccreemos que puede haber patrones con malas intenciones que determinen un juicio sabiendo que pagan a dos o tres a\u00f1os\u201d, alert\u00f3 Rivarola.<\/span><\/p>\n<p>&nbsp;<\/p>\n<p><span style=\"font-family: arial, helvetica, sans-serif;font-size: 12pt\"><img loading=\"lazy\" decoding=\"async\" data-attachment-id=\"34911\" data-permalink=\"https:\/\/www.legistdf.gob.ar\/index.php\/2022\/09\/23\/forja-presentan-proyectos-de-ley-que-buscan-modificar-relaciones-laborales-en-tierra-del-fuego\/img_3048\/\" data-orig-file=\"https:\/\/www.legistdf.gob.ar\/wp-content\/uploads\/2022\/09\/IMG_3048.jpg\" data-orig-size=\"1500,1000\" data-comments-opened=\"0\" data-image-meta=\"{&quot;aperture&quot;:&quot;5.6&quot;,&quot;credit&quot;:&quot;&quot;,&quot;camera&quot;:&quot;Canon EOS Rebel T6i&quot;,&quot;caption&quot;:&quot;&quot;,&quot;created_timestamp&quot;:&quot;1663853483&quot;,&quot;copyright&quot;:&quot;&quot;,&quot;focal_length&quot;:&quot;89&quot;,&quot;iso&quot;:&quot;100&quot;,&quot;shutter_speed&quot;:&quot;0.0125&quot;,&quot;title&quot;:&quot;&quot;,&quot;orientation&quot;:&quot;0&quot;}\" data-image-title=\"IMG_3048\" data-image-description=\"\" data-image-caption=\"\" data-medium-file=\"https:\/\/www.legistdf.gob.ar\/wp-content\/uploads\/2022\/09\/IMG_3048-300x200.jpg\" data-large-file=\"https:\/\/www.legistdf.gob.ar\/wp-content\/uploads\/2022\/09\/IMG_3048-1024x683.jpg\" class=\"alignleft wp-image-34911 size-medium\" src=\"https:\/\/www.legistdf.gob.ar\/wp-content\/uploads\/2022\/09\/IMG_3048-300x200.jpg\" alt=\"\" width=\"300\" height=\"200\" srcset=\"https:\/\/www.legistdf.gob.ar\/wp-content\/uploads\/2022\/09\/IMG_3048-300x200.jpg 300w, https:\/\/www.legistdf.gob.ar\/wp-content\/uploads\/2022\/09\/IMG_3048-768x512.jpg 768w, https:\/\/www.legistdf.gob.ar\/wp-content\/uploads\/2022\/09\/IMG_3048-1024x683.jpg 1024w, https:\/\/www.legistdf.gob.ar\/wp-content\/uploads\/2022\/09\/IMG_3048-160x107.jpg 160w, https:\/\/www.legistdf.gob.ar\/wp-content\/uploads\/2022\/09\/IMG_3048.jpg 1500w\" sizes=\"(max-width: 300px) 100vw, 300px\" \/>Por otro lado, el legislador Trentino coment\u00f3 que presentaron el proyecto de Ley para modificar el C\u00f3digo Procesal, Minero, Civil y Laboral. Este hecho, avizor\u00f3, provocar\u00e1 \u201cun gran lobby para que se apruebe y por otro lado algunos empresarios inescrupulosos querr\u00e1n dar marcha atr\u00e1s a la iniciativa\u201d, adelant\u00f3. Se trata del asunto N\u00ba 448\/22, modificaci\u00f3n a la Ley provincial N\u00ba147<\/span><\/p>\n<p>&nbsp;<\/p>\n<p><span style=\"font-family: arial, helvetica, sans-serif;font-size: 12pt\">\u201cEl otro proyecto, est\u00e1 vinculado a las resoluciones de las ART. Queremos modificar los tiempos de los peritajes de partes. De esta forma los trabajadores no ser\u00e1n perjudicados\u201d, asunto N\u00ba 390\/21, modificaci\u00f3n de la Ley N\u00ba 1199.<\/span><\/p>\n<p>&nbsp;<\/p>\n<p><span style=\"font-family: arial, helvetica, sans-serif;font-size: 12pt\">El Vicepresidente 2\u00ba de la C\u00e1mara, remarc\u00f3 que desde el bloque propiciar\u00e1n los espacios de di\u00e1logo y debate necesarios para optimizar los proyectos que \u201cno buscan da\u00f1ar a los empresarios que hacen bien las cosas, queremos que sean resoluciones r\u00e1pidas\u201d, apunt\u00f3.<\/span><\/p>\n<p>&nbsp;<\/p>\n<p><span style=\"font-family: arial, helvetica, sans-serif;font-size: 12pt\">El encuentro se realiz\u00f3 en el sal\u00f3n de comisiones del edificio de bloques pol\u00edticos, y participaron: SOEM, UTEDYC, SITRACYT, APOPS, APUM, Luz y Fuerza\u00a0 Patagonia, SOMU, AFEP, AMET,ATEPSA, Luz y Fuerza Austral, Patrones de Mar, SUTAP, SADOP, Aeron\u00e1uticos TDF, HSTARPYH, STVYARA, SMATA, UPCN y VIALES.<\/span><\/p>\n<p>&nbsp;<\/p>\n<p><span style=\"font-family: arial, helvetica, sans-serif;font-size: 12pt\">Modificaciones a leyes laborales, variaciones en los modos de vincularse con las centros de salud privada, formas en las relaciones de trabajo, optimizar los recursos administrativos, modificaciones al C\u00f3digo Contravencional entre otros postulados, fueron los ejes sobre los que se sustentaron las exposiciones que efectuaron los referentes de FORJA.<\/span><\/p>\n<p>&nbsp;<\/p>\n<p style=\"text-align: right\"><em>ZV-NEGM-AT<\/em><\/p>\n<p style=\"text-align: right\"><em><a href=\"https:\/\/drive.google.com\/drive\/folders\/1ep9urqc8EJ7a-SjiFJawUog81dQ-KBSU?usp=sharing\" target=\"_blank\" rel=\"noopener noreferrer\">Galer\u00eda de im\u00e1genes<\/a><\/em><\/p>\n<p>&nbsp;<\/p>\n\n\t\t<style type=\"text\/css\">\n\t\t\t#gallery-1 {\n\t\t\t\tmargin: auto;\n\t\t\t}\n\t\t\t#gallery-1 .gallery-item {\n\t\t\t\tfloat: left;\n\t\t\t\tmargin-top: 10px;\n\t\t\t\ttext-align: center;\n\t\t\t\twidth: 33%;\n\t\t\t}\n\t\t\t#gallery-1 img {\n\t\t\t\tborder: 2px solid #cfcfcf;\n\t\t\t}\n\t\t\t#gallery-1 .gallery-caption {\n\t\t\t\tmargin-left: 0;\n\t\t\t}\n\t\t\t\/* see gallery_shortcode() in wp-includes\/media.php *\/\n\t\t<\/style>\n\t\t<div data-carousel-extra='{\"blog_id\":1,\"permalink\":\"https:\\\/\\\/www.legistdf.gob.ar\\\/index.php\\\/2022\\\/09\\\/23\\\/forja-presentan-proyectos-de-ley-que-buscan-modificar-relaciones-laborales-en-tierra-del-fuego\\\/\"}' id='gallery-1' class='gallery galleryid-34908 gallery-columns-3 gallery-size-thumbnail'><dl class='gallery-item'>\n\t\t\t<dt class='gallery-icon landscape'>\n\t\t\t\t<a href='https:\/\/www.legistdf.gob.ar\/index.php\/2022\/09\/23\/forja-presentan-proyectos-de-ley-que-buscan-modificar-relaciones-laborales-en-tierra-del-fuego\/img_3041\/'><img loading=\"lazy\" decoding=\"async\" width=\"150\" height=\"150\" src=\"https:\/\/www.legistdf.gob.ar\/wp-content\/uploads\/2022\/09\/IMG_3041-150x150.jpg\" class=\"attachment-thumbnail size-thumbnail\" alt=\"\" srcset=\"https:\/\/www.legistdf.gob.ar\/wp-content\/uploads\/2022\/09\/IMG_3041-150x150.jpg 150w, https:\/\/www.legistdf.gob.ar\/wp-content\/uploads\/2022\/09\/IMG_3041-64x64.jpg 64w\" sizes=\"(max-width: 150px) 100vw, 150px\" data-attachment-id=\"34909\" data-permalink=\"https:\/\/www.legistdf.gob.ar\/index.php\/2022\/09\/23\/forja-presentan-proyectos-de-ley-que-buscan-modificar-relaciones-laborales-en-tierra-del-fuego\/img_3041\/\" data-orig-file=\"https:\/\/www.legistdf.gob.ar\/wp-content\/uploads\/2022\/09\/IMG_3041.jpg\" data-orig-size=\"1500,1000\" data-comments-opened=\"0\" data-image-meta=\"{&quot;aperture&quot;:&quot;5.6&quot;,&quot;credit&quot;:&quot;&quot;,&quot;camera&quot;:&quot;Canon EOS Rebel T6i&quot;,&quot;caption&quot;:&quot;&quot;,&quot;created_timestamp&quot;:&quot;1663853428&quot;,&quot;copyright&quot;:&quot;&quot;,&quot;focal_length&quot;:&quot;56&quot;,&quot;iso&quot;:&quot;100&quot;,&quot;shutter_speed&quot;:&quot;0.0125&quot;,&quot;title&quot;:&quot;&quot;,&quot;orientation&quot;:&quot;0&quot;}\" data-image-title=\"IMG_3041\" data-image-description=\"\" data-image-caption=\"\" data-medium-file=\"https:\/\/www.legistdf.gob.ar\/wp-content\/uploads\/2022\/09\/IMG_3041-300x200.jpg\" data-large-file=\"https:\/\/www.legistdf.gob.ar\/wp-content\/uploads\/2022\/09\/IMG_3041-1024x683.jpg\" \/><\/a>\n\t\t\t<\/dt><\/dl><dl class='gallery-item'>\n\t\t\t<dt class='gallery-icon landscape'>\n\t\t\t\t<a href='https:\/\/www.legistdf.gob.ar\/index.php\/2022\/09\/23\/forja-presentan-proyectos-de-ley-que-buscan-modificar-relaciones-laborales-en-tierra-del-fuego\/img_3048\/'><img loading=\"lazy\" decoding=\"async\" width=\"150\" height=\"150\" src=\"https:\/\/www.legistdf.gob.ar\/wp-content\/uploads\/2022\/09\/IMG_3048-150x150.jpg\" class=\"attachment-thumbnail size-thumbnail\" alt=\"\" srcset=\"https:\/\/www.legistdf.gob.ar\/wp-content\/uploads\/2022\/09\/IMG_3048-150x150.jpg 150w, https:\/\/www.legistdf.gob.ar\/wp-content\/uploads\/2022\/09\/IMG_3048-64x64.jpg 64w\" sizes=\"(max-width: 150px) 100vw, 150px\" data-attachment-id=\"34911\" data-permalink=\"https:\/\/www.legistdf.gob.ar\/index.php\/2022\/09\/23\/forja-presentan-proyectos-de-ley-que-buscan-modificar-relaciones-laborales-en-tierra-del-fuego\/img_3048\/\" data-orig-file=\"https:\/\/www.legistdf.gob.ar\/wp-content\/uploads\/2022\/09\/IMG_3048.jpg\" data-orig-size=\"1500,1000\" data-comments-opened=\"0\" data-image-meta=\"{&quot;aperture&quot;:&quot;5.6&quot;,&quot;credit&quot;:&quot;&quot;,&quot;camera&quot;:&quot;Canon EOS Rebel T6i&quot;,&quot;caption&quot;:&quot;&quot;,&quot;created_timestamp&quot;:&quot;1663853483&quot;,&quot;copyright&quot;:&quot;&quot;,&quot;focal_length&quot;:&quot;89&quot;,&quot;iso&quot;:&quot;100&quot;,&quot;shutter_speed&quot;:&quot;0.0125&quot;,&quot;title&quot;:&quot;&quot;,&quot;orientation&quot;:&quot;0&quot;}\" data-image-title=\"IMG_3048\" data-image-description=\"\" data-image-caption=\"\" data-medium-file=\"https:\/\/www.legistdf.gob.ar\/wp-content\/uploads\/2022\/09\/IMG_3048-300x200.jpg\" data-large-file=\"https:\/\/www.legistdf.gob.ar\/wp-content\/uploads\/2022\/09\/IMG_3048-1024x683.jpg\" \/><\/a>\n\t\t\t<\/dt><\/dl><dl class='gallery-item'>\n\t\t\t<dt class='gallery-icon landscape'>\n\t\t\t\t<a href='https:\/\/www.legistdf.gob.ar\/index.php\/2022\/09\/23\/forja-presentan-proyectos-de-ley-que-buscan-modificar-relaciones-laborales-en-tierra-del-fuego\/img_3049-3\/'><img loading=\"lazy\" decoding=\"async\" width=\"150\" height=\"150\" src=\"https:\/\/www.legistdf.gob.ar\/wp-content\/uploads\/2022\/09\/IMG_3049-150x150.jpg\" class=\"attachment-thumbnail size-thumbnail\" alt=\"\" srcset=\"https:\/\/www.legistdf.gob.ar\/wp-content\/uploads\/2022\/09\/IMG_3049-150x150.jpg 150w, https:\/\/www.legistdf.gob.ar\/wp-content\/uploads\/2022\/09\/IMG_3049-64x64.jpg 64w\" sizes=\"(max-width: 150px) 100vw, 150px\" data-attachment-id=\"34912\" data-permalink=\"https:\/\/www.legistdf.gob.ar\/index.php\/2022\/09\/23\/forja-presentan-proyectos-de-ley-que-buscan-modificar-relaciones-laborales-en-tierra-del-fuego\/img_3049-3\/\" data-orig-file=\"https:\/\/www.legistdf.gob.ar\/wp-content\/uploads\/2022\/09\/IMG_3049.jpg\" data-orig-size=\"1500,1000\" data-comments-opened=\"0\" data-image-meta=\"{&quot;aperture&quot;:&quot;5.6&quot;,&quot;credit&quot;:&quot;&quot;,&quot;camera&quot;:&quot;Canon EOS Rebel T6i&quot;,&quot;caption&quot;:&quot;&quot;,&quot;created_timestamp&quot;:&quot;1663853502&quot;,&quot;copyright&quot;:&quot;&quot;,&quot;focal_length&quot;:&quot;100&quot;,&quot;iso&quot;:&quot;100&quot;,&quot;shutter_speed&quot;:&quot;0.0125&quot;,&quot;title&quot;:&quot;&quot;,&quot;orientation&quot;:&quot;0&quot;}\" data-image-title=\"IMG_3049\" data-image-description=\"\" data-image-caption=\"\" data-medium-file=\"https:\/\/www.legistdf.gob.ar\/wp-content\/uploads\/2022\/09\/IMG_3049-300x200.jpg\" data-large-file=\"https:\/\/www.legistdf.gob.ar\/wp-content\/uploads\/2022\/09\/IMG_3049-1024x683.jpg\" \/><\/a>\n\t\t\t<\/dt><\/dl><br style=\"clear: both\" \/><dl class='gallery-item'>\n\t\t\t<dt class='gallery-icon landscape'>\n\t\t\t\t<a href='https:\/\/www.legistdf.gob.ar\/index.php\/2022\/09\/23\/forja-presentan-proyectos-de-ley-que-buscan-modificar-relaciones-laborales-en-tierra-del-fuego\/img_3052-3\/'><img loading=\"lazy\" decoding=\"async\" width=\"150\" height=\"150\" src=\"https:\/\/www.legistdf.gob.ar\/wp-content\/uploads\/2022\/09\/IMG_3052-150x150.jpg\" class=\"attachment-thumbnail size-thumbnail\" alt=\"\" srcset=\"https:\/\/www.legistdf.gob.ar\/wp-content\/uploads\/2022\/09\/IMG_3052-150x150.jpg 150w, https:\/\/www.legistdf.gob.ar\/wp-content\/uploads\/2022\/09\/IMG_3052-64x64.jpg 64w\" sizes=\"(max-width: 150px) 100vw, 150px\" data-attachment-id=\"34913\" data-permalink=\"https:\/\/www.legistdf.gob.ar\/index.php\/2022\/09\/23\/forja-presentan-proyectos-de-ley-que-buscan-modificar-relaciones-laborales-en-tierra-del-fuego\/img_3052-3\/\" data-orig-file=\"https:\/\/www.legistdf.gob.ar\/wp-content\/uploads\/2022\/09\/IMG_3052.jpg\" data-orig-size=\"1500,1000\" data-comments-opened=\"0\" data-image-meta=\"{&quot;aperture&quot;:&quot;5.6&quot;,&quot;credit&quot;:&quot;&quot;,&quot;camera&quot;:&quot;Canon EOS Rebel T6i&quot;,&quot;caption&quot;:&quot;&quot;,&quot;created_timestamp&quot;:&quot;1663853546&quot;,&quot;copyright&quot;:&quot;&quot;,&quot;focal_length&quot;:&quot;70&quot;,&quot;iso&quot;:&quot;100&quot;,&quot;shutter_speed&quot;:&quot;0.0125&quot;,&quot;title&quot;:&quot;&quot;,&quot;orientation&quot;:&quot;0&quot;}\" data-image-title=\"IMG_3052\" data-image-description=\"\" data-image-caption=\"\" data-medium-file=\"https:\/\/www.legistdf.gob.ar\/wp-content\/uploads\/2022\/09\/IMG_3052-300x200.jpg\" data-large-file=\"https:\/\/www.legistdf.gob.ar\/wp-content\/uploads\/2022\/09\/IMG_3052-1024x683.jpg\" \/><\/a>\n\t\t\t<\/dt><\/dl><dl class='gallery-item'>\n\t\t\t<dt class='gallery-icon landscape'>\n\t\t\t\t<a href='https:\/\/www.legistdf.gob.ar\/index.php\/2022\/09\/23\/forja-presentan-proyectos-de-ley-que-buscan-modificar-relaciones-laborales-en-tierra-del-fuego\/img_3071\/'><img loading=\"lazy\" decoding=\"async\" width=\"150\" height=\"150\" src=\"https:\/\/www.legistdf.gob.ar\/wp-content\/uploads\/2022\/09\/IMG_3071-150x150.jpg\" class=\"attachment-thumbnail size-thumbnail\" alt=\"\" srcset=\"https:\/\/www.legistdf.gob.ar\/wp-content\/uploads\/2022\/09\/IMG_3071-150x150.jpg 150w, https:\/\/www.legistdf.gob.ar\/wp-content\/uploads\/2022\/09\/IMG_3071-64x64.jpg 64w\" sizes=\"(max-width: 150px) 100vw, 150px\" data-attachment-id=\"34914\" data-permalink=\"https:\/\/www.legistdf.gob.ar\/index.php\/2022\/09\/23\/forja-presentan-proyectos-de-ley-que-buscan-modificar-relaciones-laborales-en-tierra-del-fuego\/img_3071\/\" data-orig-file=\"https:\/\/www.legistdf.gob.ar\/wp-content\/uploads\/2022\/09\/IMG_3071.jpg\" data-orig-size=\"1500,1000\" data-comments-opened=\"0\" data-image-meta=\"{&quot;aperture&quot;:&quot;5.6&quot;,&quot;credit&quot;:&quot;&quot;,&quot;camera&quot;:&quot;Canon EOS Rebel T6i&quot;,&quot;caption&quot;:&quot;&quot;,&quot;created_timestamp&quot;:&quot;1663854618&quot;,&quot;copyright&quot;:&quot;&quot;,&quot;focal_length&quot;:&quot;18&quot;,&quot;iso&quot;:&quot;1600&quot;,&quot;shutter_speed&quot;:&quot;0.00625&quot;,&quot;title&quot;:&quot;&quot;,&quot;orientation&quot;:&quot;0&quot;}\" data-image-title=\"IMG_3071\" data-image-description=\"\" data-image-caption=\"\" data-medium-file=\"https:\/\/www.legistdf.gob.ar\/wp-content\/uploads\/2022\/09\/IMG_3071-300x200.jpg\" data-large-file=\"https:\/\/www.legistdf.gob.ar\/wp-content\/uploads\/2022\/09\/IMG_3071-1024x683.jpg\" \/><\/a>\n\t\t\t<\/dt><\/dl><dl class='gallery-item'>\n\t\t\t<dt class='gallery-icon landscape'>\n\t\t\t\t<a href='https:\/\/www.legistdf.gob.ar\/index.php\/2022\/09\/23\/forja-presentan-proyectos-de-ley-que-buscan-modificar-relaciones-laborales-en-tierra-del-fuego\/img_3077\/'><img loading=\"lazy\" decoding=\"async\" width=\"150\" height=\"150\" src=\"https:\/\/www.legistdf.gob.ar\/wp-content\/uploads\/2022\/09\/IMG_3077-150x150.jpg\" class=\"attachment-thumbnail size-thumbnail\" alt=\"\" srcset=\"https:\/\/www.legistdf.gob.ar\/wp-content\/uploads\/2022\/09\/IMG_3077-150x150.jpg 150w, https:\/\/www.legistdf.gob.ar\/wp-content\/uploads\/2022\/09\/IMG_3077-64x64.jpg 64w\" sizes=\"(max-width: 150px) 100vw, 150px\" data-attachment-id=\"34915\" data-permalink=\"https:\/\/www.legistdf.gob.ar\/index.php\/2022\/09\/23\/forja-presentan-proyectos-de-ley-que-buscan-modificar-relaciones-laborales-en-tierra-del-fuego\/img_3077\/\" data-orig-file=\"https:\/\/www.legistdf.gob.ar\/wp-content\/uploads\/2022\/09\/IMG_3077.jpg\" data-orig-size=\"1500,1000\" data-comments-opened=\"0\" data-image-meta=\"{&quot;aperture&quot;:&quot;5.6&quot;,&quot;credit&quot;:&quot;&quot;,&quot;camera&quot;:&quot;Canon EOS Rebel T6i&quot;,&quot;caption&quot;:&quot;&quot;,&quot;created_timestamp&quot;:&quot;1663854786&quot;,&quot;copyright&quot;:&quot;&quot;,&quot;focal_length&quot;:&quot;10&quot;,&quot;iso&quot;:&quot;1600&quot;,&quot;shutter_speed&quot;:&quot;0.00625&quot;,&quot;title&quot;:&quot;&quot;,&quot;orientation&quot;:&quot;0&quot;}\" data-image-title=\"IMG_3077\" data-image-description=\"\" data-image-caption=\"\" data-medium-file=\"https:\/\/www.legistdf.gob.ar\/wp-content\/uploads\/2022\/09\/IMG_3077-300x200.jpg\" data-large-file=\"https:\/\/www.legistdf.gob.ar\/wp-content\/uploads\/2022\/09\/IMG_3077-1024x683.jpg\" \/><\/a>\n\t\t\t<\/dt><\/dl><br style=\"clear: both\" \/>\n\t\t<\/div>\n\n<p><iframe loading=\"lazy\" title=\"FORJA: Presentan proyectos de Ley que buscan modificar las relaciones laborales en Tierra del Fuego\" width=\"844\" height=\"475\" src=\"https:\/\/www.youtube.com\/embed\/MKnj90SmTUI?feature=oembed\" frameborder=\"0\" allow=\"accelerometer; autoplay; clipboard-write; encrypted-media; gyroscope; picture-in-picture; web-share\" allowfullscreen><\/iframe><\/p>\n<p><iframe loading=\"lazy\" title=\"FORJA: Presentan proyectos de Ley que buscan modificar las relaciones laborales en Tierra del Fuego\" width=\"844\" height=\"475\" src=\"https:\/\/www.youtube.com\/embed\/r-r4cAURvag?feature=oembed\" frameborder=\"0\" allow=\"accelerometer; autoplay; clipboard-write; encrypted-media; gyroscope; picture-in-picture; web-share\" allowfullscreen><\/iframe><\/p>\n","protected":false},"excerpt":{"rendered":"<p>Ushuaia, viernes 23 de septiembre de 2022.- Los Legisladores que integran el bloque FORJA, convocaron ayer a representantes de los diferentes gremios que se desempe\u00f1an en Tierra del Fuego,\u00a0 con el objetivo de presentarles cuatro proyectos de Ley que buscan impactar de manera beneficiosa en el escenario laboral de los trabajadores del \u00e1mbito p\u00fablico y [&hellip;]<\/p>\n","protected":false},"author":352,"featured_media":34915,"comment_status":"closed","ping_status":"open","sticky":false,"template":"","format":"standard","meta":{"jetpack_post_was_ever_published":false,"_jetpack_newsletter_access":"","_jetpack_dont_email_post_to_subs":false,"_jetpack_newsletter_tier_id":0,"footnotes":"","jetpack_publicize_message":"","jetpack_publicize_feature_enabled":true,"jetpack_social_post_already_shared":true,"jetpack_social_options":{"image_generator_settings":{"template":"highway","enabled":false}}},"categories":[1],"tags":[1819,1818,1816,1858,2368,78,1817,79,954],"jetpack_publicize_connections":[],"jetpack_sharing_enabled":true,"jetpack_featured_media_url":"https:\/\/www.legistdf.gob.ar\/wp-content\/uploads\/2022\/09\/IMG_3077.jpg","jetpack-related-posts":[],"_links":{"self":[{"href":"https:\/\/www.legistdf.gob.ar\/index.php\/wp-json\/wp\/v2\/posts\/34908"}],"collection":[{"href":"https:\/\/www.legistdf.gob.ar\/index.php\/wp-json\/wp\/v2\/posts"}],"about":[{"href":"https:\/\/www.legistdf.gob.ar\/index.php\/wp-json\/wp\/v2\/types\/post"}],"author":[{"embeddable":true,"href":"https:\/\/www.legistdf.gob.ar\/index.php\/wp-json\/wp\/v2\/users\/352"}],"replies":[{"embeddable":true,"href":"https:\/\/www.legistdf.gob.ar\/index.php\/wp-json\/wp\/v2\/comments?post=34908"}],"version-history":[{"count":1,"href":"https:\/\/www.legistdf.gob.ar\/index.php\/wp-json\/wp\/v2\/posts\/34908\/revisions"}],"predecessor-version":[{"id":34916,"href":"https:\/\/www.legistdf.gob.ar\/index.php\/wp-json\/wp\/v2\/posts\/34908\/revisions\/34916"}],"wp:featuredmedia":[{"embeddable":true,"href":"https:\/\/www.legistdf.gob.ar\/index.php\/wp-json\/wp\/v2\/media\/34915"}],"wp:attachment":[{"href":"https:\/\/www.legistdf.gob.ar\/index.php\/wp-json\/wp\/v2\/media?parent=34908"}],"wp:term":[{"taxonomy":"category","embeddable":true,"href":"https:\/\/www.legistdf.gob.ar\/index.php\/wp-json\/wp\/v2\/categories?post=34908"},{"taxonomy":"post_tag","embeddable":true,"href":"https:\/\/www.legistdf.gob.ar\/index.php\/wp-json\/wp\/v2\/tags?post=34908"}],"curies":[{"name":"wp","href":"https:\/\/api.w.org\/{rel}","templated":true}]}}