{"id":34953,"date":"2022-10-02T18:00:53","date_gmt":"2022-10-02T21:00:53","guid":{"rendered":"https:\/\/www.legistdf.gob.ar\/?p=34953"},"modified":"2022-09-27T14:52:50","modified_gmt":"2022-09-27T17:52:50","slug":"sociedad-el-parlamento-continuara-con-el-analisis-de-reformas-al-sistema-jubilatorio-provincial","status":"publish","type":"post","link":"https:\/\/www.legistdf.gob.ar\/index.php\/2022\/10\/02\/sociedad-el-parlamento-continuara-con-el-analisis-de-reformas-al-sistema-jubilatorio-provincial\/","title":{"rendered":"SOCIEDAD: El Parlamento continuar\u00e1 con el an\u00e1lisis de reformas al sistema jubilatorio provincial"},"content":{"rendered":"<p><strong><img loading=\"lazy\" decoding=\"async\" data-attachment-id=\"34306\" data-permalink=\"https:\/\/www.legistdf.gob.ar\/index.php\/2022\/08\/29\/villegas-hay-que-poner-en-agenda-publica-la-necesidad-de-una-nueva-unidad-carcelaria-para-tierra-del-fuego\/img_9330-3\/\" data-orig-file=\"https:\/\/www.legistdf.gob.ar\/wp-content\/uploads\/2022\/08\/IMG_9330.jpg\" data-orig-size=\"1200,800\" data-comments-opened=\"0\" data-image-meta=\"{&quot;aperture&quot;:&quot;0&quot;,&quot;credit&quot;:&quot;&quot;,&quot;camera&quot;:&quot;&quot;,&quot;caption&quot;:&quot;&quot;,&quot;created_timestamp&quot;:&quot;0&quot;,&quot;copyright&quot;:&quot;2020 TDF&quot;,&quot;focal_length&quot;:&quot;0&quot;,&quot;iso&quot;:&quot;0&quot;,&quot;shutter_speed&quot;:&quot;0&quot;,&quot;title&quot;:&quot;&quot;,&quot;orientation&quot;:&quot;0&quot;}\" data-image-title=\"IMG_9330\" data-image-description=\"\" data-image-caption=\"\" data-medium-file=\"https:\/\/www.legistdf.gob.ar\/wp-content\/uploads\/2022\/08\/IMG_9330-300x200.jpg\" data-large-file=\"https:\/\/www.legistdf.gob.ar\/wp-content\/uploads\/2022\/08\/IMG_9330-1024x683.jpg\" class=\"alignleft wp-image-34306 size-medium\" src=\"https:\/\/www.legistdf.gob.ar\/wp-content\/uploads\/2022\/08\/IMG_9330-300x200.jpg\" alt=\"\" width=\"300\" height=\"200\" srcset=\"https:\/\/www.legistdf.gob.ar\/wp-content\/uploads\/2022\/08\/IMG_9330-300x200.jpg 300w, https:\/\/www.legistdf.gob.ar\/wp-content\/uploads\/2022\/08\/IMG_9330-768x512.jpg 768w, https:\/\/www.legistdf.gob.ar\/wp-content\/uploads\/2022\/08\/IMG_9330-1024x683.jpg 1024w, https:\/\/www.legistdf.gob.ar\/wp-content\/uploads\/2022\/08\/IMG_9330-160x107.jpg 160w, https:\/\/www.legistdf.gob.ar\/wp-content\/uploads\/2022\/08\/IMG_9330.jpg 1200w\" sizes=\"(max-width: 300px) 100vw, 300px\" \/>Ushuaia, domingo 2 de octubre de 2022.- El Presidente de la Comisi\u00f3n de Legislaci\u00f3n General N\u00b0 1, legislador Federico Greve (FORJA), convoc\u00f3 para esta semana a tres nuevas reuniones de ese espacio de debate. Los Parlamentarios continuar\u00e1n analizando, junto a funcionarios provinciales y gremios estatales, sendos proyectos de Ley que proponen modificaciones tanto al r\u00e9gimen jubilatorio como a la Caja de Previsi\u00f3n Social.<\/strong><\/p>\n<p>&nbsp;<\/p>\n<p>Seg\u00fan los memorandos emitidos por la Direcci\u00f3n de Comisiones, los Legisladores se reunir\u00e1n los d\u00edas martes 4 a las 11 h. y a las 14 h. y mi\u00e9rcoles 5, tambi\u00e9n a las 14 h. En la primera jornada, por la ma\u00f1ana, abordar\u00e1n el <a href=\"https:\/\/www.legistdf.gob.ar\/lp\/novedadesip\/Asuntos%20Entrados%202021\/As.%20N%BA%20227-21.pdf\" target=\"_blank\" rel=\"noopener noreferrer\">asunto N\u00b0 227\/21<\/a>, proyecto de Ley de R\u00e9gimen diferenciado de previsi\u00f3n social del personal docente, que fue presentado el a\u00f1o pasado por el Sindicato Unificado de Trabajadores de la Educaci\u00f3n Fueguina (SUTEF) y tomado por los bloques del MPF y FORJA. Para este encuentro est\u00e1n invitados el ministro de Finanzas P\u00fablicas CP Federico Zapata Garc\u00eda y el presidente de la Caja, CP Carlos Iommi.<\/p>\n<p>&nbsp;<\/p>\n<p>Por la tarde, tanto el martes como el mi\u00e9rcoles, ser\u00e1 el turno del <a href=\"https:\/\/www.legistdf.gob.ar\/lp\/novedadesip\/Asuntos%20Entrados%202022\/As.%20N%BA%20472-22.pdf\" target=\"_blank\" rel=\"noopener noreferrer\">asunto N\u00b0 472\/22<\/a>, proyecto de Ley sobre r\u00e9gimen de jubilaciones y pensiones de los tres poderes del Estado, iniciativa presentada por la Asociaci\u00f3n de Trabajadores del Estado (ATE) e impulsada por los bloques FdT \u2013 PJ, UCR, FORJA, PV y MPF.<\/p>\n<p>&nbsp;<\/p>\n<p>En las mismas jornadas, analizar\u00e1n en segundo t\u00e9rmino el <a href=\"https:\/\/www.legistdf.gob.ar\/lp\/novedadesip\/Asuntos%20Entrados%202022\/As.%20N%BA%20475-22.pdf\" target=\"_blank\" rel=\"noopener noreferrer\">asunto N\u00b0 475\/22<\/a>, proyecto de Ley que propone modificaciones a la Ley provincial N\u00b0 534, para incorporar reformas a la Caja de Previsi\u00f3n Social de la Provincia. Esta iniciativa tambi\u00e9n fue presentada oportunamente por el sindicato estatal y tomada por el bloque FORJA.<\/p>\n<p>&nbsp;<\/p>\n<p>Para el martes por la tarde, se espera la participaci\u00f3n de representantes de ATE tanto de R\u00edo Grande como de Ushuaia. En tanto que, para el mi\u00e9rcoles, se espera la participaci\u00f3n del Sindicato de Obreros y Empleados Municipales (SOEM), de la Asociaci\u00f3n del Magisterio de Ense\u00f1anza T\u00e9cnica (AMET) y de la Uni\u00f3n Docentes Argentinos (UDA).<\/p>\n<p>&nbsp;<\/p>\n<p>&nbsp;<\/p>\n<p>&nbsp;<\/p>\n","protected":false},"excerpt":{"rendered":"<p>Ushuaia, domingo 2 de octubre de 2022.- El Presidente de la Comisi\u00f3n de Legislaci\u00f3n General N\u00b0 1, legislador Federico Greve (FORJA), convoc\u00f3 para esta semana a tres nuevas reuniones de ese espacio de debate. Los Parlamentarios continuar\u00e1n analizando, junto a funcionarios provinciales y gremios estatales, sendos proyectos de Ley que proponen modificaciones tanto al r\u00e9gimen [&hellip;]<\/p>\n","protected":false},"author":352,"featured_media":34306,"comment_status":"closed","ping_status":"open","sticky":false,"template":"","format":"standard","meta":{"jetpack_post_was_ever_published":false,"_jetpack_newsletter_access":"","_jetpack_dont_email_post_to_subs":false,"_jetpack_newsletter_tier_id":0,"footnotes":"","jetpack_publicize_message":"","jetpack_publicize_feature_enabled":true,"jetpack_social_post_already_shared":true,"jetpack_social_options":{"image_generator_settings":{"template":"highway","enabled":false}}},"categories":[1],"tags":[2090,423,2666,1635,663,164,1816,1627,2694,2091],"jetpack_publicize_connections":[],"jetpack_sharing_enabled":true,"jetpack_featured_media_url":"https:\/\/www.legistdf.gob.ar\/wp-content\/uploads\/2022\/08\/IMG_9330.jpg","jetpack-related-posts":[],"_links":{"self":[{"href":"https:\/\/www.legistdf.gob.ar\/index.php\/wp-json\/wp\/v2\/posts\/34953"}],"collection":[{"href":"https:\/\/www.legistdf.gob.ar\/index.php\/wp-json\/wp\/v2\/posts"}],"about":[{"href":"https:\/\/www.legistdf.gob.ar\/index.php\/wp-json\/wp\/v2\/types\/post"}],"author":[{"embeddable":true,"href":"https:\/\/www.legistdf.gob.ar\/index.php\/wp-json\/wp\/v2\/users\/352"}],"replies":[{"embeddable":true,"href":"https:\/\/www.legistdf.gob.ar\/index.php\/wp-json\/wp\/v2\/comments?post=34953"}],"version-history":[{"count":5,"href":"https:\/\/www.legistdf.gob.ar\/index.php\/wp-json\/wp\/v2\/posts\/34953\/revisions"}],"predecessor-version":[{"id":34974,"href":"https:\/\/www.legistdf.gob.ar\/index.php\/wp-json\/wp\/v2\/posts\/34953\/revisions\/34974"}],"wp:featuredmedia":[{"embeddable":true,"href":"https:\/\/www.legistdf.gob.ar\/index.php\/wp-json\/wp\/v2\/media\/34306"}],"wp:attachment":[{"href":"https:\/\/www.legistdf.gob.ar\/index.php\/wp-json\/wp\/v2\/media?parent=34953"}],"wp:term":[{"taxonomy":"category","embeddable":true,"href":"https:\/\/www.legistdf.gob.ar\/index.php\/wp-json\/wp\/v2\/categories?post=34953"},{"taxonomy":"post_tag","embeddable":true,"href":"https:\/\/www.legistdf.gob.ar\/index.php\/wp-json\/wp\/v2\/tags?post=34953"}],"curies":[{"name":"wp","href":"https:\/\/api.w.org\/{rel}","templated":true}]}}