{"id":3516,"date":"2017-09-03T14:23:33","date_gmt":"2017-09-03T17:23:33","guid":{"rendered":"http:\/\/www.legistdf.gob.ar\/?p=3516"},"modified":"2017-09-03T14:23:33","modified_gmt":"2017-09-03T17:23:33","slug":"educacion-el-colegio-tecnico-olga-bronzovich-de-arko-festejo-70-anos-de-vida","status":"publish","type":"post","link":"https:\/\/www.legistdf.gob.ar\/index.php\/2017\/09\/03\/educacion-el-colegio-tecnico-olga-bronzovich-de-arko-festejo-70-anos-de-vida\/","title":{"rendered":"EDUCACI\u00d3N: El colegio t\u00e9cnico Olga Bronzovich de Arko festej\u00f3 70 a\u00f1os  de vida"},"content":{"rendered":"<p><strong>Ushuaia, domingo 3 de septiembre de 2017.- El Colegio T&eacute;cnico Provincial Olga Bronzovich de Arko, festej&oacute; el viernes &uacute;ltimo el 70&ordm; aniversario de la fundaci&oacute;n. El ministro de Educaci&oacute;n, Diego Romero encabez&oacute; el evento, acompa&ntilde;ado por la directora de la instituci&oacute;n Mar&iacute;a Adela Villagr&aacute;n. Las legisladoras Liliana Mart&iacute;nez Allende (UCR &ndash; Cambiemos), Andrea Freites, Marcela G&oacute;mez y Angelina Carrasco (FPV &ndash; PJ), acompa&ntilde;aron la celebraci&oacute;n.<\/strong><\/p>\n<p>Luego de las palabras del titular de la cartera educativa y de la Directora de la instituci&oacute;n, quienes hicieron un repaso de los 70 a&ntilde;os vividos en la comunidad de Ushuaia, las Parlamentarias entregaron a la profesora Villagr&aacute;n, una copia de la resoluci&oacute;n N&ordm; 267\/17, aprobada por unanimidad en la &uacute;ltima sesi&oacute;n, donde el Parlamento declara de inter&eacute;s provincial la trayectoria al servicio de la educaci&oacute;n p&uacute;blica fueguina del Colegio.<\/p>\n<p>Tambi&eacute;n, obsequiaron en representaci&oacute;n de los 15 Legisladores que componen la C&aacute;mara, una placa que resalta el aporte de la instituci&oacute;n educativa a la comunidad de Ushuaia.<\/p>\n<p>La legisladora Andrea Freites sostuvo que el Colegio Provincial Olga Bronzovich de Arko es &ldquo;emblem&aacute;tico para Ushuaia. Nos sobra historia de la educaci&oacute;n t&eacute;cnica&rdquo; dijo a Prensa Legislativa, luego del acto.<\/p>\n<p>Respecto de la modalidad educativa del establecimiento, dijo que desde la gesti&oacute;n gubernamental de la Dra. Rosana Bertone y del ministro de Educaci&oacute;n, Diego Romero, &ldquo;tienen el objetivo de trabajar fuertemente, de la mano con la educaci&oacute;n t&eacute;cnica&rdquo;. Consider&oacute; que los &ldquo;j&oacute;venes egresan con una capacitaci&oacute;n y conocimientos que son admirables&rdquo;<\/p>\n<p>Respecto del funcionamiento del Colegio, asegur&oacute; que se eval&uacute;a la ampliaci&oacute;n de los talleres de formaci&oacute;n. &ldquo;En esto, la Dra. Bertone tiene un compromiso con la educaci&oacute;n donde asisten nuestros ni&ntilde;os, j&oacute;venes y adultos&rdquo;. Entendi&oacute; que &ldquo;no hay nada mejor que trabajar en un &aacute;mbito donde est&eacute;n las condiciones dadas&rdquo;, sostuvo a Prensa Legislativa.<\/p>\n<p>En tanto, desde la UCR &ndash; Cambiemos, la legisladora Liliana Mart&iacute;nez Allende dijo &ldquo;estoy muy feliz de haber podido compartir este acto de aniversario de los primeros setenta a&ntilde;os del Colegio T&eacute;cnico Provincial Olga Bronzovich de Arko\u00bb de Ushuaia&rdquo; y destac&oacute; la presencia &ldquo;de tantos afectos entra&ntilde;ables para la instituci&oacute;n&rdquo;.<\/p>\n<p>En otro aspecto, la Parlamentaria calific&oacute; como &ldquo;muy bueno&rdquo; tomar conciencia sobre &ldquo;c&oacute;mo han debido subsistir los colegios que imparten este tipo de ense&ntilde;anza t&eacute;cnica y de c&oacute;mo continuaron a pesar de todo&rdquo;, en relaci&oacute;n a los &ldquo;permanentes cambios de decisiones estatales y teniendo que hacer equilibro adem&aacute;s, con las demandas de padres y alumnos&rdquo;.<\/p>\n<p>&ldquo;Estamos orgullosos de ser, en nuestra Provincia, formadores de j&oacute;venes que egresar&aacute;n con los primeros pasos en un oficio que podr&aacute;n desarrollar posteriormente&rdquo;, sostuvo al t&eacute;rmino del acto que se concret&oacute; el pasado viernes.<\/p>\n<p>En cuanto a la inserci&oacute;n en el mundo laboral, Mart&iacute;nez Allende record&oacute; el intercambio que mantuvo con &ldquo;algunos exalumnos, que se acercaron a contarme, de tener la posibilidad de continuar sus estudios y acceder a un t&iacute;tulo universitario, cosechando los frutos de la semilla que desde aqu&iacute; plantaron sus docentes, en sus ilusiones de un futuro prometedor&rdquo;, cerr&oacute; la Legisladora.<\/p>\n<p>Mar&iacute;a Adela Villagran, titular del Colegio que celebr&oacute; 70 a&ntilde;os de existencia en Ushuaia, dijo que han &ldquo;pasado muchas transformaciones y hoy estamos bien&rdquo;. En este sentido, refiri&oacute; al taller y cuestiones que se han logrado subsanar. &ldquo;Hoy est&aacute; funcionando todo con normalidad&rdquo; y puso en valor el acompa&ntilde;amiento del equipo acad&eacute;mico de la instituci&oacute;n.<\/p>\n<p>La instituci&oacute;n funciona en tres turnos, ma&ntilde;ana, tarde y vespertino &ldquo;y contraturnos&rdquo; enumer&oacute; la directiva, que hizo hincapi&eacute; en la participaci&oacute;n de los alumnos durante todo el d&iacute;a. El Colegio T&eacute;cnico cuenta con una matr&iacute;cula cercana a los 1300 alumnos y funciona desde las 8 a las 23,30 horas.<\/p>\n<p>Villagr&aacute;n cont&oacute; que en 2017 han iniciado &ldquo;el ajuste al dise&ntilde;o curricular vigente y empezamos con nuevos espacios curriculares en el ciclo b&aacute;sico y comenzaron 7 s&eacute;ptimos a&ntilde;os en el ciclo superior&rdquo;. Estos avances generan la satisfacci&oacute;n de la comunidad educativa, se&ntilde;al&oacute;.<\/p>\n<p>Entre las actividades m&aacute;s emblem&aacute;ticas, Villagr&aacute;n detall&oacute; la participaci&oacute;n del alumnado en &ldquo;olimpiadas de construcci&oacute;n, electromec&aacute;nica y la participaci&oacute;n de los chicos en Desaf&iacute;o Eco, donde preparan un auto de carreras y compiten en Buenos Aires&rdquo;. En este punto, record&oacute; que &ldquo;siempre salimos bien posicionados&rdquo;, cerr&oacute;.<\/p>\n\n\t\t<style type=\"text\/css\">\n\t\t\t#gallery-1 {\n\t\t\t\tmargin: auto;\n\t\t\t}\n\t\t\t#gallery-1 .gallery-item {\n\t\t\t\tfloat: left;\n\t\t\t\tmargin-top: 10px;\n\t\t\t\ttext-align: center;\n\t\t\t\twidth: 33%;\n\t\t\t}\n\t\t\t#gallery-1 img {\n\t\t\t\tborder: 2px solid #cfcfcf;\n\t\t\t}\n\t\t\t#gallery-1 .gallery-caption {\n\t\t\t\tmargin-left: 0;\n\t\t\t}\n\t\t\t\/* see gallery_shortcode() in wp-includes\/media.php *\/\n\t\t<\/style>\n\t\t<div data-carousel-extra='{&quot;blog_id&quot;:1,&quot;permalink&quot;:&quot;https:\/\/www.legistdf.gob.ar\/index.php\/2017\/09\/03\/educacion-el-colegio-tecnico-olga-bronzovich-de-arko-festejo-70-anos-de-vida\/&quot;}' id='gallery-1' class='gallery galleryid-3516 gallery-columns-3 gallery-size-thumbnail'><dl class='gallery-item'>\n\t\t\t<dt class='gallery-icon landscape'>\n\t\t\t\t<a href='https:\/\/www.legistdf.gob.ar\/index.php\/2017\/09\/03\/educacion-el-colegio-tecnico-olga-bronzovich-de-arko-festejo-70-anos-de-vida\/1-56\/'><img loading=\"lazy\" decoding=\"async\" width=\"150\" height=\"150\" src=\"https:\/\/www.legistdf.gob.ar\/wp-content\/uploads\/2017\/09\/1-150x150.jpg\" class=\"attachment-thumbnail size-thumbnail\" alt=\"\" srcset=\"https:\/\/www.legistdf.gob.ar\/wp-content\/uploads\/2017\/09\/1-150x150.jpg 150w, https:\/\/www.legistdf.gob.ar\/wp-content\/uploads\/2017\/09\/1-64x64.jpg 64w\" sizes=\"auto, (max-width: 150px) 100vw, 150px\" data-attachment-id=\"3517\" data-permalink=\"https:\/\/www.legistdf.gob.ar\/index.php\/2017\/09\/03\/educacion-el-colegio-tecnico-olga-bronzovich-de-arko-festejo-70-anos-de-vida\/1-56\/\" data-orig-file=\"https:\/\/www.legistdf.gob.ar\/wp-content\/uploads\/2017\/09\/1.jpg\" data-orig-size=\"1000,667\" data-comments-opened=\"0\" data-image-meta=\"{&quot;aperture&quot;:&quot;2.8&quot;,&quot;credit&quot;:&quot;PrensaLegislativa2015&quot;,&quot;camera&quot;:&quot;Canon EOS 70D&quot;,&quot;caption&quot;:&quot;&quot;,&quot;created_timestamp&quot;:&quot;1504240613&quot;,&quot;copyright&quot;:&quot;&quot;,&quot;focal_length&quot;:&quot;31&quot;,&quot;iso&quot;:&quot;640&quot;,&quot;shutter_speed&quot;:&quot;0.025&quot;,&quot;title&quot;:&quot;&quot;,&quot;orientation&quot;:&quot;0&quot;}\" data-image-title=\"1\" data-image-description=\"\" data-image-caption=\"\" data-large-file=\"https:\/\/www.legistdf.gob.ar\/wp-content\/uploads\/2017\/09\/1.jpg\" \/><\/a>\n\t\t\t<\/dt><\/dl><dl class='gallery-item'>\n\t\t\t<dt class='gallery-icon landscape'>\n\t\t\t\t<a href='https:\/\/www.legistdf.gob.ar\/index.php\/2017\/09\/03\/educacion-el-colegio-tecnico-olga-bronzovich-de-arko-festejo-70-anos-de-vida\/2-56\/'><img loading=\"lazy\" decoding=\"async\" width=\"150\" height=\"150\" src=\"https:\/\/www.legistdf.gob.ar\/wp-content\/uploads\/2017\/09\/2-150x150.jpg\" class=\"attachment-thumbnail size-thumbnail\" alt=\"\" srcset=\"https:\/\/www.legistdf.gob.ar\/wp-content\/uploads\/2017\/09\/2-150x150.jpg 150w, https:\/\/www.legistdf.gob.ar\/wp-content\/uploads\/2017\/09\/2-64x64.jpg 64w\" sizes=\"auto, (max-width: 150px) 100vw, 150px\" data-attachment-id=\"3518\" data-permalink=\"https:\/\/www.legistdf.gob.ar\/index.php\/2017\/09\/03\/educacion-el-colegio-tecnico-olga-bronzovich-de-arko-festejo-70-anos-de-vida\/2-56\/\" data-orig-file=\"https:\/\/www.legistdf.gob.ar\/wp-content\/uploads\/2017\/09\/2.jpg\" data-orig-size=\"1000,667\" data-comments-opened=\"0\" data-image-meta=\"{&quot;aperture&quot;:&quot;3.5&quot;,&quot;credit&quot;:&quot;PrensaLegislativa2015&quot;,&quot;camera&quot;:&quot;Canon EOS 70D&quot;,&quot;caption&quot;:&quot;&quot;,&quot;created_timestamp&quot;:&quot;1504240638&quot;,&quot;copyright&quot;:&quot;&quot;,&quot;focal_length&quot;:&quot;55&quot;,&quot;iso&quot;:&quot;800&quot;,&quot;shutter_speed&quot;:&quot;0.016666666666667&quot;,&quot;title&quot;:&quot;&quot;,&quot;orientation&quot;:&quot;0&quot;}\" data-image-title=\"2\" data-image-description=\"\" data-image-caption=\"\" data-large-file=\"https:\/\/www.legistdf.gob.ar\/wp-content\/uploads\/2017\/09\/2.jpg\" \/><\/a>\n\t\t\t<\/dt><\/dl><dl class='gallery-item'>\n\t\t\t<dt class='gallery-icon landscape'>\n\t\t\t\t<a href='https:\/\/www.legistdf.gob.ar\/index.php\/2017\/09\/03\/educacion-el-colegio-tecnico-olga-bronzovich-de-arko-festejo-70-anos-de-vida\/3-50\/'><img loading=\"lazy\" decoding=\"async\" width=\"150\" height=\"150\" src=\"https:\/\/www.legistdf.gob.ar\/wp-content\/uploads\/2017\/09\/3-150x150.jpg\" class=\"attachment-thumbnail size-thumbnail\" alt=\"\" srcset=\"https:\/\/www.legistdf.gob.ar\/wp-content\/uploads\/2017\/09\/3-150x150.jpg 150w, https:\/\/www.legistdf.gob.ar\/wp-content\/uploads\/2017\/09\/3-64x64.jpg 64w\" sizes=\"auto, (max-width: 150px) 100vw, 150px\" data-attachment-id=\"3519\" data-permalink=\"https:\/\/www.legistdf.gob.ar\/index.php\/2017\/09\/03\/educacion-el-colegio-tecnico-olga-bronzovich-de-arko-festejo-70-anos-de-vida\/3-50\/\" data-orig-file=\"https:\/\/www.legistdf.gob.ar\/wp-content\/uploads\/2017\/09\/3.jpg\" data-orig-size=\"1000,667\" data-comments-opened=\"0\" data-image-meta=\"{&quot;aperture&quot;:&quot;3.5&quot;,&quot;credit&quot;:&quot;PrensaLegislativa2015&quot;,&quot;camera&quot;:&quot;Canon EOS 70D&quot;,&quot;caption&quot;:&quot;&quot;,&quot;created_timestamp&quot;:&quot;1504241051&quot;,&quot;copyright&quot;:&quot;&quot;,&quot;focal_length&quot;:&quot;45&quot;,&quot;iso&quot;:&quot;800&quot;,&quot;shutter_speed&quot;:&quot;0.016666666666667&quot;,&quot;title&quot;:&quot;&quot;,&quot;orientation&quot;:&quot;0&quot;}\" data-image-title=\"3\" data-image-description=\"\" data-image-caption=\"\" data-large-file=\"https:\/\/www.legistdf.gob.ar\/wp-content\/uploads\/2017\/09\/3.jpg\" \/><\/a>\n\t\t\t<\/dt><\/dl><br style=\"clear: both\" \/><dl class='gallery-item'>\n\t\t\t<dt class='gallery-icon landscape'>\n\t\t\t\t<a href='https:\/\/www.legistdf.gob.ar\/index.php\/2017\/09\/03\/educacion-el-colegio-tecnico-olga-bronzovich-de-arko-festejo-70-anos-de-vida\/4-48\/'><img loading=\"lazy\" decoding=\"async\" width=\"150\" height=\"150\" src=\"https:\/\/www.legistdf.gob.ar\/wp-content\/uploads\/2017\/09\/4-150x150.jpg\" class=\"attachment-thumbnail size-thumbnail\" alt=\"\" srcset=\"https:\/\/www.legistdf.gob.ar\/wp-content\/uploads\/2017\/09\/4-150x150.jpg 150w, https:\/\/www.legistdf.gob.ar\/wp-content\/uploads\/2017\/09\/4-64x64.jpg 64w\" sizes=\"auto, (max-width: 150px) 100vw, 150px\" data-attachment-id=\"3520\" data-permalink=\"https:\/\/www.legistdf.gob.ar\/index.php\/2017\/09\/03\/educacion-el-colegio-tecnico-olga-bronzovich-de-arko-festejo-70-anos-de-vida\/4-48\/\" data-orig-file=\"https:\/\/www.legistdf.gob.ar\/wp-content\/uploads\/2017\/09\/4.jpg\" data-orig-size=\"1000,667\" data-comments-opened=\"0\" data-image-meta=\"{&quot;aperture&quot;:&quot;2.8&quot;,&quot;credit&quot;:&quot;PrensaLegislativa2015&quot;,&quot;camera&quot;:&quot;Canon EOS 70D&quot;,&quot;caption&quot;:&quot;&quot;,&quot;created_timestamp&quot;:&quot;1504241501&quot;,&quot;copyright&quot;:&quot;&quot;,&quot;focal_length&quot;:&quot;24&quot;,&quot;iso&quot;:&quot;1250&quot;,&quot;shutter_speed&quot;:&quot;0.016666666666667&quot;,&quot;title&quot;:&quot;&quot;,&quot;orientation&quot;:&quot;0&quot;}\" data-image-title=\"4\" data-image-description=\"\" data-image-caption=\"\" data-large-file=\"https:\/\/www.legistdf.gob.ar\/wp-content\/uploads\/2017\/09\/4.jpg\" \/><\/a>\n\t\t\t<\/dt><\/dl><dl class='gallery-item'>\n\t\t\t<dt class='gallery-icon landscape'>\n\t\t\t\t<a href='https:\/\/www.legistdf.gob.ar\/index.php\/2017\/09\/03\/educacion-el-colegio-tecnico-olga-bronzovich-de-arko-festejo-70-anos-de-vida\/5-46\/'><img loading=\"lazy\" decoding=\"async\" width=\"150\" height=\"150\" src=\"https:\/\/www.legistdf.gob.ar\/wp-content\/uploads\/2017\/09\/5-150x150.jpg\" class=\"attachment-thumbnail size-thumbnail\" alt=\"\" srcset=\"https:\/\/www.legistdf.gob.ar\/wp-content\/uploads\/2017\/09\/5-150x150.jpg 150w, https:\/\/www.legistdf.gob.ar\/wp-content\/uploads\/2017\/09\/5-64x64.jpg 64w\" sizes=\"auto, (max-width: 150px) 100vw, 150px\" data-attachment-id=\"3521\" data-permalink=\"https:\/\/www.legistdf.gob.ar\/index.php\/2017\/09\/03\/educacion-el-colegio-tecnico-olga-bronzovich-de-arko-festejo-70-anos-de-vida\/5-46\/\" data-orig-file=\"https:\/\/www.legistdf.gob.ar\/wp-content\/uploads\/2017\/09\/5.jpg\" data-orig-size=\"1000,667\" data-comments-opened=\"0\" data-image-meta=\"{&quot;aperture&quot;:&quot;2.8&quot;,&quot;credit&quot;:&quot;PrensaLegislativa2015&quot;,&quot;camera&quot;:&quot;Canon EOS 70D&quot;,&quot;caption&quot;:&quot;&quot;,&quot;created_timestamp&quot;:&quot;1504241583&quot;,&quot;copyright&quot;:&quot;&quot;,&quot;focal_length&quot;:&quot;70&quot;,&quot;iso&quot;:&quot;1250&quot;,&quot;shutter_speed&quot;:&quot;0.016666666666667&quot;,&quot;title&quot;:&quot;&quot;,&quot;orientation&quot;:&quot;0&quot;}\" data-image-title=\"5\" data-image-description=\"\" data-image-caption=\"\" data-large-file=\"https:\/\/www.legistdf.gob.ar\/wp-content\/uploads\/2017\/09\/5.jpg\" \/><\/a>\n\t\t\t<\/dt><\/dl><dl class='gallery-item'>\n\t\t\t<dt class='gallery-icon landscape'>\n\t\t\t\t<a href='https:\/\/www.legistdf.gob.ar\/index.php\/2017\/09\/03\/educacion-el-colegio-tecnico-olga-bronzovich-de-arko-festejo-70-anos-de-vida\/6-32\/'><img loading=\"lazy\" decoding=\"async\" width=\"150\" height=\"150\" src=\"https:\/\/www.legistdf.gob.ar\/wp-content\/uploads\/2017\/09\/6-150x150.jpg\" class=\"attachment-thumbnail size-thumbnail\" alt=\"\" srcset=\"https:\/\/www.legistdf.gob.ar\/wp-content\/uploads\/2017\/09\/6-150x150.jpg 150w, https:\/\/www.legistdf.gob.ar\/wp-content\/uploads\/2017\/09\/6-64x64.jpg 64w\" sizes=\"auto, (max-width: 150px) 100vw, 150px\" data-attachment-id=\"3522\" data-permalink=\"https:\/\/www.legistdf.gob.ar\/index.php\/2017\/09\/03\/educacion-el-colegio-tecnico-olga-bronzovich-de-arko-festejo-70-anos-de-vida\/6-32\/\" data-orig-file=\"https:\/\/www.legistdf.gob.ar\/wp-content\/uploads\/2017\/09\/6.jpg\" data-orig-size=\"1000,667\" data-comments-opened=\"0\" data-image-meta=\"{&quot;aperture&quot;:&quot;2.8&quot;,&quot;credit&quot;:&quot;PrensaLegislativa2015&quot;,&quot;camera&quot;:&quot;Canon EOS 70D&quot;,&quot;caption&quot;:&quot;&quot;,&quot;created_timestamp&quot;:&quot;1504242131&quot;,&quot;copyright&quot;:&quot;&quot;,&quot;focal_length&quot;:&quot;24&quot;,&quot;iso&quot;:&quot;1250&quot;,&quot;shutter_speed&quot;:&quot;0.016666666666667&quot;,&quot;title&quot;:&quot;&quot;,&quot;orientation&quot;:&quot;0&quot;}\" data-image-title=\"6\" data-image-description=\"\" data-image-caption=\"\" data-large-file=\"https:\/\/www.legistdf.gob.ar\/wp-content\/uploads\/2017\/09\/6.jpg\" \/><\/a>\n\t\t\t<\/dt><\/dl><br style=\"clear: both\" \/><dl class='gallery-item'>\n\t\t\t<dt class='gallery-icon landscape'>\n\t\t\t\t<a href='https:\/\/www.legistdf.gob.ar\/index.php\/2017\/09\/03\/educacion-el-colegio-tecnico-olga-bronzovich-de-arko-festejo-70-anos-de-vida\/7-22\/'><img loading=\"lazy\" decoding=\"async\" width=\"150\" height=\"150\" src=\"https:\/\/www.legistdf.gob.ar\/wp-content\/uploads\/2017\/09\/7-150x150.jpg\" class=\"attachment-thumbnail size-thumbnail\" alt=\"\" srcset=\"https:\/\/www.legistdf.gob.ar\/wp-content\/uploads\/2017\/09\/7-150x150.jpg 150w, https:\/\/www.legistdf.gob.ar\/wp-content\/uploads\/2017\/09\/7-64x64.jpg 64w\" sizes=\"auto, (max-width: 150px) 100vw, 150px\" data-attachment-id=\"3523\" data-permalink=\"https:\/\/www.legistdf.gob.ar\/index.php\/2017\/09\/03\/educacion-el-colegio-tecnico-olga-bronzovich-de-arko-festejo-70-anos-de-vida\/7-22\/\" data-orig-file=\"https:\/\/www.legistdf.gob.ar\/wp-content\/uploads\/2017\/09\/7.jpg\" data-orig-size=\"1000,662\" data-comments-opened=\"0\" data-image-meta=\"{&quot;aperture&quot;:&quot;2.8&quot;,&quot;credit&quot;:&quot;PrensaLegislativa2015&quot;,&quot;camera&quot;:&quot;Canon EOS 70D&quot;,&quot;caption&quot;:&quot;&quot;,&quot;created_timestamp&quot;:&quot;1504243071&quot;,&quot;copyright&quot;:&quot;&quot;,&quot;focal_length&quot;:&quot;24&quot;,&quot;iso&quot;:&quot;1600&quot;,&quot;shutter_speed&quot;:&quot;0.033333333333333&quot;,&quot;title&quot;:&quot;&quot;,&quot;orientation&quot;:&quot;0&quot;}\" data-image-title=\"7\" data-image-description=\"\" data-image-caption=\"\" data-large-file=\"https:\/\/www.legistdf.gob.ar\/wp-content\/uploads\/2017\/09\/7.jpg\" \/><\/a>\n\t\t\t<\/dt><\/dl><dl class='gallery-item'>\n\t\t\t<dt class='gallery-icon landscape'>\n\t\t\t\t<a href='https:\/\/www.legistdf.gob.ar\/index.php\/2017\/09\/03\/educacion-el-colegio-tecnico-olga-bronzovich-de-arko-festejo-70-anos-de-vida\/8-18\/'><img loading=\"lazy\" decoding=\"async\" width=\"150\" height=\"150\" src=\"https:\/\/www.legistdf.gob.ar\/wp-content\/uploads\/2017\/09\/8-150x150.jpg\" class=\"attachment-thumbnail size-thumbnail\" alt=\"\" srcset=\"https:\/\/www.legistdf.gob.ar\/wp-content\/uploads\/2017\/09\/8-150x150.jpg 150w, https:\/\/www.legistdf.gob.ar\/wp-content\/uploads\/2017\/09\/8-64x64.jpg 64w\" sizes=\"auto, (max-width: 150px) 100vw, 150px\" data-attachment-id=\"3524\" data-permalink=\"https:\/\/www.legistdf.gob.ar\/index.php\/2017\/09\/03\/educacion-el-colegio-tecnico-olga-bronzovich-de-arko-festejo-70-anos-de-vida\/8-18\/\" data-orig-file=\"https:\/\/www.legistdf.gob.ar\/wp-content\/uploads\/2017\/09\/8.jpg\" data-orig-size=\"1000,667\" data-comments-opened=\"0\" data-image-meta=\"{&quot;aperture&quot;:&quot;2.8&quot;,&quot;credit&quot;:&quot;PrensaLegislativa2015&quot;,&quot;camera&quot;:&quot;Canon EOS 70D&quot;,&quot;caption&quot;:&quot;&quot;,&quot;created_timestamp&quot;:&quot;1504243221&quot;,&quot;copyright&quot;:&quot;&quot;,&quot;focal_length&quot;:&quot;50&quot;,&quot;iso&quot;:&quot;1250&quot;,&quot;shutter_speed&quot;:&quot;0.016666666666667&quot;,&quot;title&quot;:&quot;&quot;,&quot;orientation&quot;:&quot;0&quot;}\" data-image-title=\"8\" data-image-description=\"\" data-image-caption=\"\" data-large-file=\"https:\/\/www.legistdf.gob.ar\/wp-content\/uploads\/2017\/09\/8.jpg\" \/><\/a>\n\t\t\t<\/dt><\/dl><dl class='gallery-item'>\n\t\t\t<dt class='gallery-icon landscape'>\n\t\t\t\t<a href='https:\/\/www.legistdf.gob.ar\/index.php\/2017\/09\/03\/educacion-el-colegio-tecnico-olga-bronzovich-de-arko-festejo-70-anos-de-vida\/9-14\/'><img loading=\"lazy\" decoding=\"async\" width=\"150\" height=\"150\" src=\"https:\/\/www.legistdf.gob.ar\/wp-content\/uploads\/2017\/09\/9-150x150.jpg\" class=\"attachment-thumbnail size-thumbnail\" alt=\"\" srcset=\"https:\/\/www.legistdf.gob.ar\/wp-content\/uploads\/2017\/09\/9-150x150.jpg 150w, https:\/\/www.legistdf.gob.ar\/wp-content\/uploads\/2017\/09\/9-64x64.jpg 64w\" sizes=\"auto, (max-width: 150px) 100vw, 150px\" data-attachment-id=\"3525\" data-permalink=\"https:\/\/www.legistdf.gob.ar\/index.php\/2017\/09\/03\/educacion-el-colegio-tecnico-olga-bronzovich-de-arko-festejo-70-anos-de-vida\/9-14\/\" data-orig-file=\"https:\/\/www.legistdf.gob.ar\/wp-content\/uploads\/2017\/09\/9.jpg\" data-orig-size=\"1000,667\" data-comments-opened=\"0\" data-image-meta=\"{&quot;aperture&quot;:&quot;3.2&quot;,&quot;credit&quot;:&quot;PrensaLegislativa2015&quot;,&quot;camera&quot;:&quot;Canon EOS 70D&quot;,&quot;caption&quot;:&quot;&quot;,&quot;created_timestamp&quot;:&quot;1504243400&quot;,&quot;copyright&quot;:&quot;&quot;,&quot;focal_length&quot;:&quot;70&quot;,&quot;iso&quot;:&quot;800&quot;,&quot;shutter_speed&quot;:&quot;0.016666666666667&quot;,&quot;title&quot;:&quot;&quot;,&quot;orientation&quot;:&quot;0&quot;}\" data-image-title=\"9\" data-image-description=\"\" data-image-caption=\"\" data-large-file=\"https:\/\/www.legistdf.gob.ar\/wp-content\/uploads\/2017\/09\/9.jpg\" \/><\/a>\n\t\t\t<\/dt><\/dl><br style=\"clear: both\" \/><dl class='gallery-item'>\n\t\t\t<dt class='gallery-icon landscape'>\n\t\t\t\t<a href='https:\/\/www.legistdf.gob.ar\/index.php\/2017\/09\/03\/educacion-el-colegio-tecnico-olga-bronzovich-de-arko-festejo-70-anos-de-vida\/10-12\/'><img loading=\"lazy\" decoding=\"async\" width=\"150\" height=\"150\" src=\"https:\/\/www.legistdf.gob.ar\/wp-content\/uploads\/2017\/09\/10-150x150.jpg\" class=\"attachment-thumbnail size-thumbnail\" alt=\"\" srcset=\"https:\/\/www.legistdf.gob.ar\/wp-content\/uploads\/2017\/09\/10-150x150.jpg 150w, https:\/\/www.legistdf.gob.ar\/wp-content\/uploads\/2017\/09\/10-64x64.jpg 64w\" sizes=\"auto, (max-width: 150px) 100vw, 150px\" data-attachment-id=\"3526\" data-permalink=\"https:\/\/www.legistdf.gob.ar\/index.php\/2017\/09\/03\/educacion-el-colegio-tecnico-olga-bronzovich-de-arko-festejo-70-anos-de-vida\/10-12\/\" data-orig-file=\"https:\/\/www.legistdf.gob.ar\/wp-content\/uploads\/2017\/09\/10.jpg\" data-orig-size=\"1000,667\" data-comments-opened=\"0\" data-image-meta=\"{&quot;aperture&quot;:&quot;4&quot;,&quot;credit&quot;:&quot;PrensaLegislativa2015&quot;,&quot;camera&quot;:&quot;Canon EOS 70D&quot;,&quot;caption&quot;:&quot;&quot;,&quot;created_timestamp&quot;:&quot;1504243473&quot;,&quot;copyright&quot;:&quot;&quot;,&quot;focal_length&quot;:&quot;70&quot;,&quot;iso&quot;:&quot;800&quot;,&quot;shutter_speed&quot;:&quot;0.0125&quot;,&quot;title&quot;:&quot;&quot;,&quot;orientation&quot;:&quot;0&quot;}\" data-image-title=\"10\" data-image-description=\"\" data-image-caption=\"\" data-large-file=\"https:\/\/www.legistdf.gob.ar\/wp-content\/uploads\/2017\/09\/10.jpg\" \/><\/a>\n\t\t\t<\/dt><\/dl><dl class='gallery-item'>\n\t\t\t<dt class='gallery-icon landscape'>\n\t\t\t\t<a href='https:\/\/www.legistdf.gob.ar\/index.php\/2017\/09\/03\/educacion-el-colegio-tecnico-olga-bronzovich-de-arko-festejo-70-anos-de-vida\/11-4\/'><img loading=\"lazy\" decoding=\"async\" width=\"150\" height=\"150\" src=\"https:\/\/www.legistdf.gob.ar\/wp-content\/uploads\/2017\/09\/11-150x150.jpg\" class=\"attachment-thumbnail size-thumbnail\" alt=\"\" srcset=\"https:\/\/www.legistdf.gob.ar\/wp-content\/uploads\/2017\/09\/11-150x150.jpg 150w, https:\/\/www.legistdf.gob.ar\/wp-content\/uploads\/2017\/09\/11-64x64.jpg 64w\" sizes=\"auto, (max-width: 150px) 100vw, 150px\" data-attachment-id=\"3527\" data-permalink=\"https:\/\/www.legistdf.gob.ar\/index.php\/2017\/09\/03\/educacion-el-colegio-tecnico-olga-bronzovich-de-arko-festejo-70-anos-de-vida\/11-4\/\" data-orig-file=\"https:\/\/www.legistdf.gob.ar\/wp-content\/uploads\/2017\/09\/11.jpg\" data-orig-size=\"1000,667\" data-comments-opened=\"0\" data-image-meta=\"{&quot;aperture&quot;:&quot;3.2&quot;,&quot;credit&quot;:&quot;PrensaLegislativa2015&quot;,&quot;camera&quot;:&quot;Canon EOS 70D&quot;,&quot;caption&quot;:&quot;&quot;,&quot;created_timestamp&quot;:&quot;1504244044&quot;,&quot;copyright&quot;:&quot;&quot;,&quot;focal_length&quot;:&quot;70&quot;,&quot;iso&quot;:&quot;800&quot;,&quot;shutter_speed&quot;:&quot;0.016666666666667&quot;,&quot;title&quot;:&quot;&quot;,&quot;orientation&quot;:&quot;0&quot;}\" data-image-title=\"11\" data-image-description=\"\" data-image-caption=\"\" data-large-file=\"https:\/\/www.legistdf.gob.ar\/wp-content\/uploads\/2017\/09\/11.jpg\" \/><\/a>\n\t\t\t<\/dt><\/dl>\n\t\t\t<br style='clear: both' \/>\n\t\t<\/div>\n\n","protected":false},"excerpt":{"rendered":"<p>Ushuaia, domingo 3 de septiembre de 2017.- El Colegio T&eacute;cnico Provincial Olga Bronzovich de Arko, festej&oacute; el viernes &uacute;ltimo el 70&ordm; aniversario de la fundaci&oacute;n. El ministro de Educaci&oacute;n, Diego Romero encabez&oacute; el evento, acompa&ntilde;ado por la directora de la instituci&oacute;n Mar&iacute;a Adela Villagr&aacute;n. Las legisladoras Liliana Mart&iacute;nez Allende (UCR &ndash; Cambiemos), Andrea Freites, Marcela [&hellip;]<\/p>\n","protected":false},"author":352,"featured_media":3517,"comment_status":"closed","ping_status":"open","sticky":false,"template":"","format":"standard","meta":{"footnotes":"","jetpack_publicize_message":"","jetpack_publicize_feature_enabled":true,"jetpack_social_post_already_shared":true,"jetpack_social_options":{"image_generator_settings":{"template":"highway","default_image_id":0,"font":"","enabled":false},"version":2},"jetpack_post_was_ever_published":false},"categories":[1],"tags":[],"class_list":["post-3516","post","type-post","status-publish","format-standard","has-post-thumbnail","hentry","category-prensa"],"jetpack_publicize_connections":[],"jetpack_featured_media_url":"https:\/\/www.legistdf.gob.ar\/wp-content\/uploads\/2017\/09\/1.jpg","jetpack-related-posts":[],"_links":{"self":[{"href":"https:\/\/www.legistdf.gob.ar\/index.php\/wp-json\/wp\/v2\/posts\/3516","targetHints":{"allow":["GET"]}}],"collection":[{"href":"https:\/\/www.legistdf.gob.ar\/index.php\/wp-json\/wp\/v2\/posts"}],"about":[{"href":"https:\/\/www.legistdf.gob.ar\/index.php\/wp-json\/wp\/v2\/types\/post"}],"author":[{"embeddable":true,"href":"https:\/\/www.legistdf.gob.ar\/index.php\/wp-json\/wp\/v2\/users\/352"}],"replies":[{"embeddable":true,"href":"https:\/\/www.legistdf.gob.ar\/index.php\/wp-json\/wp\/v2\/comments?post=3516"}],"version-history":[{"count":1,"href":"https:\/\/www.legistdf.gob.ar\/index.php\/wp-json\/wp\/v2\/posts\/3516\/revisions"}],"predecessor-version":[{"id":3528,"href":"https:\/\/www.legistdf.gob.ar\/index.php\/wp-json\/wp\/v2\/posts\/3516\/revisions\/3528"}],"wp:featuredmedia":[{"embeddable":true,"href":"https:\/\/www.legistdf.gob.ar\/index.php\/wp-json\/wp\/v2\/media\/3517"}],"wp:attachment":[{"href":"https:\/\/www.legistdf.gob.ar\/index.php\/wp-json\/wp\/v2\/media?parent=3516"}],"wp:term":[{"taxonomy":"category","embeddable":true,"href":"https:\/\/www.legistdf.gob.ar\/index.php\/wp-json\/wp\/v2\/categories?post=3516"},{"taxonomy":"post_tag","embeddable":true,"href":"https:\/\/www.legistdf.gob.ar\/index.php\/wp-json\/wp\/v2\/tags?post=3516"}],"curies":[{"name":"wp","href":"https:\/\/api.w.org\/{rel}","templated":true}]}}