{"id":35318,"date":"2022-10-14T18:34:31","date_gmt":"2022-10-14T21:34:31","guid":{"rendered":"https:\/\/www.legistdf.gob.ar\/?p=35318"},"modified":"2022-10-14T18:34:31","modified_gmt":"2022-10-14T21:34:31","slug":"industria-el-proyecto-de-la-coalicion-civica-es-inadmisible-y-muestra-un-enorme-desconocimiento-dijo-sciurano","status":"publish","type":"post","link":"https:\/\/www.legistdf.gob.ar\/index.php\/2022\/10\/14\/industria-el-proyecto-de-la-coalicion-civica-es-inadmisible-y-muestra-un-enorme-desconocimiento-dijo-sciurano\/","title":{"rendered":"INDUSTRIA: \u201cEl proyecto de la Coalici\u00f3n C\u00edvica es inadmisible y muestra un enorme desconocimiento\u201d, dijo Sciurano"},"content":{"rendered":"<p><span style=\"font-family: arial, helvetica, sans-serif;font-size: 14pt;color: #000000\"><strong><img loading=\"lazy\" decoding=\"async\" data-attachment-id=\"34931\" data-permalink=\"https:\/\/www.legistdf.gob.ar\/index.php\/2022\/09\/26\/salud-sera-ley-el-convenio-de-capacitacion-con-el-conicet-para-el-uso-medicinal-del-cannabis\/img_3189-3\/\" data-orig-file=\"https:\/\/www.legistdf.gob.ar\/wp-content\/uploads\/2022\/09\/IMG_3189.jpg\" data-orig-size=\"1500,1000\" data-comments-opened=\"0\" data-image-meta=\"{&quot;aperture&quot;:&quot;6.3&quot;,&quot;credit&quot;:&quot;&quot;,&quot;camera&quot;:&quot;Canon EOS Rebel T6i&quot;,&quot;caption&quot;:&quot;&quot;,&quot;created_timestamp&quot;:&quot;1663935659&quot;,&quot;copyright&quot;:&quot;&quot;,&quot;focal_length&quot;:&quot;71&quot;,&quot;iso&quot;:&quot;1600&quot;,&quot;shutter_speed&quot;:&quot;0.00625&quot;,&quot;title&quot;:&quot;&quot;,&quot;orientation&quot;:&quot;0&quot;}\" data-image-title=\"IMG_3189\" data-image-description=\"\" data-image-caption=\"\" data-medium-file=\"https:\/\/www.legistdf.gob.ar\/wp-content\/uploads\/2022\/09\/IMG_3189-300x200.jpg\" data-large-file=\"https:\/\/www.legistdf.gob.ar\/wp-content\/uploads\/2022\/09\/IMG_3189-1024x683.jpg\" class=\"alignleft wp-image-34931 size-medium\" src=\"https:\/\/www.legistdf.gob.ar\/wp-content\/uploads\/2022\/09\/IMG_3189-300x200.jpg\" alt=\"\" width=\"300\" height=\"200\" srcset=\"https:\/\/www.legistdf.gob.ar\/wp-content\/uploads\/2022\/09\/IMG_3189-300x200.jpg 300w, https:\/\/www.legistdf.gob.ar\/wp-content\/uploads\/2022\/09\/IMG_3189-768x512.jpg 768w, https:\/\/www.legistdf.gob.ar\/wp-content\/uploads\/2022\/09\/IMG_3189-1024x683.jpg 1024w, https:\/\/www.legistdf.gob.ar\/wp-content\/uploads\/2022\/09\/IMG_3189-160x107.jpg 160w, https:\/\/www.legistdf.gob.ar\/wp-content\/uploads\/2022\/09\/IMG_3189.jpg 1500w\" sizes=\"(max-width: 300px) 100vw, 300px\" \/>Ushuaia, viernes 14 de octubre de 2022.- El referente radical Federico Sciurano se expres\u00f3 sobre el proyecto presentado el viernes y dijo que \u201cla ley N\u00b0 19.640, tiene que ver con el desarrollo de un pa\u00eds integral con las diversidades que tiene la Argentina, que es mucho m\u00e1s que las 5 provincias m\u00e1s importantes\u201d. Lo dijo luego que desde la Coalici\u00f3n C\u00edvica, presentaran una iniciativa que busca derogar la Ley que contiene el subr\u00e9gimen de promoci\u00f3n industrial para la isla.<\/strong><\/span><\/p>\n<p><span style=\"font-family: arial, helvetica, sans-serif;font-size: 12pt;color: #000000\"><strong>\u00a0<\/strong><\/span><\/p>\n<p><span style=\"font-family: arial, helvetica, sans-serif;font-size: 12pt;color: #000000\"><strong>\u201cTierra del Fuego tiene una trascendencia geopol\u00edtica clave, por su cercan\u00eda con la Ant\u00e1rtida, el conflicto de soberan\u00eda en Malvinas y considerando que era una tierra poco habitada por los argentinos. El planteo hace poco responsables a los dirigentes que dan este tipo de opiniones, faltos de la sensibilidad adecuada para llevar adelante un pa\u00eds complejo y diverso como el nuestro. Un pa\u00eds no se puede limitar a una ecuaci\u00f3n matem\u00e1tica, cuando el costo ser\u00eda mucho m\u00e1s grande si no existiera la ley\u201d.<\/strong><\/span><\/p>\n<p><span style=\"font-family: arial, helvetica, sans-serif;font-size: 12pt;color: #000000\">Sciurano destaca que \u201centre los enormes errores interpretativos que tiene, el proyecto de Ley, hablan de 11 mil empleados directos, pero la realidad muestra que la industria fueguina tiene un impacto indirecto cercano a las 30 mil fuentes laborales\u201d.<\/span><\/p>\n<p><span style=\"font-family: arial, helvetica, sans-serif;font-size: 12pt;color: #000000\"><img loading=\"lazy\" decoding=\"async\" data-attachment-id=\"34724\" data-permalink=\"https:\/\/www.legistdf.gob.ar\/index.php\/2022\/09\/14\/sciurano-en-noviembre-analizaran-el-proyecto-de-presupuesto-2023\/img_0004-15\/\" data-orig-file=\"https:\/\/www.legistdf.gob.ar\/wp-content\/uploads\/2022\/09\/IMG_0004.jpg\" data-orig-size=\"1200,800\" data-comments-opened=\"0\" data-image-meta=\"{&quot;aperture&quot;:&quot;4&quot;,&quot;credit&quot;:&quot;PRENSA LEGISLATIVA TDF AIAS&quot;,&quot;camera&quot;:&quot;Canon EOS 70D&quot;,&quot;caption&quot;:&quot;&quot;,&quot;created_timestamp&quot;:&quot;1663181554&quot;,&quot;copyright&quot;:&quot;NDM&quot;,&quot;focal_length&quot;:&quot;28&quot;,&quot;iso&quot;:&quot;800&quot;,&quot;shutter_speed&quot;:&quot;0.01&quot;,&quot;title&quot;:&quot;&quot;,&quot;orientation&quot;:&quot;0&quot;}\" data-image-title=\"IMG_0004\" data-image-description=\"\" data-image-caption=\"\" data-medium-file=\"https:\/\/www.legistdf.gob.ar\/wp-content\/uploads\/2022\/09\/IMG_0004-300x200.jpg\" data-large-file=\"https:\/\/www.legistdf.gob.ar\/wp-content\/uploads\/2022\/09\/IMG_0004-1024x683.jpg\" class=\"alignright wp-image-34724 size-medium\" src=\"https:\/\/www.legistdf.gob.ar\/wp-content\/uploads\/2022\/09\/IMG_0004-300x200.jpg\" alt=\"\" width=\"300\" height=\"200\" srcset=\"https:\/\/www.legistdf.gob.ar\/wp-content\/uploads\/2022\/09\/IMG_0004-300x200.jpg 300w, https:\/\/www.legistdf.gob.ar\/wp-content\/uploads\/2022\/09\/IMG_0004-768x512.jpg 768w, https:\/\/www.legistdf.gob.ar\/wp-content\/uploads\/2022\/09\/IMG_0004-1024x683.jpg 1024w, https:\/\/www.legistdf.gob.ar\/wp-content\/uploads\/2022\/09\/IMG_0004-160x107.jpg 160w, https:\/\/www.legistdf.gob.ar\/wp-content\/uploads\/2022\/09\/IMG_0004.jpg 1200w\" sizes=\"(max-width: 300px) 100vw, 300px\" \/>Por otro lado, \u201cla medida no resuelve la cuesti\u00f3n de la balanza comercial. Los d\u00f3lares van a seguir saliendo o para comprar insumos y generar empleo y ocupaci\u00f3n territorial en una zona del pa\u00eds que necesita ese tipo de decisiones o los d\u00f3lares van a salir para comprar los productos que la industria fueguina dejar\u00eda de producir a nivel local\u201d, dijo hoy.<\/span><\/p>\n<p><span style=\"font-family: arial, helvetica, sans-serif;font-size: 12pt;color: #000000\">\u201cHoy la industria mundial interact\u00faa entre los distintos pa\u00edses, salvo China, todos los otros pa\u00edses dependemos de otros para obtener insumos. Por ejemplo, en C\u00f3rdoba pasa algo similar con la industria automotriz, es impensable creer que un producto puede ser realizado sin depender de componentes importados\u201d.<\/span><\/p>\n<p><span style=\"font-family: arial, helvetica, sans-serif;font-size: 12pt;color: #000000\">\u201cEs clave entender que lo planteado en el presupuesto calcula cu\u00e1nto deja de percibir el pa\u00eds con todas las excepciones que existen a nivel impositivo. No es la erogaci\u00f3n de un recurso f\u00edsicamente disponible sino lo que se deja de percibir. Si la industria de Tierra del Fuego pierde sus beneficios las empresas simplemente van a desaparecer y ese impuesto no se va a percibir\u201d.<\/span><\/p>\n<p><span style=\"font-family: arial, helvetica, sans-serif;font-size: 12pt;color: #000000\"><img loading=\"lazy\" decoding=\"async\" data-attachment-id=\"34645\" data-permalink=\"https:\/\/www.legistdf.gob.ar\/index.php\/2022\/09\/09\/sesion-el-proyecto-de-ley-de-presupuesto-2023-espera-su-debate-en-comision-n-2\/img_4537\/\" data-orig-file=\"https:\/\/www.legistdf.gob.ar\/wp-content\/uploads\/2022\/09\/IMG_4537.jpg\" data-orig-size=\"1500,1000\" data-comments-opened=\"0\" data-image-meta=\"{&quot;aperture&quot;:&quot;3.5&quot;,&quot;credit&quot;:&quot;&quot;,&quot;camera&quot;:&quot;Canon EOS 6D&quot;,&quot;caption&quot;:&quot;&quot;,&quot;created_timestamp&quot;:&quot;1662645416&quot;,&quot;copyright&quot;:&quot;&quot;,&quot;focal_length&quot;:&quot;70&quot;,&quot;iso&quot;:&quot;2500&quot;,&quot;shutter_speed&quot;:&quot;0.00625&quot;,&quot;title&quot;:&quot;&quot;,&quot;orientation&quot;:&quot;0&quot;}\" data-image-title=\"IMG_4537\" data-image-description=\"\" data-image-caption=\"\" data-medium-file=\"https:\/\/www.legistdf.gob.ar\/wp-content\/uploads\/2022\/09\/IMG_4537-300x200.jpg\" data-large-file=\"https:\/\/www.legistdf.gob.ar\/wp-content\/uploads\/2022\/09\/IMG_4537-1024x683.jpg\" class=\"alignleft wp-image-34645 size-medium\" src=\"https:\/\/www.legistdf.gob.ar\/wp-content\/uploads\/2022\/09\/IMG_4537-300x200.jpg\" alt=\"\" width=\"300\" height=\"200\" srcset=\"https:\/\/www.legistdf.gob.ar\/wp-content\/uploads\/2022\/09\/IMG_4537-300x200.jpg 300w, https:\/\/www.legistdf.gob.ar\/wp-content\/uploads\/2022\/09\/IMG_4537-768x512.jpg 768w, https:\/\/www.legistdf.gob.ar\/wp-content\/uploads\/2022\/09\/IMG_4537-1024x683.jpg 1024w, https:\/\/www.legistdf.gob.ar\/wp-content\/uploads\/2022\/09\/IMG_4537-160x107.jpg 160w, https:\/\/www.legistdf.gob.ar\/wp-content\/uploads\/2022\/09\/IMG_4537.jpg 1500w\" sizes=\"(max-width: 300px) 100vw, 300px\" \/>De hecho, continua Sciurano \u201cen el presupuesto habla del costo tributario, el dinero que deja de percibir el Estado por reg\u00edmenes de promoci\u00f3n que de no existir no implica que el Estado vaya a percibir ese dinero. Ac\u00e1 va a generarse una erogaci\u00f3n a trabajadores con una consecuente fuga de divisas al extranjero\u201d.<\/span><\/p>\n<p><span style=\"font-family: arial, helvetica, sans-serif;font-size: 12pt;color: #000000\">\u201cDefender el r\u00e9gimen es algo que trasciende los partidos pol\u00edticos, la 19.640 es una pol\u00edtica de Estado, en favor del empleo, del desarrollo de la industria nacional y que atiende la cuesti\u00f3n geopol\u00edtica estrat\u00e9gica que tiene nuestra provincia. Nadie nos va a convencer que la 19.640 es un problema para la Argentina\u201d, cerr\u00f3.<\/span><\/p>\n<p>&nbsp;<\/p>\n<p style=\"text-align: right\"><em>Gentileza prensa\u00a0<\/em><\/p>\n<p style=\"text-align: right\"><em>Bloque\u00a0 UCR<\/em><\/p>\n","protected":false},"excerpt":{"rendered":"<p>Ushuaia, viernes 14 de octubre de 2022.- El referente radical Federico Sciurano se expres\u00f3 sobre el proyecto presentado el viernes y dijo que \u201cla ley N\u00b0 19.640, tiene que ver con el desarrollo de un pa\u00eds integral con las diversidades que tiene la Argentina, que es mucho m\u00e1s que las 5 provincias m\u00e1s importantes\u201d. Lo [&hellip;]<\/p>\n","protected":false},"author":352,"featured_media":34645,"comment_status":"closed","ping_status":"open","sticky":false,"template":"","format":"standard","meta":{"jetpack_post_was_ever_published":false,"_jetpack_newsletter_access":"","_jetpack_dont_email_post_to_subs":false,"_jetpack_newsletter_tier_id":0,"footnotes":"","jetpack_publicize_message":"","jetpack_publicize_feature_enabled":true,"jetpack_social_post_already_shared":true,"jetpack_social_options":{"image_generator_settings":{"template":"highway","enabled":false}}},"categories":[1],"tags":[1824,677,78,1434,2397,79,648,87],"jetpack_publicize_connections":[],"jetpack_sharing_enabled":true,"jetpack_featured_media_url":"https:\/\/www.legistdf.gob.ar\/wp-content\/uploads\/2022\/09\/IMG_4537.jpg","jetpack-related-posts":[],"_links":{"self":[{"href":"https:\/\/www.legistdf.gob.ar\/index.php\/wp-json\/wp\/v2\/posts\/35318"}],"collection":[{"href":"https:\/\/www.legistdf.gob.ar\/index.php\/wp-json\/wp\/v2\/posts"}],"about":[{"href":"https:\/\/www.legistdf.gob.ar\/index.php\/wp-json\/wp\/v2\/types\/post"}],"author":[{"embeddable":true,"href":"https:\/\/www.legistdf.gob.ar\/index.php\/wp-json\/wp\/v2\/users\/352"}],"replies":[{"embeddable":true,"href":"https:\/\/www.legistdf.gob.ar\/index.php\/wp-json\/wp\/v2\/comments?post=35318"}],"version-history":[{"count":1,"href":"https:\/\/www.legistdf.gob.ar\/index.php\/wp-json\/wp\/v2\/posts\/35318\/revisions"}],"predecessor-version":[{"id":35319,"href":"https:\/\/www.legistdf.gob.ar\/index.php\/wp-json\/wp\/v2\/posts\/35318\/revisions\/35319"}],"wp:featuredmedia":[{"embeddable":true,"href":"https:\/\/www.legistdf.gob.ar\/index.php\/wp-json\/wp\/v2\/media\/34645"}],"wp:attachment":[{"href":"https:\/\/www.legistdf.gob.ar\/index.php\/wp-json\/wp\/v2\/media?parent=35318"}],"wp:term":[{"taxonomy":"category","embeddable":true,"href":"https:\/\/www.legistdf.gob.ar\/index.php\/wp-json\/wp\/v2\/categories?post=35318"},{"taxonomy":"post_tag","embeddable":true,"href":"https:\/\/www.legistdf.gob.ar\/index.php\/wp-json\/wp\/v2\/tags?post=35318"}],"curies":[{"name":"wp","href":"https:\/\/api.w.org\/{rel}","templated":true}]}}