{"id":35595,"date":"2022-10-28T16:03:31","date_gmt":"2022-10-28T19:03:31","guid":{"rendered":"https:\/\/www.legistdf.gob.ar\/?p=35595"},"modified":"2022-10-28T16:03:31","modified_gmt":"2022-10-28T19:03:31","slug":"justicia-la-ampliacion-del-superior-tribunal-va-a-mejorar-el-servicio-valoro-villegas","status":"publish","type":"post","link":"https:\/\/www.legistdf.gob.ar\/index.php\/2022\/10\/28\/justicia-la-ampliacion-del-superior-tribunal-va-a-mejorar-el-servicio-valoro-villegas\/","title":{"rendered":"JUSTICIA: La ampliaci\u00f3n del Superior Tribunal va a mejorar el servicio, valor\u00f3 Villegas"},"content":{"rendered":"<p><span style=\"font-family: arial, helvetica, sans-serif;font-size: 14pt\"><strong><img loading=\"lazy\" decoding=\"async\" data-attachment-id=\"35597\" data-permalink=\"https:\/\/www.legistdf.gob.ar\/index.php\/2022\/10\/28\/justicia-la-ampliacion-del-superior-tribunal-va-a-mejorar-el-servicio-valoro-villegas\/fah_2965\/\" data-orig-file=\"https:\/\/www.legistdf.gob.ar\/wp-content\/uploads\/2022\/10\/FAH_2965.jpg\" data-orig-size=\"1200,800\" data-comments-opened=\"0\" data-image-meta=\"{&quot;aperture&quot;:&quot;4&quot;,&quot;credit&quot;:&quot;&quot;,&quot;camera&quot;:&quot;NIKON D750&quot;,&quot;caption&quot;:&quot;&quot;,&quot;created_timestamp&quot;:&quot;0&quot;,&quot;copyright&quot;:&quot;&quot;,&quot;focal_length&quot;:&quot;120&quot;,&quot;iso&quot;:&quot;450&quot;,&quot;shutter_speed&quot;:&quot;0.016666666666667&quot;,&quot;title&quot;:&quot;&quot;,&quot;orientation&quot;:&quot;0&quot;}\" data-image-title=\"FAH_2965\" data-image-description=\"\" data-image-caption=\"\" data-medium-file=\"https:\/\/www.legistdf.gob.ar\/wp-content\/uploads\/2022\/10\/FAH_2965-300x200.jpg\" data-large-file=\"https:\/\/www.legistdf.gob.ar\/wp-content\/uploads\/2022\/10\/FAH_2965-1024x683.jpg\" class=\"wp-image-35597 size-medium alignleft\" src=\"https:\/\/www.legistdf.gob.ar\/wp-content\/uploads\/2022\/10\/FAH_2965-300x200.jpg\" alt=\"\" width=\"300\" height=\"200\" srcset=\"https:\/\/www.legistdf.gob.ar\/wp-content\/uploads\/2022\/10\/FAH_2965-300x200.jpg 300w, https:\/\/www.legistdf.gob.ar\/wp-content\/uploads\/2022\/10\/FAH_2965-768x512.jpg 768w, https:\/\/www.legistdf.gob.ar\/wp-content\/uploads\/2022\/10\/FAH_2965-1024x683.jpg 1024w, https:\/\/www.legistdf.gob.ar\/wp-content\/uploads\/2022\/10\/FAH_2965-160x107.jpg 160w, https:\/\/www.legistdf.gob.ar\/wp-content\/uploads\/2022\/10\/FAH_2965.jpg 1200w\" sizes=\"(max-width: 300px) 100vw, 300px\" \/><\/strong><strong>R\u00edo Grande, viernes 28 de octubre de 2022.- El Consejo de la Magistratura sesion\u00f3 en la C\u00e1mara de Apelaciones del Distrito Judicial Norte, en R\u00edo Grande, donde tom\u00f3 entrevistas y ex\u00e1menes a candidatos a juez o jueza de la Sala Civil de la C\u00e1mara de Apelaciones del Distrito Judicial Norte. Pablo Villegas, sostuvo que se trata de jornadas positivas y, como integrante del Cuerpo colegiado, evalu\u00f3 que se busca preguntar no solamente por los antecedentes acad\u00e9micos, sino tambi\u00e9n \u201csobre la mirada interinstitucional\u201d, dijo.<\/strong><\/span><\/p>\n<p>&nbsp;<\/p>\n<p><strong style=\"font-family: arial, helvetica, sans-serif;font-size: 18.6667px\"><img loading=\"lazy\" decoding=\"async\" data-attachment-id=\"35599\" data-permalink=\"https:\/\/www.legistdf.gob.ar\/index.php\/2022\/10\/28\/justicia-la-ampliacion-del-superior-tribunal-va-a-mejorar-el-servicio-valoro-villegas\/fah_2975\/\" data-orig-file=\"https:\/\/www.legistdf.gob.ar\/wp-content\/uploads\/2022\/10\/FAH_2975.jpg\" data-orig-size=\"1200,800\" data-comments-opened=\"0\" data-image-meta=\"{&quot;aperture&quot;:&quot;13&quot;,&quot;credit&quot;:&quot;&quot;,&quot;camera&quot;:&quot;NIKON D750&quot;,&quot;caption&quot;:&quot;&quot;,&quot;created_timestamp&quot;:&quot;0&quot;,&quot;copyright&quot;:&quot;&quot;,&quot;focal_length&quot;:&quot;24&quot;,&quot;iso&quot;:&quot;200&quot;,&quot;shutter_speed&quot;:&quot;0.0015625&quot;,&quot;title&quot;:&quot;&quot;,&quot;orientation&quot;:&quot;0&quot;}\" data-image-title=\"FAH_2975\" data-image-description=\"\" data-image-caption=\"\" data-medium-file=\"https:\/\/www.legistdf.gob.ar\/wp-content\/uploads\/2022\/10\/FAH_2975-300x200.jpg\" data-large-file=\"https:\/\/www.legistdf.gob.ar\/wp-content\/uploads\/2022\/10\/FAH_2975-1024x683.jpg\" class=\"wp-image-35599 size-medium alignright\" src=\"https:\/\/www.legistdf.gob.ar\/wp-content\/uploads\/2022\/10\/FAH_2975-300x200.jpg\" alt=\"\" width=\"300\" height=\"200\" srcset=\"https:\/\/www.legistdf.gob.ar\/wp-content\/uploads\/2022\/10\/FAH_2975-300x200.jpg 300w, https:\/\/www.legistdf.gob.ar\/wp-content\/uploads\/2022\/10\/FAH_2975-768x512.jpg 768w, https:\/\/www.legistdf.gob.ar\/wp-content\/uploads\/2022\/10\/FAH_2975-1024x683.jpg 1024w, https:\/\/www.legistdf.gob.ar\/wp-content\/uploads\/2022\/10\/FAH_2975-160x107.jpg 160w, https:\/\/www.legistdf.gob.ar\/wp-content\/uploads\/2022\/10\/FAH_2975.jpg 1200w\" sizes=\"(max-width: 300px) 100vw, 300px\" \/><\/strong><\/p>\n<p><span style=\"font-family: arial, helvetica, sans-serif;font-size: 12pt\">En di\u00e1logo con Prensa Legislativa, resalt\u00f3 el n\u00famero de postulantes que optaron por no acceder a la instancia evaluatoria, lo lament\u00f3 habida cuenta de la trayectoria judicial de muchos de ellos. \u201cSon decisiones personales que hay que respetar\u201d al tiempo que agreg\u00f3: \u201cNo es f\u00e1cil exponer ante el Consejo de la Magistratura\u201d, con vistas a integrar el Poder Judicial.<\/span><\/p>\n<p>&nbsp;<\/p>\n<p><span style=\"font-size: 14pt\"><span style=\"font-family: arial, helvetica, sans-serif\">Consultado sobre las expectativas ante la vacante para la Corte, Villegas consider\u00f3 que \u201ccuando se designa a un miembro del Poder Judicial, tambi\u00e9n se discute poder\u201d y reiter\u00f3 que \u201cla condici\u00f3n de g\u00e9nero no es garant\u00eda\u201d sobre los alcances de su funci\u00f3n de juzgar, dise\u00f1ar pol\u00edticas p\u00fablicas con esa perspectiva. Esta cuesti\u00f3n la at\u00f3 al \u201csinn\u00famero\u201d de c<\/span><span style=\"font-family: arial, helvetica, sans-serif\">asos que se citan a modo de ejemplo.<\/span><\/span><\/p>\n<p>&nbsp;<\/p>\n<p><strong style=\"font-family: arial, helvetica, sans-serif;font-size: 18.6667px\"><img loading=\"lazy\" decoding=\"async\" data-attachment-id=\"35598\" data-permalink=\"https:\/\/www.legistdf.gob.ar\/index.php\/2022\/10\/28\/justicia-la-ampliacion-del-superior-tribunal-va-a-mejorar-el-servicio-valoro-villegas\/fah_2967\/\" data-orig-file=\"https:\/\/www.legistdf.gob.ar\/wp-content\/uploads\/2022\/10\/FAH_2967.jpg\" data-orig-size=\"1200,800\" data-comments-opened=\"0\" data-image-meta=\"{&quot;aperture&quot;:&quot;4&quot;,&quot;credit&quot;:&quot;&quot;,&quot;camera&quot;:&quot;NIKON D750&quot;,&quot;caption&quot;:&quot;&quot;,&quot;created_timestamp&quot;:&quot;0&quot;,&quot;copyright&quot;:&quot;&quot;,&quot;focal_length&quot;:&quot;120&quot;,&quot;iso&quot;:&quot;400&quot;,&quot;shutter_speed&quot;:&quot;0.016666666666667&quot;,&quot;title&quot;:&quot;&quot;,&quot;orientation&quot;:&quot;0&quot;}\" data-image-title=\"FAH_2967\" data-image-description=\"\" data-image-caption=\"\" data-medium-file=\"https:\/\/www.legistdf.gob.ar\/wp-content\/uploads\/2022\/10\/FAH_2967-300x200.jpg\" data-large-file=\"https:\/\/www.legistdf.gob.ar\/wp-content\/uploads\/2022\/10\/FAH_2967-1024x683.jpg\" class=\"alignleft wp-image-35598 size-medium\" src=\"https:\/\/www.legistdf.gob.ar\/wp-content\/uploads\/2022\/10\/FAH_2967-300x200.jpg\" alt=\"\" width=\"300\" height=\"200\" srcset=\"https:\/\/www.legistdf.gob.ar\/wp-content\/uploads\/2022\/10\/FAH_2967-300x200.jpg 300w, https:\/\/www.legistdf.gob.ar\/wp-content\/uploads\/2022\/10\/FAH_2967-768x512.jpg 768w, https:\/\/www.legistdf.gob.ar\/wp-content\/uploads\/2022\/10\/FAH_2967-1024x683.jpg 1024w, https:\/\/www.legistdf.gob.ar\/wp-content\/uploads\/2022\/10\/FAH_2967-160x107.jpg 160w, https:\/\/www.legistdf.gob.ar\/wp-content\/uploads\/2022\/10\/FAH_2967.jpg 1200w\" sizes=\"(max-width: 300px) 100vw, 300px\" \/><\/strong><\/p>\n<p><span style=\"font-family: arial, helvetica, sans-serif;font-size: 12pt\">El Consejero legislativo ante el Cuerpo, record\u00f3 la situaci\u00f3n vivida por integrantes de la comunidad mapuche en Chubut, y <\/span>cito: \u201cuna jueza federal orden\u00f3 el traslado de cuatro mujeres a m\u00e1s de 1500 km de distancia\u201d de su lugar de residencia. \u201cFue una resoluci\u00f3n que se revi\u00f3 en el corto plazo y para nada represent\u00f3 un an\u00e1lisis de respeto a una vulnerabilidad por su condici\u00f3n de mujer\u201d, se\u00f1al\u00f3 esta ma\u00f1ana. La administraci\u00f3n de justicia, \u201cno depende del g\u00e9nero del funcionario\u201d, resumi\u00f3.<\/p>\n<p>&nbsp;<\/p>\n<p><span style=\"font-size: 14pt\">Respecto de la decisi\u00f3n de integrar la quinta vacante al STJ, el titular de la bancada del MPF record\u00f3 que se trat\u00f3 de una acci\u00f3n legislativa \u201ca instancias del propio Poder Judicial. Soy un convencido que esta ampliaci\u00f3n, va a mejorar el funcionamiento\u201d de ese Poder del Estado. En este punto, agreg\u00f3 que hay datos \u201cobjetivos\u201d que acreditan esa situaci\u00f3n, con la participaci\u00f3n del cuarto integrante, Dr. Ernesto L\u00f6ffler.<strong style=\"font-family: arial, helvetica, sans-serif\"><img loading=\"lazy\" decoding=\"async\" data-attachment-id=\"35596\" data-permalink=\"https:\/\/www.legistdf.gob.ar\/index.php\/2022\/10\/28\/justicia-la-ampliacion-del-superior-tribunal-va-a-mejorar-el-servicio-valoro-villegas\/fah_2945\/\" data-orig-file=\"https:\/\/www.legistdf.gob.ar\/wp-content\/uploads\/2022\/10\/FAH_2945.jpg\" data-orig-size=\"1200,800\" data-comments-opened=\"0\" data-image-meta=\"{&quot;aperture&quot;:&quot;5&quot;,&quot;credit&quot;:&quot;&quot;,&quot;camera&quot;:&quot;NIKON D750&quot;,&quot;caption&quot;:&quot;&quot;,&quot;created_timestamp&quot;:&quot;0&quot;,&quot;copyright&quot;:&quot;&quot;,&quot;focal_length&quot;:&quot;24&quot;,&quot;iso&quot;:&quot;400&quot;,&quot;shutter_speed&quot;:&quot;0.01&quot;,&quot;title&quot;:&quot;&quot;,&quot;orientation&quot;:&quot;0&quot;}\" data-image-title=\"FAH_2945\" data-image-description=\"\" data-image-caption=\"\" data-medium-file=\"https:\/\/www.legistdf.gob.ar\/wp-content\/uploads\/2022\/10\/FAH_2945-300x200.jpg\" data-large-file=\"https:\/\/www.legistdf.gob.ar\/wp-content\/uploads\/2022\/10\/FAH_2945-1024x683.jpg\" class=\"wp-image-35596 size-medium alignright\" src=\"https:\/\/www.legistdf.gob.ar\/wp-content\/uploads\/2022\/10\/FAH_2945-300x200.jpg\" alt=\"\" width=\"300\" height=\"200\" srcset=\"https:\/\/www.legistdf.gob.ar\/wp-content\/uploads\/2022\/10\/FAH_2945-300x200.jpg 300w, https:\/\/www.legistdf.gob.ar\/wp-content\/uploads\/2022\/10\/FAH_2945-768x512.jpg 768w, https:\/\/www.legistdf.gob.ar\/wp-content\/uploads\/2022\/10\/FAH_2945-1024x683.jpg 1024w, https:\/\/www.legistdf.gob.ar\/wp-content\/uploads\/2022\/10\/FAH_2945-160x107.jpg 160w, https:\/\/www.legistdf.gob.ar\/wp-content\/uploads\/2022\/10\/FAH_2945.jpg 1200w\" sizes=\"(max-width: 300px) 100vw, 300px\" \/><\/strong> Se busca \u201cmejorar el acceso a justicia de todos y cada uno de los fueguinos\u201d, dijo hoy en sede judicial, cerr\u00f3.<\/span><\/p>\n<p>&nbsp;<\/p>\n<p>A la instancia de entrevistas participaron el Dr. Horacio David Boccardo, Dra. Boix Josefa, la Dra. Mar\u00eda Cecilia Iglesias y la Dra. Luciana Guti\u00e9rrez de R\u00edo Grande y el Dr. Roberto D\u00edaz Taddei de Tucum\u00e1n.<\/p>\n<p>&nbsp;<\/p>\n<p>El Consejo de la Magistratura est\u00e1 integrado por la Dra. Mar\u00eda Gabriela San Mart\u00edn, el Dr. Virgilio Mart\u00ednez de Sucre, el ministro Jefe de Gabinete, Lic. Agust\u00edn Tita, el legislador Dr. Pablo Villegas, el legislador Ricardo Furlan, y el Dr. Jos\u00e9 Galindo Rodas Fern\u00e1ndez.<\/p>\n<p style=\"text-align: right\"><em>AT-AH<\/em><\/p>\n<p style=\"text-align: right\"><em><a href=\"https:\/\/drive.google.com\/drive\/folders\/1cFzDBtk8fxsB4obQgDzLEjCBULLkpOmg?usp=share_link\" target=\"_blank\" rel=\"noopener noreferrer\">Galer\u00eda de im\u00e1genes<\/a><\/em><\/p>\n\n\t\t<style type=\"text\/css\">\n\t\t\t#gallery-1 {\n\t\t\t\tmargin: auto;\n\t\t\t}\n\t\t\t#gallery-1 .gallery-item {\n\t\t\t\tfloat: left;\n\t\t\t\tmargin-top: 10px;\n\t\t\t\ttext-align: center;\n\t\t\t\twidth: 25%;\n\t\t\t}\n\t\t\t#gallery-1 img {\n\t\t\t\tborder: 2px solid #cfcfcf;\n\t\t\t}\n\t\t\t#gallery-1 .gallery-caption {\n\t\t\t\tmargin-left: 0;\n\t\t\t}\n\t\t\t\/* see gallery_shortcode() in wp-includes\/media.php *\/\n\t\t<\/style>\n\t\t<div data-carousel-extra='{\"blog_id\":1,\"permalink\":\"https:\\\/\\\/www.legistdf.gob.ar\\\/index.php\\\/2022\\\/10\\\/28\\\/justicia-la-ampliacion-del-superior-tribunal-va-a-mejorar-el-servicio-valoro-villegas\\\/\"}' id='gallery-1' class='gallery galleryid-35595 gallery-columns-4 gallery-size-thumbnail'><dl class='gallery-item'>\n\t\t\t<dt class='gallery-icon landscape'>\n\t\t\t\t<a href='https:\/\/www.legistdf.gob.ar\/index.php\/2022\/10\/28\/justicia-la-ampliacion-del-superior-tribunal-va-a-mejorar-el-servicio-valoro-villegas\/fah_2945\/'><img loading=\"lazy\" decoding=\"async\" width=\"150\" height=\"150\" src=\"https:\/\/www.legistdf.gob.ar\/wp-content\/uploads\/2022\/10\/FAH_2945-150x150.jpg\" class=\"attachment-thumbnail size-thumbnail\" alt=\"\" srcset=\"https:\/\/www.legistdf.gob.ar\/wp-content\/uploads\/2022\/10\/FAH_2945-150x150.jpg 150w, https:\/\/www.legistdf.gob.ar\/wp-content\/uploads\/2022\/10\/FAH_2945-64x64.jpg 64w\" sizes=\"(max-width: 150px) 100vw, 150px\" data-attachment-id=\"35596\" data-permalink=\"https:\/\/www.legistdf.gob.ar\/index.php\/2022\/10\/28\/justicia-la-ampliacion-del-superior-tribunal-va-a-mejorar-el-servicio-valoro-villegas\/fah_2945\/\" data-orig-file=\"https:\/\/www.legistdf.gob.ar\/wp-content\/uploads\/2022\/10\/FAH_2945.jpg\" data-orig-size=\"1200,800\" data-comments-opened=\"0\" data-image-meta=\"{&quot;aperture&quot;:&quot;5&quot;,&quot;credit&quot;:&quot;&quot;,&quot;camera&quot;:&quot;NIKON D750&quot;,&quot;caption&quot;:&quot;&quot;,&quot;created_timestamp&quot;:&quot;0&quot;,&quot;copyright&quot;:&quot;&quot;,&quot;focal_length&quot;:&quot;24&quot;,&quot;iso&quot;:&quot;400&quot;,&quot;shutter_speed&quot;:&quot;0.01&quot;,&quot;title&quot;:&quot;&quot;,&quot;orientation&quot;:&quot;0&quot;}\" data-image-title=\"FAH_2945\" data-image-description=\"\" data-image-caption=\"\" data-medium-file=\"https:\/\/www.legistdf.gob.ar\/wp-content\/uploads\/2022\/10\/FAH_2945-300x200.jpg\" data-large-file=\"https:\/\/www.legistdf.gob.ar\/wp-content\/uploads\/2022\/10\/FAH_2945-1024x683.jpg\" \/><\/a>\n\t\t\t<\/dt><\/dl><dl class='gallery-item'>\n\t\t\t<dt class='gallery-icon landscape'>\n\t\t\t\t<a href='https:\/\/www.legistdf.gob.ar\/index.php\/2022\/10\/28\/justicia-la-ampliacion-del-superior-tribunal-va-a-mejorar-el-servicio-valoro-villegas\/fah_2965\/'><img loading=\"lazy\" decoding=\"async\" width=\"150\" height=\"150\" src=\"https:\/\/www.legistdf.gob.ar\/wp-content\/uploads\/2022\/10\/FAH_2965-150x150.jpg\" class=\"attachment-thumbnail size-thumbnail\" alt=\"\" srcset=\"https:\/\/www.legistdf.gob.ar\/wp-content\/uploads\/2022\/10\/FAH_2965-150x150.jpg 150w, https:\/\/www.legistdf.gob.ar\/wp-content\/uploads\/2022\/10\/FAH_2965-64x64.jpg 64w\" sizes=\"(max-width: 150px) 100vw, 150px\" data-attachment-id=\"35597\" data-permalink=\"https:\/\/www.legistdf.gob.ar\/index.php\/2022\/10\/28\/justicia-la-ampliacion-del-superior-tribunal-va-a-mejorar-el-servicio-valoro-villegas\/fah_2965\/\" data-orig-file=\"https:\/\/www.legistdf.gob.ar\/wp-content\/uploads\/2022\/10\/FAH_2965.jpg\" data-orig-size=\"1200,800\" data-comments-opened=\"0\" data-image-meta=\"{&quot;aperture&quot;:&quot;4&quot;,&quot;credit&quot;:&quot;&quot;,&quot;camera&quot;:&quot;NIKON D750&quot;,&quot;caption&quot;:&quot;&quot;,&quot;created_timestamp&quot;:&quot;0&quot;,&quot;copyright&quot;:&quot;&quot;,&quot;focal_length&quot;:&quot;120&quot;,&quot;iso&quot;:&quot;450&quot;,&quot;shutter_speed&quot;:&quot;0.016666666666667&quot;,&quot;title&quot;:&quot;&quot;,&quot;orientation&quot;:&quot;0&quot;}\" data-image-title=\"FAH_2965\" data-image-description=\"\" data-image-caption=\"\" data-medium-file=\"https:\/\/www.legistdf.gob.ar\/wp-content\/uploads\/2022\/10\/FAH_2965-300x200.jpg\" data-large-file=\"https:\/\/www.legistdf.gob.ar\/wp-content\/uploads\/2022\/10\/FAH_2965-1024x683.jpg\" \/><\/a>\n\t\t\t<\/dt><\/dl><dl class='gallery-item'>\n\t\t\t<dt class='gallery-icon landscape'>\n\t\t\t\t<a href='https:\/\/www.legistdf.gob.ar\/index.php\/2022\/10\/28\/justicia-la-ampliacion-del-superior-tribunal-va-a-mejorar-el-servicio-valoro-villegas\/fah_2967\/'><img loading=\"lazy\" decoding=\"async\" width=\"150\" height=\"150\" src=\"https:\/\/www.legistdf.gob.ar\/wp-content\/uploads\/2022\/10\/FAH_2967-150x150.jpg\" class=\"attachment-thumbnail size-thumbnail\" alt=\"\" srcset=\"https:\/\/www.legistdf.gob.ar\/wp-content\/uploads\/2022\/10\/FAH_2967-150x150.jpg 150w, https:\/\/www.legistdf.gob.ar\/wp-content\/uploads\/2022\/10\/FAH_2967-64x64.jpg 64w\" sizes=\"(max-width: 150px) 100vw, 150px\" data-attachment-id=\"35598\" data-permalink=\"https:\/\/www.legistdf.gob.ar\/index.php\/2022\/10\/28\/justicia-la-ampliacion-del-superior-tribunal-va-a-mejorar-el-servicio-valoro-villegas\/fah_2967\/\" data-orig-file=\"https:\/\/www.legistdf.gob.ar\/wp-content\/uploads\/2022\/10\/FAH_2967.jpg\" data-orig-size=\"1200,800\" data-comments-opened=\"0\" data-image-meta=\"{&quot;aperture&quot;:&quot;4&quot;,&quot;credit&quot;:&quot;&quot;,&quot;camera&quot;:&quot;NIKON D750&quot;,&quot;caption&quot;:&quot;&quot;,&quot;created_timestamp&quot;:&quot;0&quot;,&quot;copyright&quot;:&quot;&quot;,&quot;focal_length&quot;:&quot;120&quot;,&quot;iso&quot;:&quot;400&quot;,&quot;shutter_speed&quot;:&quot;0.016666666666667&quot;,&quot;title&quot;:&quot;&quot;,&quot;orientation&quot;:&quot;0&quot;}\" data-image-title=\"FAH_2967\" data-image-description=\"\" data-image-caption=\"\" data-medium-file=\"https:\/\/www.legistdf.gob.ar\/wp-content\/uploads\/2022\/10\/FAH_2967-300x200.jpg\" data-large-file=\"https:\/\/www.legistdf.gob.ar\/wp-content\/uploads\/2022\/10\/FAH_2967-1024x683.jpg\" \/><\/a>\n\t\t\t<\/dt><\/dl><dl class='gallery-item'>\n\t\t\t<dt class='gallery-icon landscape'>\n\t\t\t\t<a href='https:\/\/www.legistdf.gob.ar\/index.php\/2022\/10\/28\/justicia-la-ampliacion-del-superior-tribunal-va-a-mejorar-el-servicio-valoro-villegas\/fah_2975\/'><img loading=\"lazy\" decoding=\"async\" width=\"150\" height=\"150\" src=\"https:\/\/www.legistdf.gob.ar\/wp-content\/uploads\/2022\/10\/FAH_2975-150x150.jpg\" class=\"attachment-thumbnail size-thumbnail\" alt=\"\" srcset=\"https:\/\/www.legistdf.gob.ar\/wp-content\/uploads\/2022\/10\/FAH_2975-150x150.jpg 150w, https:\/\/www.legistdf.gob.ar\/wp-content\/uploads\/2022\/10\/FAH_2975-64x64.jpg 64w\" sizes=\"(max-width: 150px) 100vw, 150px\" data-attachment-id=\"35599\" data-permalink=\"https:\/\/www.legistdf.gob.ar\/index.php\/2022\/10\/28\/justicia-la-ampliacion-del-superior-tribunal-va-a-mejorar-el-servicio-valoro-villegas\/fah_2975\/\" data-orig-file=\"https:\/\/www.legistdf.gob.ar\/wp-content\/uploads\/2022\/10\/FAH_2975.jpg\" data-orig-size=\"1200,800\" data-comments-opened=\"0\" data-image-meta=\"{&quot;aperture&quot;:&quot;13&quot;,&quot;credit&quot;:&quot;&quot;,&quot;camera&quot;:&quot;NIKON D750&quot;,&quot;caption&quot;:&quot;&quot;,&quot;created_timestamp&quot;:&quot;0&quot;,&quot;copyright&quot;:&quot;&quot;,&quot;focal_length&quot;:&quot;24&quot;,&quot;iso&quot;:&quot;200&quot;,&quot;shutter_speed&quot;:&quot;0.0015625&quot;,&quot;title&quot;:&quot;&quot;,&quot;orientation&quot;:&quot;0&quot;}\" data-image-title=\"FAH_2975\" data-image-description=\"\" data-image-caption=\"\" data-medium-file=\"https:\/\/www.legistdf.gob.ar\/wp-content\/uploads\/2022\/10\/FAH_2975-300x200.jpg\" data-large-file=\"https:\/\/www.legistdf.gob.ar\/wp-content\/uploads\/2022\/10\/FAH_2975-1024x683.jpg\" \/><\/a>\n\t\t\t<\/dt><\/dl><br style=\"clear: both\" \/>\n\t\t<\/div>\n\n","protected":false},"excerpt":{"rendered":"<p>R\u00edo Grande, viernes 28 de octubre de 2022.- El Consejo de la Magistratura sesion\u00f3 en la C\u00e1mara de Apelaciones del Distrito Judicial Norte, en R\u00edo Grande, donde tom\u00f3 entrevistas y ex\u00e1menes a candidatos a juez o jueza de la Sala Civil de la C\u00e1mara de Apelaciones del Distrito Judicial Norte. Pablo Villegas, sostuvo que se [&hellip;]<\/p>\n","protected":false},"author":352,"featured_media":35599,"comment_status":"closed","ping_status":"open","sticky":false,"template":"","format":"standard","meta":{"jetpack_post_was_ever_published":false,"_jetpack_newsletter_access":"","_jetpack_dont_email_post_to_subs":false,"_jetpack_newsletter_tier_id":0,"footnotes":"","jetpack_publicize_message":"","jetpack_publicize_feature_enabled":true,"jetpack_social_post_already_shared":true,"jetpack_social_options":{"image_generator_settings":{"template":"highway","enabled":false}}},"categories":[1],"tags":[163,610,162,78,106,104,1267],"jetpack_publicize_connections":[],"jetpack_sharing_enabled":true,"jetpack_featured_media_url":"https:\/\/www.legistdf.gob.ar\/wp-content\/uploads\/2022\/10\/FAH_2975.jpg","jetpack-related-posts":[],"_links":{"self":[{"href":"https:\/\/www.legistdf.gob.ar\/index.php\/wp-json\/wp\/v2\/posts\/35595"}],"collection":[{"href":"https:\/\/www.legistdf.gob.ar\/index.php\/wp-json\/wp\/v2\/posts"}],"about":[{"href":"https:\/\/www.legistdf.gob.ar\/index.php\/wp-json\/wp\/v2\/types\/post"}],"author":[{"embeddable":true,"href":"https:\/\/www.legistdf.gob.ar\/index.php\/wp-json\/wp\/v2\/users\/352"}],"replies":[{"embeddable":true,"href":"https:\/\/www.legistdf.gob.ar\/index.php\/wp-json\/wp\/v2\/comments?post=35595"}],"version-history":[{"count":1,"href":"https:\/\/www.legistdf.gob.ar\/index.php\/wp-json\/wp\/v2\/posts\/35595\/revisions"}],"predecessor-version":[{"id":35601,"href":"https:\/\/www.legistdf.gob.ar\/index.php\/wp-json\/wp\/v2\/posts\/35595\/revisions\/35601"}],"wp:featuredmedia":[{"embeddable":true,"href":"https:\/\/www.legistdf.gob.ar\/index.php\/wp-json\/wp\/v2\/media\/35599"}],"wp:attachment":[{"href":"https:\/\/www.legistdf.gob.ar\/index.php\/wp-json\/wp\/v2\/media?parent=35595"}],"wp:term":[{"taxonomy":"category","embeddable":true,"href":"https:\/\/www.legistdf.gob.ar\/index.php\/wp-json\/wp\/v2\/categories?post=35595"},{"taxonomy":"post_tag","embeddable":true,"href":"https:\/\/www.legistdf.gob.ar\/index.php\/wp-json\/wp\/v2\/tags?post=35595"}],"curies":[{"name":"wp","href":"https:\/\/api.w.org\/{rel}","templated":true}]}}