{"id":35627,"date":"2022-10-31T13:40:37","date_gmt":"2022-10-31T16:40:37","guid":{"rendered":"https:\/\/www.legistdf.gob.ar\/?p=35627"},"modified":"2022-10-31T13:40:37","modified_gmt":"2022-10-31T16:40:37","slug":"villegas-el-comite-local-para-la-prevencion-de-la-tortura-se-reunio-en-rio-grande","status":"publish","type":"post","link":"https:\/\/www.legistdf.gob.ar\/index.php\/2022\/10\/31\/villegas-el-comite-local-para-la-prevencion-de-la-tortura-se-reunio-en-rio-grande\/","title":{"rendered":"VILLEGAS: El Comit\u00e9 local para la Prevenci\u00f3n de la Tortura se reuni\u00f3 en R\u00edo Grande"},"content":{"rendered":"<p><span style=\"font-family: arial, helvetica, sans-serif;font-size: 14pt\"><strong><img loading=\"lazy\" decoding=\"async\" data-attachment-id=\"35628\" data-permalink=\"https:\/\/www.legistdf.gob.ar\/index.php\/2022\/10\/31\/villegas-el-comite-local-para-la-prevencion-de-la-tortura-se-reunio-en-rio-grande\/a-6\/\" data-orig-file=\"https:\/\/www.legistdf.gob.ar\/wp-content\/uploads\/2022\/10\/a.jpg\" data-orig-size=\"1200,800\" data-comments-opened=\"0\" data-image-meta=\"{&quot;aperture&quot;:&quot;5.6&quot;,&quot;credit&quot;:&quot;&quot;,&quot;camera&quot;:&quot;NIKON D750&quot;,&quot;caption&quot;:&quot;&quot;,&quot;created_timestamp&quot;:&quot;0&quot;,&quot;copyright&quot;:&quot;&quot;,&quot;focal_length&quot;:&quot;24&quot;,&quot;iso&quot;:&quot;400&quot;,&quot;shutter_speed&quot;:&quot;0.01&quot;,&quot;title&quot;:&quot;&quot;,&quot;orientation&quot;:&quot;0&quot;}\" data-image-title=\"a\" data-image-description=\"\" data-image-caption=\"\" data-medium-file=\"https:\/\/www.legistdf.gob.ar\/wp-content\/uploads\/2022\/10\/a-300x200.jpg\" data-large-file=\"https:\/\/www.legistdf.gob.ar\/wp-content\/uploads\/2022\/10\/a-1024x683.jpg\" class=\"alignleft wp-image-35628 size-medium\" src=\"https:\/\/www.legistdf.gob.ar\/wp-content\/uploads\/2022\/10\/a-300x200.jpg\" alt=\"\" width=\"300\" height=\"200\" srcset=\"https:\/\/www.legistdf.gob.ar\/wp-content\/uploads\/2022\/10\/a-300x200.jpg 300w, https:\/\/www.legistdf.gob.ar\/wp-content\/uploads\/2022\/10\/a-768x512.jpg 768w, https:\/\/www.legistdf.gob.ar\/wp-content\/uploads\/2022\/10\/a-1024x683.jpg 1024w, https:\/\/www.legistdf.gob.ar\/wp-content\/uploads\/2022\/10\/a-160x107.jpg 160w, https:\/\/www.legistdf.gob.ar\/wp-content\/uploads\/2022\/10\/a.jpg 1200w\" sizes=\"(max-width: 300px) 100vw, 300px\" \/>Ushuaia, lunes 31 de octubre de 2022.- El titular del mecanismo local del Comit\u00e9 contra la Tortura, legislador Pablo Villegas (MPF) se reuni\u00f3 la semana pasada en R\u00edo Grande, con el representante de las ONG ante ese cuerpo, Jos\u00e9 Pi\u00f1eiro y la secretaria. \u201cEstamos abocados en fortalecer el recorrido institucional\u201d del Comit\u00e9 local para la Prevenci\u00f3n de la Tortura (CNPT). Durante el encuentro, se entrevistaron con diversos actores \u201cque nos informan de ciertas situaciones\u201d las que merecer\u00e1n la actuaci\u00f3n del Comit\u00e9 que preside el Legislador del MPF. Tambi\u00e9n dio su mirada sobre el tratamiento legislativo en sesi\u00f3n, sobre modificaciones previsionales.<\/strong><\/span><\/p>\n<p><span style=\"font-family: arial, helvetica, sans-serif;font-size: 12pt\"><img loading=\"lazy\" decoding=\"async\" data-attachment-id=\"35629\" data-permalink=\"https:\/\/www.legistdf.gob.ar\/index.php\/2022\/10\/31\/villegas-el-comite-local-para-la-prevencion-de-la-tortura-se-reunio-en-rio-grande\/b-5\/\" data-orig-file=\"https:\/\/www.legistdf.gob.ar\/wp-content\/uploads\/2022\/10\/b.jpg\" data-orig-size=\"1200,801\" data-comments-opened=\"0\" data-image-meta=\"{&quot;aperture&quot;:&quot;5.6&quot;,&quot;credit&quot;:&quot;&quot;,&quot;camera&quot;:&quot;NIKON D750&quot;,&quot;caption&quot;:&quot;&quot;,&quot;created_timestamp&quot;:&quot;0&quot;,&quot;copyright&quot;:&quot;&quot;,&quot;focal_length&quot;:&quot;24&quot;,&quot;iso&quot;:&quot;400&quot;,&quot;shutter_speed&quot;:&quot;0.01&quot;,&quot;title&quot;:&quot;&quot;,&quot;orientation&quot;:&quot;0&quot;}\" data-image-title=\"b\" data-image-description=\"\" data-image-caption=\"\" data-medium-file=\"https:\/\/www.legistdf.gob.ar\/wp-content\/uploads\/2022\/10\/b-300x200.jpg\" data-large-file=\"https:\/\/www.legistdf.gob.ar\/wp-content\/uploads\/2022\/10\/b-1024x684.jpg\" class=\"alignright wp-image-35629 size-medium\" src=\"https:\/\/www.legistdf.gob.ar\/wp-content\/uploads\/2022\/10\/b-300x200.jpg\" alt=\"\" width=\"300\" height=\"200\" srcset=\"https:\/\/www.legistdf.gob.ar\/wp-content\/uploads\/2022\/10\/b-300x200.jpg 300w, https:\/\/www.legistdf.gob.ar\/wp-content\/uploads\/2022\/10\/b-768x513.jpg 768w, https:\/\/www.legistdf.gob.ar\/wp-content\/uploads\/2022\/10\/b-1024x684.jpg 1024w, https:\/\/www.legistdf.gob.ar\/wp-content\/uploads\/2022\/10\/b-160x107.jpg 160w, https:\/\/www.legistdf.gob.ar\/wp-content\/uploads\/2022\/10\/b.jpg 1200w\" sizes=\"(max-width: 300px) 100vw, 300px\" \/>El referente legislativo, sostuvo que se proponen \u00abherramientas de trabajo\u201d las que ser\u00e1n desarrolladas desde el Comit\u00e9, \u201cpara ponerlos a disposici\u00f3n de los entes p\u00fablicos que intervienen en la materia\u201d, dijo.<\/span><\/p>\n<p>&nbsp;<\/p>\n<p><span style=\"font-family: arial, helvetica, sans-serif;font-size: 14pt\">Villegas record\u00f3 que el mecanismo local, tiene la funci\u00f3n de \u201cvelar por la vigencia de los derechos humanos en aquellas personas que est\u00e1n en situaci\u00f3n de encierro\u201d y enumer\u00f3 el sistema carcelario, el de salud o el de adultos mayores y menores con conflictos con la Ley penal.<\/span><\/p>\n<p>&nbsp;<\/p>\n<p><span style=\"font-family: arial, helvetica, sans-serif;font-size: 12pt\">En otro orden y respecto de la sesi\u00f3n legislativa que abordar\u00e1 reformas previsionales, el titular de la bancada del MPF, dijo que \u201ctoda reforma previsional en Tierra del Fuego, tiene que ser de alcance general, no tiene que ser sectorial y abarcar a la totalidad de los trabajadores estatales\u201d, refiri\u00f3 sobre la reforma a la f\u00f3rmula del c\u00e1lculo del haber \u201cy por otro lado, la sustentabilidad\u201d, del sistema previsional fueguino.<\/span><\/p>\n<p>&nbsp;<\/p>\n<p><span style=\"font-family: arial, helvetica, sans-serif;font-size: 12pt\"><img loading=\"lazy\" decoding=\"async\" data-attachment-id=\"35621\" data-permalink=\"https:\/\/www.legistdf.gob.ar\/index.php\/2022\/10\/31\/sesion-reconocen-los-39-anos-de-la-democracia-en-la-argentina\/img_4128-2\/\" data-orig-file=\"https:\/\/www.legistdf.gob.ar\/wp-content\/uploads\/2022\/10\/IMG_4128.jpg\" data-orig-size=\"1200,800\" data-comments-opened=\"0\" data-image-meta=\"{&quot;aperture&quot;:&quot;0&quot;,&quot;credit&quot;:&quot;&quot;,&quot;camera&quot;:&quot;&quot;,&quot;caption&quot;:&quot;&quot;,&quot;created_timestamp&quot;:&quot;0&quot;,&quot;copyright&quot;:&quot;&quot;,&quot;focal_length&quot;:&quot;0&quot;,&quot;iso&quot;:&quot;0&quot;,&quot;shutter_speed&quot;:&quot;0&quot;,&quot;title&quot;:&quot;&quot;,&quot;orientation&quot;:&quot;0&quot;}\" data-image-title=\"IMG_4128\" data-image-description=\"\" data-image-caption=\"\" data-medium-file=\"https:\/\/www.legistdf.gob.ar\/wp-content\/uploads\/2022\/10\/IMG_4128-300x200.jpg\" data-large-file=\"https:\/\/www.legistdf.gob.ar\/wp-content\/uploads\/2022\/10\/IMG_4128-1024x683.jpg\" class=\"alignleft wp-image-35621 size-medium\" src=\"https:\/\/www.legistdf.gob.ar\/wp-content\/uploads\/2022\/10\/IMG_4128-300x200.jpg\" alt=\"\" width=\"300\" height=\"200\" srcset=\"https:\/\/www.legistdf.gob.ar\/wp-content\/uploads\/2022\/10\/IMG_4128-300x200.jpg 300w, https:\/\/www.legistdf.gob.ar\/wp-content\/uploads\/2022\/10\/IMG_4128-768x512.jpg 768w, https:\/\/www.legistdf.gob.ar\/wp-content\/uploads\/2022\/10\/IMG_4128-1024x683.jpg 1024w, https:\/\/www.legistdf.gob.ar\/wp-content\/uploads\/2022\/10\/IMG_4128-160x107.jpg 160w, https:\/\/www.legistdf.gob.ar\/wp-content\/uploads\/2022\/10\/IMG_4128.jpg 1200w\" sizes=\"(max-width: 300px) 100vw, 300px\" \/><span style=\"font-size: 14pt\">Entendi\u00f3 necesario \u201cseguir trabajando, velando y activando herramientas financieras econ\u00f3micas, que garantices que en el tiempo, se van a seguir pagando las pensiones y jubilaciones como sucede hoy\u201d, sostuvo a Prensa Legislativa.<\/span><\/span><\/p>\n<p>&nbsp;<\/p>\n<p><span style=\"font-family: arial, helvetica, sans-serif;font-size: 12pt\">Record\u00f3 que su bancada, present\u00f3 una iniciativa sobre la movilidad salarial que busca que, cada vez que se aplica un aumento salarial al sector, el mismo se vea reflejado en el jubilado, cerr\u00f3.<\/span><\/p>\n<p style=\"text-align: right\"><em>AT-AEH<\/em><\/p>\n<p style=\"text-align: right\"><em><a href=\"https:\/\/drive.google.com\/drive\/folders\/1ylxlm7ffHMVoGw1lvbpKkccbtq7vSBIl?usp=share_link\" target=\"_blank\" rel=\"noopener noreferrer\">Galer\u00eda de im\u00e1genes<\/a><\/em><\/p>\n\n\t\t<style type=\"text\/css\">\n\t\t\t#gallery-1 {\n\t\t\t\tmargin: auto;\n\t\t\t}\n\t\t\t#gallery-1 .gallery-item {\n\t\t\t\tfloat: left;\n\t\t\t\tmargin-top: 10px;\n\t\t\t\ttext-align: center;\n\t\t\t\twidth: 50%;\n\t\t\t}\n\t\t\t#gallery-1 img {\n\t\t\t\tborder: 2px solid #cfcfcf;\n\t\t\t}\n\t\t\t#gallery-1 .gallery-caption {\n\t\t\t\tmargin-left: 0;\n\t\t\t}\n\t\t\t\/* see gallery_shortcode() in wp-includes\/media.php *\/\n\t\t<\/style>\n\t\t<div data-carousel-extra='{\"blog_id\":1,\"permalink\":\"https:\\\/\\\/www.legistdf.gob.ar\\\/index.php\\\/2022\\\/10\\\/31\\\/villegas-el-comite-local-para-la-prevencion-de-la-tortura-se-reunio-en-rio-grande\\\/\"}' id='gallery-1' class='gallery galleryid-35627 gallery-columns-2 gallery-size-thumbnail'><dl class='gallery-item'>\n\t\t\t<dt class='gallery-icon landscape'>\n\t\t\t\t<a href='https:\/\/www.legistdf.gob.ar\/index.php\/2022\/10\/31\/villegas-el-comite-local-para-la-prevencion-de-la-tortura-se-reunio-en-rio-grande\/a-6\/'><img loading=\"lazy\" decoding=\"async\" width=\"150\" height=\"150\" src=\"https:\/\/www.legistdf.gob.ar\/wp-content\/uploads\/2022\/10\/a-150x150.jpg\" class=\"attachment-thumbnail size-thumbnail\" alt=\"\" srcset=\"https:\/\/www.legistdf.gob.ar\/wp-content\/uploads\/2022\/10\/a-150x150.jpg 150w, https:\/\/www.legistdf.gob.ar\/wp-content\/uploads\/2022\/10\/a-64x64.jpg 64w\" sizes=\"(max-width: 150px) 100vw, 150px\" data-attachment-id=\"35628\" data-permalink=\"https:\/\/www.legistdf.gob.ar\/index.php\/2022\/10\/31\/villegas-el-comite-local-para-la-prevencion-de-la-tortura-se-reunio-en-rio-grande\/a-6\/\" data-orig-file=\"https:\/\/www.legistdf.gob.ar\/wp-content\/uploads\/2022\/10\/a.jpg\" data-orig-size=\"1200,800\" data-comments-opened=\"0\" data-image-meta=\"{&quot;aperture&quot;:&quot;5.6&quot;,&quot;credit&quot;:&quot;&quot;,&quot;camera&quot;:&quot;NIKON D750&quot;,&quot;caption&quot;:&quot;&quot;,&quot;created_timestamp&quot;:&quot;0&quot;,&quot;copyright&quot;:&quot;&quot;,&quot;focal_length&quot;:&quot;24&quot;,&quot;iso&quot;:&quot;400&quot;,&quot;shutter_speed&quot;:&quot;0.01&quot;,&quot;title&quot;:&quot;&quot;,&quot;orientation&quot;:&quot;0&quot;}\" data-image-title=\"a\" data-image-description=\"\" data-image-caption=\"\" data-medium-file=\"https:\/\/www.legistdf.gob.ar\/wp-content\/uploads\/2022\/10\/a-300x200.jpg\" data-large-file=\"https:\/\/www.legistdf.gob.ar\/wp-content\/uploads\/2022\/10\/a-1024x683.jpg\" \/><\/a>\n\t\t\t<\/dt><\/dl><dl class='gallery-item'>\n\t\t\t<dt class='gallery-icon landscape'>\n\t\t\t\t<a href='https:\/\/www.legistdf.gob.ar\/index.php\/2022\/10\/31\/villegas-el-comite-local-para-la-prevencion-de-la-tortura-se-reunio-en-rio-grande\/b-5\/'><img loading=\"lazy\" decoding=\"async\" width=\"150\" height=\"150\" src=\"https:\/\/www.legistdf.gob.ar\/wp-content\/uploads\/2022\/10\/b-150x150.jpg\" class=\"attachment-thumbnail size-thumbnail\" alt=\"\" srcset=\"https:\/\/www.legistdf.gob.ar\/wp-content\/uploads\/2022\/10\/b-150x150.jpg 150w, https:\/\/www.legistdf.gob.ar\/wp-content\/uploads\/2022\/10\/b-64x64.jpg 64w\" sizes=\"(max-width: 150px) 100vw, 150px\" data-attachment-id=\"35629\" data-permalink=\"https:\/\/www.legistdf.gob.ar\/index.php\/2022\/10\/31\/villegas-el-comite-local-para-la-prevencion-de-la-tortura-se-reunio-en-rio-grande\/b-5\/\" data-orig-file=\"https:\/\/www.legistdf.gob.ar\/wp-content\/uploads\/2022\/10\/b.jpg\" data-orig-size=\"1200,801\" data-comments-opened=\"0\" data-image-meta=\"{&quot;aperture&quot;:&quot;5.6&quot;,&quot;credit&quot;:&quot;&quot;,&quot;camera&quot;:&quot;NIKON D750&quot;,&quot;caption&quot;:&quot;&quot;,&quot;created_timestamp&quot;:&quot;0&quot;,&quot;copyright&quot;:&quot;&quot;,&quot;focal_length&quot;:&quot;24&quot;,&quot;iso&quot;:&quot;400&quot;,&quot;shutter_speed&quot;:&quot;0.01&quot;,&quot;title&quot;:&quot;&quot;,&quot;orientation&quot;:&quot;0&quot;}\" data-image-title=\"b\" data-image-description=\"\" data-image-caption=\"\" data-medium-file=\"https:\/\/www.legistdf.gob.ar\/wp-content\/uploads\/2022\/10\/b-300x200.jpg\" data-large-file=\"https:\/\/www.legistdf.gob.ar\/wp-content\/uploads\/2022\/10\/b-1024x684.jpg\" \/><\/a>\n\t\t\t<\/dt><\/dl><br style=\"clear: both\" \/>\n\t\t<\/div>\n\n","protected":false},"excerpt":{"rendered":"<p>Ushuaia, lunes 31 de octubre de 2022.- El titular del mecanismo local del Comit\u00e9 contra la Tortura, legislador Pablo Villegas (MPF) se reuni\u00f3 la semana pasada en R\u00edo Grande, con el representante de las ONG ante ese cuerpo, Jos\u00e9 Pi\u00f1eiro y la secretaria. \u201cEstamos abocados en fortalecer el recorrido institucional\u201d del Comit\u00e9 local para la [&hellip;]<\/p>\n","protected":false},"author":352,"featured_media":35629,"comment_status":"closed","ping_status":"open","sticky":false,"template":"","format":"standard","meta":{"jetpack_post_was_ever_published":false,"_jetpack_newsletter_access":"","_jetpack_dont_email_post_to_subs":false,"_jetpack_newsletter_tier_id":0,"footnotes":"","jetpack_publicize_message":"","jetpack_publicize_feature_enabled":true,"jetpack_social_post_already_shared":true,"jetpack_social_options":{"image_generator_settings":{"template":"highway","enabled":false}}},"categories":[1],"tags":[2652,78,113,106,96,79],"jetpack_publicize_connections":[],"jetpack_sharing_enabled":true,"jetpack_featured_media_url":"https:\/\/www.legistdf.gob.ar\/wp-content\/uploads\/2022\/10\/b.jpg","jetpack-related-posts":[],"_links":{"self":[{"href":"https:\/\/www.legistdf.gob.ar\/index.php\/wp-json\/wp\/v2\/posts\/35627"}],"collection":[{"href":"https:\/\/www.legistdf.gob.ar\/index.php\/wp-json\/wp\/v2\/posts"}],"about":[{"href":"https:\/\/www.legistdf.gob.ar\/index.php\/wp-json\/wp\/v2\/types\/post"}],"author":[{"embeddable":true,"href":"https:\/\/www.legistdf.gob.ar\/index.php\/wp-json\/wp\/v2\/users\/352"}],"replies":[{"embeddable":true,"href":"https:\/\/www.legistdf.gob.ar\/index.php\/wp-json\/wp\/v2\/comments?post=35627"}],"version-history":[{"count":1,"href":"https:\/\/www.legistdf.gob.ar\/index.php\/wp-json\/wp\/v2\/posts\/35627\/revisions"}],"predecessor-version":[{"id":35630,"href":"https:\/\/www.legistdf.gob.ar\/index.php\/wp-json\/wp\/v2\/posts\/35627\/revisions\/35630"}],"wp:featuredmedia":[{"embeddable":true,"href":"https:\/\/www.legistdf.gob.ar\/index.php\/wp-json\/wp\/v2\/media\/35629"}],"wp:attachment":[{"href":"https:\/\/www.legistdf.gob.ar\/index.php\/wp-json\/wp\/v2\/media?parent=35627"}],"wp:term":[{"taxonomy":"category","embeddable":true,"href":"https:\/\/www.legistdf.gob.ar\/index.php\/wp-json\/wp\/v2\/categories?post=35627"},{"taxonomy":"post_tag","embeddable":true,"href":"https:\/\/www.legistdf.gob.ar\/index.php\/wp-json\/wp\/v2\/tags?post=35627"}],"curies":[{"name":"wp","href":"https:\/\/api.w.org\/{rel}","templated":true}]}}