{"id":35631,"date":"2022-10-31T14:10:16","date_gmt":"2022-10-31T17:10:16","guid":{"rendered":"https:\/\/www.legistdf.gob.ar\/?p=35631"},"modified":"2022-10-31T14:10:16","modified_gmt":"2022-10-31T17:10:16","slug":"salud-el-parlamento-se-suma-a-la-campana-nacional-de-vacunacion","status":"publish","type":"post","link":"https:\/\/www.legistdf.gob.ar\/index.php\/2022\/10\/31\/salud-el-parlamento-se-suma-a-la-campana-nacional-de-vacunacion\/","title":{"rendered":"SALUD: El Parlamento se suma a la campa\u00f1a nacional de vacunaci\u00f3n"},"content":{"rendered":"<p><strong><span style=\"font-family: arial, helvetica, sans-serif;font-size: 14pt\"><img loading=\"lazy\" decoding=\"async\" data-attachment-id=\"35632\" data-permalink=\"https:\/\/www.legistdf.gob.ar\/index.php\/2022\/10\/31\/salud-el-parlamento-se-suma-a-la-campana-nacional-de-vacunacion\/img_4215\/\" data-orig-file=\"https:\/\/www.legistdf.gob.ar\/wp-content\/uploads\/2022\/10\/IMG_4215.jpg\" data-orig-size=\"1200,800\" data-comments-opened=\"0\" data-image-meta=\"{&quot;aperture&quot;:&quot;0&quot;,&quot;credit&quot;:&quot;&quot;,&quot;camera&quot;:&quot;&quot;,&quot;caption&quot;:&quot;&quot;,&quot;created_timestamp&quot;:&quot;0&quot;,&quot;copyright&quot;:&quot;&quot;,&quot;focal_length&quot;:&quot;0&quot;,&quot;iso&quot;:&quot;0&quot;,&quot;shutter_speed&quot;:&quot;0&quot;,&quot;title&quot;:&quot;&quot;,&quot;orientation&quot;:&quot;0&quot;}\" data-image-title=\"IMG_4215\" data-image-description=\"\" data-image-caption=\"\" data-medium-file=\"https:\/\/www.legistdf.gob.ar\/wp-content\/uploads\/2022\/10\/IMG_4215-300x200.jpg\" data-large-file=\"https:\/\/www.legistdf.gob.ar\/wp-content\/uploads\/2022\/10\/IMG_4215-1024x683.jpg\" class=\"alignleft wp-image-35632 size-medium\" src=\"https:\/\/www.legistdf.gob.ar\/wp-content\/uploads\/2022\/10\/IMG_4215-300x200.jpg\" alt=\"\" width=\"300\" height=\"200\" srcset=\"https:\/\/www.legistdf.gob.ar\/wp-content\/uploads\/2022\/10\/IMG_4215-300x200.jpg 300w, https:\/\/www.legistdf.gob.ar\/wp-content\/uploads\/2022\/10\/IMG_4215-768x512.jpg 768w, https:\/\/www.legistdf.gob.ar\/wp-content\/uploads\/2022\/10\/IMG_4215-1024x683.jpg 1024w, https:\/\/www.legistdf.gob.ar\/wp-content\/uploads\/2022\/10\/IMG_4215-160x107.jpg 160w, https:\/\/www.legistdf.gob.ar\/wp-content\/uploads\/2022\/10\/IMG_4215.jpg 1200w\" sizes=\"(max-width: 300px) 100vw, 300px\" \/> Ushuaia, lunes 31 de octubre de 2022.- Con el objetivo de visibilizar y colaborar con las campa\u00f1as de vacunaci\u00f3n nacional contra el sarampi\u00f3n, rubeola, paperas y polio, que se extiende hasta el 13 de noviembre, los Legisladores que integran el Parlamento fueguino, decidieron exhibir en cada una de sus bancas, un texto que dice \u201cactuemos para cuidar la salud de todos y todas\u201d.<\/span><\/strong><\/p>\n<p>&nbsp;<\/p>\n<p><span style=\"font-family: arial, helvetica, sans-serif;font-size: 12pt\">Adem\u00e1s, recuerdan que durante el embarazo, la rubeola, puede provocar malformaciones fetales, con secuelas como sordera, ceguera y cardiopat\u00edas. Suman al se\u00f1alar que con estas dosis adicionales, de las vacunas Triple Viral\u00a0 e <span style=\"font-weight: inherit\">IPV (vacuna inactivada contra la poliomelitis),<\/span>\u00a0protegemos a los ni\u00f1os y a toda la poblaci\u00f3n.<\/span><\/p>\n<p>&nbsp;<\/p>\n<p><strong><span style=\"font-family: arial, helvetica, sans-serif;font-size: 14pt\"><img loading=\"lazy\" decoding=\"async\" data-attachment-id=\"35633\" data-permalink=\"https:\/\/www.legistdf.gob.ar\/index.php\/2022\/10\/31\/salud-el-parlamento-se-suma-a-la-campana-nacional-de-vacunacion\/img_4216\/\" data-orig-file=\"https:\/\/www.legistdf.gob.ar\/wp-content\/uploads\/2022\/10\/IMG_4216.jpg\" data-orig-size=\"1200,800\" data-comments-opened=\"0\" data-image-meta=\"{&quot;aperture&quot;:&quot;0&quot;,&quot;credit&quot;:&quot;&quot;,&quot;camera&quot;:&quot;&quot;,&quot;caption&quot;:&quot;&quot;,&quot;created_timestamp&quot;:&quot;0&quot;,&quot;copyright&quot;:&quot;&quot;,&quot;focal_length&quot;:&quot;0&quot;,&quot;iso&quot;:&quot;0&quot;,&quot;shutter_speed&quot;:&quot;0&quot;,&quot;title&quot;:&quot;&quot;,&quot;orientation&quot;:&quot;0&quot;}\" data-image-title=\"IMG_4216\" data-image-description=\"\" data-image-caption=\"\" data-medium-file=\"https:\/\/www.legistdf.gob.ar\/wp-content\/uploads\/2022\/10\/IMG_4216-300x200.jpg\" data-large-file=\"https:\/\/www.legistdf.gob.ar\/wp-content\/uploads\/2022\/10\/IMG_4216-1024x683.jpg\" class=\"alignright wp-image-35633 size-medium\" src=\"https:\/\/www.legistdf.gob.ar\/wp-content\/uploads\/2022\/10\/IMG_4216-300x200.jpg\" alt=\"\" width=\"300\" height=\"200\" srcset=\"https:\/\/www.legistdf.gob.ar\/wp-content\/uploads\/2022\/10\/IMG_4216-300x200.jpg 300w, https:\/\/www.legistdf.gob.ar\/wp-content\/uploads\/2022\/10\/IMG_4216-768x512.jpg 768w, https:\/\/www.legistdf.gob.ar\/wp-content\/uploads\/2022\/10\/IMG_4216-1024x683.jpg 1024w, https:\/\/www.legistdf.gob.ar\/wp-content\/uploads\/2022\/10\/IMG_4216-160x107.jpg 160w, https:\/\/www.legistdf.gob.ar\/wp-content\/uploads\/2022\/10\/IMG_4216.jpg 1200w\" sizes=\"(max-width: 300px) 100vw, 300px\" \/><\/span><\/strong><\/p>\n<p><span style=\"font-family: arial, helvetica, sans-serif;font-size: 14pt\">Seg\u00fan indicaron desde la cartera sanitaria, los ni\u00f1os y ni\u00f1as vacunados hasta la fecha en la Provincia, son 4092, cifra que representa el 48,2 por ciento de esa poblaci\u00f3n etarea.<\/span><\/p>\n<p>&nbsp;<\/p>\n<p><span style=\"font-family: arial, helvetica, sans-serif;font-size: 12pt\">Cabe se\u00f1alar que la campa\u00f1a est\u00e1 destinada a ni\u00f1os y ni\u00f1as de 13 meses a cuatro a\u00f1os de edad. Se trata de una dosis extra del calendario oficial y obligatorio.<\/span><\/p>\n<p><span style=\"font-family: arial, helvetica, sans-serif;font-size: 12pt\">Otro dato que proporciona el Ministerio de Salud que llama la atenci\u00f3n de los Legisladores, es que a la fecha m\u00e1s de cuatro mil ni\u00f1os no accedieron a su derecho de salud.<\/span><\/p>\n<p>&nbsp;<\/p>\n<p style=\"text-align: right\"><em>ZV-VLV<\/em><\/p>\n<p style=\"text-align: right\"><em><a href=\"https:\/\/drive.google.com\/drive\/folders\/16rBAY5zLFb1TJvfuSVG2YD_4xB3eAPab?usp=share_link\" target=\"_blank\" rel=\"noopener noreferrer\">Galer\u00eda de im\u00e1genes<\/a><\/em><\/p>\n","protected":false},"excerpt":{"rendered":"<p>Ushuaia, lunes 31 de octubre de 2022.- Con el objetivo de visibilizar y colaborar con las campa\u00f1as de vacunaci\u00f3n nacional contra el sarampi\u00f3n, rubeola, paperas y polio, que se extiende hasta el 13 de noviembre, los Legisladores que integran el Parlamento fueguino, decidieron exhibir en cada una de sus bancas, un texto que dice \u201cactuemos [&hellip;]<\/p>\n","protected":false},"author":352,"featured_media":35632,"comment_status":"closed","ping_status":"open","sticky":false,"template":"","format":"standard","meta":{"jetpack_post_was_ever_published":false,"_jetpack_newsletter_access":"","_jetpack_dont_email_post_to_subs":false,"_jetpack_newsletter_tier_id":0,"footnotes":"","jetpack_publicize_message":"","jetpack_publicize_feature_enabled":true,"jetpack_social_post_already_shared":true,"jetpack_social_options":{"image_generator_settings":{"template":"highway","enabled":false}}},"categories":[1],"tags":[48,117,79,87,160],"jetpack_publicize_connections":[],"jetpack_sharing_enabled":true,"jetpack_featured_media_url":"https:\/\/www.legistdf.gob.ar\/wp-content\/uploads\/2022\/10\/IMG_4215.jpg","jetpack-related-posts":[],"_links":{"self":[{"href":"https:\/\/www.legistdf.gob.ar\/index.php\/wp-json\/wp\/v2\/posts\/35631"}],"collection":[{"href":"https:\/\/www.legistdf.gob.ar\/index.php\/wp-json\/wp\/v2\/posts"}],"about":[{"href":"https:\/\/www.legistdf.gob.ar\/index.php\/wp-json\/wp\/v2\/types\/post"}],"author":[{"embeddable":true,"href":"https:\/\/www.legistdf.gob.ar\/index.php\/wp-json\/wp\/v2\/users\/352"}],"replies":[{"embeddable":true,"href":"https:\/\/www.legistdf.gob.ar\/index.php\/wp-json\/wp\/v2\/comments?post=35631"}],"version-history":[{"count":1,"href":"https:\/\/www.legistdf.gob.ar\/index.php\/wp-json\/wp\/v2\/posts\/35631\/revisions"}],"predecessor-version":[{"id":35634,"href":"https:\/\/www.legistdf.gob.ar\/index.php\/wp-json\/wp\/v2\/posts\/35631\/revisions\/35634"}],"wp:featuredmedia":[{"embeddable":true,"href":"https:\/\/www.legistdf.gob.ar\/index.php\/wp-json\/wp\/v2\/media\/35632"}],"wp:attachment":[{"href":"https:\/\/www.legistdf.gob.ar\/index.php\/wp-json\/wp\/v2\/media?parent=35631"}],"wp:term":[{"taxonomy":"category","embeddable":true,"href":"https:\/\/www.legistdf.gob.ar\/index.php\/wp-json\/wp\/v2\/categories?post=35631"},{"taxonomy":"post_tag","embeddable":true,"href":"https:\/\/www.legistdf.gob.ar\/index.php\/wp-json\/wp\/v2\/tags?post=35631"}],"curies":[{"name":"wp","href":"https:\/\/api.w.org\/{rel}","templated":true}]}}