{"id":35687,"date":"2022-11-02T11:59:11","date_gmt":"2022-11-02T14:59:11","guid":{"rendered":"https:\/\/www.legistdf.gob.ar\/?p=35687"},"modified":"2022-11-02T12:39:11","modified_gmt":"2022-11-02T15:39:11","slug":"industria-es-un-tema-de-defensa-irrestricta-dijo-monica-acosta-ushuaia-miercoles-2-de-noviembre-de-2022-ante-el-cuestionamiento-sobre-la-continuidad-de-los-beneficios-arancelari","status":"publish","type":"post","link":"https:\/\/www.legistdf.gob.ar\/index.php\/2022\/11\/02\/industria-es-un-tema-de-defensa-irrestricta-dijo-monica-acosta-ushuaia-miercoles-2-de-noviembre-de-2022-ante-el-cuestionamiento-sobre-la-continuidad-de-los-beneficios-arancelari\/","title":{"rendered":"INDUSTRIA: \u201cEs un tema de defensa irrestricta\u201d dijo M\u00f3nica Acosta"},"content":{"rendered":"<p><span style=\"font-family: arial, helvetica, sans-serif;font-size: 14pt\"><strong><img loading=\"lazy\" decoding=\"async\" data-attachment-id=\"35688\" data-permalink=\"https:\/\/www.legistdf.gob.ar\/index.php\/2022\/11\/02\/industria-es-un-tema-de-defensa-irrestricta-dijo-monica-acosta-ushuaia-miercoles-2-de-noviembre-de-2022-ante-el-cuestionamiento-sobre-la-continuidad-de-los-beneficios-arancelari\/img_4301-3\/\" data-orig-file=\"https:\/\/www.legistdf.gob.ar\/wp-content\/uploads\/2022\/11\/IMG_4301.jpg\" data-orig-size=\"1200,800\" data-comments-opened=\"0\" data-image-meta=\"{&quot;aperture&quot;:&quot;5&quot;,&quot;credit&quot;:&quot;&quot;,&quot;camera&quot;:&quot;Canon EOS Rebel T6i&quot;,&quot;caption&quot;:&quot;&quot;,&quot;created_timestamp&quot;:&quot;1667303947&quot;,&quot;copyright&quot;:&quot;&quot;,&quot;focal_length&quot;:&quot;64&quot;,&quot;iso&quot;:&quot;800&quot;,&quot;shutter_speed&quot;:&quot;0.016666666666667&quot;,&quot;title&quot;:&quot;&quot;,&quot;orientation&quot;:&quot;0&quot;}\" data-image-title=\"IMG_4301\" data-image-description=\"\" data-image-caption=\"\" data-medium-file=\"https:\/\/www.legistdf.gob.ar\/wp-content\/uploads\/2022\/11\/IMG_4301-300x200.jpg\" data-large-file=\"https:\/\/www.legistdf.gob.ar\/wp-content\/uploads\/2022\/11\/IMG_4301-1024x683.jpg\" class=\"alignleft wp-image-35688 size-medium\" src=\"https:\/\/www.legistdf.gob.ar\/wp-content\/uploads\/2022\/11\/IMG_4301-300x200.jpg\" alt=\"\" width=\"300\" height=\"200\" srcset=\"https:\/\/www.legistdf.gob.ar\/wp-content\/uploads\/2022\/11\/IMG_4301-300x200.jpg 300w, https:\/\/www.legistdf.gob.ar\/wp-content\/uploads\/2022\/11\/IMG_4301-768x512.jpg 768w, https:\/\/www.legistdf.gob.ar\/wp-content\/uploads\/2022\/11\/IMG_4301-1024x683.jpg 1024w, https:\/\/www.legistdf.gob.ar\/wp-content\/uploads\/2022\/11\/IMG_4301-160x107.jpg 160w, https:\/\/www.legistdf.gob.ar\/wp-content\/uploads\/2022\/11\/IMG_4301.jpg 1200w\" sizes=\"(max-width: 300px) 100vw, 300px\" \/>Ushuaia, mi\u00e9rcoles 2 de noviembre de 2022.- Ante el cuestionamiento sobre la continuidad de los beneficios arancelarios para la industria fueguina, la Presidenta de la Comisi\u00f3n de Industria N\u00b0 3, legisladora M\u00f3nica Acosta (FORJA) convoc\u00f3 para ma\u00f1ana 3 de noviembre a las 16 horas, a una nueva reuni\u00f3n. Participar\u00e1n, adem\u00e1s de sus integrantes, autoridades provinciales, especialistas en legislaci\u00f3n e industria y comercio y las c\u00e1maras relacionadas.<\/strong><\/span><\/p>\n<p>&nbsp;<\/p>\n<p><span style=\"font-family: arial, helvetica, sans-serif;font-size: 12pt\">La Presidenta expres\u00f3 que \u201cdeben ser analizados los constantes cuestionamientos hacia Ley nacional N\u00b0 19640. Es una norma que aporta arraigo poblacional en nuestro extremo sur.\u00a0 Debemos posar la mirada sobre las metas de desarrollo vinculadas al crecimiento de Tierra del Fuego\u201d, se\u00f1al\u00f3.<\/span><\/p>\n<p>&nbsp;<\/p>\n<p><span style=\"font-family: arial, helvetica, sans-serif;font-size: 14pt\">Del encuentro participar\u00e1n los especialistas Alberto Gar\u00f3falo, apoderado General\u00a0 de la C\u00e1mara Fueguina de Industria (CAFIN); el Dr. Federicho Rauch, experto en asuntos constitucionales; el secretario de Industria y Promoci\u00f3n Econ\u00f3mica de la Provincia, Juan Ignacio Garc\u00eda; el presidente de la C\u00e1mara de Turismo de Tierra del Fuego, Angel Brisighelli y representantes de las C\u00e1maras de Comercio de Ushuaia y R\u00edo Grande, como tambi\u00e9n de la Comisi\u00f3n para el \u00c1rea Aduanera Especial.<\/span><\/p>\n<p>&nbsp;<\/p>\n<p><span style=\"font-family: arial, helvetica, sans-serif;font-size: 12pt\">M\u00f3nica Acosta expres\u00f3: \u201cEs un tema que, para nosotros, sigue siendo de defensa irrestricta la matriz productiva fueguina. Cuando el presidente Alberto Fern\u00e1ndez, -mediante un decreto- extendi\u00f3 los beneficios del subr\u00e9gimen industrial para los pr\u00f3ximos a\u00f1os, quedaron afuera las 1300 familias textiles y debemos pronunciarnos para que sean parte de ese beneficio\u201d, pidi\u00f3.<\/span><\/p>\n<p>&nbsp;<\/p>\n<p><span style=\"font-family: arial, helvetica, sans-serif;font-size: 14pt\"><img loading=\"lazy\" decoding=\"async\" data-attachment-id=\"35689\" data-permalink=\"https:\/\/www.legistdf.gob.ar\/index.php\/2022\/11\/02\/industria-es-un-tema-de-defensa-irrestricta-dijo-monica-acosta-ushuaia-miercoles-2-de-noviembre-de-2022-ante-el-cuestionamiento-sobre-la-continuidad-de-los-beneficios-arancelari\/img_4313\/\" data-orig-file=\"https:\/\/www.legistdf.gob.ar\/wp-content\/uploads\/2022\/11\/IMG_4313.jpg\" data-orig-size=\"1200,800\" data-comments-opened=\"0\" data-image-meta=\"{&quot;aperture&quot;:&quot;5.6&quot;,&quot;credit&quot;:&quot;&quot;,&quot;camera&quot;:&quot;Canon EOS Rebel T6i&quot;,&quot;caption&quot;:&quot;&quot;,&quot;created_timestamp&quot;:&quot;1667304033&quot;,&quot;copyright&quot;:&quot;&quot;,&quot;focal_length&quot;:&quot;100&quot;,&quot;iso&quot;:&quot;1600&quot;,&quot;shutter_speed&quot;:&quot;0.008&quot;,&quot;title&quot;:&quot;&quot;,&quot;orientation&quot;:&quot;0&quot;}\" data-image-title=\"IMG_4313\" data-image-description=\"\" data-image-caption=\"\" data-medium-file=\"https:\/\/www.legistdf.gob.ar\/wp-content\/uploads\/2022\/11\/IMG_4313-300x200.jpg\" data-large-file=\"https:\/\/www.legistdf.gob.ar\/wp-content\/uploads\/2022\/11\/IMG_4313-1024x683.jpg\" class=\"alignright wp-image-35689 size-medium\" src=\"https:\/\/www.legistdf.gob.ar\/wp-content\/uploads\/2022\/11\/IMG_4313-300x200.jpg\" alt=\"\" width=\"300\" height=\"200\" srcset=\"https:\/\/www.legistdf.gob.ar\/wp-content\/uploads\/2022\/11\/IMG_4313-300x200.jpg 300w, https:\/\/www.legistdf.gob.ar\/wp-content\/uploads\/2022\/11\/IMG_4313-768x512.jpg 768w, https:\/\/www.legistdf.gob.ar\/wp-content\/uploads\/2022\/11\/IMG_4313-1024x683.jpg 1024w, https:\/\/www.legistdf.gob.ar\/wp-content\/uploads\/2022\/11\/IMG_4313-160x107.jpg 160w, https:\/\/www.legistdf.gob.ar\/wp-content\/uploads\/2022\/11\/IMG_4313.jpg 1200w\" sizes=\"(max-width: 300px) 100vw, 300px\" \/>En la\u00a0 4\u00aa sesi\u00f3n ordinaria del lunes pasado las y los Legisladores tomaron posici\u00f3n desde cada una de las bancadas en repudio al proyecto de Ley de eliminaci\u00f3n progresiva de Promoci\u00f3n Industrial de Tierra del Fuego. Se trata de una iniciativa de la Coalici\u00f3n C\u00edvica-ARI y se busca terminar con la constante amenaza de la eliminaci\u00f3n de la Ley nacional N\u00ba 19.640.<\/span><\/p>\n<p>&nbsp;<\/p>\n<p><span style=\"font-family: arial, helvetica, sans-serif;font-size: 12pt\">En el encuentro legislativo, Acosta ofreci\u00f3 un encendido discurso en defensa de la industria; entre otras consideraciones, sostuvo: \u201cNo es casualidad que\u00a0 hayamos unificado el discurso, el proyecto y la extensi\u00f3n del repudio nacionalmente. Pero no tiene que ver solamente con este proyecto de la Coalici\u00f3n C\u00edvica, tiene que ver con\u00a0 modelos\u00a0 neoliberales e hist\u00f3ricos en nuestro pa\u00eds. La desindustrializaci\u00f3n arranc\u00f3 con la dictadura militar, se profundiz\u00f3 en un gobierno neoliberal como el menemato y\u00a0 tambi\u00e9n, tuvo una destrucci\u00f3n masiva con los 4 a\u00f1os del macrismo\u201d.<\/span><\/p>\n<p>&nbsp;<\/p>\n<p><span style=\"font-family: arial, helvetica, sans-serif;font-size: 12pt\">Cerr\u00f3 su alocuci\u00f3n al expresar: \u201cNing\u00fan pa\u00eds puede resignar su industria local. Y para eso sirve Tierra del Fuego, con sus 20 mil puestos de trabajo directo aportando a la econom\u00eda local. Queremos un Provincia grande, libre y soberana. Defendida por sus instituciones, defendida por su clase pol\u00edtica, defendida por su justicia. Principalmente defendiendo a sus habitantes y a su arraigo poblacional\u201d.<\/span><\/p>\n<p>&nbsp;<\/p>\n<p style=\"text-align: right\"><em>Gentileza prensa bloque FORJA<\/em><\/p>\n\n\t\t<style type=\"text\/css\">\n\t\t\t#gallery-1 {\n\t\t\t\tmargin: auto;\n\t\t\t}\n\t\t\t#gallery-1 .gallery-item {\n\t\t\t\tfloat: left;\n\t\t\t\tmargin-top: 10px;\n\t\t\t\ttext-align: center;\n\t\t\t\twidth: 50%;\n\t\t\t}\n\t\t\t#gallery-1 img {\n\t\t\t\tborder: 2px solid #cfcfcf;\n\t\t\t}\n\t\t\t#gallery-1 .gallery-caption {\n\t\t\t\tmargin-left: 0;\n\t\t\t}\n\t\t\t\/* see gallery_shortcode() in wp-includes\/media.php *\/\n\t\t<\/style>\n\t\t<div data-carousel-extra='{\"blog_id\":1,\"permalink\":\"https:\\\/\\\/www.legistdf.gob.ar\\\/index.php\\\/2022\\\/11\\\/02\\\/industria-es-un-tema-de-defensa-irrestricta-dijo-monica-acosta-ushuaia-miercoles-2-de-noviembre-de-2022-ante-el-cuestionamiento-sobre-la-continuidad-de-los-beneficios-arancelari\\\/\"}' id='gallery-1' class='gallery galleryid-35687 gallery-columns-2 gallery-size-thumbnail'><dl class='gallery-item'>\n\t\t\t<dt class='gallery-icon landscape'>\n\t\t\t\t<a href='https:\/\/www.legistdf.gob.ar\/index.php\/2022\/11\/02\/industria-es-un-tema-de-defensa-irrestricta-dijo-monica-acosta-ushuaia-miercoles-2-de-noviembre-de-2022-ante-el-cuestionamiento-sobre-la-continuidad-de-los-beneficios-arancelari\/img_4301-3\/'><img loading=\"lazy\" decoding=\"async\" width=\"150\" height=\"150\" src=\"https:\/\/www.legistdf.gob.ar\/wp-content\/uploads\/2022\/11\/IMG_4301-150x150.jpg\" class=\"attachment-thumbnail size-thumbnail\" alt=\"\" srcset=\"https:\/\/www.legistdf.gob.ar\/wp-content\/uploads\/2022\/11\/IMG_4301-150x150.jpg 150w, https:\/\/www.legistdf.gob.ar\/wp-content\/uploads\/2022\/11\/IMG_4301-64x64.jpg 64w\" sizes=\"(max-width: 150px) 100vw, 150px\" data-attachment-id=\"35688\" data-permalink=\"https:\/\/www.legistdf.gob.ar\/index.php\/2022\/11\/02\/industria-es-un-tema-de-defensa-irrestricta-dijo-monica-acosta-ushuaia-miercoles-2-de-noviembre-de-2022-ante-el-cuestionamiento-sobre-la-continuidad-de-los-beneficios-arancelari\/img_4301-3\/\" data-orig-file=\"https:\/\/www.legistdf.gob.ar\/wp-content\/uploads\/2022\/11\/IMG_4301.jpg\" data-orig-size=\"1200,800\" data-comments-opened=\"0\" data-image-meta=\"{&quot;aperture&quot;:&quot;5&quot;,&quot;credit&quot;:&quot;&quot;,&quot;camera&quot;:&quot;Canon EOS Rebel T6i&quot;,&quot;caption&quot;:&quot;&quot;,&quot;created_timestamp&quot;:&quot;1667303947&quot;,&quot;copyright&quot;:&quot;&quot;,&quot;focal_length&quot;:&quot;64&quot;,&quot;iso&quot;:&quot;800&quot;,&quot;shutter_speed&quot;:&quot;0.016666666666667&quot;,&quot;title&quot;:&quot;&quot;,&quot;orientation&quot;:&quot;0&quot;}\" data-image-title=\"IMG_4301\" data-image-description=\"\" data-image-caption=\"\" data-medium-file=\"https:\/\/www.legistdf.gob.ar\/wp-content\/uploads\/2022\/11\/IMG_4301-300x200.jpg\" data-large-file=\"https:\/\/www.legistdf.gob.ar\/wp-content\/uploads\/2022\/11\/IMG_4301-1024x683.jpg\" \/><\/a>\n\t\t\t<\/dt><\/dl><dl class='gallery-item'>\n\t\t\t<dt class='gallery-icon landscape'>\n\t\t\t\t<a href='https:\/\/www.legistdf.gob.ar\/index.php\/2022\/11\/02\/industria-es-un-tema-de-defensa-irrestricta-dijo-monica-acosta-ushuaia-miercoles-2-de-noviembre-de-2022-ante-el-cuestionamiento-sobre-la-continuidad-de-los-beneficios-arancelari\/img_4313\/'><img loading=\"lazy\" decoding=\"async\" width=\"150\" height=\"150\" src=\"https:\/\/www.legistdf.gob.ar\/wp-content\/uploads\/2022\/11\/IMG_4313-150x150.jpg\" class=\"attachment-thumbnail size-thumbnail\" alt=\"\" srcset=\"https:\/\/www.legistdf.gob.ar\/wp-content\/uploads\/2022\/11\/IMG_4313-150x150.jpg 150w, https:\/\/www.legistdf.gob.ar\/wp-content\/uploads\/2022\/11\/IMG_4313-64x64.jpg 64w\" sizes=\"(max-width: 150px) 100vw, 150px\" data-attachment-id=\"35689\" data-permalink=\"https:\/\/www.legistdf.gob.ar\/index.php\/2022\/11\/02\/industria-es-un-tema-de-defensa-irrestricta-dijo-monica-acosta-ushuaia-miercoles-2-de-noviembre-de-2022-ante-el-cuestionamiento-sobre-la-continuidad-de-los-beneficios-arancelari\/img_4313\/\" data-orig-file=\"https:\/\/www.legistdf.gob.ar\/wp-content\/uploads\/2022\/11\/IMG_4313.jpg\" data-orig-size=\"1200,800\" data-comments-opened=\"0\" data-image-meta=\"{&quot;aperture&quot;:&quot;5.6&quot;,&quot;credit&quot;:&quot;&quot;,&quot;camera&quot;:&quot;Canon EOS Rebel T6i&quot;,&quot;caption&quot;:&quot;&quot;,&quot;created_timestamp&quot;:&quot;1667304033&quot;,&quot;copyright&quot;:&quot;&quot;,&quot;focal_length&quot;:&quot;100&quot;,&quot;iso&quot;:&quot;1600&quot;,&quot;shutter_speed&quot;:&quot;0.008&quot;,&quot;title&quot;:&quot;&quot;,&quot;orientation&quot;:&quot;0&quot;}\" data-image-title=\"IMG_4313\" data-image-description=\"\" data-image-caption=\"\" data-medium-file=\"https:\/\/www.legistdf.gob.ar\/wp-content\/uploads\/2022\/11\/IMG_4313-300x200.jpg\" data-large-file=\"https:\/\/www.legistdf.gob.ar\/wp-content\/uploads\/2022\/11\/IMG_4313-1024x683.jpg\" \/><\/a>\n\t\t\t<\/dt><\/dl><br style=\"clear: both\" \/>\n\t\t<\/div>\n\n","protected":false},"excerpt":{"rendered":"<p>Ushuaia, mi\u00e9rcoles 2 de noviembre de 2022.- Ante el cuestionamiento sobre la continuidad de los beneficios arancelarios para la industria fueguina, la Presidenta de la Comisi\u00f3n de Industria N\u00b0 3, legisladora M\u00f3nica Acosta (FORJA) convoc\u00f3 para ma\u00f1ana 3 de noviembre a las 16 horas, a una nueva reuni\u00f3n. Participar\u00e1n, adem\u00e1s de sus integrantes, autoridades provinciales, [&hellip;]<\/p>\n","protected":false},"author":352,"featured_media":35688,"comment_status":"closed","ping_status":"open","sticky":false,"template":"","format":"standard","meta":{"jetpack_post_was_ever_published":false,"_jetpack_newsletter_access":"","_jetpack_dont_email_post_to_subs":false,"_jetpack_newsletter_tier_id":0,"footnotes":"","jetpack_publicize_message":"","jetpack_publicize_feature_enabled":true,"jetpack_social_post_already_shared":true,"jetpack_social_options":{"image_generator_settings":{"template":"highway","enabled":false}}},"categories":[1],"tags":[2398,677,78,1817,117,79,87],"jetpack_publicize_connections":[],"jetpack_sharing_enabled":true,"jetpack_featured_media_url":"https:\/\/www.legistdf.gob.ar\/wp-content\/uploads\/2022\/11\/IMG_4301.jpg","jetpack-related-posts":[],"_links":{"self":[{"href":"https:\/\/www.legistdf.gob.ar\/index.php\/wp-json\/wp\/v2\/posts\/35687"}],"collection":[{"href":"https:\/\/www.legistdf.gob.ar\/index.php\/wp-json\/wp\/v2\/posts"}],"about":[{"href":"https:\/\/www.legistdf.gob.ar\/index.php\/wp-json\/wp\/v2\/types\/post"}],"author":[{"embeddable":true,"href":"https:\/\/www.legistdf.gob.ar\/index.php\/wp-json\/wp\/v2\/users\/352"}],"replies":[{"embeddable":true,"href":"https:\/\/www.legistdf.gob.ar\/index.php\/wp-json\/wp\/v2\/comments?post=35687"}],"version-history":[{"count":2,"href":"https:\/\/www.legistdf.gob.ar\/index.php\/wp-json\/wp\/v2\/posts\/35687\/revisions"}],"predecessor-version":[{"id":35691,"href":"https:\/\/www.legistdf.gob.ar\/index.php\/wp-json\/wp\/v2\/posts\/35687\/revisions\/35691"}],"wp:featuredmedia":[{"embeddable":true,"href":"https:\/\/www.legistdf.gob.ar\/index.php\/wp-json\/wp\/v2\/media\/35688"}],"wp:attachment":[{"href":"https:\/\/www.legistdf.gob.ar\/index.php\/wp-json\/wp\/v2\/media?parent=35687"}],"wp:term":[{"taxonomy":"category","embeddable":true,"href":"https:\/\/www.legistdf.gob.ar\/index.php\/wp-json\/wp\/v2\/categories?post=35687"},{"taxonomy":"post_tag","embeddable":true,"href":"https:\/\/www.legistdf.gob.ar\/index.php\/wp-json\/wp\/v2\/tags?post=35687"}],"curies":[{"name":"wp","href":"https:\/\/api.w.org\/{rel}","templated":true}]}}