{"id":35856,"date":"2022-11-08T21:33:10","date_gmt":"2022-11-09T00:33:10","guid":{"rendered":"https:\/\/www.legistdf.gob.ar\/?p=35856"},"modified":"2022-11-08T21:43:50","modified_gmt":"2022-11-09T00:43:50","slug":"sesion-el-parlamento-patagonico-asume-el-ultimo-encuentro-del-ano-en-ushuaia","status":"publish","type":"post","link":"https:\/\/www.legistdf.gob.ar\/index.php\/2022\/11\/08\/sesion-el-parlamento-patagonico-asume-el-ultimo-encuentro-del-ano-en-ushuaia\/","title":{"rendered":"SESI\u00d3N: El Parlamento Patag\u00f3nico asume el \u00faltimo encuentro del a\u00f1o en Ushuaia"},"content":{"rendered":"<p><span style=\"font-family: arial, helvetica, sans-serif;font-size: 14pt\"><strong><img loading=\"lazy\" decoding=\"async\" data-attachment-id=\"35859\" data-permalink=\"https:\/\/www.legistdf.gob.ar\/index.php\/2022\/11\/08\/sesion-el-parlamento-patagonico-asume-el-ultimo-encuentro-del-ano-en-ushuaia\/fah_3343\/\" data-orig-file=\"https:\/\/www.legistdf.gob.ar\/wp-content\/uploads\/2022\/11\/FAH_3343.jpg\" data-orig-size=\"1200,801\" data-comments-opened=\"0\" data-image-meta=\"{&quot;aperture&quot;:&quot;5.6&quot;,&quot;credit&quot;:&quot;&quot;,&quot;camera&quot;:&quot;NIKON D750&quot;,&quot;caption&quot;:&quot;&quot;,&quot;created_timestamp&quot;:&quot;1667939020&quot;,&quot;copyright&quot;:&quot;&quot;,&quot;focal_length&quot;:&quot;40&quot;,&quot;iso&quot;:&quot;1600&quot;,&quot;shutter_speed&quot;:&quot;0.01&quot;,&quot;title&quot;:&quot;&quot;,&quot;orientation&quot;:&quot;0&quot;}\" data-image-title=\"FAH_3343\" data-image-description=\"\" data-image-caption=\"\" data-medium-file=\"https:\/\/www.legistdf.gob.ar\/wp-content\/uploads\/2022\/11\/FAH_3343-300x200.jpg\" data-large-file=\"https:\/\/www.legistdf.gob.ar\/wp-content\/uploads\/2022\/11\/FAH_3343-1024x684.jpg\" class=\"alignleft wp-image-35859 size-medium\" src=\"https:\/\/www.legistdf.gob.ar\/wp-content\/uploads\/2022\/11\/FAH_3343-300x200.jpg\" alt=\"\" width=\"300\" height=\"200\" srcset=\"https:\/\/www.legistdf.gob.ar\/wp-content\/uploads\/2022\/11\/FAH_3343-300x200.jpg 300w, https:\/\/www.legistdf.gob.ar\/wp-content\/uploads\/2022\/11\/FAH_3343-768x513.jpg 768w, https:\/\/www.legistdf.gob.ar\/wp-content\/uploads\/2022\/11\/FAH_3343-1024x684.jpg 1024w, https:\/\/www.legistdf.gob.ar\/wp-content\/uploads\/2022\/11\/FAH_3343-160x107.jpg 160w, https:\/\/www.legistdf.gob.ar\/wp-content\/uploads\/2022\/11\/FAH_3343.jpg 1200w\" sizes=\"(max-width: 300px) 100vw, 300px\" \/>Ushuaia, martes 8 de noviembre de 2022.- La 4\u00aa sesi\u00f3n del Parlamento Patag\u00f3nico se concretar\u00e1 ma\u00f1ana, mi\u00e9rcoles 9 desde las 10 horas en Ushuaia, aunque esta noche, los distintos presidentes de Comisiones de la Regi\u00f3n, se reunieron en torno a la Comisi\u00f3n de Labor Parlamentaria donde definieron los asuntos que ingresar\u00e1n al Orden del D\u00eda. Acompa\u00f1\u00f3 el encuentro, el Vicepresidente 1\u00ba de la Legislatura de Tierra del Fuego, legislador Dami\u00e1n L\u00f6ffler.<\/strong><\/span><\/p>\n<p>&nbsp;<\/p>\n<p><span style=\"font-family: arial, helvetica, sans-serif;font-size: 12pt\">El encuentro se llev\u00f3 adelante en sede del Poder Legislativo fueguino, anfitri\u00f3n de la \u00faltima sesi\u00f3n ordinaria del a\u00f1o. Fue presidida por el titular del Cuerpo regional, legislador Emmanuel Trentino, quien en esta ocasi\u00f3n har\u00e1 el traspaso de la titularidad del cuerpo a la provincia de Santa Cruz, en representaci\u00f3n del diputado Mat\u00edas Maz\u00fa.<\/span><\/p>\n<p>&nbsp;<\/p>\n<p><span style=\"font-family: arial, helvetica, sans-serif;font-size: 12pt\">En la reuni\u00f3n, las y los Parlamentarios regionales accedieron al contenido de la veintena de asuntos, que cada distrito propuso para el evento.<\/span><\/p>\n<p>&nbsp;<\/p>\n<p><span style=\"font-family: arial, helvetica, sans-serif;font-size: 12pt\"><img loading=\"lazy\" decoding=\"async\" data-attachment-id=\"35862\" data-permalink=\"https:\/\/www.legistdf.gob.ar\/index.php\/2022\/11\/08\/sesion-el-parlamento-patagonico-asume-el-ultimo-encuentro-del-ano-en-ushuaia\/fah_3373\/\" data-orig-file=\"https:\/\/www.legistdf.gob.ar\/wp-content\/uploads\/2022\/11\/FAH_3373.jpg\" data-orig-size=\"1200,801\" data-comments-opened=\"0\" data-image-meta=\"{&quot;aperture&quot;:&quot;5.6&quot;,&quot;credit&quot;:&quot;&quot;,&quot;camera&quot;:&quot;NIKON D750&quot;,&quot;caption&quot;:&quot;&quot;,&quot;created_timestamp&quot;:&quot;1667939436&quot;,&quot;copyright&quot;:&quot;&quot;,&quot;focal_length&quot;:&quot;34&quot;,&quot;iso&quot;:&quot;1600&quot;,&quot;shutter_speed&quot;:&quot;0.01&quot;,&quot;title&quot;:&quot;&quot;,&quot;orientation&quot;:&quot;0&quot;}\" data-image-title=\"FAH_3373\" data-image-description=\"\" data-image-caption=\"\" data-medium-file=\"https:\/\/www.legistdf.gob.ar\/wp-content\/uploads\/2022\/11\/FAH_3373-300x200.jpg\" data-large-file=\"https:\/\/www.legistdf.gob.ar\/wp-content\/uploads\/2022\/11\/FAH_3373-1024x684.jpg\" class=\"alignright wp-image-35862 size-medium\" src=\"https:\/\/www.legistdf.gob.ar\/wp-content\/uploads\/2022\/11\/FAH_3373-300x200.jpg\" alt=\"\" width=\"300\" height=\"200\" srcset=\"https:\/\/www.legistdf.gob.ar\/wp-content\/uploads\/2022\/11\/FAH_3373-300x200.jpg 300w, https:\/\/www.legistdf.gob.ar\/wp-content\/uploads\/2022\/11\/FAH_3373-768x513.jpg 768w, https:\/\/www.legistdf.gob.ar\/wp-content\/uploads\/2022\/11\/FAH_3373-1024x684.jpg 1024w, https:\/\/www.legistdf.gob.ar\/wp-content\/uploads\/2022\/11\/FAH_3373-160x107.jpg 160w, https:\/\/www.legistdf.gob.ar\/wp-content\/uploads\/2022\/11\/FAH_3373.jpg 1200w\" sizes=\"(max-width: 300px) 100vw, 300px\" \/>De acuerdo al cronograma anunciado oportunamente, la sesi\u00f3n legislativa iniciar\u00e1 ma\u00f1ana a las 10 h en el sal\u00f3n Millenium con la apertura a cargo de las autoridades parlamentarias, del Poder Ejecutivo y del Legislativo, presentes junto a una delegaci\u00f3n de m\u00e1s de 50 diputados y diputadas llegados desde Neuqu\u00e9n, La Pampa, R\u00edo Negro, Chubut, Santa Cruz y la delegaci\u00f3n anfitriona.<\/span><\/p>\n<p>&nbsp;<\/p>\n<p><span style=\"font-family: arial, helvetica, sans-serif;font-size: 12pt\">Luego del trabajo parlamentario acordado en la reuni\u00f3n de esta noche, se espera avanzar con los debates y an\u00e1lisis en las diversas Comisiones para luego, dar a conocer el orden del d\u00eda y la aprobaci\u00f3n de las diversas iniciativas.<\/span><\/p>\n<p>&nbsp;<\/p>\n<p><span style=\"font-family: arial, helvetica, sans-serif;font-size: 12pt\">Cabe recordar, que la cuarta sesi\u00f3n ordinaria del Parlamento Patag\u00f3nico, cerrar\u00e1 con la ceremonia de traspaso de la Presidencia, en la base Marambio de la Ant\u00e1rtida Argentina, el jueves 10 de noviembre.<\/span><\/p>\n<p style=\"text-align: right\"><em>AT-AH<\/em><\/p>\n<p style=\"text-align: right\"><a href=\"https:\/\/drive.google.com\/drive\/folders\/19T-g64PLuKJxYOzT2Pu7_-pbln4j8dwz?usp=share_link\" target=\"_blank\" rel=\"noopener noreferrer\"><em>Galer\u00eda de\u00a0<\/em><i>im\u00e1genes<\/i><\/a><\/p>\n<p>&nbsp;<\/p>\n<p><strong>NdD:<em><a href=\"https:\/\/www.legistdf.gob.ar\/wp-content\/uploads\/2022\/11\/Boletin-de-Asuntos-Entrados-TDF-NOVIEMBRE-2022-1.pdf\" target=\"_blank\" rel=\"noopener noreferrer\"> Acceda al Bolet\u00edn de Asuntos Entrados (BAE) como qued\u00f3\u00a0resuelto.<\/a><\/em><\/strong><\/p>\n\n\t\t<style type=\"text\/css\">\n\t\t\t#gallery-1 {\n\t\t\t\tmargin: auto;\n\t\t\t}\n\t\t\t#gallery-1 .gallery-item {\n\t\t\t\tfloat: left;\n\t\t\t\tmargin-top: 10px;\n\t\t\t\ttext-align: center;\n\t\t\t\twidth: 16%;\n\t\t\t}\n\t\t\t#gallery-1 img {\n\t\t\t\tborder: 2px solid #cfcfcf;\n\t\t\t}\n\t\t\t#gallery-1 .gallery-caption {\n\t\t\t\tmargin-left: 0;\n\t\t\t}\n\t\t\t\/* see gallery_shortcode() in wp-includes\/media.php *\/\n\t\t<\/style>\n\t\t<div data-carousel-extra='{\"blog_id\":1,\"permalink\":\"https:\\\/\\\/www.legistdf.gob.ar\\\/index.php\\\/2022\\\/11\\\/08\\\/sesion-el-parlamento-patagonico-asume-el-ultimo-encuentro-del-ano-en-ushuaia\\\/\"}' id='gallery-1' class='gallery galleryid-35856 gallery-columns-6 gallery-size-thumbnail'><dl class='gallery-item'>\n\t\t\t<dt class='gallery-icon landscape'>\n\t\t\t\t<a href='https:\/\/www.legistdf.gob.ar\/index.php\/2022\/11\/08\/sesion-el-parlamento-patagonico-asume-el-ultimo-encuentro-del-ano-en-ushuaia\/fah_3321\/'><img loading=\"lazy\" decoding=\"async\" width=\"150\" height=\"150\" src=\"https:\/\/www.legistdf.gob.ar\/wp-content\/uploads\/2022\/11\/FAH_3321-150x150.jpg\" class=\"attachment-thumbnail size-thumbnail\" alt=\"\" srcset=\"https:\/\/www.legistdf.gob.ar\/wp-content\/uploads\/2022\/11\/FAH_3321-150x150.jpg 150w, https:\/\/www.legistdf.gob.ar\/wp-content\/uploads\/2022\/11\/FAH_3321-64x64.jpg 64w\" sizes=\"(max-width: 150px) 100vw, 150px\" data-attachment-id=\"35857\" data-permalink=\"https:\/\/www.legistdf.gob.ar\/index.php\/2022\/11\/08\/sesion-el-parlamento-patagonico-asume-el-ultimo-encuentro-del-ano-en-ushuaia\/fah_3321\/\" data-orig-file=\"https:\/\/www.legistdf.gob.ar\/wp-content\/uploads\/2022\/11\/FAH_3321.jpg\" data-orig-size=\"1200,801\" data-comments-opened=\"0\" data-image-meta=\"{&quot;aperture&quot;:&quot;5.6&quot;,&quot;credit&quot;:&quot;&quot;,&quot;camera&quot;:&quot;NIKON D750&quot;,&quot;caption&quot;:&quot;&quot;,&quot;created_timestamp&quot;:&quot;1667938189&quot;,&quot;copyright&quot;:&quot;&quot;,&quot;focal_length&quot;:&quot;92&quot;,&quot;iso&quot;:&quot;1600&quot;,&quot;shutter_speed&quot;:&quot;0.01&quot;,&quot;title&quot;:&quot;&quot;,&quot;orientation&quot;:&quot;0&quot;}\" data-image-title=\"FAH_3321\" data-image-description=\"\" data-image-caption=\"\" data-medium-file=\"https:\/\/www.legistdf.gob.ar\/wp-content\/uploads\/2022\/11\/FAH_3321-300x200.jpg\" data-large-file=\"https:\/\/www.legistdf.gob.ar\/wp-content\/uploads\/2022\/11\/FAH_3321-1024x684.jpg\" \/><\/a>\n\t\t\t<\/dt><\/dl><dl class='gallery-item'>\n\t\t\t<dt class='gallery-icon landscape'>\n\t\t\t\t<a href='https:\/\/www.legistdf.gob.ar\/index.php\/2022\/11\/08\/sesion-el-parlamento-patagonico-asume-el-ultimo-encuentro-del-ano-en-ushuaia\/fah_3331\/'><img loading=\"lazy\" decoding=\"async\" width=\"150\" height=\"150\" src=\"https:\/\/www.legistdf.gob.ar\/wp-content\/uploads\/2022\/11\/FAH_3331-150x150.jpg\" class=\"attachment-thumbnail size-thumbnail\" alt=\"\" srcset=\"https:\/\/www.legistdf.gob.ar\/wp-content\/uploads\/2022\/11\/FAH_3331-150x150.jpg 150w, https:\/\/www.legistdf.gob.ar\/wp-content\/uploads\/2022\/11\/FAH_3331-64x64.jpg 64w\" sizes=\"(max-width: 150px) 100vw, 150px\" data-attachment-id=\"35858\" data-permalink=\"https:\/\/www.legistdf.gob.ar\/index.php\/2022\/11\/08\/sesion-el-parlamento-patagonico-asume-el-ultimo-encuentro-del-ano-en-ushuaia\/fah_3331\/\" data-orig-file=\"https:\/\/www.legistdf.gob.ar\/wp-content\/uploads\/2022\/11\/FAH_3331.jpg\" data-orig-size=\"1200,801\" data-comments-opened=\"0\" data-image-meta=\"{&quot;aperture&quot;:&quot;5.6&quot;,&quot;credit&quot;:&quot;&quot;,&quot;camera&quot;:&quot;NIKON D750&quot;,&quot;caption&quot;:&quot;&quot;,&quot;created_timestamp&quot;:&quot;1667938279&quot;,&quot;copyright&quot;:&quot;&quot;,&quot;focal_length&quot;:&quot;24&quot;,&quot;iso&quot;:&quot;1600&quot;,&quot;shutter_speed&quot;:&quot;0.01&quot;,&quot;title&quot;:&quot;&quot;,&quot;orientation&quot;:&quot;0&quot;}\" data-image-title=\"FAH_3331\" data-image-description=\"\" data-image-caption=\"\" data-medium-file=\"https:\/\/www.legistdf.gob.ar\/wp-content\/uploads\/2022\/11\/FAH_3331-300x200.jpg\" data-large-file=\"https:\/\/www.legistdf.gob.ar\/wp-content\/uploads\/2022\/11\/FAH_3331-1024x684.jpg\" \/><\/a>\n\t\t\t<\/dt><\/dl><dl class='gallery-item'>\n\t\t\t<dt class='gallery-icon landscape'>\n\t\t\t\t<a href='https:\/\/www.legistdf.gob.ar\/index.php\/2022\/11\/08\/sesion-el-parlamento-patagonico-asume-el-ultimo-encuentro-del-ano-en-ushuaia\/fah_3343\/'><img loading=\"lazy\" decoding=\"async\" width=\"150\" height=\"150\" src=\"https:\/\/www.legistdf.gob.ar\/wp-content\/uploads\/2022\/11\/FAH_3343-150x150.jpg\" class=\"attachment-thumbnail size-thumbnail\" alt=\"\" srcset=\"https:\/\/www.legistdf.gob.ar\/wp-content\/uploads\/2022\/11\/FAH_3343-150x150.jpg 150w, https:\/\/www.legistdf.gob.ar\/wp-content\/uploads\/2022\/11\/FAH_3343-64x64.jpg 64w\" sizes=\"(max-width: 150px) 100vw, 150px\" data-attachment-id=\"35859\" data-permalink=\"https:\/\/www.legistdf.gob.ar\/index.php\/2022\/11\/08\/sesion-el-parlamento-patagonico-asume-el-ultimo-encuentro-del-ano-en-ushuaia\/fah_3343\/\" data-orig-file=\"https:\/\/www.legistdf.gob.ar\/wp-content\/uploads\/2022\/11\/FAH_3343.jpg\" data-orig-size=\"1200,801\" data-comments-opened=\"0\" data-image-meta=\"{&quot;aperture&quot;:&quot;5.6&quot;,&quot;credit&quot;:&quot;&quot;,&quot;camera&quot;:&quot;NIKON D750&quot;,&quot;caption&quot;:&quot;&quot;,&quot;created_timestamp&quot;:&quot;1667939020&quot;,&quot;copyright&quot;:&quot;&quot;,&quot;focal_length&quot;:&quot;40&quot;,&quot;iso&quot;:&quot;1600&quot;,&quot;shutter_speed&quot;:&quot;0.01&quot;,&quot;title&quot;:&quot;&quot;,&quot;orientation&quot;:&quot;0&quot;}\" data-image-title=\"FAH_3343\" data-image-description=\"\" data-image-caption=\"\" data-medium-file=\"https:\/\/www.legistdf.gob.ar\/wp-content\/uploads\/2022\/11\/FAH_3343-300x200.jpg\" data-large-file=\"https:\/\/www.legistdf.gob.ar\/wp-content\/uploads\/2022\/11\/FAH_3343-1024x684.jpg\" \/><\/a>\n\t\t\t<\/dt><\/dl><dl class='gallery-item'>\n\t\t\t<dt class='gallery-icon landscape'>\n\t\t\t\t<a href='https:\/\/www.legistdf.gob.ar\/index.php\/2022\/11\/08\/sesion-el-parlamento-patagonico-asume-el-ultimo-encuentro-del-ano-en-ushuaia\/fah_3357\/'><img loading=\"lazy\" decoding=\"async\" width=\"150\" height=\"150\" src=\"https:\/\/www.legistdf.gob.ar\/wp-content\/uploads\/2022\/11\/FAH_3357-150x150.jpg\" class=\"attachment-thumbnail size-thumbnail\" alt=\"\" srcset=\"https:\/\/www.legistdf.gob.ar\/wp-content\/uploads\/2022\/11\/FAH_3357-150x150.jpg 150w, https:\/\/www.legistdf.gob.ar\/wp-content\/uploads\/2022\/11\/FAH_3357-64x64.jpg 64w\" sizes=\"(max-width: 150px) 100vw, 150px\" data-attachment-id=\"35860\" data-permalink=\"https:\/\/www.legistdf.gob.ar\/index.php\/2022\/11\/08\/sesion-el-parlamento-patagonico-asume-el-ultimo-encuentro-del-ano-en-ushuaia\/fah_3357\/\" data-orig-file=\"https:\/\/www.legistdf.gob.ar\/wp-content\/uploads\/2022\/11\/FAH_3357.jpg\" data-orig-size=\"1200,801\" data-comments-opened=\"0\" data-image-meta=\"{&quot;aperture&quot;:&quot;5.6&quot;,&quot;credit&quot;:&quot;&quot;,&quot;camera&quot;:&quot;NIKON D750&quot;,&quot;caption&quot;:&quot;&quot;,&quot;created_timestamp&quot;:&quot;1667939281&quot;,&quot;copyright&quot;:&quot;&quot;,&quot;focal_length&quot;:&quot;24&quot;,&quot;iso&quot;:&quot;1600&quot;,&quot;shutter_speed&quot;:&quot;0.01&quot;,&quot;title&quot;:&quot;&quot;,&quot;orientation&quot;:&quot;0&quot;}\" data-image-title=\"FAH_3357\" data-image-description=\"\" data-image-caption=\"\" data-medium-file=\"https:\/\/www.legistdf.gob.ar\/wp-content\/uploads\/2022\/11\/FAH_3357-300x200.jpg\" data-large-file=\"https:\/\/www.legistdf.gob.ar\/wp-content\/uploads\/2022\/11\/FAH_3357-1024x684.jpg\" \/><\/a>\n\t\t\t<\/dt><\/dl><dl class='gallery-item'>\n\t\t\t<dt class='gallery-icon landscape'>\n\t\t\t\t<a href='https:\/\/www.legistdf.gob.ar\/index.php\/2022\/11\/08\/sesion-el-parlamento-patagonico-asume-el-ultimo-encuentro-del-ano-en-ushuaia\/fah_3365\/'><img loading=\"lazy\" decoding=\"async\" width=\"150\" height=\"150\" src=\"https:\/\/www.legistdf.gob.ar\/wp-content\/uploads\/2022\/11\/FAH_3365-150x150.jpg\" class=\"attachment-thumbnail size-thumbnail\" alt=\"\" srcset=\"https:\/\/www.legistdf.gob.ar\/wp-content\/uploads\/2022\/11\/FAH_3365-150x150.jpg 150w, https:\/\/www.legistdf.gob.ar\/wp-content\/uploads\/2022\/11\/FAH_3365-64x64.jpg 64w\" sizes=\"(max-width: 150px) 100vw, 150px\" data-attachment-id=\"35861\" data-permalink=\"https:\/\/www.legistdf.gob.ar\/index.php\/2022\/11\/08\/sesion-el-parlamento-patagonico-asume-el-ultimo-encuentro-del-ano-en-ushuaia\/fah_3365\/\" data-orig-file=\"https:\/\/www.legistdf.gob.ar\/wp-content\/uploads\/2022\/11\/FAH_3365.jpg\" data-orig-size=\"1200,801\" data-comments-opened=\"0\" data-image-meta=\"{&quot;aperture&quot;:&quot;5.6&quot;,&quot;credit&quot;:&quot;&quot;,&quot;camera&quot;:&quot;NIKON D750&quot;,&quot;caption&quot;:&quot;&quot;,&quot;created_timestamp&quot;:&quot;1667939324&quot;,&quot;copyright&quot;:&quot;&quot;,&quot;focal_length&quot;:&quot;66&quot;,&quot;iso&quot;:&quot;1600&quot;,&quot;shutter_speed&quot;:&quot;0.01&quot;,&quot;title&quot;:&quot;&quot;,&quot;orientation&quot;:&quot;0&quot;}\" data-image-title=\"FAH_3365\" data-image-description=\"\" data-image-caption=\"\" data-medium-file=\"https:\/\/www.legistdf.gob.ar\/wp-content\/uploads\/2022\/11\/FAH_3365-300x200.jpg\" data-large-file=\"https:\/\/www.legistdf.gob.ar\/wp-content\/uploads\/2022\/11\/FAH_3365-1024x684.jpg\" \/><\/a>\n\t\t\t<\/dt><\/dl><dl class='gallery-item'>\n\t\t\t<dt class='gallery-icon landscape'>\n\t\t\t\t<a href='https:\/\/www.legistdf.gob.ar\/index.php\/2022\/11\/08\/sesion-el-parlamento-patagonico-asume-el-ultimo-encuentro-del-ano-en-ushuaia\/fah_3373\/'><img loading=\"lazy\" decoding=\"async\" width=\"150\" height=\"150\" src=\"https:\/\/www.legistdf.gob.ar\/wp-content\/uploads\/2022\/11\/FAH_3373-150x150.jpg\" class=\"attachment-thumbnail size-thumbnail\" alt=\"\" srcset=\"https:\/\/www.legistdf.gob.ar\/wp-content\/uploads\/2022\/11\/FAH_3373-150x150.jpg 150w, https:\/\/www.legistdf.gob.ar\/wp-content\/uploads\/2022\/11\/FAH_3373-64x64.jpg 64w\" sizes=\"(max-width: 150px) 100vw, 150px\" data-attachment-id=\"35862\" data-permalink=\"https:\/\/www.legistdf.gob.ar\/index.php\/2022\/11\/08\/sesion-el-parlamento-patagonico-asume-el-ultimo-encuentro-del-ano-en-ushuaia\/fah_3373\/\" data-orig-file=\"https:\/\/www.legistdf.gob.ar\/wp-content\/uploads\/2022\/11\/FAH_3373.jpg\" data-orig-size=\"1200,801\" data-comments-opened=\"0\" data-image-meta=\"{&quot;aperture&quot;:&quot;5.6&quot;,&quot;credit&quot;:&quot;&quot;,&quot;camera&quot;:&quot;NIKON D750&quot;,&quot;caption&quot;:&quot;&quot;,&quot;created_timestamp&quot;:&quot;1667939436&quot;,&quot;copyright&quot;:&quot;&quot;,&quot;focal_length&quot;:&quot;34&quot;,&quot;iso&quot;:&quot;1600&quot;,&quot;shutter_speed&quot;:&quot;0.01&quot;,&quot;title&quot;:&quot;&quot;,&quot;orientation&quot;:&quot;0&quot;}\" data-image-title=\"FAH_3373\" data-image-description=\"\" data-image-caption=\"\" data-medium-file=\"https:\/\/www.legistdf.gob.ar\/wp-content\/uploads\/2022\/11\/FAH_3373-300x200.jpg\" data-large-file=\"https:\/\/www.legistdf.gob.ar\/wp-content\/uploads\/2022\/11\/FAH_3373-1024x684.jpg\" \/><\/a>\n\t\t\t<\/dt><\/dl><br style=\"clear: both\" \/>\n\t\t<\/div>\n\n<p>&nbsp;<\/p>\n","protected":false},"excerpt":{"rendered":"<p>Ushuaia, martes 8 de noviembre de 2022.- La 4\u00aa sesi\u00f3n del Parlamento Patag\u00f3nico se concretar\u00e1 ma\u00f1ana, mi\u00e9rcoles 9 desde las 10 horas en Ushuaia, aunque esta noche, los distintos presidentes de Comisiones de la Regi\u00f3n, se reunieron en torno a la Comisi\u00f3n de Labor Parlamentaria donde definieron los asuntos que ingresar\u00e1n al Orden del D\u00eda. [&hellip;]<\/p>\n","protected":false},"author":352,"featured_media":35860,"comment_status":"closed","ping_status":"open","sticky":false,"template":"","format":"standard","meta":{"jetpack_post_was_ever_published":false,"_jetpack_newsletter_access":"","_jetpack_dont_email_post_to_subs":false,"_jetpack_newsletter_tier_id":0,"footnotes":"","jetpack_publicize_message":"","jetpack_publicize_feature_enabled":true,"jetpack_social_post_already_shared":true,"jetpack_social_options":{"image_generator_settings":{"template":"highway","enabled":false}}},"categories":[1],"tags":[388,1818,1816,1980,79,87],"jetpack_publicize_connections":[],"jetpack_sharing_enabled":true,"jetpack_featured_media_url":"https:\/\/www.legistdf.gob.ar\/wp-content\/uploads\/2022\/11\/FAH_3357.jpg","jetpack-related-posts":[],"_links":{"self":[{"href":"https:\/\/www.legistdf.gob.ar\/index.php\/wp-json\/wp\/v2\/posts\/35856"}],"collection":[{"href":"https:\/\/www.legistdf.gob.ar\/index.php\/wp-json\/wp\/v2\/posts"}],"about":[{"href":"https:\/\/www.legistdf.gob.ar\/index.php\/wp-json\/wp\/v2\/types\/post"}],"author":[{"embeddable":true,"href":"https:\/\/www.legistdf.gob.ar\/index.php\/wp-json\/wp\/v2\/users\/352"}],"replies":[{"embeddable":true,"href":"https:\/\/www.legistdf.gob.ar\/index.php\/wp-json\/wp\/v2\/comments?post=35856"}],"version-history":[{"count":3,"href":"https:\/\/www.legistdf.gob.ar\/index.php\/wp-json\/wp\/v2\/posts\/35856\/revisions"}],"predecessor-version":[{"id":35866,"href":"https:\/\/www.legistdf.gob.ar\/index.php\/wp-json\/wp\/v2\/posts\/35856\/revisions\/35866"}],"wp:featuredmedia":[{"embeddable":true,"href":"https:\/\/www.legistdf.gob.ar\/index.php\/wp-json\/wp\/v2\/media\/35860"}],"wp:attachment":[{"href":"https:\/\/www.legistdf.gob.ar\/index.php\/wp-json\/wp\/v2\/media?parent=35856"}],"wp:term":[{"taxonomy":"category","embeddable":true,"href":"https:\/\/www.legistdf.gob.ar\/index.php\/wp-json\/wp\/v2\/categories?post=35856"},{"taxonomy":"post_tag","embeddable":true,"href":"https:\/\/www.legistdf.gob.ar\/index.php\/wp-json\/wp\/v2\/tags?post=35856"}],"curies":[{"name":"wp","href":"https:\/\/api.w.org\/{rel}","templated":true}]}}