{"id":35931,"date":"2022-11-13T17:05:29","date_gmt":"2022-11-13T20:05:29","guid":{"rendered":"https:\/\/www.legistdf.gob.ar\/?p=35931"},"modified":"2022-11-13T17:10:57","modified_gmt":"2022-11-13T20:10:57","slug":"region-culmino-con-exito-la-gestion-2021-2022-de-trentino-al-frente-del-parlamento-patagonico","status":"publish","type":"post","link":"https:\/\/www.legistdf.gob.ar\/index.php\/2022\/11\/13\/region-culmino-con-exito-la-gestion-2021-2022-de-trentino-al-frente-del-parlamento-patagonico\/","title":{"rendered":"REGI\u00d3N: Culmin\u00f3 con \u00e9xito la gesti\u00f3n 2021-2022 de Trentino al frente del Parlamento Patag\u00f3nico"},"content":{"rendered":"<p><strong data-wp-editing=\"1\"><img loading=\"lazy\" decoding=\"async\" data-attachment-id=\"35937\" data-permalink=\"https:\/\/www.legistdf.gob.ar\/index.php\/2022\/11\/13\/region-culmino-con-exito-la-gestion-2021-2022-de-trentino-al-frente-del-parlamento-patagonico\/img_4780\/\" data-orig-file=\"https:\/\/www.legistdf.gob.ar\/wp-content\/uploads\/2022\/11\/IMG_4780.jpg\" data-orig-size=\"1500,1000\" data-comments-opened=\"0\" data-image-meta=\"{&quot;aperture&quot;:&quot;5.6&quot;,&quot;credit&quot;:&quot;&quot;,&quot;camera&quot;:&quot;Canon EOS Rebel T6i&quot;,&quot;caption&quot;:&quot;&quot;,&quot;created_timestamp&quot;:&quot;1668014255&quot;,&quot;copyright&quot;:&quot;&quot;,&quot;focal_length&quot;:&quot;150&quot;,&quot;iso&quot;:&quot;1600&quot;,&quot;shutter_speed&quot;:&quot;0.008&quot;,&quot;title&quot;:&quot;&quot;,&quot;orientation&quot;:&quot;0&quot;}\" data-image-title=\"IMG_4780\" data-image-description=\"\" data-image-caption=\"\" data-medium-file=\"https:\/\/www.legistdf.gob.ar\/wp-content\/uploads\/2022\/11\/IMG_4780-300x200.jpg\" data-large-file=\"https:\/\/www.legistdf.gob.ar\/wp-content\/uploads\/2022\/11\/IMG_4780-1024x683.jpg\" class=\"alignleft wp-image-35937 size-medium\" src=\"https:\/\/www.legistdf.gob.ar\/wp-content\/uploads\/2022\/11\/IMG_4780-300x200.jpg\" alt=\"\" width=\"300\" height=\"200\" srcset=\"https:\/\/www.legistdf.gob.ar\/wp-content\/uploads\/2022\/11\/IMG_4780-300x200.jpg 300w, https:\/\/www.legistdf.gob.ar\/wp-content\/uploads\/2022\/11\/IMG_4780-768x512.jpg 768w, https:\/\/www.legistdf.gob.ar\/wp-content\/uploads\/2022\/11\/IMG_4780-1024x683.jpg 1024w, https:\/\/www.legistdf.gob.ar\/wp-content\/uploads\/2022\/11\/IMG_4780-160x107.jpg 160w, https:\/\/www.legistdf.gob.ar\/wp-content\/uploads\/2022\/11\/IMG_4780.jpg 1500w\" sizes=\"(max-width: 300px) 100vw, 300px\" \/>Ushuaia, domingo 13 de noviembre de 2022.- Luego de casi dos a\u00f1os de gesti\u00f3n al frente del Parlamento Patag\u00f3nico, culmin\u00f3 d\u00edas pasados, la presidencia de Emmanuel Trentino, a cargo del Cuerpo Regional. El legislador de FORJA logr\u00f3 convocar a una multiplicidad de voces pol\u00edticas que expresaron su satisfacci\u00f3n, dado que con el impulso que dio el Parlamentario fueguino, se pudo visibilizar las potencialidades de la Patagonia Argentina y concretar una agenda en com\u00fan. Las\u00a0 voces llegaron hasta la Presidencia de la Naci\u00f3n y tambi\u00e9n sesionaron en las diferentes ciudades del sur del Pa\u00eds, hecho que sum\u00f3 apoyos de los sectores de la comunidad quienes coincidieron en la necesidad de expresar una visi\u00f3n estrat\u00e9gica com\u00fan. <\/strong><\/p>\n<p>&nbsp;<\/p>\n<p><img loading=\"lazy\" decoding=\"async\" data-attachment-id=\"35935\" data-permalink=\"https:\/\/www.legistdf.gob.ar\/index.php\/2022\/11\/13\/region-culmino-con-exito-la-gestion-2021-2022-de-trentino-al-frente-del-parlamento-patagonico\/fah_4741\/\" data-orig-file=\"https:\/\/www.legistdf.gob.ar\/wp-content\/uploads\/2022\/11\/FAH_4741.jpg\" data-orig-size=\"1200,801\" data-comments-opened=\"0\" data-image-meta=\"{&quot;aperture&quot;:&quot;8&quot;,&quot;credit&quot;:&quot;&quot;,&quot;camera&quot;:&quot;NIKON D750&quot;,&quot;caption&quot;:&quot;&quot;,&quot;created_timestamp&quot;:&quot;1668106317&quot;,&quot;copyright&quot;:&quot;&quot;,&quot;focal_length&quot;:&quot;32&quot;,&quot;iso&quot;:&quot;200&quot;,&quot;shutter_speed&quot;:&quot;0.004&quot;,&quot;title&quot;:&quot;&quot;,&quot;orientation&quot;:&quot;0&quot;}\" data-image-title=\"FAH_4741\" data-image-description=\"\" data-image-caption=\"\" data-medium-file=\"https:\/\/www.legistdf.gob.ar\/wp-content\/uploads\/2022\/11\/FAH_4741-300x200.jpg\" data-large-file=\"https:\/\/www.legistdf.gob.ar\/wp-content\/uploads\/2022\/11\/FAH_4741-1024x684.jpg\" class=\"wp-image-35935 size-medium alignleft\" src=\"https:\/\/www.legistdf.gob.ar\/wp-content\/uploads\/2022\/11\/FAH_4741-300x200.jpg\" alt=\"\" width=\"300\" height=\"200\" srcset=\"https:\/\/www.legistdf.gob.ar\/wp-content\/uploads\/2022\/11\/FAH_4741-300x200.jpg 300w, https:\/\/www.legistdf.gob.ar\/wp-content\/uploads\/2022\/11\/FAH_4741-768x513.jpg 768w, https:\/\/www.legistdf.gob.ar\/wp-content\/uploads\/2022\/11\/FAH_4741-1024x684.jpg 1024w, https:\/\/www.legistdf.gob.ar\/wp-content\/uploads\/2022\/11\/FAH_4741-160x107.jpg 160w, https:\/\/www.legistdf.gob.ar\/wp-content\/uploads\/2022\/11\/FAH_4741.jpg 1200w\" sizes=\"(max-width: 300px) 100vw, 300px\" \/><\/p>\n<p>Un hecho hist\u00f3rico se vivi\u00f3 el jueves pasado, cuando una comitiva de diputados, diputadas junto a representantes del Parlamento fueguino, encabezados por la vicegobernadora M\u00f3nica Urquiza y el titular de la comisi\u00f3n del Parlamento Patag\u00f3nico N\u00ba 8, Emmanuel Trentino, viajaron hasta el Continente Blanco para sesionar y concretar el traspaso de autoridades que recay\u00f3 en la provincia de Santa Cruz.<\/p>\n<p>&nbsp;<\/p>\n<p>Hay que recordar que la pandemia oblig\u00f3 a los m\u00e1s de 60 legisladores patag\u00f3nicos a adecuar la modalidad de sus encuentros, que durante 2021 se concretaron de manera mixta. Muchos de ellos siguieron cada reuni\u00f3n de Labor Parlamentaria y de Comisiones de manera remota. No obstante ello, el escenario no impidi\u00f3 doblegar las gestiones y las iniciativas de los referentes patag\u00f3nicos.<\/p>\n<p>&nbsp;<\/p>\n<p>Trentino presidi\u00f3 siete sesiones ordinarias durante 2021 y 2022, adem\u00e1s coordin\u00f3 reuniones en las que se delinearon la agenda patag\u00f3nica, e impuls\u00f3 el debate en cuestiones sensibles a las necesidades y tambi\u00e9n las \u00a0potencialidades de la Regi\u00f3n.<\/p>\n<p>&nbsp;<\/p>\n<p>En la declaraci\u00f3n rubricada en la Ant\u00e1rtida se indica que \u201clas demandas contin\u00faan siendo las mismas: Lograr una mayor conectividad para la Regi\u00f3n; la aplicaci\u00f3n de tarifas diferenciales para combustibles l\u00edquidos; la restituci\u00f3n de los reembolsos por puertos patag\u00f3nicos; el desarrollo de infraestructura social b\u00e1sica; la defensa del R\u00e9gimen de Promoci\u00f3n Econ\u00f3mica y Fiscal, Ley Nacional N\u00b0 19.640 de Tierra del Fuego\u201d.<\/p>\n<p>&nbsp;<\/p>\n<p>En cuanto al desarrollo territorial, econ\u00f3mico, social, tecnol\u00f3gico y geopol\u00edtico;\u00a0 se expresa la necesidad de potenciar el desarrollo de nuestros recursos naturales renovables y no renovables; la creaci\u00f3n de un r\u00e9gimen promocional para la generaci\u00f3n de empleo en el sector privado; adem\u00e1s de la generaci\u00f3n de un marco legal que permita la regulaci\u00f3n del desarrollo del hidr\u00f3geno verde; junto<\/p>\n<p>&nbsp;<\/p>\n<p>Menci\u00f3n especial hicieron sobre al reclamo inclaudicable de la soberan\u00eda sobre nuestras Islas Malvinas, demandas que son planteadas desde el inicio de esta gesti\u00f3n de \u201cnuestro bloque regional, convencidos tambi\u00e9n que el instrumento para su canalizaci\u00f3n ante las autoridades nacionales, no es otro que la Comisi\u00f3n Nacional de la Regi\u00f3n Patag\u00f3nica (Co.Na.dePa).<\/p>\n<p>&nbsp;<\/p>\n<p><img loading=\"lazy\" decoding=\"async\" data-attachment-id=\"35939\" data-permalink=\"https:\/\/www.legistdf.gob.ar\/index.php\/2022\/11\/13\/region-culmino-con-exito-la-gestion-2021-2022-de-trentino-al-frente-del-parlamento-patagonico\/img_6283-3\/\" data-orig-file=\"https:\/\/www.legistdf.gob.ar\/wp-content\/uploads\/2022\/11\/IMG_6283.jpg\" data-orig-size=\"1200,800\" data-comments-opened=\"0\" data-image-meta=\"{&quot;aperture&quot;:&quot;8&quot;,&quot;credit&quot;:&quot;&quot;,&quot;camera&quot;:&quot;Canon EOS 6D&quot;,&quot;caption&quot;:&quot;&quot;,&quot;created_timestamp&quot;:&quot;1668095586&quot;,&quot;copyright&quot;:&quot;&quot;,&quot;focal_length&quot;:&quot;70&quot;,&quot;iso&quot;:&quot;100&quot;,&quot;shutter_speed&quot;:&quot;0.002&quot;,&quot;title&quot;:&quot;&quot;,&quot;orientation&quot;:&quot;0&quot;}\" data-image-title=\"IMG_6283\" data-image-description=\"\" data-image-caption=\"\" data-medium-file=\"https:\/\/www.legistdf.gob.ar\/wp-content\/uploads\/2022\/11\/IMG_6283-300x200.jpg\" data-large-file=\"https:\/\/www.legistdf.gob.ar\/wp-content\/uploads\/2022\/11\/IMG_6283-1024x683.jpg\" class=\"alignleft wp-image-35939 size-medium\" src=\"https:\/\/www.legistdf.gob.ar\/wp-content\/uploads\/2022\/11\/IMG_6283-300x200.jpg\" alt=\"\" width=\"300\" height=\"200\" srcset=\"https:\/\/www.legistdf.gob.ar\/wp-content\/uploads\/2022\/11\/IMG_6283-300x200.jpg 300w, https:\/\/www.legistdf.gob.ar\/wp-content\/uploads\/2022\/11\/IMG_6283-768x512.jpg 768w, https:\/\/www.legistdf.gob.ar\/wp-content\/uploads\/2022\/11\/IMG_6283-1024x683.jpg 1024w, https:\/\/www.legistdf.gob.ar\/wp-content\/uploads\/2022\/11\/IMG_6283-160x107.jpg 160w, https:\/\/www.legistdf.gob.ar\/wp-content\/uploads\/2022\/11\/IMG_6283.jpg 1200w\" sizes=\"(max-width: 300px) 100vw, 300px\" \/>Cabe mencionar que sesionaron en las ciudades de R\u00edo Gallegos (Santa Cruz), Neuqu\u00e9n (Provincia de Neuqu\u00e9n), Rawson y Puerto Madryn (Chubut), San Carlos de Bariloche (R\u00edo Negro); Santa Rosa (La Pampa), Ushuaia \u2013en la apertura de la gesti\u00f3n- y el cierre, en Base Marambio, Ant\u00e1rtida Argentina, (Tierra del Fuego).<\/p>\n<p>&nbsp;<\/p>\n<p>Los representantes de las seis provincias que conforman el cuerpo Regional, llevaron las propuestas y las iniciativas de las diferentes tem\u00e1ticas a la Casa Rosada, donde fueron recibidos por el propio Presidente de Naci\u00f3n, Dr. Alberto Fern\u00e1ndez. \u201cEs una hecho que enfatiza la federalizaci\u00f3n de las pol\u00edticas\u00a0 p\u00fablicas que lidera nuestro m\u00e1ximo referente\u201d coincidieron los Diputados y Legisladores.<\/p>\n<p>&nbsp;<\/p>\n<p>Hay que destacar que los ministros de Justicia y Derechos Humanos y del Interior de la Naci\u00f3n, Mart\u00edn Soria y Eduardo de Pedro, respectivamente, \u00a0tuvieron una participaci\u00f3n directa en el Cuerpo, con diversas intervenciones en los encuentros parlamentarios.<\/p>\n<p>&nbsp;<\/p>\n<div id=\"attachment_35938\" style=\"width: 310px\" class=\"wp-caption alignleft\"><img loading=\"lazy\" decoding=\"async\" aria-describedby=\"caption-attachment-35938\" data-attachment-id=\"35938\" data-permalink=\"https:\/\/www.legistdf.gob.ar\/index.php\/2022\/11\/13\/region-culmino-con-exito-la-gestion-2021-2022-de-trentino-al-frente-del-parlamento-patagonico\/img_4923\/\" data-orig-file=\"https:\/\/www.legistdf.gob.ar\/wp-content\/uploads\/2022\/11\/IMG_4923.jpg\" data-orig-size=\"1500,1000\" data-comments-opened=\"0\" data-image-meta=\"{&quot;aperture&quot;:&quot;5.6&quot;,&quot;credit&quot;:&quot;&quot;,&quot;camera&quot;:&quot;Canon EOS Rebel T6i&quot;,&quot;caption&quot;:&quot;&quot;,&quot;created_timestamp&quot;:&quot;1668017345&quot;,&quot;copyright&quot;:&quot;&quot;,&quot;focal_length&quot;:&quot;150&quot;,&quot;iso&quot;:&quot;3200&quot;,&quot;shutter_speed&quot;:&quot;0.00625&quot;,&quot;title&quot;:&quot;&quot;,&quot;orientation&quot;:&quot;0&quot;}\" data-image-title=\"IMG_4923\" data-image-description=\"\" data-image-caption=\"\" data-medium-file=\"https:\/\/www.legistdf.gob.ar\/wp-content\/uploads\/2022\/11\/IMG_4923-300x200.jpg\" data-large-file=\"https:\/\/www.legistdf.gob.ar\/wp-content\/uploads\/2022\/11\/IMG_4923-1024x683.jpg\" class=\"wp-image-35938 size-medium\" src=\"https:\/\/www.legistdf.gob.ar\/wp-content\/uploads\/2022\/11\/IMG_4923-300x200.jpg\" alt=\"\" width=\"300\" height=\"200\" srcset=\"https:\/\/www.legistdf.gob.ar\/wp-content\/uploads\/2022\/11\/IMG_4923-300x200.jpg 300w, https:\/\/www.legistdf.gob.ar\/wp-content\/uploads\/2022\/11\/IMG_4923-768x512.jpg 768w, https:\/\/www.legistdf.gob.ar\/wp-content\/uploads\/2022\/11\/IMG_4923-1024x683.jpg 1024w, https:\/\/www.legistdf.gob.ar\/wp-content\/uploads\/2022\/11\/IMG_4923-160x107.jpg 160w, https:\/\/www.legistdf.gob.ar\/wp-content\/uploads\/2022\/11\/IMG_4923.jpg 1500w\" sizes=\"(max-width: 300px) 100vw, 300px\" \/><p id=\"caption-attachment-35938\" class=\"wp-caption-text\">Mat\u00edas Maz\u00fa, Santa Cruz<\/p><\/div>\n<p>Tambi\u00e9n es oportuno resaltar la participaci\u00f3n del jefe de Gabinete de Ministros de la Naci\u00f3n, Dr. Juan Manzur; por ese entonces, la secretaria de Provincias del Ministerios del Interior, lic. Silvina Batakis; los titulares del Ente Nacional de Comunicaciones (ENACOM), de la empresa Argentina de Soluciones Satelitales Sociedad An\u00f3nima (ARSAT), la Secretar\u00eda de Energ\u00eda de la Naci\u00f3n; y el presidente de YPF, Pablo Gonz\u00e1lez; directivos de Aerol\u00edneas Argentinas y de L\u00edneas A\u00e9reas del Estado (LADE); Comisi\u00f3n de Derechos Humanos de la Naci\u00f3n; autoridades de Investigaci\u00f3n Aplicada Sociedad del Estado (INVAP SE), quienes contribuyeron a nutrir cada sesi\u00f3n realizada en la gesti\u00f3n.<\/p>\n<p>&nbsp;<\/p>\n<p>En tanto, es preciso indicar que los titulares del Parlamento Patag\u00f3nico son: de R\u00edo Negro, Elbi Cides; Rody Ingram, Chubut; Mat\u00edas Maz\u00fa, Santa Cruz; Ayel\u00e9n Guti\u00e9rrez, Neuqu\u00e9n; Francisco Torroba, La Pampa adem\u00e1s de Emmanuel Trentino de Tierra del Fuego y los legisladores Federico Greve y M\u00f3nica Acosta.<\/p>\n<p>&nbsp;<\/p>\n<p>&nbsp;<\/p>\n<p style=\"text-align: right\"><em>ZV-NEGM-AT-AH<\/em><\/p>\n<p>&nbsp;<\/p>\n\n\t\t<style type=\"text\/css\">\n\t\t\t#gallery-1 {\n\t\t\t\tmargin: auto;\n\t\t\t}\n\t\t\t#gallery-1 .gallery-item {\n\t\t\t\tfloat: left;\n\t\t\t\tmargin-top: 10px;\n\t\t\t\ttext-align: center;\n\t\t\t\twidth: 33%;\n\t\t\t}\n\t\t\t#gallery-1 img {\n\t\t\t\tborder: 2px solid #cfcfcf;\n\t\t\t}\n\t\t\t#gallery-1 .gallery-caption {\n\t\t\t\tmargin-left: 0;\n\t\t\t}\n\t\t\t\/* see gallery_shortcode() in wp-includes\/media.php *\/\n\t\t<\/style>\n\t\t<div data-carousel-extra='{\"blog_id\":1,\"permalink\":\"https:\\\/\\\/www.legistdf.gob.ar\\\/index.php\\\/2022\\\/11\\\/13\\\/region-culmino-con-exito-la-gestion-2021-2022-de-trentino-al-frente-del-parlamento-patagonico\\\/\"}' id='gallery-1' class='gallery galleryid-35931 gallery-columns-3 gallery-size-thumbnail'><dl class='gallery-item'>\n\t\t\t<dt class='gallery-icon landscape'>\n\t\t\t\t<a href='https:\/\/www.legistdf.gob.ar\/index.php\/2022\/11\/13\/region-culmino-con-exito-la-gestion-2021-2022-de-trentino-al-frente-del-parlamento-patagonico\/_dsc9816\/'><img loading=\"lazy\" decoding=\"async\" width=\"150\" height=\"150\" src=\"https:\/\/www.legistdf.gob.ar\/wp-content\/uploads\/2022\/11\/DSC9816-150x150.jpg\" class=\"attachment-thumbnail size-thumbnail\" alt=\"\" srcset=\"https:\/\/www.legistdf.gob.ar\/wp-content\/uploads\/2022\/11\/DSC9816-150x150.jpg 150w, https:\/\/www.legistdf.gob.ar\/wp-content\/uploads\/2022\/11\/DSC9816-64x64.jpg 64w\" sizes=\"(max-width: 150px) 100vw, 150px\" data-attachment-id=\"35932\" data-permalink=\"https:\/\/www.legistdf.gob.ar\/index.php\/2022\/11\/13\/region-culmino-con-exito-la-gestion-2021-2022-de-trentino-al-frente-del-parlamento-patagonico\/_dsc9816\/\" data-orig-file=\"https:\/\/www.legistdf.gob.ar\/wp-content\/uploads\/2022\/11\/DSC9816.jpg\" data-orig-size=\"1500,1000\" data-comments-opened=\"0\" data-image-meta=\"{&quot;aperture&quot;:&quot;10&quot;,&quot;credit&quot;:&quot;&quot;,&quot;camera&quot;:&quot;ILCE-7M3&quot;,&quot;caption&quot;:&quot;&quot;,&quot;created_timestamp&quot;:&quot;1668007345&quot;,&quot;copyright&quot;:&quot;&quot;,&quot;focal_length&quot;:&quot;16&quot;,&quot;iso&quot;:&quot;320&quot;,&quot;shutter_speed&quot;:&quot;0.005&quot;,&quot;title&quot;:&quot;&quot;,&quot;orientation&quot;:&quot;0&quot;}\" data-image-title=\"_DSC9816\" data-image-description=\"\" data-image-caption=\"\" data-medium-file=\"https:\/\/www.legistdf.gob.ar\/wp-content\/uploads\/2022\/11\/DSC9816-300x200.jpg\" data-large-file=\"https:\/\/www.legistdf.gob.ar\/wp-content\/uploads\/2022\/11\/DSC9816-1024x683.jpg\" \/><\/a>\n\t\t\t<\/dt><\/dl><dl class='gallery-item'>\n\t\t\t<dt class='gallery-icon landscape'>\n\t\t\t\t<a href='https:\/\/www.legistdf.gob.ar\/index.php\/2022\/11\/13\/region-culmino-con-exito-la-gestion-2021-2022-de-trentino-al-frente-del-parlamento-patagonico\/fah_4082\/'><img loading=\"lazy\" decoding=\"async\" width=\"150\" height=\"150\" src=\"https:\/\/www.legistdf.gob.ar\/wp-content\/uploads\/2022\/11\/FAH_4082-150x150.jpg\" class=\"attachment-thumbnail size-thumbnail\" alt=\"\" srcset=\"https:\/\/www.legistdf.gob.ar\/wp-content\/uploads\/2022\/11\/FAH_4082-150x150.jpg 150w, https:\/\/www.legistdf.gob.ar\/wp-content\/uploads\/2022\/11\/FAH_4082-64x64.jpg 64w\" sizes=\"(max-width: 150px) 100vw, 150px\" data-attachment-id=\"35933\" data-permalink=\"https:\/\/www.legistdf.gob.ar\/index.php\/2022\/11\/13\/region-culmino-con-exito-la-gestion-2021-2022-de-trentino-al-frente-del-parlamento-patagonico\/fah_4082\/\" data-orig-file=\"https:\/\/www.legistdf.gob.ar\/wp-content\/uploads\/2022\/11\/FAH_4082.jpg\" data-orig-size=\"1200,801\" data-comments-opened=\"0\" data-image-meta=\"{&quot;aperture&quot;:&quot;4&quot;,&quot;credit&quot;:&quot;&quot;,&quot;camera&quot;:&quot;NIKON D750&quot;,&quot;caption&quot;:&quot;&quot;,&quot;created_timestamp&quot;:&quot;1668099201&quot;,&quot;copyright&quot;:&quot;&quot;,&quot;focal_length&quot;:&quot;24&quot;,&quot;iso&quot;:&quot;500&quot;,&quot;shutter_speed&quot;:&quot;0.016666666666667&quot;,&quot;title&quot;:&quot;&quot;,&quot;orientation&quot;:&quot;0&quot;}\" data-image-title=\"FAH_4082\" data-image-description=\"\" data-image-caption=\"\" data-medium-file=\"https:\/\/www.legistdf.gob.ar\/wp-content\/uploads\/2022\/11\/FAH_4082-300x200.jpg\" data-large-file=\"https:\/\/www.legistdf.gob.ar\/wp-content\/uploads\/2022\/11\/FAH_4082-1024x684.jpg\" \/><\/a>\n\t\t\t<\/dt><\/dl><dl class='gallery-item'>\n\t\t\t<dt class='gallery-icon landscape'>\n\t\t\t\t<a href='https:\/\/www.legistdf.gob.ar\/index.php\/2022\/11\/13\/region-culmino-con-exito-la-gestion-2021-2022-de-trentino-al-frente-del-parlamento-patagonico\/fah_4510\/'><img loading=\"lazy\" decoding=\"async\" width=\"150\" height=\"150\" src=\"https:\/\/www.legistdf.gob.ar\/wp-content\/uploads\/2022\/11\/FAH_4510-150x150.jpg\" class=\"attachment-thumbnail size-thumbnail\" alt=\"\" srcset=\"https:\/\/www.legistdf.gob.ar\/wp-content\/uploads\/2022\/11\/FAH_4510-150x150.jpg 150w, https:\/\/www.legistdf.gob.ar\/wp-content\/uploads\/2022\/11\/FAH_4510-64x64.jpg 64w\" sizes=\"(max-width: 150px) 100vw, 150px\" data-attachment-id=\"35934\" data-permalink=\"https:\/\/www.legistdf.gob.ar\/index.php\/2022\/11\/13\/region-culmino-con-exito-la-gestion-2021-2022-de-trentino-al-frente-del-parlamento-patagonico\/fah_4510\/\" data-orig-file=\"https:\/\/www.legistdf.gob.ar\/wp-content\/uploads\/2022\/11\/FAH_4510.jpg\" data-orig-size=\"1200,801\" data-comments-opened=\"0\" data-image-meta=\"{&quot;aperture&quot;:&quot;4&quot;,&quot;credit&quot;:&quot;&quot;,&quot;camera&quot;:&quot;NIKON D750&quot;,&quot;caption&quot;:&quot;&quot;,&quot;created_timestamp&quot;:&quot;1668103578&quot;,&quot;copyright&quot;:&quot;&quot;,&quot;focal_length&quot;:&quot;44&quot;,&quot;iso&quot;:&quot;2200&quot;,&quot;shutter_speed&quot;:&quot;0.016666666666667&quot;,&quot;title&quot;:&quot;&quot;,&quot;orientation&quot;:&quot;0&quot;}\" data-image-title=\"FAH_4510\" data-image-description=\"\" data-image-caption=\"\" data-medium-file=\"https:\/\/www.legistdf.gob.ar\/wp-content\/uploads\/2022\/11\/FAH_4510-300x200.jpg\" data-large-file=\"https:\/\/www.legistdf.gob.ar\/wp-content\/uploads\/2022\/11\/FAH_4510-1024x684.jpg\" \/><\/a>\n\t\t\t<\/dt><\/dl><br style=\"clear: both\" \/><dl class='gallery-item'>\n\t\t\t<dt class='gallery-icon landscape'>\n\t\t\t\t<a href='https:\/\/www.legistdf.gob.ar\/index.php\/2022\/11\/13\/region-culmino-con-exito-la-gestion-2021-2022-de-trentino-al-frente-del-parlamento-patagonico\/fah_4741\/'><img loading=\"lazy\" decoding=\"async\" width=\"150\" height=\"150\" src=\"https:\/\/www.legistdf.gob.ar\/wp-content\/uploads\/2022\/11\/FAH_4741-150x150.jpg\" class=\"attachment-thumbnail size-thumbnail\" alt=\"\" srcset=\"https:\/\/www.legistdf.gob.ar\/wp-content\/uploads\/2022\/11\/FAH_4741-150x150.jpg 150w, https:\/\/www.legistdf.gob.ar\/wp-content\/uploads\/2022\/11\/FAH_4741-64x64.jpg 64w\" sizes=\"(max-width: 150px) 100vw, 150px\" data-attachment-id=\"35935\" data-permalink=\"https:\/\/www.legistdf.gob.ar\/index.php\/2022\/11\/13\/region-culmino-con-exito-la-gestion-2021-2022-de-trentino-al-frente-del-parlamento-patagonico\/fah_4741\/\" data-orig-file=\"https:\/\/www.legistdf.gob.ar\/wp-content\/uploads\/2022\/11\/FAH_4741.jpg\" data-orig-size=\"1200,801\" data-comments-opened=\"0\" data-image-meta=\"{&quot;aperture&quot;:&quot;8&quot;,&quot;credit&quot;:&quot;&quot;,&quot;camera&quot;:&quot;NIKON D750&quot;,&quot;caption&quot;:&quot;&quot;,&quot;created_timestamp&quot;:&quot;1668106317&quot;,&quot;copyright&quot;:&quot;&quot;,&quot;focal_length&quot;:&quot;32&quot;,&quot;iso&quot;:&quot;200&quot;,&quot;shutter_speed&quot;:&quot;0.004&quot;,&quot;title&quot;:&quot;&quot;,&quot;orientation&quot;:&quot;0&quot;}\" data-image-title=\"FAH_4741\" data-image-description=\"\" data-image-caption=\"\" data-medium-file=\"https:\/\/www.legistdf.gob.ar\/wp-content\/uploads\/2022\/11\/FAH_4741-300x200.jpg\" data-large-file=\"https:\/\/www.legistdf.gob.ar\/wp-content\/uploads\/2022\/11\/FAH_4741-1024x684.jpg\" \/><\/a>\n\t\t\t<\/dt><\/dl><dl class='gallery-item'>\n\t\t\t<dt class='gallery-icon landscape'>\n\t\t\t\t<a href='https:\/\/www.legistdf.gob.ar\/index.php\/2022\/11\/13\/region-culmino-con-exito-la-gestion-2021-2022-de-trentino-al-frente-del-parlamento-patagonico\/img_4731-2\/'><img loading=\"lazy\" decoding=\"async\" width=\"150\" height=\"150\" src=\"https:\/\/www.legistdf.gob.ar\/wp-content\/uploads\/2022\/11\/IMG_4731-150x150.jpg\" class=\"attachment-thumbnail size-thumbnail\" alt=\"\" srcset=\"https:\/\/www.legistdf.gob.ar\/wp-content\/uploads\/2022\/11\/IMG_4731-150x150.jpg 150w, https:\/\/www.legistdf.gob.ar\/wp-content\/uploads\/2022\/11\/IMG_4731-64x64.jpg 64w\" sizes=\"(max-width: 150px) 100vw, 150px\" data-attachment-id=\"35936\" data-permalink=\"https:\/\/www.legistdf.gob.ar\/index.php\/2022\/11\/13\/region-culmino-con-exito-la-gestion-2021-2022-de-trentino-al-frente-del-parlamento-patagonico\/img_4731-2\/\" data-orig-file=\"https:\/\/www.legistdf.gob.ar\/wp-content\/uploads\/2022\/11\/IMG_4731.jpg\" data-orig-size=\"1500,1000\" data-comments-opened=\"0\" data-image-meta=\"{&quot;aperture&quot;:&quot;5.6&quot;,&quot;credit&quot;:&quot;&quot;,&quot;camera&quot;:&quot;Canon EOS Rebel T6i&quot;,&quot;caption&quot;:&quot;&quot;,&quot;created_timestamp&quot;:&quot;1668013083&quot;,&quot;copyright&quot;:&quot;&quot;,&quot;focal_length&quot;:&quot;22&quot;,&quot;iso&quot;:&quot;1600&quot;,&quot;shutter_speed&quot;:&quot;0.008&quot;,&quot;title&quot;:&quot;&quot;,&quot;orientation&quot;:&quot;0&quot;}\" data-image-title=\"IMG_4731\" data-image-description=\"\" data-image-caption=\"\" data-medium-file=\"https:\/\/www.legistdf.gob.ar\/wp-content\/uploads\/2022\/11\/IMG_4731-300x200.jpg\" data-large-file=\"https:\/\/www.legistdf.gob.ar\/wp-content\/uploads\/2022\/11\/IMG_4731-1024x683.jpg\" \/><\/a>\n\t\t\t<\/dt><\/dl><dl class='gallery-item'>\n\t\t\t<dt class='gallery-icon landscape'>\n\t\t\t\t<a href='https:\/\/www.legistdf.gob.ar\/index.php\/2022\/11\/13\/region-culmino-con-exito-la-gestion-2021-2022-de-trentino-al-frente-del-parlamento-patagonico\/img_4780\/'><img loading=\"lazy\" decoding=\"async\" width=\"150\" height=\"150\" src=\"https:\/\/www.legistdf.gob.ar\/wp-content\/uploads\/2022\/11\/IMG_4780-150x150.jpg\" class=\"attachment-thumbnail size-thumbnail\" alt=\"\" srcset=\"https:\/\/www.legistdf.gob.ar\/wp-content\/uploads\/2022\/11\/IMG_4780-150x150.jpg 150w, https:\/\/www.legistdf.gob.ar\/wp-content\/uploads\/2022\/11\/IMG_4780-64x64.jpg 64w\" sizes=\"(max-width: 150px) 100vw, 150px\" data-attachment-id=\"35937\" data-permalink=\"https:\/\/www.legistdf.gob.ar\/index.php\/2022\/11\/13\/region-culmino-con-exito-la-gestion-2021-2022-de-trentino-al-frente-del-parlamento-patagonico\/img_4780\/\" data-orig-file=\"https:\/\/www.legistdf.gob.ar\/wp-content\/uploads\/2022\/11\/IMG_4780.jpg\" data-orig-size=\"1500,1000\" data-comments-opened=\"0\" data-image-meta=\"{&quot;aperture&quot;:&quot;5.6&quot;,&quot;credit&quot;:&quot;&quot;,&quot;camera&quot;:&quot;Canon EOS Rebel T6i&quot;,&quot;caption&quot;:&quot;&quot;,&quot;created_timestamp&quot;:&quot;1668014255&quot;,&quot;copyright&quot;:&quot;&quot;,&quot;focal_length&quot;:&quot;150&quot;,&quot;iso&quot;:&quot;1600&quot;,&quot;shutter_speed&quot;:&quot;0.008&quot;,&quot;title&quot;:&quot;&quot;,&quot;orientation&quot;:&quot;0&quot;}\" data-image-title=\"IMG_4780\" data-image-description=\"\" data-image-caption=\"\" data-medium-file=\"https:\/\/www.legistdf.gob.ar\/wp-content\/uploads\/2022\/11\/IMG_4780-300x200.jpg\" data-large-file=\"https:\/\/www.legistdf.gob.ar\/wp-content\/uploads\/2022\/11\/IMG_4780-1024x683.jpg\" \/><\/a>\n\t\t\t<\/dt><\/dl><br style=\"clear: both\" \/><dl class='gallery-item'>\n\t\t\t<dt class='gallery-icon landscape'>\n\t\t\t\t<a href='https:\/\/www.legistdf.gob.ar\/index.php\/2022\/11\/13\/region-culmino-con-exito-la-gestion-2021-2022-de-trentino-al-frente-del-parlamento-patagonico\/img_4923\/'><img loading=\"lazy\" decoding=\"async\" width=\"150\" height=\"150\" src=\"https:\/\/www.legistdf.gob.ar\/wp-content\/uploads\/2022\/11\/IMG_4923-150x150.jpg\" class=\"attachment-thumbnail size-thumbnail\" alt=\"\" srcset=\"https:\/\/www.legistdf.gob.ar\/wp-content\/uploads\/2022\/11\/IMG_4923-150x150.jpg 150w, https:\/\/www.legistdf.gob.ar\/wp-content\/uploads\/2022\/11\/IMG_4923-64x64.jpg 64w\" sizes=\"(max-width: 150px) 100vw, 150px\" data-attachment-id=\"35938\" data-permalink=\"https:\/\/www.legistdf.gob.ar\/index.php\/2022\/11\/13\/region-culmino-con-exito-la-gestion-2021-2022-de-trentino-al-frente-del-parlamento-patagonico\/img_4923\/\" data-orig-file=\"https:\/\/www.legistdf.gob.ar\/wp-content\/uploads\/2022\/11\/IMG_4923.jpg\" data-orig-size=\"1500,1000\" data-comments-opened=\"0\" data-image-meta=\"{&quot;aperture&quot;:&quot;5.6&quot;,&quot;credit&quot;:&quot;&quot;,&quot;camera&quot;:&quot;Canon EOS Rebel T6i&quot;,&quot;caption&quot;:&quot;&quot;,&quot;created_timestamp&quot;:&quot;1668017345&quot;,&quot;copyright&quot;:&quot;&quot;,&quot;focal_length&quot;:&quot;150&quot;,&quot;iso&quot;:&quot;3200&quot;,&quot;shutter_speed&quot;:&quot;0.00625&quot;,&quot;title&quot;:&quot;&quot;,&quot;orientation&quot;:&quot;0&quot;}\" data-image-title=\"IMG_4923\" data-image-description=\"\" data-image-caption=\"\" data-medium-file=\"https:\/\/www.legistdf.gob.ar\/wp-content\/uploads\/2022\/11\/IMG_4923-300x200.jpg\" data-large-file=\"https:\/\/www.legistdf.gob.ar\/wp-content\/uploads\/2022\/11\/IMG_4923-1024x683.jpg\" \/><\/a>\n\t\t\t<\/dt><\/dl><dl class='gallery-item'>\n\t\t\t<dt class='gallery-icon landscape'>\n\t\t\t\t<a href='https:\/\/www.legistdf.gob.ar\/index.php\/2022\/11\/13\/region-culmino-con-exito-la-gestion-2021-2022-de-trentino-al-frente-del-parlamento-patagonico\/img_6283-3\/'><img loading=\"lazy\" decoding=\"async\" width=\"150\" height=\"150\" src=\"https:\/\/www.legistdf.gob.ar\/wp-content\/uploads\/2022\/11\/IMG_6283-150x150.jpg\" class=\"attachment-thumbnail size-thumbnail\" alt=\"\" srcset=\"https:\/\/www.legistdf.gob.ar\/wp-content\/uploads\/2022\/11\/IMG_6283-150x150.jpg 150w, https:\/\/www.legistdf.gob.ar\/wp-content\/uploads\/2022\/11\/IMG_6283-64x64.jpg 64w\" sizes=\"(max-width: 150px) 100vw, 150px\" data-attachment-id=\"35939\" data-permalink=\"https:\/\/www.legistdf.gob.ar\/index.php\/2022\/11\/13\/region-culmino-con-exito-la-gestion-2021-2022-de-trentino-al-frente-del-parlamento-patagonico\/img_6283-3\/\" data-orig-file=\"https:\/\/www.legistdf.gob.ar\/wp-content\/uploads\/2022\/11\/IMG_6283.jpg\" data-orig-size=\"1200,800\" data-comments-opened=\"0\" data-image-meta=\"{&quot;aperture&quot;:&quot;8&quot;,&quot;credit&quot;:&quot;&quot;,&quot;camera&quot;:&quot;Canon EOS 6D&quot;,&quot;caption&quot;:&quot;&quot;,&quot;created_timestamp&quot;:&quot;1668095586&quot;,&quot;copyright&quot;:&quot;&quot;,&quot;focal_length&quot;:&quot;70&quot;,&quot;iso&quot;:&quot;100&quot;,&quot;shutter_speed&quot;:&quot;0.002&quot;,&quot;title&quot;:&quot;&quot;,&quot;orientation&quot;:&quot;0&quot;}\" data-image-title=\"IMG_6283\" data-image-description=\"\" data-image-caption=\"\" data-medium-file=\"https:\/\/www.legistdf.gob.ar\/wp-content\/uploads\/2022\/11\/IMG_6283-300x200.jpg\" data-large-file=\"https:\/\/www.legistdf.gob.ar\/wp-content\/uploads\/2022\/11\/IMG_6283-1024x683.jpg\" \/><\/a>\n\t\t\t<\/dt><\/dl><dl class='gallery-item'>\n\t\t\t<dt class='gallery-icon landscape'>\n\t\t\t\t<a href='https:\/\/www.legistdf.gob.ar\/index.php\/2022\/11\/13\/region-culmino-con-exito-la-gestion-2021-2022-de-trentino-al-frente-del-parlamento-patagonico\/fah_1473\/'><img loading=\"lazy\" decoding=\"async\" width=\"150\" height=\"150\" src=\"https:\/\/www.legistdf.gob.ar\/wp-content\/uploads\/2022\/11\/FAH_1473-150x150.jpg\" class=\"attachment-thumbnail size-thumbnail\" alt=\"\" srcset=\"https:\/\/www.legistdf.gob.ar\/wp-content\/uploads\/2022\/11\/FAH_1473-150x150.jpg 150w, https:\/\/www.legistdf.gob.ar\/wp-content\/uploads\/2022\/11\/FAH_1473-64x64.jpg 64w\" sizes=\"(max-width: 150px) 100vw, 150px\" data-attachment-id=\"35940\" data-permalink=\"https:\/\/www.legistdf.gob.ar\/index.php\/2022\/11\/13\/region-culmino-con-exito-la-gestion-2021-2022-de-trentino-al-frente-del-parlamento-patagonico\/fah_1473\/\" data-orig-file=\"https:\/\/www.legistdf.gob.ar\/wp-content\/uploads\/2022\/11\/FAH_1473.jpg\" data-orig-size=\"1200,675\" data-comments-opened=\"0\" data-image-meta=\"{&quot;aperture&quot;:&quot;4.5&quot;,&quot;credit&quot;:&quot;&quot;,&quot;camera&quot;:&quot;NIKON D750&quot;,&quot;caption&quot;:&quot;&quot;,&quot;created_timestamp&quot;:&quot;0&quot;,&quot;copyright&quot;:&quot;&quot;,&quot;focal_length&quot;:&quot;24&quot;,&quot;iso&quot;:&quot;800&quot;,&quot;shutter_speed&quot;:&quot;0.0125&quot;,&quot;title&quot;:&quot;&quot;,&quot;orientation&quot;:&quot;0&quot;}\" data-image-title=\"FAH_1473\" data-image-description=\"\" data-image-caption=\"\" data-medium-file=\"https:\/\/www.legistdf.gob.ar\/wp-content\/uploads\/2022\/11\/FAH_1473-300x169.jpg\" data-large-file=\"https:\/\/www.legistdf.gob.ar\/wp-content\/uploads\/2022\/11\/FAH_1473-1024x576.jpg\" \/><\/a>\n\t\t\t<\/dt><\/dl><br style=\"clear: both\" \/><dl class='gallery-item'>\n\t\t\t<dt class='gallery-icon landscape'>\n\t\t\t\t<a href='https:\/\/www.legistdf.gob.ar\/index.php\/2022\/11\/13\/region-culmino-con-exito-la-gestion-2021-2022-de-trentino-al-frente-del-parlamento-patagonico\/img_0306-2\/'><img loading=\"lazy\" decoding=\"async\" width=\"150\" height=\"150\" src=\"https:\/\/www.legistdf.gob.ar\/wp-content\/uploads\/2022\/11\/IMG_0306-150x150.jpg\" class=\"attachment-thumbnail size-thumbnail\" alt=\"\" srcset=\"https:\/\/www.legistdf.gob.ar\/wp-content\/uploads\/2022\/11\/IMG_0306-150x150.jpg 150w, https:\/\/www.legistdf.gob.ar\/wp-content\/uploads\/2022\/11\/IMG_0306-64x64.jpg 64w\" sizes=\"(max-width: 150px) 100vw, 150px\" data-attachment-id=\"35941\" data-permalink=\"https:\/\/www.legistdf.gob.ar\/index.php\/2022\/11\/13\/region-culmino-con-exito-la-gestion-2021-2022-de-trentino-al-frente-del-parlamento-patagonico\/img_0306-2\/\" data-orig-file=\"https:\/\/www.legistdf.gob.ar\/wp-content\/uploads\/2022\/11\/IMG_0306.jpg\" data-orig-size=\"1200,800\" data-comments-opened=\"0\" data-image-meta=\"{&quot;aperture&quot;:&quot;11&quot;,&quot;credit&quot;:&quot;PRENSA LEGISLATIVA TDF AIAS&quot;,&quot;camera&quot;:&quot;Canon EOS 70D&quot;,&quot;caption&quot;:&quot;&quot;,&quot;created_timestamp&quot;:&quot;1660752650&quot;,&quot;copyright&quot;:&quot;NDM&quot;,&quot;focal_length&quot;:&quot;21&quot;,&quot;iso&quot;:&quot;200&quot;,&quot;shutter_speed&quot;:&quot;0.002&quot;,&quot;title&quot;:&quot;&quot;,&quot;orientation&quot;:&quot;0&quot;}\" data-image-title=\"IMG_0306\" data-image-description=\"\" data-image-caption=\"\" data-medium-file=\"https:\/\/www.legistdf.gob.ar\/wp-content\/uploads\/2022\/11\/IMG_0306-300x200.jpg\" data-large-file=\"https:\/\/www.legistdf.gob.ar\/wp-content\/uploads\/2022\/11\/IMG_0306-1024x683.jpg\" \/><\/a>\n\t\t\t<\/dt><\/dl><dl class='gallery-item'>\n\t\t\t<dt class='gallery-icon landscape'>\n\t\t\t\t<a href='https:\/\/www.legistdf.gob.ar\/index.php\/2022\/11\/13\/region-culmino-con-exito-la-gestion-2021-2022-de-trentino-al-frente-del-parlamento-patagonico\/img_5793-3\/'><img loading=\"lazy\" decoding=\"async\" width=\"150\" height=\"150\" src=\"https:\/\/www.legistdf.gob.ar\/wp-content\/uploads\/2022\/11\/IMG_5793-150x150.jpg\" class=\"attachment-thumbnail size-thumbnail\" alt=\"\" srcset=\"https:\/\/www.legistdf.gob.ar\/wp-content\/uploads\/2022\/11\/IMG_5793-150x150.jpg 150w, https:\/\/www.legistdf.gob.ar\/wp-content\/uploads\/2022\/11\/IMG_5793-64x64.jpg 64w\" sizes=\"(max-width: 150px) 100vw, 150px\" data-attachment-id=\"35942\" data-permalink=\"https:\/\/www.legistdf.gob.ar\/index.php\/2022\/11\/13\/region-culmino-con-exito-la-gestion-2021-2022-de-trentino-al-frente-del-parlamento-patagonico\/img_5793-3\/\" data-orig-file=\"https:\/\/www.legistdf.gob.ar\/wp-content\/uploads\/2022\/11\/IMG_5793.jpg\" data-orig-size=\"1500,1000\" data-comments-opened=\"0\" data-image-meta=\"{&quot;aperture&quot;:&quot;5&quot;,&quot;credit&quot;:&quot;&quot;,&quot;camera&quot;:&quot;Canon EOS 6D&quot;,&quot;caption&quot;:&quot;&quot;,&quot;created_timestamp&quot;:&quot;1635333862&quot;,&quot;copyright&quot;:&quot;&quot;,&quot;focal_length&quot;:&quot;26&quot;,&quot;iso&quot;:&quot;1600&quot;,&quot;shutter_speed&quot;:&quot;0.00625&quot;,&quot;title&quot;:&quot;&quot;,&quot;orientation&quot;:&quot;0&quot;}\" data-image-title=\"IMG_5793\" data-image-description=\"\" data-image-caption=\"\" data-medium-file=\"https:\/\/www.legistdf.gob.ar\/wp-content\/uploads\/2022\/11\/IMG_5793-300x200.jpg\" data-large-file=\"https:\/\/www.legistdf.gob.ar\/wp-content\/uploads\/2022\/11\/IMG_5793-1024x683.jpg\" \/><\/a>\n\t\t\t<\/dt><\/dl><dl class='gallery-item'>\n\t\t\t<dt class='gallery-icon landscape'>\n\t\t\t\t<a href='https:\/\/www.legistdf.gob.ar\/index.php\/2022\/11\/13\/region-culmino-con-exito-la-gestion-2021-2022-de-trentino-al-frente-del-parlamento-patagonico\/img_7400-3\/'><img loading=\"lazy\" decoding=\"async\" width=\"150\" height=\"150\" src=\"https:\/\/www.legistdf.gob.ar\/wp-content\/uploads\/2022\/11\/IMG_7400-150x150.jpg\" class=\"attachment-thumbnail size-thumbnail\" alt=\"\" srcset=\"https:\/\/www.legistdf.gob.ar\/wp-content\/uploads\/2022\/11\/IMG_7400-150x150.jpg 150w, https:\/\/www.legistdf.gob.ar\/wp-content\/uploads\/2022\/11\/IMG_7400-64x64.jpg 64w\" sizes=\"(max-width: 150px) 100vw, 150px\" data-attachment-id=\"35943\" data-permalink=\"https:\/\/www.legistdf.gob.ar\/index.php\/2022\/11\/13\/region-culmino-con-exito-la-gestion-2021-2022-de-trentino-al-frente-del-parlamento-patagonico\/img_7400-3\/\" data-orig-file=\"https:\/\/www.legistdf.gob.ar\/wp-content\/uploads\/2022\/11\/IMG_7400.jpg\" data-orig-size=\"1000,667\" data-comments-opened=\"0\" data-image-meta=\"{&quot;aperture&quot;:&quot;0&quot;,&quot;credit&quot;:&quot;&quot;,&quot;camera&quot;:&quot;&quot;,&quot;caption&quot;:&quot;&quot;,&quot;created_timestamp&quot;:&quot;0&quot;,&quot;copyright&quot;:&quot;2020 TDF&quot;,&quot;focal_length&quot;:&quot;0&quot;,&quot;iso&quot;:&quot;0&quot;,&quot;shutter_speed&quot;:&quot;0&quot;,&quot;title&quot;:&quot;&quot;,&quot;orientation&quot;:&quot;0&quot;}\" data-image-title=\"IMG_7400\" data-image-description=\"\" data-image-caption=\"\" data-medium-file=\"https:\/\/www.legistdf.gob.ar\/wp-content\/uploads\/2022\/11\/IMG_7400-300x200.jpg\" data-large-file=\"https:\/\/www.legistdf.gob.ar\/wp-content\/uploads\/2022\/11\/IMG_7400.jpg\" \/><\/a>\n\t\t\t<\/dt><\/dl><br style=\"clear: both\" \/>\n\t\t<\/div>\n\n","protected":false},"excerpt":{"rendered":"<p>Ushuaia, domingo 13 de noviembre de 2022.- Luego de casi dos a\u00f1os de gesti\u00f3n al frente del Parlamento Patag\u00f3nico, culmin\u00f3 d\u00edas pasados, la presidencia de Emmanuel Trentino, a cargo del Cuerpo Regional. El legislador de FORJA logr\u00f3 convocar a una multiplicidad de voces pol\u00edticas que expresaron su satisfacci\u00f3n, dado que con el impulso que dio [&hellip;]<\/p>\n","protected":false},"author":352,"featured_media":35918,"comment_status":"closed","ping_status":"open","sticky":false,"template":"","format":"standard","meta":{"jetpack_post_was_ever_published":false,"_jetpack_newsletter_access":"","_jetpack_dont_email_post_to_subs":false,"_jetpack_newsletter_tier_id":0,"footnotes":"","jetpack_publicize_message":"","jetpack_publicize_feature_enabled":true,"jetpack_social_post_already_shared":true,"jetpack_social_options":{"image_generator_settings":{"template":"highway","enabled":false}}},"categories":[1],"tags":[2468,2743,1818,1816,2469,2295,1817,144,2742,1980,2293,713],"jetpack_publicize_connections":[],"jetpack_sharing_enabled":true,"jetpack_featured_media_url":"https:\/\/www.legistdf.gob.ar\/wp-content\/uploads\/2022\/11\/FAH_4721.jpg","jetpack-related-posts":[],"_links":{"self":[{"href":"https:\/\/www.legistdf.gob.ar\/index.php\/wp-json\/wp\/v2\/posts\/35931"}],"collection":[{"href":"https:\/\/www.legistdf.gob.ar\/index.php\/wp-json\/wp\/v2\/posts"}],"about":[{"href":"https:\/\/www.legistdf.gob.ar\/index.php\/wp-json\/wp\/v2\/types\/post"}],"author":[{"embeddable":true,"href":"https:\/\/www.legistdf.gob.ar\/index.php\/wp-json\/wp\/v2\/users\/352"}],"replies":[{"embeddable":true,"href":"https:\/\/www.legistdf.gob.ar\/index.php\/wp-json\/wp\/v2\/comments?post=35931"}],"version-history":[{"count":1,"href":"https:\/\/www.legistdf.gob.ar\/index.php\/wp-json\/wp\/v2\/posts\/35931\/revisions"}],"predecessor-version":[{"id":35944,"href":"https:\/\/www.legistdf.gob.ar\/index.php\/wp-json\/wp\/v2\/posts\/35931\/revisions\/35944"}],"wp:featuredmedia":[{"embeddable":true,"href":"https:\/\/www.legistdf.gob.ar\/index.php\/wp-json\/wp\/v2\/media\/35918"}],"wp:attachment":[{"href":"https:\/\/www.legistdf.gob.ar\/index.php\/wp-json\/wp\/v2\/media?parent=35931"}],"wp:term":[{"taxonomy":"category","embeddable":true,"href":"https:\/\/www.legistdf.gob.ar\/index.php\/wp-json\/wp\/v2\/categories?post=35931"},{"taxonomy":"post_tag","embeddable":true,"href":"https:\/\/www.legistdf.gob.ar\/index.php\/wp-json\/wp\/v2\/tags?post=35931"}],"curies":[{"name":"wp","href":"https:\/\/api.w.org\/{rel}","templated":true}]}}