{"id":35954,"date":"2022-11-13T19:00:53","date_gmt":"2022-11-13T22:00:53","guid":{"rendered":"https:\/\/www.legistdf.gob.ar\/?p=35954"},"modified":"2022-11-13T15:20:56","modified_gmt":"2022-11-13T18:20:56","slug":"ushuaia-la-vicegobernadora-urquiza-fue-recibida-en-el-le-commandant-charcot","status":"publish","type":"post","link":"https:\/\/www.legistdf.gob.ar\/index.php\/2022\/11\/13\/ushuaia-la-vicegobernadora-urquiza-fue-recibida-en-el-le-commandant-charcot\/","title":{"rendered":"USHUAIA: La Vicegobernadora Urquiza fue recibida en el Le Commandant Charcot"},"content":{"rendered":"<p><strong><img loading=\"lazy\" decoding=\"async\" data-attachment-id=\"35955\" data-permalink=\"https:\/\/www.legistdf.gob.ar\/index.php\/2022\/11\/13\/ushuaia-la-vicegobernadora-urquiza-fue-recibida-en-el-le-commandant-charcot\/img_5222-2\/\" data-orig-file=\"https:\/\/www.legistdf.gob.ar\/wp-content\/uploads\/2022\/11\/IMG_5222.jpg\" data-orig-size=\"1200,800\" data-comments-opened=\"0\" data-image-meta=\"{&quot;aperture&quot;:&quot;5.6&quot;,&quot;credit&quot;:&quot;&quot;,&quot;camera&quot;:&quot;Canon EOS Rebel T6i&quot;,&quot;caption&quot;:&quot;&quot;,&quot;created_timestamp&quot;:&quot;1668249814&quot;,&quot;copyright&quot;:&quot;&quot;,&quot;focal_length&quot;:&quot;18&quot;,&quot;iso&quot;:&quot;100&quot;,&quot;shutter_speed&quot;:&quot;0.00125&quot;,&quot;title&quot;:&quot;&quot;,&quot;orientation&quot;:&quot;0&quot;}\" data-image-title=\"IMG_5222\" data-image-description=\"\" data-image-caption=\"\" data-medium-file=\"https:\/\/www.legistdf.gob.ar\/wp-content\/uploads\/2022\/11\/IMG_5222-300x200.jpg\" data-large-file=\"https:\/\/www.legistdf.gob.ar\/wp-content\/uploads\/2022\/11\/IMG_5222-1024x683.jpg\" class=\"alignleft wp-image-35955 size-medium\" src=\"https:\/\/www.legistdf.gob.ar\/wp-content\/uploads\/2022\/11\/IMG_5222-300x200.jpg\" alt=\"\" width=\"300\" height=\"200\" srcset=\"https:\/\/www.legistdf.gob.ar\/wp-content\/uploads\/2022\/11\/IMG_5222-300x200.jpg 300w, https:\/\/www.legistdf.gob.ar\/wp-content\/uploads\/2022\/11\/IMG_5222-768x512.jpg 768w, https:\/\/www.legistdf.gob.ar\/wp-content\/uploads\/2022\/11\/IMG_5222-1024x683.jpg 1024w, https:\/\/www.legistdf.gob.ar\/wp-content\/uploads\/2022\/11\/IMG_5222-160x107.jpg 160w, https:\/\/www.legistdf.gob.ar\/wp-content\/uploads\/2022\/11\/IMG_5222.jpg 1200w\" sizes=\"(max-width: 300px) 100vw, 300px\" \/>Ushuaia, domingo 13 de noviembre de 2022.- El capit\u00e1n del Le Commandant Charcot, Stanislas Devorsine, recibi\u00f3 a la vicegobernadora de Tierra del Fuego, M\u00f3nica Urquiza y al jefe de gabinete del Gobierno fueguino, Agust\u00edn Tita, en la nave amarrada en el puerto capitalino. Se trata de la primera recalada de un rompehielos de exploraci\u00f3n de origen franc\u00e9s, dise\u00f1ado para navegar aguas fr\u00edas extremas tantas ant\u00e1rticas como \u00e1rticas.<\/strong><\/p>\n<p>&nbsp;<\/p>\n<p>Durante la visita, Urquiza; Dante Querciali, presidente del Instituto Fueguino de Turismo (INFUETUR); Roberto Murcia y funcionarios de la Direcci\u00f3n Provincial de Puertos (DPP), recorrieron las instalaciones del crucero que se inscribe como \u201cel primer rompehielos de pasajeros en el mundo\u201d que llega al \u201cm\u00edtico\u201d puerto de Ushuaia, tal cual lo se\u00f1alaron los tripulantes de la embarcaci\u00f3n. La nave cuenta con capacidad de 240 pasajeros y 120 tripulantes.<\/p>\n<p>&nbsp;<\/p>\n<p>La vicegobernadora M\u00f3nica Urquiza, en nombre del Gobierno fueguino, dio la bienvenida a la nave y su tripulaci\u00f3n por la llegada al puerto capitalino y se\u00f1al\u00f3 que \u201cluego de los tiempos que hemos vivido, debido a la pandemia por COVID-19, es un gusto recibirlos en la ciudad de Ushuaia\u201d. En este sentido, valor\u00f3 la tarea de la embarcaci\u00f3n, que es la de dar a conocer al mundo, lo que es el destino Tierra del Fuego y la Ant\u00e1rtida.<\/p>\n<p>&nbsp;<\/p>\n<p><img loading=\"lazy\" decoding=\"async\" data-attachment-id=\"35961\" data-permalink=\"https:\/\/www.legistdf.gob.ar\/index.php\/2022\/11\/13\/ushuaia-la-vicegobernadora-urquiza-fue-recibida-en-el-le-commandant-charcot\/img_5353\/\" data-orig-file=\"https:\/\/www.legistdf.gob.ar\/wp-content\/uploads\/2022\/11\/IMG_5353.jpg\" data-orig-size=\"1200,800\" data-comments-opened=\"0\" data-image-meta=\"{&quot;aperture&quot;:&quot;5.6&quot;,&quot;credit&quot;:&quot;&quot;,&quot;camera&quot;:&quot;Canon EOS Rebel T6i&quot;,&quot;caption&quot;:&quot;&quot;,&quot;created_timestamp&quot;:&quot;1668255374&quot;,&quot;copyright&quot;:&quot;&quot;,&quot;focal_length&quot;:&quot;18&quot;,&quot;iso&quot;:&quot;800&quot;,&quot;shutter_speed&quot;:&quot;0.005&quot;,&quot;title&quot;:&quot;&quot;,&quot;orientation&quot;:&quot;0&quot;}\" data-image-title=\"IMG_5353\" data-image-description=\"\" data-image-caption=\"\" data-medium-file=\"https:\/\/www.legistdf.gob.ar\/wp-content\/uploads\/2022\/11\/IMG_5353-300x200.jpg\" data-large-file=\"https:\/\/www.legistdf.gob.ar\/wp-content\/uploads\/2022\/11\/IMG_5353-1024x683.jpg\" class=\"wp-image-35961 size-medium alignright\" src=\"https:\/\/www.legistdf.gob.ar\/wp-content\/uploads\/2022\/11\/IMG_5353-300x200.jpg\" alt=\"\" width=\"300\" height=\"200\" srcset=\"https:\/\/www.legistdf.gob.ar\/wp-content\/uploads\/2022\/11\/IMG_5353-300x200.jpg 300w, https:\/\/www.legistdf.gob.ar\/wp-content\/uploads\/2022\/11\/IMG_5353-768x512.jpg 768w, https:\/\/www.legistdf.gob.ar\/wp-content\/uploads\/2022\/11\/IMG_5353-1024x683.jpg 1024w, https:\/\/www.legistdf.gob.ar\/wp-content\/uploads\/2022\/11\/IMG_5353-160x107.jpg 160w, https:\/\/www.legistdf.gob.ar\/wp-content\/uploads\/2022\/11\/IMG_5353.jpg 1200w\" sizes=\"(max-width: 300px) 100vw, 300px\" \/>En tanto, el director del crucero, Simone Medel, detall\u00f3 que \u201cpartimos desde Ushuaia para ir al mar de Wedell\u201d dijo. \u201cVamos d\u00f3nde est\u00e1n los ping\u00fcinos Emperadores, donde otros cruceros no llegan\u201d, en clara referencia al destino que buscan quienes llegan al fin del mundo en Tierra del Fuego. \u201cLlegar a Ushuaia, siempre es un placer porque nos sentimos parte de la familia\u201d, se\u00f1al\u00f3 en di\u00e1logo con Prensa legislativa.<\/p>\n<p>&nbsp;<\/p>\n<p>Desde las empresas prestadoras de servicios tur\u00edsticos y agentes mar\u00edtimos, se\u00f1alaron que la temporada pasada \u201cfue muy compleja\u201d y pusieron de relieve que \u201clos funcionarios del Gobierno de Tierra del Fuego y la Vicegobernadora, han hecho un trabajo muy fuerte para lograr que la temporada de cruceros\u201d regrese a su din\u00e1mica habitual, como fue antes de la cuarentena. En este sentido, apuntaron a que el turismo ant\u00e1rtico, requiere de reglamentaciones normativas, que no son para el com\u00fan de los cruceros que llegan a la capital fueguina.<\/p>\n<p>&nbsp;<\/p>\n<p><img loading=\"lazy\" decoding=\"async\" data-attachment-id=\"35959\" data-permalink=\"https:\/\/www.legistdf.gob.ar\/index.php\/2022\/11\/13\/ushuaia-la-vicegobernadora-urquiza-fue-recibida-en-el-le-commandant-charcot\/img_5301-3\/\" data-orig-file=\"https:\/\/www.legistdf.gob.ar\/wp-content\/uploads\/2022\/11\/IMG_5301.jpg\" data-orig-size=\"1200,800\" data-comments-opened=\"0\" data-image-meta=\"{&quot;aperture&quot;:&quot;5.6&quot;,&quot;credit&quot;:&quot;&quot;,&quot;camera&quot;:&quot;Canon EOS Rebel T6i&quot;,&quot;caption&quot;:&quot;&quot;,&quot;created_timestamp&quot;:&quot;1668252449&quot;,&quot;copyright&quot;:&quot;&quot;,&quot;focal_length&quot;:&quot;18&quot;,&quot;iso&quot;:&quot;800&quot;,&quot;shutter_speed&quot;:&quot;0.0003125&quot;,&quot;title&quot;:&quot;&quot;,&quot;orientation&quot;:&quot;0&quot;}\" data-image-title=\"IMG_5301\" data-image-description=\"\" data-image-caption=\"\" data-medium-file=\"https:\/\/www.legistdf.gob.ar\/wp-content\/uploads\/2022\/11\/IMG_5301-300x200.jpg\" data-large-file=\"https:\/\/www.legistdf.gob.ar\/wp-content\/uploads\/2022\/11\/IMG_5301-1024x683.jpg\" class=\"alignleft wp-image-35959 size-medium\" src=\"https:\/\/www.legistdf.gob.ar\/wp-content\/uploads\/2022\/11\/IMG_5301-300x200.jpg\" alt=\"\" width=\"300\" height=\"200\" srcset=\"https:\/\/www.legistdf.gob.ar\/wp-content\/uploads\/2022\/11\/IMG_5301-300x200.jpg 300w, https:\/\/www.legistdf.gob.ar\/wp-content\/uploads\/2022\/11\/IMG_5301-768x512.jpg 768w, https:\/\/www.legistdf.gob.ar\/wp-content\/uploads\/2022\/11\/IMG_5301-1024x683.jpg 1024w, https:\/\/www.legistdf.gob.ar\/wp-content\/uploads\/2022\/11\/IMG_5301-160x107.jpg 160w, https:\/\/www.legistdf.gob.ar\/wp-content\/uploads\/2022\/11\/IMG_5301.jpg 1200w\" sizes=\"(max-width: 300px) 100vw, 300px\" \/>En el trabajo log\u00edstico de recuperaci\u00f3n del flujo portuario tur\u00edstico post COVID-19, se record\u00f3 el rol del equipo conformado por el Comit\u00e9 Operativo de Emergencia (COE) y destacaron \u201cuna temporada at\u00edpica\u201d. Gracias a la intervenci\u00f3n de las instituciones y\u00a0 funcionarios, se logr\u00f3 llegar a una temporada, que se anticipa prometedora, sostuvieron los empresarios.<\/p>\n<p>&nbsp;<\/p>\n<p>Asimismo, pusieron en valor la ampliaci\u00f3n del muelle, obra encarada por la gesti\u00f3n gubernamental actual, que permitir\u00e1 recibir un volumen m\u00e1s amplio de recaladas para la temporada que se avecina. De esta forma, recordaron que muchas empresas extranjeras volvieron a confiar en la capacidad portuaria de Tierra del Fuego. \u201cSomos la puerta por naturaleza a la Ant\u00e1rtida\u201d, afirmaron y destacaron el acompa\u00f1amiento de la gesti\u00f3n y de las inversiones.<\/p>\n<p>&nbsp;<\/p>\n<p>&nbsp;<\/p>\n<p style=\"text-align: right\"><em>AT-NEGM<\/em><\/p>\n<p style=\"text-align: right\"><em><a href=\"https:\/\/drive.google.com\/drive\/folders\/1iLSa-sSJctFFHDt75YIcBcIYLcWdXHKt?usp=share_link\" target=\"_blank\" rel=\"noopener noreferrer\">Galer\u00eda de im\u00e1genes<\/a><\/em><\/p>\n<p>&nbsp;<\/p>\n\n\t\t<style type=\"text\/css\">\n\t\t\t#gallery-1 {\n\t\t\t\tmargin: auto;\n\t\t\t}\n\t\t\t#gallery-1 .gallery-item {\n\t\t\t\tfloat: left;\n\t\t\t\tmargin-top: 10px;\n\t\t\t\ttext-align: center;\n\t\t\t\twidth: 25%;\n\t\t\t}\n\t\t\t#gallery-1 img {\n\t\t\t\tborder: 2px solid #cfcfcf;\n\t\t\t}\n\t\t\t#gallery-1 .gallery-caption {\n\t\t\t\tmargin-left: 0;\n\t\t\t}\n\t\t\t\/* see gallery_shortcode() in wp-includes\/media.php *\/\n\t\t<\/style>\n\t\t<div data-carousel-extra='{\"blog_id\":1,\"permalink\":\"https:\\\/\\\/www.legistdf.gob.ar\\\/index.php\\\/2022\\\/11\\\/13\\\/ushuaia-la-vicegobernadora-urquiza-fue-recibida-en-el-le-commandant-charcot\\\/\"}' id='gallery-1' class='gallery galleryid-35954 gallery-columns-4 gallery-size-thumbnail'><dl class='gallery-item'>\n\t\t\t<dt class='gallery-icon landscape'>\n\t\t\t\t<a href='https:\/\/www.legistdf.gob.ar\/index.php\/2022\/11\/13\/ushuaia-la-vicegobernadora-urquiza-fue-recibida-en-el-le-commandant-charcot\/img_5222-2\/'><img loading=\"lazy\" decoding=\"async\" width=\"150\" height=\"150\" src=\"https:\/\/www.legistdf.gob.ar\/wp-content\/uploads\/2022\/11\/IMG_5222-150x150.jpg\" class=\"attachment-thumbnail size-thumbnail\" alt=\"\" srcset=\"https:\/\/www.legistdf.gob.ar\/wp-content\/uploads\/2022\/11\/IMG_5222-150x150.jpg 150w, https:\/\/www.legistdf.gob.ar\/wp-content\/uploads\/2022\/11\/IMG_5222-64x64.jpg 64w\" sizes=\"(max-width: 150px) 100vw, 150px\" data-attachment-id=\"35955\" data-permalink=\"https:\/\/www.legistdf.gob.ar\/index.php\/2022\/11\/13\/ushuaia-la-vicegobernadora-urquiza-fue-recibida-en-el-le-commandant-charcot\/img_5222-2\/\" data-orig-file=\"https:\/\/www.legistdf.gob.ar\/wp-content\/uploads\/2022\/11\/IMG_5222.jpg\" data-orig-size=\"1200,800\" data-comments-opened=\"0\" data-image-meta=\"{&quot;aperture&quot;:&quot;5.6&quot;,&quot;credit&quot;:&quot;&quot;,&quot;camera&quot;:&quot;Canon EOS Rebel T6i&quot;,&quot;caption&quot;:&quot;&quot;,&quot;created_timestamp&quot;:&quot;1668249814&quot;,&quot;copyright&quot;:&quot;&quot;,&quot;focal_length&quot;:&quot;18&quot;,&quot;iso&quot;:&quot;100&quot;,&quot;shutter_speed&quot;:&quot;0.00125&quot;,&quot;title&quot;:&quot;&quot;,&quot;orientation&quot;:&quot;0&quot;}\" data-image-title=\"IMG_5222\" data-image-description=\"\" data-image-caption=\"\" data-medium-file=\"https:\/\/www.legistdf.gob.ar\/wp-content\/uploads\/2022\/11\/IMG_5222-300x200.jpg\" data-large-file=\"https:\/\/www.legistdf.gob.ar\/wp-content\/uploads\/2022\/11\/IMG_5222-1024x683.jpg\" \/><\/a>\n\t\t\t<\/dt><\/dl><dl class='gallery-item'>\n\t\t\t<dt class='gallery-icon landscape'>\n\t\t\t\t<a href='https:\/\/www.legistdf.gob.ar\/index.php\/2022\/11\/13\/ushuaia-la-vicegobernadora-urquiza-fue-recibida-en-el-le-commandant-charcot\/img_5224-4\/'><img loading=\"lazy\" decoding=\"async\" width=\"150\" height=\"150\" src=\"https:\/\/www.legistdf.gob.ar\/wp-content\/uploads\/2022\/11\/IMG_5224-150x150.jpg\" class=\"attachment-thumbnail size-thumbnail\" alt=\"\" srcset=\"https:\/\/www.legistdf.gob.ar\/wp-content\/uploads\/2022\/11\/IMG_5224-150x150.jpg 150w, https:\/\/www.legistdf.gob.ar\/wp-content\/uploads\/2022\/11\/IMG_5224-64x64.jpg 64w\" sizes=\"(max-width: 150px) 100vw, 150px\" data-attachment-id=\"35956\" data-permalink=\"https:\/\/www.legistdf.gob.ar\/index.php\/2022\/11\/13\/ushuaia-la-vicegobernadora-urquiza-fue-recibida-en-el-le-commandant-charcot\/img_5224-4\/\" data-orig-file=\"https:\/\/www.legistdf.gob.ar\/wp-content\/uploads\/2022\/11\/IMG_5224.jpg\" data-orig-size=\"1200,800\" data-comments-opened=\"0\" data-image-meta=\"{&quot;aperture&quot;:&quot;5.6&quot;,&quot;credit&quot;:&quot;&quot;,&quot;camera&quot;:&quot;Canon EOS Rebel T6i&quot;,&quot;caption&quot;:&quot;&quot;,&quot;created_timestamp&quot;:&quot;1668249862&quot;,&quot;copyright&quot;:&quot;&quot;,&quot;focal_length&quot;:&quot;35&quot;,&quot;iso&quot;:&quot;100&quot;,&quot;shutter_speed&quot;:&quot;0.000625&quot;,&quot;title&quot;:&quot;&quot;,&quot;orientation&quot;:&quot;0&quot;}\" data-image-title=\"IMG_5224\" data-image-description=\"\" data-image-caption=\"\" data-medium-file=\"https:\/\/www.legistdf.gob.ar\/wp-content\/uploads\/2022\/11\/IMG_5224-300x200.jpg\" data-large-file=\"https:\/\/www.legistdf.gob.ar\/wp-content\/uploads\/2022\/11\/IMG_5224-1024x683.jpg\" \/><\/a>\n\t\t\t<\/dt><\/dl><dl class='gallery-item'>\n\t\t\t<dt class='gallery-icon landscape'>\n\t\t\t\t<a href='https:\/\/www.legistdf.gob.ar\/index.php\/2022\/11\/13\/ushuaia-la-vicegobernadora-urquiza-fue-recibida-en-el-le-commandant-charcot\/img_5225-4\/'><img loading=\"lazy\" decoding=\"async\" width=\"150\" height=\"150\" src=\"https:\/\/www.legistdf.gob.ar\/wp-content\/uploads\/2022\/11\/IMG_5225-150x150.jpg\" class=\"attachment-thumbnail size-thumbnail\" alt=\"\" srcset=\"https:\/\/www.legistdf.gob.ar\/wp-content\/uploads\/2022\/11\/IMG_5225-150x150.jpg 150w, https:\/\/www.legistdf.gob.ar\/wp-content\/uploads\/2022\/11\/IMG_5225-64x64.jpg 64w\" sizes=\"(max-width: 150px) 100vw, 150px\" data-attachment-id=\"35957\" data-permalink=\"https:\/\/www.legistdf.gob.ar\/index.php\/2022\/11\/13\/ushuaia-la-vicegobernadora-urquiza-fue-recibida-en-el-le-commandant-charcot\/img_5225-4\/\" data-orig-file=\"https:\/\/www.legistdf.gob.ar\/wp-content\/uploads\/2022\/11\/IMG_5225.jpg\" data-orig-size=\"1200,800\" data-comments-opened=\"0\" data-image-meta=\"{&quot;aperture&quot;:&quot;5.6&quot;,&quot;credit&quot;:&quot;&quot;,&quot;camera&quot;:&quot;Canon EOS Rebel T6i&quot;,&quot;caption&quot;:&quot;&quot;,&quot;created_timestamp&quot;:&quot;1668249885&quot;,&quot;copyright&quot;:&quot;&quot;,&quot;focal_length&quot;:&quot;56&quot;,&quot;iso&quot;:&quot;100&quot;,&quot;shutter_speed&quot;:&quot;0.000625&quot;,&quot;title&quot;:&quot;&quot;,&quot;orientation&quot;:&quot;0&quot;}\" data-image-title=\"IMG_5225\" data-image-description=\"\" data-image-caption=\"\" data-medium-file=\"https:\/\/www.legistdf.gob.ar\/wp-content\/uploads\/2022\/11\/IMG_5225-300x200.jpg\" data-large-file=\"https:\/\/www.legistdf.gob.ar\/wp-content\/uploads\/2022\/11\/IMG_5225-1024x683.jpg\" \/><\/a>\n\t\t\t<\/dt><\/dl><dl class='gallery-item'>\n\t\t\t<dt class='gallery-icon landscape'>\n\t\t\t\t<a href='https:\/\/www.legistdf.gob.ar\/index.php\/2022\/11\/13\/ushuaia-la-vicegobernadora-urquiza-fue-recibida-en-el-le-commandant-charcot\/img_5281-3\/'><img loading=\"lazy\" decoding=\"async\" width=\"150\" height=\"150\" src=\"https:\/\/www.legistdf.gob.ar\/wp-content\/uploads\/2022\/11\/IMG_5281-150x150.jpg\" class=\"attachment-thumbnail size-thumbnail\" alt=\"\" srcset=\"https:\/\/www.legistdf.gob.ar\/wp-content\/uploads\/2022\/11\/IMG_5281-150x150.jpg 150w, https:\/\/www.legistdf.gob.ar\/wp-content\/uploads\/2022\/11\/IMG_5281-64x64.jpg 64w\" sizes=\"(max-width: 150px) 100vw, 150px\" data-attachment-id=\"35958\" data-permalink=\"https:\/\/www.legistdf.gob.ar\/index.php\/2022\/11\/13\/ushuaia-la-vicegobernadora-urquiza-fue-recibida-en-el-le-commandant-charcot\/img_5281-3\/\" data-orig-file=\"https:\/\/www.legistdf.gob.ar\/wp-content\/uploads\/2022\/11\/IMG_5281.jpg\" data-orig-size=\"1200,800\" data-comments-opened=\"0\" data-image-meta=\"{&quot;aperture&quot;:&quot;5.6&quot;,&quot;credit&quot;:&quot;&quot;,&quot;camera&quot;:&quot;Canon EOS Rebel T6i&quot;,&quot;caption&quot;:&quot;&quot;,&quot;created_timestamp&quot;:&quot;1668251450&quot;,&quot;copyright&quot;:&quot;&quot;,&quot;focal_length&quot;:&quot;18&quot;,&quot;iso&quot;:&quot;800&quot;,&quot;shutter_speed&quot;:&quot;0.00025&quot;,&quot;title&quot;:&quot;&quot;,&quot;orientation&quot;:&quot;0&quot;}\" data-image-title=\"IMG_5281\" data-image-description=\"\" data-image-caption=\"\" data-medium-file=\"https:\/\/www.legistdf.gob.ar\/wp-content\/uploads\/2022\/11\/IMG_5281-300x200.jpg\" data-large-file=\"https:\/\/www.legistdf.gob.ar\/wp-content\/uploads\/2022\/11\/IMG_5281-1024x683.jpg\" \/><\/a>\n\t\t\t<\/dt><\/dl><br style=\"clear: both\" \/><dl class='gallery-item'>\n\t\t\t<dt class='gallery-icon landscape'>\n\t\t\t\t<a href='https:\/\/www.legistdf.gob.ar\/index.php\/2022\/11\/13\/ushuaia-la-vicegobernadora-urquiza-fue-recibida-en-el-le-commandant-charcot\/img_5301-3\/'><img loading=\"lazy\" decoding=\"async\" width=\"150\" height=\"150\" src=\"https:\/\/www.legistdf.gob.ar\/wp-content\/uploads\/2022\/11\/IMG_5301-150x150.jpg\" class=\"attachment-thumbnail size-thumbnail\" alt=\"\" srcset=\"https:\/\/www.legistdf.gob.ar\/wp-content\/uploads\/2022\/11\/IMG_5301-150x150.jpg 150w, https:\/\/www.legistdf.gob.ar\/wp-content\/uploads\/2022\/11\/IMG_5301-64x64.jpg 64w\" sizes=\"(max-width: 150px) 100vw, 150px\" data-attachment-id=\"35959\" data-permalink=\"https:\/\/www.legistdf.gob.ar\/index.php\/2022\/11\/13\/ushuaia-la-vicegobernadora-urquiza-fue-recibida-en-el-le-commandant-charcot\/img_5301-3\/\" data-orig-file=\"https:\/\/www.legistdf.gob.ar\/wp-content\/uploads\/2022\/11\/IMG_5301.jpg\" data-orig-size=\"1200,800\" data-comments-opened=\"0\" data-image-meta=\"{&quot;aperture&quot;:&quot;5.6&quot;,&quot;credit&quot;:&quot;&quot;,&quot;camera&quot;:&quot;Canon EOS Rebel T6i&quot;,&quot;caption&quot;:&quot;&quot;,&quot;created_timestamp&quot;:&quot;1668252449&quot;,&quot;copyright&quot;:&quot;&quot;,&quot;focal_length&quot;:&quot;18&quot;,&quot;iso&quot;:&quot;800&quot;,&quot;shutter_speed&quot;:&quot;0.0003125&quot;,&quot;title&quot;:&quot;&quot;,&quot;orientation&quot;:&quot;0&quot;}\" data-image-title=\"IMG_5301\" data-image-description=\"\" data-image-caption=\"\" data-medium-file=\"https:\/\/www.legistdf.gob.ar\/wp-content\/uploads\/2022\/11\/IMG_5301-300x200.jpg\" data-large-file=\"https:\/\/www.legistdf.gob.ar\/wp-content\/uploads\/2022\/11\/IMG_5301-1024x683.jpg\" \/><\/a>\n\t\t\t<\/dt><\/dl><dl class='gallery-item'>\n\t\t\t<dt class='gallery-icon landscape'>\n\t\t\t\t<a href='https:\/\/www.legistdf.gob.ar\/index.php\/2022\/11\/13\/ushuaia-la-vicegobernadora-urquiza-fue-recibida-en-el-le-commandant-charcot\/img_5304-3\/'><img loading=\"lazy\" decoding=\"async\" width=\"150\" height=\"150\" src=\"https:\/\/www.legistdf.gob.ar\/wp-content\/uploads\/2022\/11\/IMG_5304-150x150.jpg\" class=\"attachment-thumbnail size-thumbnail\" alt=\"\" srcset=\"https:\/\/www.legistdf.gob.ar\/wp-content\/uploads\/2022\/11\/IMG_5304-150x150.jpg 150w, https:\/\/www.legistdf.gob.ar\/wp-content\/uploads\/2022\/11\/IMG_5304-64x64.jpg 64w\" sizes=\"(max-width: 150px) 100vw, 150px\" data-attachment-id=\"35960\" data-permalink=\"https:\/\/www.legistdf.gob.ar\/index.php\/2022\/11\/13\/ushuaia-la-vicegobernadora-urquiza-fue-recibida-en-el-le-commandant-charcot\/img_5304-3\/\" data-orig-file=\"https:\/\/www.legistdf.gob.ar\/wp-content\/uploads\/2022\/11\/IMG_5304.jpg\" data-orig-size=\"1200,800\" data-comments-opened=\"0\" data-image-meta=\"{&quot;aperture&quot;:&quot;5.6&quot;,&quot;credit&quot;:&quot;&quot;,&quot;camera&quot;:&quot;Canon EOS Rebel T6i&quot;,&quot;caption&quot;:&quot;&quot;,&quot;created_timestamp&quot;:&quot;1668252462&quot;,&quot;copyright&quot;:&quot;&quot;,&quot;focal_length&quot;:&quot;18&quot;,&quot;iso&quot;:&quot;800&quot;,&quot;shutter_speed&quot;:&quot;0.0003125&quot;,&quot;title&quot;:&quot;&quot;,&quot;orientation&quot;:&quot;0&quot;}\" data-image-title=\"IMG_5304\" data-image-description=\"\" data-image-caption=\"\" data-medium-file=\"https:\/\/www.legistdf.gob.ar\/wp-content\/uploads\/2022\/11\/IMG_5304-300x200.jpg\" data-large-file=\"https:\/\/www.legistdf.gob.ar\/wp-content\/uploads\/2022\/11\/IMG_5304-1024x683.jpg\" \/><\/a>\n\t\t\t<\/dt><\/dl><dl class='gallery-item'>\n\t\t\t<dt class='gallery-icon landscape'>\n\t\t\t\t<a href='https:\/\/www.legistdf.gob.ar\/index.php\/2022\/11\/13\/ushuaia-la-vicegobernadora-urquiza-fue-recibida-en-el-le-commandant-charcot\/img_5353\/'><img loading=\"lazy\" decoding=\"async\" width=\"150\" height=\"150\" src=\"https:\/\/www.legistdf.gob.ar\/wp-content\/uploads\/2022\/11\/IMG_5353-150x150.jpg\" class=\"attachment-thumbnail size-thumbnail\" alt=\"\" srcset=\"https:\/\/www.legistdf.gob.ar\/wp-content\/uploads\/2022\/11\/IMG_5353-150x150.jpg 150w, https:\/\/www.legistdf.gob.ar\/wp-content\/uploads\/2022\/11\/IMG_5353-64x64.jpg 64w\" sizes=\"(max-width: 150px) 100vw, 150px\" data-attachment-id=\"35961\" data-permalink=\"https:\/\/www.legistdf.gob.ar\/index.php\/2022\/11\/13\/ushuaia-la-vicegobernadora-urquiza-fue-recibida-en-el-le-commandant-charcot\/img_5353\/\" data-orig-file=\"https:\/\/www.legistdf.gob.ar\/wp-content\/uploads\/2022\/11\/IMG_5353.jpg\" data-orig-size=\"1200,800\" data-comments-opened=\"0\" data-image-meta=\"{&quot;aperture&quot;:&quot;5.6&quot;,&quot;credit&quot;:&quot;&quot;,&quot;camera&quot;:&quot;Canon EOS Rebel T6i&quot;,&quot;caption&quot;:&quot;&quot;,&quot;created_timestamp&quot;:&quot;1668255374&quot;,&quot;copyright&quot;:&quot;&quot;,&quot;focal_length&quot;:&quot;18&quot;,&quot;iso&quot;:&quot;800&quot;,&quot;shutter_speed&quot;:&quot;0.005&quot;,&quot;title&quot;:&quot;&quot;,&quot;orientation&quot;:&quot;0&quot;}\" data-image-title=\"IMG_5353\" data-image-description=\"\" data-image-caption=\"\" data-medium-file=\"https:\/\/www.legistdf.gob.ar\/wp-content\/uploads\/2022\/11\/IMG_5353-300x200.jpg\" data-large-file=\"https:\/\/www.legistdf.gob.ar\/wp-content\/uploads\/2022\/11\/IMG_5353-1024x683.jpg\" \/><\/a>\n\t\t\t<\/dt><\/dl><dl class='gallery-item'>\n\t\t\t<dt class='gallery-icon landscape'>\n\t\t\t\t<a href='https:\/\/www.legistdf.gob.ar\/index.php\/2022\/11\/13\/ushuaia-la-vicegobernadora-urquiza-fue-recibida-en-el-le-commandant-charcot\/img_5373-4\/'><img loading=\"lazy\" decoding=\"async\" width=\"150\" height=\"150\" src=\"https:\/\/www.legistdf.gob.ar\/wp-content\/uploads\/2022\/11\/IMG_5373-150x150.jpg\" class=\"attachment-thumbnail size-thumbnail\" alt=\"\" srcset=\"https:\/\/www.legistdf.gob.ar\/wp-content\/uploads\/2022\/11\/IMG_5373-150x150.jpg 150w, https:\/\/www.legistdf.gob.ar\/wp-content\/uploads\/2022\/11\/IMG_5373-64x64.jpg 64w\" sizes=\"(max-width: 150px) 100vw, 150px\" data-attachment-id=\"35962\" data-permalink=\"https:\/\/www.legistdf.gob.ar\/index.php\/2022\/11\/13\/ushuaia-la-vicegobernadora-urquiza-fue-recibida-en-el-le-commandant-charcot\/img_5373-4\/\" data-orig-file=\"https:\/\/www.legistdf.gob.ar\/wp-content\/uploads\/2022\/11\/IMG_5373.jpg\" data-orig-size=\"1200,800\" data-comments-opened=\"0\" data-image-meta=\"{&quot;aperture&quot;:&quot;5.6&quot;,&quot;credit&quot;:&quot;&quot;,&quot;camera&quot;:&quot;Canon EOS Rebel T6i&quot;,&quot;caption&quot;:&quot;&quot;,&quot;created_timestamp&quot;:&quot;1668256560&quot;,&quot;copyright&quot;:&quot;&quot;,&quot;focal_length&quot;:&quot;18&quot;,&quot;iso&quot;:&quot;800&quot;,&quot;shutter_speed&quot;:&quot;0.005&quot;,&quot;title&quot;:&quot;&quot;,&quot;orientation&quot;:&quot;0&quot;}\" data-image-title=\"IMG_5373\" data-image-description=\"\" data-image-caption=\"\" data-medium-file=\"https:\/\/www.legistdf.gob.ar\/wp-content\/uploads\/2022\/11\/IMG_5373-300x200.jpg\" data-large-file=\"https:\/\/www.legistdf.gob.ar\/wp-content\/uploads\/2022\/11\/IMG_5373-1024x683.jpg\" \/><\/a>\n\t\t\t<\/dt><\/dl><br style=\"clear: both\" \/>\n\t\t<\/div>\n\n","protected":false},"excerpt":{"rendered":"<p>Ushuaia, domingo 13 de noviembre de 2022.- El capit\u00e1n del Le Commandant Charcot, Stanislas Devorsine, recibi\u00f3 a la vicegobernadora de Tierra del Fuego, M\u00f3nica Urquiza y al jefe de gabinete del Gobierno fueguino, Agust\u00edn Tita, en la nave amarrada en el puerto capitalino. Se trata de la primera recalada de un rompehielos de exploraci\u00f3n de [&hellip;]<\/p>\n","protected":false},"author":352,"featured_media":35955,"comment_status":"closed","ping_status":"open","sticky":false,"template":"","format":"standard","meta":{"jetpack_post_was_ever_published":false,"_jetpack_newsletter_access":"","_jetpack_dont_email_post_to_subs":false,"_jetpack_newsletter_tier_id":0,"footnotes":"","jetpack_publicize_message":"","jetpack_publicize_feature_enabled":true,"jetpack_social_post_already_shared":true,"jetpack_social_options":{"image_generator_settings":{"template":"highway","enabled":false}}},"categories":[1],"tags":[2027,972,1737,1905,2745,144,280,2746],"jetpack_publicize_connections":[],"jetpack_sharing_enabled":true,"jetpack_featured_media_url":"https:\/\/www.legistdf.gob.ar\/wp-content\/uploads\/2022\/11\/IMG_5222.jpg","jetpack-related-posts":[],"_links":{"self":[{"href":"https:\/\/www.legistdf.gob.ar\/index.php\/wp-json\/wp\/v2\/posts\/35954"}],"collection":[{"href":"https:\/\/www.legistdf.gob.ar\/index.php\/wp-json\/wp\/v2\/posts"}],"about":[{"href":"https:\/\/www.legistdf.gob.ar\/index.php\/wp-json\/wp\/v2\/types\/post"}],"author":[{"embeddable":true,"href":"https:\/\/www.legistdf.gob.ar\/index.php\/wp-json\/wp\/v2\/users\/352"}],"replies":[{"embeddable":true,"href":"https:\/\/www.legistdf.gob.ar\/index.php\/wp-json\/wp\/v2\/comments?post=35954"}],"version-history":[{"count":2,"href":"https:\/\/www.legistdf.gob.ar\/index.php\/wp-json\/wp\/v2\/posts\/35954\/revisions"}],"predecessor-version":[{"id":35965,"href":"https:\/\/www.legistdf.gob.ar\/index.php\/wp-json\/wp\/v2\/posts\/35954\/revisions\/35965"}],"wp:featuredmedia":[{"embeddable":true,"href":"https:\/\/www.legistdf.gob.ar\/index.php\/wp-json\/wp\/v2\/media\/35955"}],"wp:attachment":[{"href":"https:\/\/www.legistdf.gob.ar\/index.php\/wp-json\/wp\/v2\/media?parent=35954"}],"wp:term":[{"taxonomy":"category","embeddable":true,"href":"https:\/\/www.legistdf.gob.ar\/index.php\/wp-json\/wp\/v2\/categories?post=35954"},{"taxonomy":"post_tag","embeddable":true,"href":"https:\/\/www.legistdf.gob.ar\/index.php\/wp-json\/wp\/v2\/tags?post=35954"}],"curies":[{"name":"wp","href":"https:\/\/api.w.org\/{rel}","templated":true}]}}