{"id":35996,"date":"2022-11-14T18:31:40","date_gmt":"2022-11-14T21:31:40","guid":{"rendered":"https:\/\/www.legistdf.gob.ar\/?p=35996"},"modified":"2022-11-14T18:22:46","modified_gmt":"2022-11-14T21:22:46","slug":"salud-fundacion-sonrisas-congeladas-suma-apoyos-en-el-parlamento","status":"publish","type":"post","link":"https:\/\/www.legistdf.gob.ar\/index.php\/2022\/11\/14\/salud-fundacion-sonrisas-congeladas-suma-apoyos-en-el-parlamento\/","title":{"rendered":"SALUD: Fundaci\u00f3n Sonrisas Congeladas, suma apoyos en el Parlamento"},"content":{"rendered":"<p><strong><img loading=\"lazy\" decoding=\"async\" data-attachment-id=\"36001\" data-permalink=\"https:\/\/www.legistdf.gob.ar\/index.php\/2022\/11\/14\/salud-fundacion-sonrisas-congeladas-suma-apoyos-en-el-parlamento\/1-258\/\" data-orig-file=\"https:\/\/www.legistdf.gob.ar\/wp-content\/uploads\/2022\/11\/1-2.jpg\" data-orig-size=\"1024,740\" data-comments-opened=\"0\" data-image-meta=\"{&quot;aperture&quot;:&quot;0&quot;,&quot;credit&quot;:&quot;&quot;,&quot;camera&quot;:&quot;&quot;,&quot;caption&quot;:&quot;&quot;,&quot;created_timestamp&quot;:&quot;0&quot;,&quot;copyright&quot;:&quot;&quot;,&quot;focal_length&quot;:&quot;0&quot;,&quot;iso&quot;:&quot;0&quot;,&quot;shutter_speed&quot;:&quot;0&quot;,&quot;title&quot;:&quot;&quot;,&quot;orientation&quot;:&quot;0&quot;}\" data-image-title=\"1\" data-image-description=\"\" data-image-caption=\"\" data-medium-file=\"https:\/\/www.legistdf.gob.ar\/wp-content\/uploads\/2022\/11\/1-2-300x217.jpg\" data-large-file=\"https:\/\/www.legistdf.gob.ar\/wp-content\/uploads\/2022\/11\/1-2-1024x740.jpg\" class=\"alignleft wp-image-36001 size-medium\" src=\"https:\/\/www.legistdf.gob.ar\/wp-content\/uploads\/2022\/11\/1-2-300x217.jpg\" alt=\"\" width=\"300\" height=\"217\" srcset=\"https:\/\/www.legistdf.gob.ar\/wp-content\/uploads\/2022\/11\/1-2-300x217.jpg 300w, https:\/\/www.legistdf.gob.ar\/wp-content\/uploads\/2022\/11\/1-2-768x555.jpg 768w, https:\/\/www.legistdf.gob.ar\/wp-content\/uploads\/2022\/11\/1-2.jpg 1024w, https:\/\/www.legistdf.gob.ar\/wp-content\/uploads\/2022\/11\/1-2-160x116.jpg 160w\" sizes=\"(max-width: 300px) 100vw, 300px\" \/>Ushuaia, lunes 14 de noviembre de 2022.- Desde el bloque de la UCR la legisladora Liliana Mart\u00ednez Allende y el legislador Federico Sciurano, recibieron a representantes de la Fundaci\u00f3n Sonrisas Congeladas Ushuaia. All\u00ed dialogaron sobre la importancia de las Jornadas de Psicoprofilaxis Quir\u00fargica Pedi\u00e1trica organizadas por ese grupo de profesionales, desde el 11 al 13 de este mes, en la capital Provincial. Los Parlamentarios anunciaron que solicitar\u00e1n se declare de inter\u00e9s provincial dichas actividades por entender que \u201cbuscan \u00a0mejorar la calidad de vida de los pacientes hospitalarios\u201d.<\/strong><\/p>\n<p>&nbsp;<\/p>\n<p>Por su parte, la terapista ocupacional, Alicia Carra, cont\u00f3 que se trata de un \u201cproceso -artesanal- de acompa\u00f1amiento f\u00edsico y emocional de los ni\u00f1os, adolescentes, adultos y sus familias, en plan de cirug\u00edas o estudios invasivos, en el que se entrelazan distintas disciplina\u201d. Adem\u00e1s detall\u00f3 que se busca la \u201cco-construcci\u00f3n del consentimiento informado\u201d por parte del grupo cercano al paciente.<\/p>\n<p>&nbsp;<\/p>\n<p>Los encuentros, fueron abiertos a la comunidad y estuvieron a cargo de la Terapista Ocupacional Alicia Carra y la abogada Lucrecia Valeti. Desde la organizaci\u00f3n dieron a conocer sus redes sociales, donde podr\u00e1n acceder a informaci\u00f3n sobe las acciones que llevan adelante: @psicoprofilaxisinfantil, @sonrisascongeladas.<img loading=\"lazy\" decoding=\"async\" data-attachment-id=\"36003\" data-permalink=\"https:\/\/www.legistdf.gob.ar\/index.php\/2022\/11\/14\/salud-fundacion-sonrisas-congeladas-suma-apoyos-en-el-parlamento\/3-215\/\" data-orig-file=\"https:\/\/www.legistdf.gob.ar\/wp-content\/uploads\/2022\/11\/3-2.jpg\" data-orig-size=\"985,768\" data-comments-opened=\"0\" data-image-meta=\"{&quot;aperture&quot;:&quot;0&quot;,&quot;credit&quot;:&quot;&quot;,&quot;camera&quot;:&quot;&quot;,&quot;caption&quot;:&quot;&quot;,&quot;created_timestamp&quot;:&quot;0&quot;,&quot;copyright&quot;:&quot;&quot;,&quot;focal_length&quot;:&quot;0&quot;,&quot;iso&quot;:&quot;0&quot;,&quot;shutter_speed&quot;:&quot;0&quot;,&quot;title&quot;:&quot;&quot;,&quot;orientation&quot;:&quot;0&quot;}\" data-image-title=\"3\" data-image-description=\"\" data-image-caption=\"\" data-medium-file=\"https:\/\/www.legistdf.gob.ar\/wp-content\/uploads\/2022\/11\/3-2-300x234.jpg\" data-large-file=\"https:\/\/www.legistdf.gob.ar\/wp-content\/uploads\/2022\/11\/3-2.jpg\" class=\"alignright wp-image-36003 size-medium\" src=\"https:\/\/www.legistdf.gob.ar\/wp-content\/uploads\/2022\/11\/3-2-300x234.jpg\" alt=\"\" width=\"300\" height=\"234\" srcset=\"https:\/\/www.legistdf.gob.ar\/wp-content\/uploads\/2022\/11\/3-2-300x234.jpg 300w, https:\/\/www.legistdf.gob.ar\/wp-content\/uploads\/2022\/11\/3-2-768x599.jpg 768w, https:\/\/www.legistdf.gob.ar\/wp-content\/uploads\/2022\/11\/3-2-160x125.jpg 160w, https:\/\/www.legistdf.gob.ar\/wp-content\/uploads\/2022\/11\/3-2.jpg 985w\" sizes=\"(max-width: 300px) 100vw, 300px\" \/><\/p>\n<p>&nbsp;<\/p>\n<p>En los fundamentos del escrito que presentar\u00e1n en la pr\u00f3xima sesi\u00f3n ordinaria del Poder Legislativo, especifican que \u201cla Fundaci\u00f3n Sonrisas Congeladas realiza intervenciones art\u00edsticas en el Hospital Regional de Ushuaia. Sus principales herramientas son el juego, la improvisaci\u00f3n, la espontaneidad, la m\u00fasica y la t\u00e9cnica del Clown. Como ellos mismos definen. A trav\u00e9s \u00a0del encuentro con el otro favorecemos el proceso Salud-Enfermedad-Atenci\u00f3n-Cuidado movilizando emociones\u201d.<\/p>\n<p>&nbsp;<\/p>\n<p>Agregan que \u201c\u00e9sta sola tarea es de por s\u00ed muy loable, sin embargo, no se quedan exclusivamente en esto, sino que en la b\u00fasqueda de esa mejor calidad de vida para los pacientes hospitalarios la fundaci\u00f3n ha emprendido una seria de acciones que intenta informar, comunicar y desarrollar conciencia sobre temas fundamentales para la salud humana\u201d.<\/p>\n<p>&nbsp;<\/p>\n<p>&nbsp;<\/p>\n<p style=\"text-align: right\"><em>ZV<\/em><\/p>\n<p style=\"text-align: right\"><em>Fotograf\u00edas gentileza bloque UCR<\/em><\/p>\n<p>&nbsp;<\/p>\n\n\t\t<style type=\"text\/css\">\n\t\t\t#gallery-1 {\n\t\t\t\tmargin: auto;\n\t\t\t}\n\t\t\t#gallery-1 .gallery-item {\n\t\t\t\tfloat: left;\n\t\t\t\tmargin-top: 10px;\n\t\t\t\ttext-align: center;\n\t\t\t\twidth: 33%;\n\t\t\t}\n\t\t\t#gallery-1 img {\n\t\t\t\tborder: 2px solid #cfcfcf;\n\t\t\t}\n\t\t\t#gallery-1 .gallery-caption {\n\t\t\t\tmargin-left: 0;\n\t\t\t}\n\t\t\t\/* see gallery_shortcode() in wp-includes\/media.php *\/\n\t\t<\/style>\n\t\t<div data-carousel-extra='{\"blog_id\":1,\"permalink\":\"https:\\\/\\\/www.legistdf.gob.ar\\\/index.php\\\/2022\\\/11\\\/14\\\/salud-fundacion-sonrisas-congeladas-suma-apoyos-en-el-parlamento\\\/\"}' id='gallery-1' class='gallery galleryid-35996 gallery-columns-3 gallery-size-thumbnail'><dl class='gallery-item'>\n\t\t\t<dt class='gallery-icon landscape'>\n\t\t\t\t<a href='https:\/\/www.legistdf.gob.ar\/index.php\/2022\/11\/14\/salud-fundacion-sonrisas-congeladas-suma-apoyos-en-el-parlamento\/1-258\/'><img loading=\"lazy\" decoding=\"async\" width=\"150\" height=\"150\" src=\"https:\/\/www.legistdf.gob.ar\/wp-content\/uploads\/2022\/11\/1-2-150x150.jpg\" class=\"attachment-thumbnail size-thumbnail\" alt=\"\" srcset=\"https:\/\/www.legistdf.gob.ar\/wp-content\/uploads\/2022\/11\/1-2-150x150.jpg 150w, https:\/\/www.legistdf.gob.ar\/wp-content\/uploads\/2022\/11\/1-2-64x64.jpg 64w\" sizes=\"(max-width: 150px) 100vw, 150px\" data-attachment-id=\"36001\" data-permalink=\"https:\/\/www.legistdf.gob.ar\/index.php\/2022\/11\/14\/salud-fundacion-sonrisas-congeladas-suma-apoyos-en-el-parlamento\/1-258\/\" data-orig-file=\"https:\/\/www.legistdf.gob.ar\/wp-content\/uploads\/2022\/11\/1-2.jpg\" data-orig-size=\"1024,740\" data-comments-opened=\"0\" data-image-meta=\"{&quot;aperture&quot;:&quot;0&quot;,&quot;credit&quot;:&quot;&quot;,&quot;camera&quot;:&quot;&quot;,&quot;caption&quot;:&quot;&quot;,&quot;created_timestamp&quot;:&quot;0&quot;,&quot;copyright&quot;:&quot;&quot;,&quot;focal_length&quot;:&quot;0&quot;,&quot;iso&quot;:&quot;0&quot;,&quot;shutter_speed&quot;:&quot;0&quot;,&quot;title&quot;:&quot;&quot;,&quot;orientation&quot;:&quot;0&quot;}\" data-image-title=\"1\" data-image-description=\"\" data-image-caption=\"\" data-medium-file=\"https:\/\/www.legistdf.gob.ar\/wp-content\/uploads\/2022\/11\/1-2-300x217.jpg\" data-large-file=\"https:\/\/www.legistdf.gob.ar\/wp-content\/uploads\/2022\/11\/1-2-1024x740.jpg\" \/><\/a>\n\t\t\t<\/dt><\/dl><dl class='gallery-item'>\n\t\t\t<dt class='gallery-icon landscape'>\n\t\t\t\t<a href='https:\/\/www.legistdf.gob.ar\/index.php\/2022\/11\/14\/salud-fundacion-sonrisas-congeladas-suma-apoyos-en-el-parlamento\/2-246\/'><img loading=\"lazy\" decoding=\"async\" width=\"150\" height=\"150\" src=\"https:\/\/www.legistdf.gob.ar\/wp-content\/uploads\/2022\/11\/2-3-150x150.jpg\" class=\"attachment-thumbnail size-thumbnail\" alt=\"\" srcset=\"https:\/\/www.legistdf.gob.ar\/wp-content\/uploads\/2022\/11\/2-3-150x150.jpg 150w, https:\/\/www.legistdf.gob.ar\/wp-content\/uploads\/2022\/11\/2-3-64x64.jpg 64w\" sizes=\"(max-width: 150px) 100vw, 150px\" data-attachment-id=\"36002\" data-permalink=\"https:\/\/www.legistdf.gob.ar\/index.php\/2022\/11\/14\/salud-fundacion-sonrisas-congeladas-suma-apoyos-en-el-parlamento\/2-246\/\" data-orig-file=\"https:\/\/www.legistdf.gob.ar\/wp-content\/uploads\/2022\/11\/2-3.jpg\" data-orig-size=\"1024,768\" data-comments-opened=\"0\" data-image-meta=\"{&quot;aperture&quot;:&quot;0&quot;,&quot;credit&quot;:&quot;&quot;,&quot;camera&quot;:&quot;&quot;,&quot;caption&quot;:&quot;&quot;,&quot;created_timestamp&quot;:&quot;0&quot;,&quot;copyright&quot;:&quot;&quot;,&quot;focal_length&quot;:&quot;0&quot;,&quot;iso&quot;:&quot;0&quot;,&quot;shutter_speed&quot;:&quot;0&quot;,&quot;title&quot;:&quot;&quot;,&quot;orientation&quot;:&quot;0&quot;}\" data-image-title=\"2\" data-image-description=\"\" data-image-caption=\"\" data-medium-file=\"https:\/\/www.legistdf.gob.ar\/wp-content\/uploads\/2022\/11\/2-3-300x225.jpg\" data-large-file=\"https:\/\/www.legistdf.gob.ar\/wp-content\/uploads\/2022\/11\/2-3-1024x768.jpg\" \/><\/a>\n\t\t\t<\/dt><\/dl><dl class='gallery-item'>\n\t\t\t<dt class='gallery-icon landscape'>\n\t\t\t\t<a href='https:\/\/www.legistdf.gob.ar\/index.php\/2022\/11\/14\/salud-fundacion-sonrisas-congeladas-suma-apoyos-en-el-parlamento\/3-215\/'><img loading=\"lazy\" decoding=\"async\" width=\"150\" height=\"150\" src=\"https:\/\/www.legistdf.gob.ar\/wp-content\/uploads\/2022\/11\/3-2-150x150.jpg\" class=\"attachment-thumbnail size-thumbnail\" alt=\"\" srcset=\"https:\/\/www.legistdf.gob.ar\/wp-content\/uploads\/2022\/11\/3-2-150x150.jpg 150w, https:\/\/www.legistdf.gob.ar\/wp-content\/uploads\/2022\/11\/3-2-64x64.jpg 64w\" sizes=\"(max-width: 150px) 100vw, 150px\" data-attachment-id=\"36003\" data-permalink=\"https:\/\/www.legistdf.gob.ar\/index.php\/2022\/11\/14\/salud-fundacion-sonrisas-congeladas-suma-apoyos-en-el-parlamento\/3-215\/\" data-orig-file=\"https:\/\/www.legistdf.gob.ar\/wp-content\/uploads\/2022\/11\/3-2.jpg\" data-orig-size=\"985,768\" data-comments-opened=\"0\" data-image-meta=\"{&quot;aperture&quot;:&quot;0&quot;,&quot;credit&quot;:&quot;&quot;,&quot;camera&quot;:&quot;&quot;,&quot;caption&quot;:&quot;&quot;,&quot;created_timestamp&quot;:&quot;0&quot;,&quot;copyright&quot;:&quot;&quot;,&quot;focal_length&quot;:&quot;0&quot;,&quot;iso&quot;:&quot;0&quot;,&quot;shutter_speed&quot;:&quot;0&quot;,&quot;title&quot;:&quot;&quot;,&quot;orientation&quot;:&quot;0&quot;}\" data-image-title=\"3\" data-image-description=\"\" data-image-caption=\"\" data-medium-file=\"https:\/\/www.legistdf.gob.ar\/wp-content\/uploads\/2022\/11\/3-2-300x234.jpg\" data-large-file=\"https:\/\/www.legistdf.gob.ar\/wp-content\/uploads\/2022\/11\/3-2.jpg\" \/><\/a>\n\t\t\t<\/dt><\/dl><br style=\"clear: both\" \/>\n\t\t<\/div>\n\n<p>&nbsp;<\/p>\n","protected":false},"excerpt":{"rendered":"<p>Ushuaia, lunes 14 de noviembre de 2022.- Desde el bloque de la UCR la legisladora Liliana Mart\u00ednez Allende y el legislador Federico Sciurano, recibieron a representantes de la Fundaci\u00f3n Sonrisas Congeladas Ushuaia. All\u00ed dialogaron sobre la importancia de las Jornadas de Psicoprofilaxis Quir\u00fargica Pedi\u00e1trica organizadas por ese grupo de profesionales, desde el 11 al 13 [&hellip;]<\/p>\n","protected":false},"author":352,"featured_media":36002,"comment_status":"closed","ping_status":"open","sticky":false,"template":"","format":"standard","meta":{"jetpack_post_was_ever_published":false,"_jetpack_newsletter_access":"","_jetpack_dont_email_post_to_subs":false,"_jetpack_newsletter_tier_id":0,"footnotes":"","jetpack_publicize_message":"","jetpack_publicize_feature_enabled":true,"jetpack_social_post_already_shared":true,"jetpack_social_options":{"image_generator_settings":{"template":"highway","enabled":false}}},"categories":[1],"tags":[2756,1824,2751,155,2754,2752,2753,2755],"jetpack_publicize_connections":[],"jetpack_sharing_enabled":true,"jetpack_featured_media_url":"https:\/\/www.legistdf.gob.ar\/wp-content\/uploads\/2022\/11\/2-3.jpg","jetpack-related-posts":[],"_links":{"self":[{"href":"https:\/\/www.legistdf.gob.ar\/index.php\/wp-json\/wp\/v2\/posts\/35996"}],"collection":[{"href":"https:\/\/www.legistdf.gob.ar\/index.php\/wp-json\/wp\/v2\/posts"}],"about":[{"href":"https:\/\/www.legistdf.gob.ar\/index.php\/wp-json\/wp\/v2\/types\/post"}],"author":[{"embeddable":true,"href":"https:\/\/www.legistdf.gob.ar\/index.php\/wp-json\/wp\/v2\/users\/352"}],"replies":[{"embeddable":true,"href":"https:\/\/www.legistdf.gob.ar\/index.php\/wp-json\/wp\/v2\/comments?post=35996"}],"version-history":[{"count":2,"href":"https:\/\/www.legistdf.gob.ar\/index.php\/wp-json\/wp\/v2\/posts\/35996\/revisions"}],"predecessor-version":[{"id":36004,"href":"https:\/\/www.legistdf.gob.ar\/index.php\/wp-json\/wp\/v2\/posts\/35996\/revisions\/36004"}],"wp:featuredmedia":[{"embeddable":true,"href":"https:\/\/www.legistdf.gob.ar\/index.php\/wp-json\/wp\/v2\/media\/36002"}],"wp:attachment":[{"href":"https:\/\/www.legistdf.gob.ar\/index.php\/wp-json\/wp\/v2\/media?parent=35996"}],"wp:term":[{"taxonomy":"category","embeddable":true,"href":"https:\/\/www.legistdf.gob.ar\/index.php\/wp-json\/wp\/v2\/categories?post=35996"},{"taxonomy":"post_tag","embeddable":true,"href":"https:\/\/www.legistdf.gob.ar\/index.php\/wp-json\/wp\/v2\/tags?post=35996"}],"curies":[{"name":"wp","href":"https:\/\/api.w.org\/{rel}","templated":true}]}}