{"id":36434,"date":"2022-12-07T21:38:59","date_gmt":"2022-12-08T00:38:59","guid":{"rendered":"https:\/\/www.legistdf.gob.ar\/?p=36434"},"modified":"2022-12-07T21:38:59","modified_gmt":"2022-12-08T00:38:59","slug":"sesion-las-y-los-legisladores-sancionaron-la-emergencia-ambiental-por-incendios-forestales","status":"publish","type":"post","link":"https:\/\/www.legistdf.gob.ar\/index.php\/2022\/12\/07\/sesion-las-y-los-legisladores-sancionaron-la-emergencia-ambiental-por-incendios-forestales\/","title":{"rendered":"SESI\u00d3N: Las y los Legisladores sancionaron la emergencia ambiental por incendios forestales"},"content":{"rendered":"<p><strong><span style=\"font-family: arial, helvetica, sans-serif;font-size: 14pt\"><img loading=\"lazy\" decoding=\"async\" data-attachment-id=\"36417\" data-permalink=\"https:\/\/www.legistdf.gob.ar\/index.php\/2022\/12\/07\/galeria-de-imagenes-5a-sesion-ordinaria\/img_6895-3\/\" data-orig-file=\"https:\/\/www.legistdf.gob.ar\/wp-content\/uploads\/2022\/12\/IMG_6895.jpg\" data-orig-size=\"1500,1000\" data-comments-opened=\"0\" data-image-meta=\"{&quot;aperture&quot;:&quot;3.2&quot;,&quot;credit&quot;:&quot;&quot;,&quot;camera&quot;:&quot;Canon EOS 6D&quot;,&quot;caption&quot;:&quot;&quot;,&quot;created_timestamp&quot;:&quot;1670430772&quot;,&quot;copyright&quot;:&quot;&quot;,&quot;focal_length&quot;:&quot;61&quot;,&quot;iso&quot;:&quot;1600&quot;,&quot;shutter_speed&quot;:&quot;0.00625&quot;,&quot;title&quot;:&quot;&quot;,&quot;orientation&quot;:&quot;0&quot;}\" data-image-title=\"IMG_6895\" data-image-description=\"\" data-image-caption=\"\" data-medium-file=\"https:\/\/www.legistdf.gob.ar\/wp-content\/uploads\/2022\/12\/IMG_6895-300x200.jpg\" data-large-file=\"https:\/\/www.legistdf.gob.ar\/wp-content\/uploads\/2022\/12\/IMG_6895-1024x683.jpg\" class=\"alignleft wp-image-36417 size-medium\" src=\"https:\/\/www.legistdf.gob.ar\/wp-content\/uploads\/2022\/12\/IMG_6895-300x200.jpg\" alt=\"\" width=\"300\" height=\"200\" srcset=\"https:\/\/www.legistdf.gob.ar\/wp-content\/uploads\/2022\/12\/IMG_6895-300x200.jpg 300w, https:\/\/www.legistdf.gob.ar\/wp-content\/uploads\/2022\/12\/IMG_6895-768x512.jpg 768w, https:\/\/www.legistdf.gob.ar\/wp-content\/uploads\/2022\/12\/IMG_6895-1024x683.jpg 1024w, https:\/\/www.legistdf.gob.ar\/wp-content\/uploads\/2022\/12\/IMG_6895-160x107.jpg 160w, https:\/\/www.legistdf.gob.ar\/wp-content\/uploads\/2022\/12\/IMG_6895.jpg 1500w\" sizes=\"(max-width: 300px) 100vw, 300px\" \/>Ushuaia, mi\u00e9rcoles 7 de diciembre de 2022.- Se realiz\u00f3 hoy la 5\u00aa sesi\u00f3n ordinaria del Poder Legislativo, que estuvo presidida, en primer t\u00e9rmino, por el Vicepresidente 1\u00ba de la C\u00e1mara, legislador Dami\u00e1n L\u00f6ffler (MPF) y posteriormente acudi\u00f3 al Recinto, la vicegobernadora M\u00f3nica Urquiza, quien coordin\u00f3 el encuentro hasta su culminaci\u00f3n. Se destac\u00f3 la sanci\u00f3n de la norma que establece la emergencia ambiental por incendios forestales, la prohibici\u00f3n de encendido de fuego en zonas agrestes y organizadas, en todo el territorio fueguino, hasta el 30 de junio del a\u00f1o 2024. El Parlamento sancion\u00f3 siete nuevas leyes.<\/span><\/strong><\/p>\n<p>&nbsp;<\/p>\n<p><span style=\"font-family: arial, helvetica, sans-serif;font-size: 12pt\">Entre las leyes sancionadas se ubicaron:<a href=\"https:\/\/www.legistdf.gob.ar\/index.php\/2022\/12\/07\/sesion-se-creo-la-defensoria-provincial-de-ninas-ninos-y-adolescentes\/\" target=\"_blank\" rel=\"noopener noreferrer\"> La creaci\u00f3n de la Defensor\u00eda de ni\u00f1os, ni\u00f1as y adolescentes<\/a>; la instituci\u00f3n de la fiesta provincial del gaucho fueguino. Tambi\u00e9n la norma que incorpora a la documentaci\u00f3n oficial la leyenda \u201cLas Islas Malvinas, Georgias del Sur, S\u00e1ndwich del Sur y los espacios mar\u00edtimos e insulares correspondientes son Argentinos\u201d. Las modificaciones al R\u00e9gimen previsional provincial y la declaraci\u00f3n de emergencia ambiental por incendios forestales en todo el territorio de la Provincia.<\/span><\/p>\n<p>&nbsp;<\/p>\n<p><span style=\"font-family: arial, helvetica, sans-serif;font-size: 12pt\">Respecto a la puesta en marcha de la Defensor\u00eda, hay que decir que se trata de un logro del trabajo interdisciplinario entre los tres poderes del Estado. Ser\u00e1 un espacio aut\u00f3nomo y aut\u00e1rquico, que tendr\u00e1 el objetivo de resguardar los derechos y garant\u00edas de las generaciones m\u00e1s j\u00f3venes.<\/span><\/p>\n<p>&nbsp;<\/p>\n<p><span style=\"font-family: arial, helvetica, sans-serif;font-size: 12pt\">La legisladora Andrea Freites (FdT-PJ), celebr\u00f3 las gestiones efectuadas junto a las y los Legisladores de los diferentes bloques pol\u00edticos que integran la C\u00e1mara fueguina.<\/span><\/p>\n<p>&nbsp;<\/p>\n<p><span style=\"font-family: arial, helvetica, sans-serif;font-size: 12pt\">En tiempos de homenajes, la legisladora del Partido Verde, Mar\u00eda Victoria Vuoto calific\u00f3 como \u201cvergonzoso\u201d el fallo judicial contra la Vicepresidenta de la Naci\u00f3n, Dra. Cristina Fern\u00e1ndez de Kirchner. \u201cAyer juzgaron a una mujer votada por el pueblo. Tres hombres al servicios del poder econ\u00f3mico promovieron el odio contra Cristina\u201d, agreg\u00f3 la referente del PV.<\/span><\/p>\n<p>&nbsp;<\/p>\n<p><span style=\"font-family: arial, helvetica, sans-serif;font-size: 12pt\">En el mismo sentido, el legislador Emmanuel Trentino (FORJA), expres\u00f3 su solidaridad hacia la Vicepresidenta de la Naci\u00f3n, la \u201c\u00fanica que la juzgar\u00e1 ser\u00e1 el pueblo\u201d, opin\u00f3 el Parlamentario.<\/span><\/p>\n<p>&nbsp;<\/p>\n<p style=\"text-align: center\"><span style=\"font-family: arial, helvetica, sans-serif;font-size: 12pt\"><em>DECLARAN EMERGENCIA AMBIENTAL POR INCENDIOS FORESTALES<\/em><\/span><\/p>\n<p>&nbsp;<\/p>\n<p><span style=\"font-family: arial, helvetica, sans-serif;font-size: 12pt\"><img loading=\"lazy\" decoding=\"async\" data-attachment-id=\"36402\" data-permalink=\"https:\/\/www.legistdf.gob.ar\/index.php\/2022\/12\/07\/galeria-de-imagenes-5a-sesion-ordinaria\/img_6015-2\/\" data-orig-file=\"https:\/\/www.legistdf.gob.ar\/wp-content\/uploads\/2022\/12\/IMG_6015.jpg\" data-orig-size=\"1500,1000\" data-comments-opened=\"0\" data-image-meta=\"{&quot;aperture&quot;:&quot;5.6&quot;,&quot;credit&quot;:&quot;&quot;,&quot;camera&quot;:&quot;Canon EOS Rebel T6i&quot;,&quot;caption&quot;:&quot;&quot;,&quot;created_timestamp&quot;:&quot;1670425152&quot;,&quot;copyright&quot;:&quot;&quot;,&quot;focal_length&quot;:&quot;10&quot;,&quot;iso&quot;:&quot;1600&quot;,&quot;shutter_speed&quot;:&quot;0.01&quot;,&quot;title&quot;:&quot;&quot;,&quot;orientation&quot;:&quot;0&quot;}\" data-image-title=\"IMG_6015\" data-image-description=\"\" data-image-caption=\"\" data-medium-file=\"https:\/\/www.legistdf.gob.ar\/wp-content\/uploads\/2022\/12\/IMG_6015-300x200.jpg\" data-large-file=\"https:\/\/www.legistdf.gob.ar\/wp-content\/uploads\/2022\/12\/IMG_6015-1024x683.jpg\" class=\"alignright wp-image-36402 size-medium\" src=\"https:\/\/www.legistdf.gob.ar\/wp-content\/uploads\/2022\/12\/IMG_6015-300x200.jpg\" alt=\"\" width=\"300\" height=\"200\" srcset=\"https:\/\/www.legistdf.gob.ar\/wp-content\/uploads\/2022\/12\/IMG_6015-300x200.jpg 300w, https:\/\/www.legistdf.gob.ar\/wp-content\/uploads\/2022\/12\/IMG_6015-768x512.jpg 768w, https:\/\/www.legistdf.gob.ar\/wp-content\/uploads\/2022\/12\/IMG_6015-1024x683.jpg 1024w, https:\/\/www.legistdf.gob.ar\/wp-content\/uploads\/2022\/12\/IMG_6015-160x107.jpg 160w, https:\/\/www.legistdf.gob.ar\/wp-content\/uploads\/2022\/12\/IMG_6015.jpg 1500w\" sizes=\"(max-width: 300px) 100vw, 300px\" \/>Cerca de las 16, tanto la Vicegobernadora y la totalidad de los Parlamentarios, mantuvieron una reuni\u00f3n remota con la ministra de Producci\u00f3n Ambiente, Sonia Castiglione. Seg\u00fan indicaron las autoridades de la C\u00e1mara, ese espacio sirvi\u00f3 para conocer de manera detallada la situaci\u00f3n que se atraviesa en el ANP Coraz\u00f3n de la Isla. Asimismo, la titular de la Cartera, brind\u00f3 un informe sobre las acciones que se llevan adelante desde el mismo d\u00eda que comenz\u00f3 el foco de incendio.<\/span><\/p>\n<p>&nbsp;<\/p>\n<p><span style=\"font-family: arial, helvetica, sans-serif;font-size: 12pt\">Sobre el final del encuentro parlamentario, la composici\u00f3n legislativa dio tratamiento al asunto N\u00b0 689\/22, enviado por el Poder Ejecutivo, que declara la emergencia ambiental por incendios forestales en todo el territorio provincial. Cabe se\u00f1alar que esta emergencia se extender\u00e1, hasta el 30 de junio del a\u00f1o entrante, \u201cpor el escenario provocado por los incendios\u201d. El instrumento incluye la mitigaci\u00f3n de da\u00f1os ambientales y productivos.<\/span><\/p>\n<p>&nbsp;<\/p>\n<p><span style=\"font-family: arial, helvetica, sans-serif;font-size: 12pt\">Asimismo, el texto acordado autoriza al Poder Ejecutivo a readecuar partidas presupuestarias a los efectos de reasignarlas con vistas a aportar en la gesti\u00f3n ambiental y en su art\u00edculo 7\u00b0, establece la prohibici\u00f3n para el encendido de fuego en zonas agrestes y de campamentos organizados hasta el 30 de junio del a\u00f1o 2024.<\/span><\/p>\n<p>&nbsp;<\/p>\n<p><span style=\"font-family: arial, helvetica, sans-serif;font-size: 12pt\">En este sentido, la referente del bloque FORJA, legisladora M\u00f3nica Acosta solicit\u00f3 sumar a las campa\u00f1as de concientizaci\u00f3n, informaci\u00f3n y sensibilizaci\u00f3n, a la cartera educativa provincial, propuesta a la que se sum\u00f3 la bancada del Partido Verde.<\/span><\/p>\n<p>&nbsp;<\/p>\n<p><span style=\"font-family: arial, helvetica, sans-serif;font-size: 12pt\">En su fundamentaci\u00f3n, adem\u00e1s la legisladora Mar\u00eda Laura Colazo sostuvo que es necesario convocar a los municipios de la Provincia, en el texto normativo, a los efectos que colaboren en la prevenci\u00f3n y vigilancia en las zonas de influencia de los mismos.<\/span><\/p>\n<p>&nbsp;<\/p>\n<p>&nbsp;<\/p>\n<p style=\"text-align: center\"><span style=\"font-family: arial, helvetica, sans-serif;font-size: 12pt\"><em>DOCUMENTACI\u00d3N OFICIAL<\/em><\/span><\/p>\n<p>&nbsp;<\/p>\n<p><span style=\"font-family: arial, helvetica, sans-serif;font-size: 12pt\">En otro momento del encuentro las y los Legisladores sancionaron lel proyecto de Ley presentado por el bloque FORJA con el objetivo de incorporar a toda documentaci\u00f3n de uso oficial la leyenda \u201cLas Islas Malvinas, Georgias del Sur, S\u00e1ndwich del Sur y los espacios mar\u00edtimos insulares correspondientes, son Argentinos\u201d.<\/span><\/p>\n<p>&nbsp;<\/p>\n<p style=\"text-align: center\"><span style=\"font-family: arial, helvetica, sans-serif;font-size: 12pt\">RECONOCIMIENTOS<\/span><\/p>\n<p>&nbsp;<\/p>\n<p><span style=\"font-family: arial, helvetica, sans-serif;font-size: 12pt\">El legislador Federico Sciurano (UCR), aprovech\u00f3 el tiempo que se gener\u00f3 en un cuarto intermedio, para reconocer y destacar la labor de la Armada Argentina con quienes d\u00edas pasados, naveg\u00f3 en el buque Puerto Argentino, hasta la Isla de los Estados. \u201dTienen una profesi\u00f3n respaldado por la vocaci\u00f3n. El viaje nos ha nutrido en lo profesional y en lo personal. Tuvimos un conocimiento real sobre los l\u00edmites de nuestro pa\u00eds\u201d, narr\u00f3 el radical.<\/span><\/p>\n<p>&nbsp;<\/p>\n<p><span style=\"font-family: arial, helvetica, sans-serif;font-size: 12pt\">Agradecieron la presencia en el Recinto del contraalmirante Walter Ernesto Don\u00e1 y del Comandante del ARA Puerto Argentino, Patricio Alisi. \u201cLa obligaci\u00f3n de la Armada es tener un rol activo con la sociedad fueguina. Nuestro compromiso est\u00e1 presente con esta hermosa Provincia\u201d, expres\u00f3 la autoridad del \u00e1rea Naval Austral.<\/span><\/p>\n<p>&nbsp;<\/p>\n<p><span style=\"font-family: arial, helvetica, sans-serif;font-size: 12pt\"><img loading=\"lazy\" decoding=\"async\" data-attachment-id=\"36400\" data-permalink=\"https:\/\/www.legistdf.gob.ar\/index.php\/2022\/12\/07\/galeria-de-imagenes-5a-sesion-ordinaria\/img_6009-4\/\" data-orig-file=\"https:\/\/www.legistdf.gob.ar\/wp-content\/uploads\/2022\/12\/IMG_6009.jpg\" data-orig-size=\"1500,1000\" data-comments-opened=\"0\" data-image-meta=\"{&quot;aperture&quot;:&quot;5.6&quot;,&quot;credit&quot;:&quot;&quot;,&quot;camera&quot;:&quot;Canon EOS Rebel T6i&quot;,&quot;caption&quot;:&quot;&quot;,&quot;created_timestamp&quot;:&quot;1670423845&quot;,&quot;copyright&quot;:&quot;&quot;,&quot;focal_length&quot;:&quot;18&quot;,&quot;iso&quot;:&quot;1600&quot;,&quot;shutter_speed&quot;:&quot;0.01&quot;,&quot;title&quot;:&quot;&quot;,&quot;orientation&quot;:&quot;0&quot;}\" data-image-title=\"IMG_6009\" data-image-description=\"\" data-image-caption=\"\" data-medium-file=\"https:\/\/www.legistdf.gob.ar\/wp-content\/uploads\/2022\/12\/IMG_6009-300x200.jpg\" data-large-file=\"https:\/\/www.legistdf.gob.ar\/wp-content\/uploads\/2022\/12\/IMG_6009-1024x683.jpg\" class=\"alignleft wp-image-36400 size-medium\" src=\"https:\/\/www.legistdf.gob.ar\/wp-content\/uploads\/2022\/12\/IMG_6009-300x200.jpg\" alt=\"\" width=\"300\" height=\"200\" srcset=\"https:\/\/www.legistdf.gob.ar\/wp-content\/uploads\/2022\/12\/IMG_6009-300x200.jpg 300w, https:\/\/www.legistdf.gob.ar\/wp-content\/uploads\/2022\/12\/IMG_6009-768x512.jpg 768w, https:\/\/www.legistdf.gob.ar\/wp-content\/uploads\/2022\/12\/IMG_6009-1024x683.jpg 1024w, https:\/\/www.legistdf.gob.ar\/wp-content\/uploads\/2022\/12\/IMG_6009-160x107.jpg 160w, https:\/\/www.legistdf.gob.ar\/wp-content\/uploads\/2022\/12\/IMG_6009.jpg 1500w\" sizes=\"(max-width: 300px) 100vw, 300px\" \/>Luego, Mar\u00eda Victoria Vuoto, fundament\u00f3 el reconocimiento que el Poder Legislativo efectu\u00f3 a la vecina, conocida por los fueguinos y fueguinas como \u201cTati\u201d de 84 a\u00f1os. \u201cEs una mujer en\u00e9rgica, comerciante, y que se mantiene a pesar de todas las crisis. Es una mujer que apost\u00f3 a Ushuaia, es una mujer que abri\u00f3 caminos y oportunidades\u201d, exalt\u00f3 la Legisladora.\u00a0<\/span><\/p>\n<p>&nbsp;<\/p>\n<p><span style=\"font-family: arial, helvetica, sans-serif;font-size: 12pt\">En tanto, desde la bancada radical, impulsaron el reconocimiento a dos deportistas destacados de la ciudad, vinculados al \u00e1mbito del Rugby. Nicol\u00e1s Scotto y Carlos\u00a0 Andr\u00e9s \u201cCali\u201d R\u00edos Ferreyra, ambos vecinos de la capital provincial, relacionados al Ushuaia Rugby Club y referentes del encuentro nacional denominado \u201cSeven del Fin del Mundo\u201d.<\/span><\/p>\n<p>&nbsp;<\/p>\n<p><span style=\"font-family: arial, helvetica, sans-serif;font-size: 12pt\">Por unanimidad se sancion\u00f3 la Ley que crea la Defensor\u00eda Provincial de ni\u00f1as, ni\u00f1os y adolescentes. La iniciativa lleg\u00f3 al recinto con dictamen de las comisiones 1 y 2 en mayor\u00eda. Se trata del asunto N\u00b0 626\/22.<\/span><\/p>\n<p>&nbsp;<\/p>\n<p><span style=\"font-family: arial, helvetica, sans-serif;font-size: 12pt\">Por otro lado, con el n\u00famero de orden del d\u00eda 54 ingres\u00f3 el asunto N\u00ba 652\/22 en el que el bloque del FdT-PJ propuso la Ley que instaura la Fiesta Provincial del Gaucho Fueguino.<\/span><\/p>\n<p>&nbsp;<\/p>\n<p style=\"text-align: right\"><em>ZV-DM-AT-NEGM<\/em><\/p>\n<p style=\"text-align: right\"><a href=\"https:\/\/www.legistdf.gob.ar\/index.php\/2022\/12\/07\/galeria-de-imagenes-5a-sesion-ordinaria\/\" target=\"_blank\" rel=\"noopener noreferrer\"><em>Galer\u00eda de im\u00e1genes<\/em><\/a><\/p>\n<p>&nbsp;<\/p>\n","protected":false},"excerpt":{"rendered":"<p>Ushuaia, mi\u00e9rcoles 7 de diciembre de 2022.- Se realiz\u00f3 hoy la 5\u00aa sesi\u00f3n ordinaria del Poder Legislativo, que estuvo presidida, en primer t\u00e9rmino, por el Vicepresidente 1\u00ba de la C\u00e1mara, legislador Dami\u00e1n L\u00f6ffler (MPF) y posteriormente acudi\u00f3 al Recinto, la vicegobernadora M\u00f3nica Urquiza, quien coordin\u00f3 el encuentro hasta su culminaci\u00f3n. Se destac\u00f3 la sanci\u00f3n de [&hellip;]<\/p>\n","protected":false},"author":352,"featured_media":36416,"comment_status":"closed","ping_status":"open","sticky":false,"template":"","format":"standard","meta":{"jetpack_post_was_ever_published":false,"_jetpack_newsletter_access":"","_jetpack_dont_email_post_to_subs":false,"_jetpack_newsletter_tier_id":0,"footnotes":"","jetpack_publicize_message":"","jetpack_publicize_feature_enabled":true,"jetpack_social_post_already_shared":true,"jetpack_social_options":{"image_generator_settings":{"template":"highway","enabled":false}}},"categories":[1],"tags":[388,2816,78,144,117,79,87],"jetpack_publicize_connections":[],"jetpack_sharing_enabled":true,"jetpack_featured_media_url":"https:\/\/www.legistdf.gob.ar\/wp-content\/uploads\/2022\/12\/IMG_6888.jpg","jetpack-related-posts":[],"_links":{"self":[{"href":"https:\/\/www.legistdf.gob.ar\/index.php\/wp-json\/wp\/v2\/posts\/36434"}],"collection":[{"href":"https:\/\/www.legistdf.gob.ar\/index.php\/wp-json\/wp\/v2\/posts"}],"about":[{"href":"https:\/\/www.legistdf.gob.ar\/index.php\/wp-json\/wp\/v2\/types\/post"}],"author":[{"embeddable":true,"href":"https:\/\/www.legistdf.gob.ar\/index.php\/wp-json\/wp\/v2\/users\/352"}],"replies":[{"embeddable":true,"href":"https:\/\/www.legistdf.gob.ar\/index.php\/wp-json\/wp\/v2\/comments?post=36434"}],"version-history":[{"count":1,"href":"https:\/\/www.legistdf.gob.ar\/index.php\/wp-json\/wp\/v2\/posts\/36434\/revisions"}],"predecessor-version":[{"id":36435,"href":"https:\/\/www.legistdf.gob.ar\/index.php\/wp-json\/wp\/v2\/posts\/36434\/revisions\/36435"}],"wp:featuredmedia":[{"embeddable":true,"href":"https:\/\/www.legistdf.gob.ar\/index.php\/wp-json\/wp\/v2\/media\/36416"}],"wp:attachment":[{"href":"https:\/\/www.legistdf.gob.ar\/index.php\/wp-json\/wp\/v2\/media?parent=36434"}],"wp:term":[{"taxonomy":"category","embeddable":true,"href":"https:\/\/www.legistdf.gob.ar\/index.php\/wp-json\/wp\/v2\/categories?post=36434"},{"taxonomy":"post_tag","embeddable":true,"href":"https:\/\/www.legistdf.gob.ar\/index.php\/wp-json\/wp\/v2\/tags?post=36434"}],"curies":[{"name":"wp","href":"https:\/\/api.w.org\/{rel}","templated":true}]}}