{"id":36640,"date":"2022-12-21T18:03:39","date_gmt":"2022-12-21T21:03:39","guid":{"rendered":"https:\/\/www.legistdf.gob.ar\/?p=36640"},"modified":"2022-12-21T18:41:04","modified_gmt":"2022-12-21T21:41:04","slug":"ambiente-la-provincia-elaborara-un-plan-para-mitigar-los-efectos-del-cambio-climatico-dijo-maria-laura-colazo","status":"publish","type":"post","link":"https:\/\/www.legistdf.gob.ar\/index.php\/2022\/12\/21\/ambiente-la-provincia-elaborara-un-plan-para-mitigar-los-efectos-del-cambio-climatico-dijo-maria-laura-colazo\/","title":{"rendered":"AMBIENTE: \u201cLa Provincia elaborar\u00e1 un plan para mitigar los efectos del cambio clim\u00e1tico\u201d, dijo Mar\u00eda Laura Colazo"},"content":{"rendered":"<p><strong><img loading=\"lazy\" decoding=\"async\" data-attachment-id=\"36643\" data-permalink=\"https:\/\/www.legistdf.gob.ar\/index.php\/2022\/12\/21\/ambiente-la-provincia-elaborara-un-plan-para-mitigar-los-efectos-del-cambio-climatico-dijo-maria-laura-colazo\/img_7148-2\/\" data-orig-file=\"https:\/\/www.legistdf.gob.ar\/wp-content\/uploads\/2022\/12\/IMG_7148.jpg\" data-orig-size=\"1500,1000\" data-comments-opened=\"0\" data-image-meta=\"{&quot;aperture&quot;:&quot;3.2&quot;,&quot;credit&quot;:&quot;&quot;,&quot;camera&quot;:&quot;Canon EOS 6D&quot;,&quot;caption&quot;:&quot;&quot;,&quot;created_timestamp&quot;:&quot;1671623605&quot;,&quot;copyright&quot;:&quot;&quot;,&quot;focal_length&quot;:&quot;55&quot;,&quot;iso&quot;:&quot;2500&quot;,&quot;shutter_speed&quot;:&quot;0.01&quot;,&quot;title&quot;:&quot;&quot;,&quot;orientation&quot;:&quot;0&quot;}\" data-image-title=\"IMG_7148\" data-image-description=\"\" data-image-caption=\"\" data-medium-file=\"https:\/\/www.legistdf.gob.ar\/wp-content\/uploads\/2022\/12\/IMG_7148-300x200.jpg\" data-large-file=\"https:\/\/www.legistdf.gob.ar\/wp-content\/uploads\/2022\/12\/IMG_7148-1024x683.jpg\" class=\"alignleft wp-image-36643 size-medium\" src=\"https:\/\/www.legistdf.gob.ar\/wp-content\/uploads\/2022\/12\/IMG_7148-300x200.jpg\" alt=\"\" width=\"300\" height=\"200\" srcset=\"https:\/\/www.legistdf.gob.ar\/wp-content\/uploads\/2022\/12\/IMG_7148-300x200.jpg 300w, https:\/\/www.legistdf.gob.ar\/wp-content\/uploads\/2022\/12\/IMG_7148-768x512.jpg 768w, https:\/\/www.legistdf.gob.ar\/wp-content\/uploads\/2022\/12\/IMG_7148-1024x683.jpg 1024w, https:\/\/www.legistdf.gob.ar\/wp-content\/uploads\/2022\/12\/IMG_7148-160x107.jpg 160w, https:\/\/www.legistdf.gob.ar\/wp-content\/uploads\/2022\/12\/IMG_7148.jpg 1500w\" sizes=\"(max-width: 300px) 100vw, 300px\" \/><span style=\"font-family: arial, helvetica, sans-serif;font-size: 14pt\">Ushuaia, mi\u00e9rcoles 21 de diciembre de 2022.- La actual conformaci\u00f3n Legislativa, demostr\u00f3 su compromiso con el ambiente. Y una prueba m\u00e1s de ello es la sanci\u00f3n de la norma que impuls\u00f3 la legisladora del Partido Verde, Mar\u00eda Laura Colazo y que hoy es Ley. Se trata del proceso de acciones, instrumentos y estrategias que pongan en marcha \u00a0\u201cel proceso de adaptaci\u00f3n y mitigaci\u00f3n al Cambio Clim\u00e1tico en la Provincia\u201d, con el objeto de \u201creducir la vulnerabilidad y el riesgo tanto de los asentamientos humanos, como de los sistemas naturales, sobre los efectos negativos de los impactos del cambio clim\u00e1tico.<\/span><\/strong><\/p>\n<p>&nbsp;<\/p>\n<p><span style=\"font-family: arial, helvetica, sans-serif;font-size: 12pt\">Cabe destacar que la iniciativa es complementaria a la <a href=\"https:\/\/www.argentina.gob.ar\/normativa\/nacional\/ley-27520-333515\/texto\" target=\"_blank\" rel=\"noopener noreferrer\">Ley nacional N\u00b0 27.520<\/a> de Presupuestos m\u00ednimos de adaptaci\u00f3n y mitigaci\u00f3n al cambio clim\u00e1tico global. \u201cA nivel nacional se cre\u00f3 con esta Ley, un gabinete nacional de cambio clim\u00e1tico y lo que har\u00edamos ahora es replicarlo a nivel provincial, en donde todas las \u00e1reas del Gobierno formar\u00edan parte de este gabinete\u201d, indic\u00f3 la referente del Partido Verde.<\/span><\/p>\n<p>&nbsp;<\/p>\n<p><span style=\"font-family: arial, helvetica, sans-serif;font-size: 12pt\">Detall\u00f3 que su funci\u00f3n es la de \u201celaborar un plan de respuesta a los efectos del cambio clim\u00e1tico en la Provincia; lo primero que se hace es medir cu\u00e1les son las emisiones en la Provincia, para despu\u00e9s elaborar un plan provincial de respuesta, y as\u00ed abordar las cuestiones del cambio clim\u00e1tico de una manera transversal\u201d.<\/span><\/p>\n<p>&nbsp;<\/p>\n<p><span style=\"font-family: arial, helvetica, sans-serif;font-size: 12pt\"><img loading=\"lazy\" decoding=\"async\" data-attachment-id=\"36631\" data-permalink=\"https:\/\/www.legistdf.gob.ar\/index.php\/2022\/12\/21\/sociedad-el-parlamento-sanciono-la-ley-de-transicion-energetica-en-la-provincia\/img_7101-4\/\" data-orig-file=\"https:\/\/www.legistdf.gob.ar\/wp-content\/uploads\/2022\/12\/IMG_7101.jpg\" data-orig-size=\"1500,1000\" data-comments-opened=\"0\" data-image-meta=\"{&quot;aperture&quot;:&quot;3.5&quot;,&quot;credit&quot;:&quot;&quot;,&quot;camera&quot;:&quot;Canon EOS 6D&quot;,&quot;caption&quot;:&quot;&quot;,&quot;created_timestamp&quot;:&quot;1671622690&quot;,&quot;copyright&quot;:&quot;&quot;,&quot;focal_length&quot;:&quot;24&quot;,&quot;iso&quot;:&quot;2500&quot;,&quot;shutter_speed&quot;:&quot;0.004&quot;,&quot;title&quot;:&quot;&quot;,&quot;orientation&quot;:&quot;0&quot;}\" data-image-title=\"IMG_7101\" data-image-description=\"\" data-image-caption=\"\" data-medium-file=\"https:\/\/www.legistdf.gob.ar\/wp-content\/uploads\/2022\/12\/IMG_7101-300x200.jpg\" data-large-file=\"https:\/\/www.legistdf.gob.ar\/wp-content\/uploads\/2022\/12\/IMG_7101-1024x683.jpg\" class=\"alignright wp-image-36631 size-medium\" src=\"https:\/\/www.legistdf.gob.ar\/wp-content\/uploads\/2022\/12\/IMG_7101-300x200.jpg\" alt=\"\" width=\"300\" height=\"200\" srcset=\"https:\/\/www.legistdf.gob.ar\/wp-content\/uploads\/2022\/12\/IMG_7101-300x200.jpg 300w, https:\/\/www.legistdf.gob.ar\/wp-content\/uploads\/2022\/12\/IMG_7101-768x512.jpg 768w, https:\/\/www.legistdf.gob.ar\/wp-content\/uploads\/2022\/12\/IMG_7101-1024x683.jpg 1024w, https:\/\/www.legistdf.gob.ar\/wp-content\/uploads\/2022\/12\/IMG_7101-160x107.jpg 160w, https:\/\/www.legistdf.gob.ar\/wp-content\/uploads\/2022\/12\/IMG_7101.jpg 1500w\" sizes=\"(max-width: 300px) 100vw, 300px\" \/>En tanto, aclar\u00f3 que no est\u00e1 relacionado s\u00f3lo con la Secretar\u00eda de Ambiente: \u201cLa realidad nos demuestra que tiene que haber un cambio de paradigma, que esta tem\u00e1tica tiene que abarcar a todas las pol\u00edticas p\u00fablicas\u201d, dijo la Parlamentaria del Partido Verde.<\/span><\/p>\n<p>&nbsp;<\/p>\n<p><span style=\"font-family: arial, helvetica, sans-serif;font-size: 12pt\">Agreg\u00f3 que \u201cla propuesta de esta Ley es plantear un esquema de gobernanza diferente para poder abordar el desaf\u00edo del cambio clim\u00e1tico, estamos legislando para el futuro pero tambi\u00e9n para el presente, porque lamentablemente vemos ahora todos los impactos de este fen\u00f3meno\u201d, asegur\u00f3 Mar\u00eda Laura Colazo.<\/span><\/p>\n<p>&nbsp;<\/p>\n<p><span style=\"font-family: arial, helvetica, sans-serif;font-size: 14pt\">Confirm\u00f3 que Tierra del Fuego es la tercera provincia del pa\u00eds en tener esta norma, con la que ya cuentan Santa Fe y la Ciudad Aut\u00f3noma de Buenos Aires: \u201cEs una legislaci\u00f3n de avanzada y es una muestra del compromiso ambiental de nuestra Provincia\u201d, sostuvo.<\/span><\/p>\n<p>&nbsp;<\/p>\n<p><span style=\"font-family: arial, helvetica, sans-serif;font-size: 12pt\">En el mismo sentido, explic\u00f3 que la propuesta incluye la creaci\u00f3n de una Coordinaci\u00f3n T\u00e9cnica Administrativa, para gestionar este gabinete, pero que en realidad, esa \u00e1rea ya existe dentro de la Secretar\u00eda de Ambiente, o sea que la norma propuesta \u201cinstitucionaliza esta \u00e1rea que ya fue creada en la gesti\u00f3n anterior. Tambi\u00e9n proponemos la creaci\u00f3n de un Consejo Asesor Provincial, incorporando la voz de los j\u00f3venes, con lo cual ser\u00edamos la primer provincia en sumar a la juventud en esta cuesti\u00f3n\u201d, concluy\u00f3 la Parlamentaria del Partido Verde.<\/span><\/p>\n<blockquote class=\"twitter-tweet\" data-width=\"550\" data-dnt=\"true\">\n<p lang=\"es\" dir=\"ltr\">La leg MLColazo se expres\u00f3 sobre la sanci\u00f3n de la Ley que regula y establece acciones e instrumentos para el proceso de mitigaci\u00f3n del Cambio Clim\u00e1tico. <a href=\"https:\/\/t.co\/qVXgkwCQ3E\">pic.twitter.com\/qVXgkwCQ3E<\/a><\/p>\n<p>&mdash; Prensa Legislativa (@PrensaLegisTDF) <a href=\"https:\/\/twitter.com\/PrensaLegisTDF\/status\/1605679636628635648?ref_src=twsrc%5Etfw\">December 21, 2022<\/a><\/p><\/blockquote>\n<p><script async src=\"https:\/\/platform.twitter.com\/widgets.js\" charset=\"utf-8\"><\/script><\/p>\n<p style=\"text-align: right\"><em><span style=\"font-family: arial, helvetica, sans-serif;font-size: 12pt\">ZV-NEGM-AT-LVV<\/span><\/em><\/p>\n<p style=\"text-align: right\"><span style=\"font-family: arial, helvetica, sans-serif;font-size: 12pt\"><a href=\"https:\/\/drive.google.com\/drive\/folders\/1rl3Jg36toOQHnNNCojqoiYNRe8nIlzpH\" target=\"_blank\" rel=\"noopener noreferrer\">Galer\u00eda de im\u00e1genes<\/a><\/span><\/p>\n\n\t\t<style type=\"text\/css\">\n\t\t\t#gallery-1 {\n\t\t\t\tmargin: auto;\n\t\t\t}\n\t\t\t#gallery-1 .gallery-item {\n\t\t\t\tfloat: left;\n\t\t\t\tmargin-top: 10px;\n\t\t\t\ttext-align: center;\n\t\t\t\twidth: 20%;\n\t\t\t}\n\t\t\t#gallery-1 img {\n\t\t\t\tborder: 2px solid #cfcfcf;\n\t\t\t}\n\t\t\t#gallery-1 .gallery-caption {\n\t\t\t\tmargin-left: 0;\n\t\t\t}\n\t\t\t\/* see gallery_shortcode() in wp-includes\/media.php *\/\n\t\t<\/style>\n\t\t<div data-carousel-extra='{\"blog_id\":1,\"permalink\":\"https:\\\/\\\/www.legistdf.gob.ar\\\/index.php\\\/2022\\\/12\\\/21\\\/ambiente-la-provincia-elaborara-un-plan-para-mitigar-los-efectos-del-cambio-climatico-dijo-maria-laura-colazo\\\/\"}' id='gallery-1' class='gallery galleryid-36640 gallery-columns-5 gallery-size-thumbnail'><dl class='gallery-item'>\n\t\t\t<dt class='gallery-icon landscape'>\n\t\t\t\t<a href='https:\/\/www.legistdf.gob.ar\/index.php\/2022\/12\/21\/sociedad-el-parlamento-sanciono-la-ley-de-transicion-energetica-en-la-provincia\/img_7097-2\/'><img loading=\"lazy\" decoding=\"async\" width=\"150\" height=\"150\" src=\"https:\/\/www.legistdf.gob.ar\/wp-content\/uploads\/2022\/12\/IMG_7097-150x150.jpg\" class=\"attachment-thumbnail size-thumbnail\" alt=\"\" srcset=\"https:\/\/www.legistdf.gob.ar\/wp-content\/uploads\/2022\/12\/IMG_7097-150x150.jpg 150w, https:\/\/www.legistdf.gob.ar\/wp-content\/uploads\/2022\/12\/IMG_7097-64x64.jpg 64w\" sizes=\"(max-width: 150px) 100vw, 150px\" data-attachment-id=\"36630\" data-permalink=\"https:\/\/www.legistdf.gob.ar\/index.php\/2022\/12\/21\/sociedad-el-parlamento-sanciono-la-ley-de-transicion-energetica-en-la-provincia\/img_7097-2\/\" data-orig-file=\"https:\/\/www.legistdf.gob.ar\/wp-content\/uploads\/2022\/12\/IMG_7097.jpg\" data-orig-size=\"1500,844\" data-comments-opened=\"0\" data-image-meta=\"{&quot;aperture&quot;:&quot;4&quot;,&quot;credit&quot;:&quot;&quot;,&quot;camera&quot;:&quot;Canon EOS 6D&quot;,&quot;caption&quot;:&quot;&quot;,&quot;created_timestamp&quot;:&quot;1671622522&quot;,&quot;copyright&quot;:&quot;&quot;,&quot;focal_length&quot;:&quot;31&quot;,&quot;iso&quot;:&quot;2500&quot;,&quot;shutter_speed&quot;:&quot;0.008&quot;,&quot;title&quot;:&quot;&quot;,&quot;orientation&quot;:&quot;0&quot;}\" data-image-title=\"IMG_7097\" data-image-description=\"\" data-image-caption=\"\" data-medium-file=\"https:\/\/www.legistdf.gob.ar\/wp-content\/uploads\/2022\/12\/IMG_7097-300x169.jpg\" data-large-file=\"https:\/\/www.legistdf.gob.ar\/wp-content\/uploads\/2022\/12\/IMG_7097-1024x576.jpg\" \/><\/a>\n\t\t\t<\/dt><\/dl><dl class='gallery-item'>\n\t\t\t<dt class='gallery-icon landscape'>\n\t\t\t\t<a href='https:\/\/www.legistdf.gob.ar\/index.php\/2022\/12\/21\/ambiente-la-provincia-elaborara-un-plan-para-mitigar-los-efectos-del-cambio-climatico-dijo-maria-laura-colazo\/img_7148-2\/'><img loading=\"lazy\" decoding=\"async\" width=\"150\" height=\"150\" src=\"https:\/\/www.legistdf.gob.ar\/wp-content\/uploads\/2022\/12\/IMG_7148-150x150.jpg\" class=\"attachment-thumbnail size-thumbnail\" alt=\"\" srcset=\"https:\/\/www.legistdf.gob.ar\/wp-content\/uploads\/2022\/12\/IMG_7148-150x150.jpg 150w, https:\/\/www.legistdf.gob.ar\/wp-content\/uploads\/2022\/12\/IMG_7148-64x64.jpg 64w\" sizes=\"(max-width: 150px) 100vw, 150px\" data-attachment-id=\"36643\" data-permalink=\"https:\/\/www.legistdf.gob.ar\/index.php\/2022\/12\/21\/ambiente-la-provincia-elaborara-un-plan-para-mitigar-los-efectos-del-cambio-climatico-dijo-maria-laura-colazo\/img_7148-2\/\" data-orig-file=\"https:\/\/www.legistdf.gob.ar\/wp-content\/uploads\/2022\/12\/IMG_7148.jpg\" data-orig-size=\"1500,1000\" data-comments-opened=\"0\" data-image-meta=\"{&quot;aperture&quot;:&quot;3.2&quot;,&quot;credit&quot;:&quot;&quot;,&quot;camera&quot;:&quot;Canon EOS 6D&quot;,&quot;caption&quot;:&quot;&quot;,&quot;created_timestamp&quot;:&quot;1671623605&quot;,&quot;copyright&quot;:&quot;&quot;,&quot;focal_length&quot;:&quot;55&quot;,&quot;iso&quot;:&quot;2500&quot;,&quot;shutter_speed&quot;:&quot;0.01&quot;,&quot;title&quot;:&quot;&quot;,&quot;orientation&quot;:&quot;0&quot;}\" data-image-title=\"IMG_7148\" data-image-description=\"\" data-image-caption=\"\" data-medium-file=\"https:\/\/www.legistdf.gob.ar\/wp-content\/uploads\/2022\/12\/IMG_7148-300x200.jpg\" data-large-file=\"https:\/\/www.legistdf.gob.ar\/wp-content\/uploads\/2022\/12\/IMG_7148-1024x683.jpg\" \/><\/a>\n\t\t\t<\/dt><\/dl><dl class='gallery-item'>\n\t\t\t<dt class='gallery-icon landscape'>\n\t\t\t\t<a href='https:\/\/www.legistdf.gob.ar\/index.php\/2022\/12\/21\/sociedad-el-parlamento-sanciono-la-ley-de-transicion-energetica-en-la-provincia\/img_7253-2\/'><img loading=\"lazy\" decoding=\"async\" width=\"150\" height=\"150\" src=\"https:\/\/www.legistdf.gob.ar\/wp-content\/uploads\/2022\/12\/IMG_7253-150x150.jpg\" class=\"attachment-thumbnail size-thumbnail\" alt=\"\" srcset=\"https:\/\/www.legistdf.gob.ar\/wp-content\/uploads\/2022\/12\/IMG_7253-150x150.jpg 150w, https:\/\/www.legistdf.gob.ar\/wp-content\/uploads\/2022\/12\/IMG_7253-64x64.jpg 64w\" sizes=\"(max-width: 150px) 100vw, 150px\" data-attachment-id=\"36635\" data-permalink=\"https:\/\/www.legistdf.gob.ar\/index.php\/2022\/12\/21\/sociedad-el-parlamento-sanciono-la-ley-de-transicion-energetica-en-la-provincia\/img_7253-2\/\" data-orig-file=\"https:\/\/www.legistdf.gob.ar\/wp-content\/uploads\/2022\/12\/IMG_7253.jpg\" data-orig-size=\"1500,1000\" data-comments-opened=\"0\" data-image-meta=\"{&quot;aperture&quot;:&quot;6.3&quot;,&quot;credit&quot;:&quot;&quot;,&quot;camera&quot;:&quot;Canon EOS 6D&quot;,&quot;caption&quot;:&quot;&quot;,&quot;created_timestamp&quot;:&quot;1671627382&quot;,&quot;copyright&quot;:&quot;&quot;,&quot;focal_length&quot;:&quot;24&quot;,&quot;iso&quot;:&quot;2500&quot;,&quot;shutter_speed&quot;:&quot;0.01&quot;,&quot;title&quot;:&quot;&quot;,&quot;orientation&quot;:&quot;0&quot;}\" data-image-title=\"IMG_7253\" data-image-description=\"\" data-image-caption=\"\" data-medium-file=\"https:\/\/www.legistdf.gob.ar\/wp-content\/uploads\/2022\/12\/IMG_7253-300x200.jpg\" data-large-file=\"https:\/\/www.legistdf.gob.ar\/wp-content\/uploads\/2022\/12\/IMG_7253-1024x683.jpg\" \/><\/a>\n\t\t\t<\/dt><\/dl><dl class='gallery-item'>\n\t\t\t<dt class='gallery-icon landscape'>\n\t\t\t\t<a href='https:\/\/www.legistdf.gob.ar\/index.php\/2022\/12\/21\/sociedad-el-parlamento-sanciono-la-ley-de-transicion-energetica-en-la-provincia\/img_7055\/'><img loading=\"lazy\" decoding=\"async\" width=\"150\" height=\"150\" src=\"https:\/\/www.legistdf.gob.ar\/wp-content\/uploads\/2022\/12\/IMG_7055-150x150.jpg\" class=\"attachment-thumbnail size-thumbnail\" alt=\"\" srcset=\"https:\/\/www.legistdf.gob.ar\/wp-content\/uploads\/2022\/12\/IMG_7055-150x150.jpg 150w, https:\/\/www.legistdf.gob.ar\/wp-content\/uploads\/2022\/12\/IMG_7055-64x64.jpg 64w\" sizes=\"(max-width: 150px) 100vw, 150px\" data-attachment-id=\"36628\" data-permalink=\"https:\/\/www.legistdf.gob.ar\/index.php\/2022\/12\/21\/sociedad-el-parlamento-sanciono-la-ley-de-transicion-energetica-en-la-provincia\/img_7055\/\" data-orig-file=\"https:\/\/www.legistdf.gob.ar\/wp-content\/uploads\/2022\/12\/IMG_7055.jpg\" data-orig-size=\"1500,1000\" data-comments-opened=\"0\" data-image-meta=\"{&quot;aperture&quot;:&quot;2.8&quot;,&quot;credit&quot;:&quot;&quot;,&quot;camera&quot;:&quot;Canon EOS 6D&quot;,&quot;caption&quot;:&quot;&quot;,&quot;created_timestamp&quot;:&quot;1671622167&quot;,&quot;copyright&quot;:&quot;&quot;,&quot;focal_length&quot;:&quot;70&quot;,&quot;iso&quot;:&quot;2500&quot;,&quot;shutter_speed&quot;:&quot;0.005&quot;,&quot;title&quot;:&quot;&quot;,&quot;orientation&quot;:&quot;0&quot;}\" data-image-title=\"IMG_7055\" data-image-description=\"\" data-image-caption=\"\" data-medium-file=\"https:\/\/www.legistdf.gob.ar\/wp-content\/uploads\/2022\/12\/IMG_7055-300x200.jpg\" data-large-file=\"https:\/\/www.legistdf.gob.ar\/wp-content\/uploads\/2022\/12\/IMG_7055-1024x683.jpg\" \/><\/a>\n\t\t\t<\/dt><\/dl><dl class='gallery-item'>\n\t\t\t<dt class='gallery-icon landscape'>\n\t\t\t\t<a href='https:\/\/www.legistdf.gob.ar\/index.php\/2022\/12\/21\/sociedad-el-parlamento-sanciono-la-ley-de-transicion-energetica-en-la-provincia\/img_7101-4\/'><img loading=\"lazy\" decoding=\"async\" width=\"150\" height=\"150\" src=\"https:\/\/www.legistdf.gob.ar\/wp-content\/uploads\/2022\/12\/IMG_7101-150x150.jpg\" class=\"attachment-thumbnail size-thumbnail\" alt=\"\" srcset=\"https:\/\/www.legistdf.gob.ar\/wp-content\/uploads\/2022\/12\/IMG_7101-150x150.jpg 150w, https:\/\/www.legistdf.gob.ar\/wp-content\/uploads\/2022\/12\/IMG_7101-64x64.jpg 64w\" sizes=\"(max-width: 150px) 100vw, 150px\" data-attachment-id=\"36631\" data-permalink=\"https:\/\/www.legistdf.gob.ar\/index.php\/2022\/12\/21\/sociedad-el-parlamento-sanciono-la-ley-de-transicion-energetica-en-la-provincia\/img_7101-4\/\" data-orig-file=\"https:\/\/www.legistdf.gob.ar\/wp-content\/uploads\/2022\/12\/IMG_7101.jpg\" data-orig-size=\"1500,1000\" data-comments-opened=\"0\" data-image-meta=\"{&quot;aperture&quot;:&quot;3.5&quot;,&quot;credit&quot;:&quot;&quot;,&quot;camera&quot;:&quot;Canon EOS 6D&quot;,&quot;caption&quot;:&quot;&quot;,&quot;created_timestamp&quot;:&quot;1671622690&quot;,&quot;copyright&quot;:&quot;&quot;,&quot;focal_length&quot;:&quot;24&quot;,&quot;iso&quot;:&quot;2500&quot;,&quot;shutter_speed&quot;:&quot;0.004&quot;,&quot;title&quot;:&quot;&quot;,&quot;orientation&quot;:&quot;0&quot;}\" data-image-title=\"IMG_7101\" data-image-description=\"\" data-image-caption=\"\" data-medium-file=\"https:\/\/www.legistdf.gob.ar\/wp-content\/uploads\/2022\/12\/IMG_7101-300x200.jpg\" data-large-file=\"https:\/\/www.legistdf.gob.ar\/wp-content\/uploads\/2022\/12\/IMG_7101-1024x683.jpg\" \/><\/a>\n\t\t\t<\/dt><\/dl><br style=\"clear: both\" \/>\n\t\t<\/div>\n\n","protected":false},"excerpt":{"rendered":"<p>Ushuaia, mi\u00e9rcoles 21 de diciembre de 2022.- La actual conformaci\u00f3n Legislativa, demostr\u00f3 su compromiso con el ambiente. Y una prueba m\u00e1s de ello es la sanci\u00f3n de la norma que impuls\u00f3 la legisladora del Partido Verde, Mar\u00eda Laura Colazo y que hoy es Ley. Se trata del proceso de acciones, instrumentos y estrategias que pongan [&hellip;]<\/p>\n","protected":false},"author":352,"featured_media":36643,"comment_status":"closed","ping_status":"open","sticky":false,"template":"","format":"standard","meta":{"jetpack_post_was_ever_published":false,"_jetpack_newsletter_access":"","_jetpack_dont_email_post_to_subs":false,"_jetpack_newsletter_tier_id":0,"footnotes":"","jetpack_publicize_message":"","jetpack_publicize_feature_enabled":true,"jetpack_social_post_already_shared":true,"jetpack_social_options":{"image_generator_settings":{"template":"highway","enabled":false}}},"categories":[1],"tags":[2049,78,1876,1825,79,87],"jetpack_publicize_connections":[],"jetpack_sharing_enabled":true,"jetpack_featured_media_url":"https:\/\/www.legistdf.gob.ar\/wp-content\/uploads\/2022\/12\/IMG_7148.jpg","jetpack-related-posts":[],"_links":{"self":[{"href":"https:\/\/www.legistdf.gob.ar\/index.php\/wp-json\/wp\/v2\/posts\/36640"}],"collection":[{"href":"https:\/\/www.legistdf.gob.ar\/index.php\/wp-json\/wp\/v2\/posts"}],"about":[{"href":"https:\/\/www.legistdf.gob.ar\/index.php\/wp-json\/wp\/v2\/types\/post"}],"author":[{"embeddable":true,"href":"https:\/\/www.legistdf.gob.ar\/index.php\/wp-json\/wp\/v2\/users\/352"}],"replies":[{"embeddable":true,"href":"https:\/\/www.legistdf.gob.ar\/index.php\/wp-json\/wp\/v2\/comments?post=36640"}],"version-history":[{"count":4,"href":"https:\/\/www.legistdf.gob.ar\/index.php\/wp-json\/wp\/v2\/posts\/36640\/revisions"}],"predecessor-version":[{"id":36654,"href":"https:\/\/www.legistdf.gob.ar\/index.php\/wp-json\/wp\/v2\/posts\/36640\/revisions\/36654"}],"wp:featuredmedia":[{"embeddable":true,"href":"https:\/\/www.legistdf.gob.ar\/index.php\/wp-json\/wp\/v2\/media\/36643"}],"wp:attachment":[{"href":"https:\/\/www.legistdf.gob.ar\/index.php\/wp-json\/wp\/v2\/media?parent=36640"}],"wp:term":[{"taxonomy":"category","embeddable":true,"href":"https:\/\/www.legistdf.gob.ar\/index.php\/wp-json\/wp\/v2\/categories?post=36640"},{"taxonomy":"post_tag","embeddable":true,"href":"https:\/\/www.legistdf.gob.ar\/index.php\/wp-json\/wp\/v2\/tags?post=36640"}],"curies":[{"name":"wp","href":"https:\/\/api.w.org\/{rel}","templated":true}]}}