{"id":36652,"date":"2022-12-21T19:02:08","date_gmt":"2022-12-21T22:02:08","guid":{"rendered":"https:\/\/www.legistdf.gob.ar\/?p=36652"},"modified":"2022-12-21T19:02:08","modified_gmt":"2022-12-21T22:02:08","slug":"educacion-el-parlamento-creo-el-programa-provincial-conozcamos-la-antartida-argentina","status":"publish","type":"post","link":"https:\/\/www.legistdf.gob.ar\/index.php\/2022\/12\/21\/educacion-el-parlamento-creo-el-programa-provincial-conozcamos-la-antartida-argentina\/","title":{"rendered":"EDUCACI\u00d3N: El Parlamento cre\u00f3 el programa provincial \u201cConozcamos la Ant\u00e1rtida Argentina\u201d"},"content":{"rendered":"<p><strong><img loading=\"lazy\" decoding=\"async\" data-attachment-id=\"36633\" data-permalink=\"https:\/\/www.legistdf.gob.ar\/index.php\/2022\/12\/21\/sociedad-el-parlamento-sanciono-la-ley-de-transicion-energetica-en-la-provincia\/img_7139\/\" data-orig-file=\"https:\/\/www.legistdf.gob.ar\/wp-content\/uploads\/2022\/12\/IMG_7139.jpg\" data-orig-size=\"1500,1000\" data-comments-opened=\"0\" data-image-meta=\"{&quot;aperture&quot;:&quot;3.2&quot;,&quot;credit&quot;:&quot;&quot;,&quot;camera&quot;:&quot;Canon EOS 6D&quot;,&quot;caption&quot;:&quot;&quot;,&quot;created_timestamp&quot;:&quot;1671623189&quot;,&quot;copyright&quot;:&quot;&quot;,&quot;focal_length&quot;:&quot;24&quot;,&quot;iso&quot;:&quot;2500&quot;,&quot;shutter_speed&quot;:&quot;0.008&quot;,&quot;title&quot;:&quot;&quot;,&quot;orientation&quot;:&quot;0&quot;}\" data-image-title=\"IMG_7139\" data-image-description=\"\" data-image-caption=\"\" data-medium-file=\"https:\/\/www.legistdf.gob.ar\/wp-content\/uploads\/2022\/12\/IMG_7139-300x200.jpg\" data-large-file=\"https:\/\/www.legistdf.gob.ar\/wp-content\/uploads\/2022\/12\/IMG_7139-1024x683.jpg\" class=\"alignright wp-image-36633 size-medium\" src=\"https:\/\/www.legistdf.gob.ar\/wp-content\/uploads\/2022\/12\/IMG_7139-300x200.jpg\" alt=\"\" width=\"300\" height=\"200\" srcset=\"https:\/\/www.legistdf.gob.ar\/wp-content\/uploads\/2022\/12\/IMG_7139-300x200.jpg 300w, https:\/\/www.legistdf.gob.ar\/wp-content\/uploads\/2022\/12\/IMG_7139-768x512.jpg 768w, https:\/\/www.legistdf.gob.ar\/wp-content\/uploads\/2022\/12\/IMG_7139-1024x683.jpg 1024w, https:\/\/www.legistdf.gob.ar\/wp-content\/uploads\/2022\/12\/IMG_7139-160x107.jpg 160w, https:\/\/www.legistdf.gob.ar\/wp-content\/uploads\/2022\/12\/IMG_7139.jpg 1500w\" sizes=\"(max-width: 300px) 100vw, 300px\" \/><span style=\"font-family: arial, helvetica, sans-serif;font-size: 14pt\">Ushuaia, mi\u00e9rcoles 21 de diciembre de 2022.- Bajo el lema, \u201cno se puede amar lo que no se conoce ni defender lo que no se ama\u201d, se cre\u00f3 hoy el Programa Provincial \u201cConozcamos la Ant\u00e1rtida Argentina\u201d, que tendr\u00e1 como finalidad capacitar a los estudiantes del \u00faltimo a\u00f1o del nivel secundario y nivel superior de los establecimientos educativos de gesti\u00f3n p\u00fablica y de gesti\u00f3n privada, sobre tem\u00e1ticas referidas al Continente Blanco. La iniciativa fue sancionada con el voto de la totalidad de las y los Legisladores.<\/span><\/strong><\/p>\n<p><span style=\"font-family: arial, helvetica, sans-serif;font-size: 12pt\"><strong>\u00a0<\/strong><\/span><\/p>\n<p><span style=\"font-family: arial, helvetica, sans-serif;font-size: 12pt\">La iniciativa, de autor\u00eda del legislador Emmanuel Trentino del bloque FORJA, tiene \u201ccomo finalidad realizar las gestiones y acciones necesarias para capacitar a los estudiantes que cursen el \u00faltimo a\u00f1o en establecimientos educativos de nivel secundario y nivel superior, p\u00fablicos y\/o establecimientos educativos p\u00fablicos de gesti\u00f3n privada, sobre tem\u00e1ticas referidas a los intereses provinciales y nacionales en la Ant\u00e1rtida Argentina, mediante la realizaci\u00f3n de conversatorios, exposiciones, distribuci\u00f3n de material audiovisual\u201d.<\/span><\/p>\n<p>&nbsp;<\/p>\n<p><span style=\"font-family: arial, helvetica, sans-serif;font-size: 12pt\">Adem\u00e1s, en el articulado se indica que se elegir\u00e1 a un estudiante de cada ciudad para que viajen a la Ant\u00e1rtida. La selecci\u00f3n se realizar\u00e1 mediante un procedimiento en la cual se garantice igualdad de trato, paridad de g\u00e9nero, transparencia y bienestar psicof\u00edsico de los participantes, conforme lo dicte la reglamentaci\u00f3n.<\/span><\/p>\n<p>&nbsp;<\/p>\n<p><span style=\"font-family: arial, helvetica, sans-serif;font-size: 12pt\">\u201cLos estudiantes a su regreso, ser\u00e1n entre sus pares, los mejores trasmisores de la experiencia vivida de forma tal\u00a0 que ese conocimiento sea trasmitido a los participantes del programa de la forma m\u00e1s genuina, que es a trav\u00e9s del relato\u201d, especifican en los fundamentos.<\/span><\/p>\n<p style=\"text-align: right\"><span style=\"font-family: arial, helvetica, sans-serif;font-size: 12pt\"><em>ZV-NEGM-AT<\/em><\/span><\/p>\n<p style=\"text-align: right\"><span style=\"font-family: arial, helvetica, sans-serif;font-size: 12pt\"><a href=\"https:\/\/drive.google.com\/drive\/folders\/1rl3Jg36toOQHnNNCojqoiYNRe8nIlzpH\" target=\"_blank\" rel=\"noopener noreferrer\">Galer\u00eda de im\u00e1genes<\/a><\/span><\/p>\n<blockquote class=\"twitter-tweet\" data-width=\"550\" data-dnt=\"true\">\n<p lang=\"es\" dir=\"ltr\">El leg ETrentino se mostr\u00f3 satisfecho por la sanci\u00f3n de la Ley que crea el programa Conociendo la Ant\u00e1rtida Argentina y la resoluci\u00f3n que destaca la conformaci\u00f3n y actuaci\u00f3n del Comando Conjunto Ant\u00e1rtico (CoCoAntar). <a href=\"https:\/\/t.co\/yFbbYB2oAH\">pic.twitter.com\/yFbbYB2oAH<\/a><\/p>\n<p>&mdash; Prensa Legislativa (@PrensaLegisTDF) <a href=\"https:\/\/twitter.com\/PrensaLegisTDF\/status\/1605650270016442379?ref_src=twsrc%5Etfw\">December 21, 2022<\/a><\/p><\/blockquote>\n<p><script async src=\"https:\/\/platform.twitter.com\/widgets.js\" charset=\"utf-8\"><\/script><\/p>\n<p>&nbsp;<\/p>\n<p>&nbsp;<\/p>\n","protected":false},"excerpt":{"rendered":"<p>Ushuaia, mi\u00e9rcoles 21 de diciembre de 2022.- Bajo el lema, \u201cno se puede amar lo que no se conoce ni defender lo que no se ama\u201d, se cre\u00f3 hoy el Programa Provincial \u201cConozcamos la Ant\u00e1rtida Argentina\u201d, que tendr\u00e1 como finalidad capacitar a los estudiantes del \u00faltimo a\u00f1o del nivel secundario y nivel superior de los [&hellip;]<\/p>\n","protected":false},"author":352,"featured_media":36655,"comment_status":"closed","ping_status":"open","sticky":false,"template":"","format":"standard","meta":{"jetpack_post_was_ever_published":false,"_jetpack_newsletter_access":"","_jetpack_dont_email_post_to_subs":false,"_jetpack_newsletter_tier_id":0,"footnotes":"","jetpack_publicize_message":"","jetpack_publicize_feature_enabled":true,"jetpack_social_post_already_shared":true,"jetpack_social_options":{"image_generator_settings":{"template":"highway","enabled":false}}},"categories":[1],"tags":[295,1818,130,2826],"jetpack_publicize_connections":[],"jetpack_sharing_enabled":true,"jetpack_featured_media_url":"https:\/\/www.legistdf.gob.ar\/wp-content\/uploads\/2022\/12\/IMG_7083.jpg","jetpack-related-posts":[],"_links":{"self":[{"href":"https:\/\/www.legistdf.gob.ar\/index.php\/wp-json\/wp\/v2\/posts\/36652"}],"collection":[{"href":"https:\/\/www.legistdf.gob.ar\/index.php\/wp-json\/wp\/v2\/posts"}],"about":[{"href":"https:\/\/www.legistdf.gob.ar\/index.php\/wp-json\/wp\/v2\/types\/post"}],"author":[{"embeddable":true,"href":"https:\/\/www.legistdf.gob.ar\/index.php\/wp-json\/wp\/v2\/users\/352"}],"replies":[{"embeddable":true,"href":"https:\/\/www.legistdf.gob.ar\/index.php\/wp-json\/wp\/v2\/comments?post=36652"}],"version-history":[{"count":2,"href":"https:\/\/www.legistdf.gob.ar\/index.php\/wp-json\/wp\/v2\/posts\/36652\/revisions"}],"predecessor-version":[{"id":36658,"href":"https:\/\/www.legistdf.gob.ar\/index.php\/wp-json\/wp\/v2\/posts\/36652\/revisions\/36658"}],"wp:featuredmedia":[{"embeddable":true,"href":"https:\/\/www.legistdf.gob.ar\/index.php\/wp-json\/wp\/v2\/media\/36655"}],"wp:attachment":[{"href":"https:\/\/www.legistdf.gob.ar\/index.php\/wp-json\/wp\/v2\/media?parent=36652"}],"wp:term":[{"taxonomy":"category","embeddable":true,"href":"https:\/\/www.legistdf.gob.ar\/index.php\/wp-json\/wp\/v2\/categories?post=36652"},{"taxonomy":"post_tag","embeddable":true,"href":"https:\/\/www.legistdf.gob.ar\/index.php\/wp-json\/wp\/v2\/tags?post=36652"}],"curies":[{"name":"wp","href":"https:\/\/api.w.org\/{rel}","templated":true}]}}