{"id":36741,"date":"2023-01-11T15:00:21","date_gmt":"2023-01-11T18:00:21","guid":{"rendered":"https:\/\/www.legistdf.gob.ar\/?p=36741"},"modified":"2023-01-11T12:41:36","modified_gmt":"2023-01-11T15:41:36","slug":"anuario-2022-el-parlamento-sanciono-nuevas-leyes-para-el-cuidado-del-medio-ambiente","status":"publish","type":"post","link":"https:\/\/www.legistdf.gob.ar\/index.php\/2023\/01\/11\/anuario-2022-el-parlamento-sanciono-nuevas-leyes-para-el-cuidado-del-medio-ambiente\/","title":{"rendered":"ANUARIO 2022: El Parlamento sancion\u00f3 nuevas Leyes para el cuidado del medio ambiente"},"content":{"rendered":"<p><strong><img loading=\"lazy\" decoding=\"async\" data-attachment-id=\"33935\" data-permalink=\"https:\/\/www.legistdf.gob.ar\/index.php\/2022\/08\/10\/mitre-ambientalistas-expectantes-ante-acciones-legislativas-por-la-proteccion-de-la-peninsula\/img_3611-3\/\" data-orig-file=\"https:\/\/www.legistdf.gob.ar\/wp-content\/uploads\/2022\/08\/IMG_3611.jpg\" data-orig-size=\"1200,800\" data-comments-opened=\"0\" data-image-meta=\"{&quot;aperture&quot;:&quot;5&quot;,&quot;credit&quot;:&quot;&quot;,&quot;camera&quot;:&quot;Canon EOS 6D&quot;,&quot;caption&quot;:&quot;&quot;,&quot;created_timestamp&quot;:&quot;1660053896&quot;,&quot;copyright&quot;:&quot;&quot;,&quot;focal_length&quot;:&quot;70&quot;,&quot;iso&quot;:&quot;500&quot;,&quot;shutter_speed&quot;:&quot;0.004&quot;,&quot;title&quot;:&quot;&quot;,&quot;orientation&quot;:&quot;0&quot;}\" data-image-title=\"IMG_3611\" data-image-description=\"\" data-image-caption=\"\" data-medium-file=\"https:\/\/www.legistdf.gob.ar\/wp-content\/uploads\/2022\/08\/IMG_3611-300x200.jpg\" data-large-file=\"https:\/\/www.legistdf.gob.ar\/wp-content\/uploads\/2022\/08\/IMG_3611-1024x683.jpg\" class=\"alignleft wp-image-33935 size-medium\" src=\"https:\/\/www.legistdf.gob.ar\/wp-content\/uploads\/2022\/08\/IMG_3611-300x200.jpg\" alt=\"\" width=\"300\" height=\"200\" srcset=\"https:\/\/www.legistdf.gob.ar\/wp-content\/uploads\/2022\/08\/IMG_3611-300x200.jpg 300w, https:\/\/www.legistdf.gob.ar\/wp-content\/uploads\/2022\/08\/IMG_3611-768x512.jpg 768w, https:\/\/www.legistdf.gob.ar\/wp-content\/uploads\/2022\/08\/IMG_3611-1024x683.jpg 1024w, https:\/\/www.legistdf.gob.ar\/wp-content\/uploads\/2022\/08\/IMG_3611-160x107.jpg 160w, https:\/\/www.legistdf.gob.ar\/wp-content\/uploads\/2022\/08\/IMG_3611.jpg 1200w\" sizes=\"(max-width: 300px) 100vw, 300px\" \/><span style=\"font-size: 14pt\">Ushuaia, miercoles 11 de enero de 2023.- Durante el 2022, el Parlamento sancion\u00f3 sendas Leyes con la finalidad de mejorar la calidad de vida de los fueguinos, en la b\u00fasqueda de ampliaci\u00f3n de derechos y preservaci\u00f3n del medio ambiente, entre las m\u00e1s destacadas. En este informe, describimos las normas que entraron en vigencia en el \u00faltimo per\u00edodo y que est\u00e1n relacionadas con el cuidado del ambiente.<\/span><\/strong><\/p>\n<p>&nbsp;<\/p>\n<p style=\"text-align: center\"><strong><em>PEN\u00cdNSULA MITRE: TIERRA DEL FUEGO TIENE UNA NUEVA \u00c1REA PROTEGIDA<\/em><\/strong><\/p>\n<p><em>\u00a0<\/em><\/p>\n<p><img loading=\"lazy\" decoding=\"async\" data-attachment-id=\"36355\" data-permalink=\"https:\/\/www.legistdf.gob.ar\/index.php\/2022\/12\/06\/sesion-especial-creacion-anp-peninsula-mitre\/img_5848-3\/\" data-orig-file=\"https:\/\/www.legistdf.gob.ar\/wp-content\/uploads\/2022\/12\/IMG_5848.jpg\" data-orig-size=\"1500,1000\" data-comments-opened=\"0\" data-image-meta=\"{&quot;aperture&quot;:&quot;5&quot;,&quot;credit&quot;:&quot;&quot;,&quot;camera&quot;:&quot;Canon EOS Rebel T6i&quot;,&quot;caption&quot;:&quot;&quot;,&quot;created_timestamp&quot;:&quot;1670353497&quot;,&quot;copyright&quot;:&quot;&quot;,&quot;focal_length&quot;:&quot;10&quot;,&quot;iso&quot;:&quot;400&quot;,&quot;shutter_speed&quot;:&quot;0.0003125&quot;,&quot;title&quot;:&quot;&quot;,&quot;orientation&quot;:&quot;0&quot;}\" data-image-title=\"IMG_5848\" data-image-description=\"\" data-image-caption=\"\" data-medium-file=\"https:\/\/www.legistdf.gob.ar\/wp-content\/uploads\/2022\/12\/IMG_5848-300x200.jpg\" data-large-file=\"https:\/\/www.legistdf.gob.ar\/wp-content\/uploads\/2022\/12\/IMG_5848-1024x683.jpg\" class=\"alignright wp-image-36355 size-medium\" src=\"https:\/\/www.legistdf.gob.ar\/wp-content\/uploads\/2022\/12\/IMG_5848-300x200.jpg\" alt=\"\" width=\"300\" height=\"200\" srcset=\"https:\/\/www.legistdf.gob.ar\/wp-content\/uploads\/2022\/12\/IMG_5848-300x200.jpg 300w, https:\/\/www.legistdf.gob.ar\/wp-content\/uploads\/2022\/12\/IMG_5848-768x512.jpg 768w, https:\/\/www.legistdf.gob.ar\/wp-content\/uploads\/2022\/12\/IMG_5848-1024x683.jpg 1024w, https:\/\/www.legistdf.gob.ar\/wp-content\/uploads\/2022\/12\/IMG_5848-160x107.jpg 160w, https:\/\/www.legistdf.gob.ar\/wp-content\/uploads\/2022\/12\/IMG_5848.jpg 1500w\" sizes=\"(max-width: 300px) 100vw, 300px\" \/><strong><span style=\"font-size: 14pt\">Con la sanci\u00f3n de la <a href=\"http:\/\/200.41.191.125:134\/index.php\/1959-area-natural-protegida-peninsula-mitre-creacion\" target=\"_blank\" rel=\"noopener noreferrer\">Ley N\u00b0 1461<\/a>, la Legislatura fueguina cre\u00f3 el \u00c1rea Natural Protegida Pen\u00ednsula Mitre. En sesi\u00f3n espacial, las y los Legisladores de Tierra del Fuego dieron lugar a la sanci\u00f3n del texto que se trabaj\u00f3 desde el inicio de la gesti\u00f3n legislativa actual, y que tiene un recorrido de m\u00e1s de 30 a\u00f1os. Pen\u00ednsula Mitre conforma el punto de mayor captura de carbono en Argentina, hecho que la convierte en un lugar clave para la lucha contra la crisis clim\u00e1tica mundial.\u00a0<\/span><\/strong><\/p>\n<p>&nbsp;<\/p>\n<p>Cabe recordar, que en diciembre de 2020, por <a href=\"https:\/\/www.tierradelfuego.gob.ar\/el-gobernador-melella-declaro-de-interes-ambiental-natural-y-cultural-a-peninsula-mitre\/\" target=\"_blank\" rel=\"noopener noreferrer\">decreto provincial<\/a>, la zona fue declarada de inter\u00e9s ambiental, natural y cultural. La decisi\u00f3n gubernamental, marc\u00f3 el camino de respeto y preservaci\u00f3n, que el Parlamento fueguino termin\u00f3 de consolidar, a trav\u00e9s de la sanci\u00f3n de la norma.<\/p>\n<p>&nbsp;<\/p>\n<p>Las ONG locales involucradas en la tem\u00e1tica, resaltaron \u201ca todos los Legisladores de este per\u00edodo, que decidieron trabajar en beneficio de toda la comunidad. Muchas veces vimos que otros intereses se colaban en el camino y no pudo hacerse realidad la creaci\u00f3n de esta \u00e1rea protegida\u201d que hoy es una realidad, aseguraron en el Recinto de Sesiones.<\/p>\n<p>&nbsp;<\/p>\n<p><iframe loading=\"lazy\" title=\"PEN\u00cdNSULA MITRE: Tierra del Fuego tiene una nueva \u00c1rea Protegida\" width=\"844\" height=\"475\" src=\"https:\/\/www.youtube.com\/embed\/iA2aRwyrG8w?feature=oembed\" frameborder=\"0\" allow=\"accelerometer; autoplay; clipboard-write; encrypted-media; gyroscope; picture-in-picture; web-share\" allowfullscreen><\/iframe><\/p>\n<p>&nbsp;<\/p>\n<p style=\"text-align: center\"><strong><em>DECLARAN LA EMERGENCIA AMBIENTAL POR INCENDIOS FORESTALES<\/em><\/strong><\/p>\n<p>&nbsp;<\/p>\n<p><img loading=\"lazy\" decoding=\"async\" data-attachment-id=\"36742\" data-permalink=\"https:\/\/www.legistdf.gob.ar\/index.php\/2023\/01\/11\/anuario-2022-el-parlamento-sanciono-nuevas-leyes-para-el-cuidado-del-medio-ambiente\/prohibicion-fuego\/\" data-orig-file=\"https:\/\/www.legistdf.gob.ar\/wp-content\/uploads\/2023\/01\/prohibici\u00f3n-fuego.jpg\" data-orig-size=\"1081,1081\" data-comments-opened=\"0\" data-image-meta=\"{&quot;aperture&quot;:&quot;0&quot;,&quot;credit&quot;:&quot;&quot;,&quot;camera&quot;:&quot;&quot;,&quot;caption&quot;:&quot;&quot;,&quot;created_timestamp&quot;:&quot;0&quot;,&quot;copyright&quot;:&quot;&quot;,&quot;focal_length&quot;:&quot;0&quot;,&quot;iso&quot;:&quot;0&quot;,&quot;shutter_speed&quot;:&quot;0&quot;,&quot;title&quot;:&quot;&quot;,&quot;orientation&quot;:&quot;0&quot;}\" data-image-title=\"prohibici\u00f3n fuego\" data-image-description=\"\" data-image-caption=\"\" data-medium-file=\"https:\/\/www.legistdf.gob.ar\/wp-content\/uploads\/2023\/01\/prohibici\u00f3n-fuego-300x300.jpg\" data-large-file=\"https:\/\/www.legistdf.gob.ar\/wp-content\/uploads\/2023\/01\/prohibici\u00f3n-fuego-1024x1024.jpg\" class=\"alignleft wp-image-36742 size-medium\" src=\"https:\/\/www.legistdf.gob.ar\/wp-content\/uploads\/2023\/01\/prohibici\u00f3n-fuego-300x300.jpg\" alt=\"\" width=\"300\" height=\"300\" srcset=\"https:\/\/www.legistdf.gob.ar\/wp-content\/uploads\/2023\/01\/prohibici\u00f3n-fuego-300x300.jpg 300w, https:\/\/www.legistdf.gob.ar\/wp-content\/uploads\/2023\/01\/prohibici\u00f3n-fuego-150x150.jpg 150w, https:\/\/www.legistdf.gob.ar\/wp-content\/uploads\/2023\/01\/prohibici\u00f3n-fuego-768x768.jpg 768w, https:\/\/www.legistdf.gob.ar\/wp-content\/uploads\/2023\/01\/prohibici\u00f3n-fuego-1024x1024.jpg 1024w, https:\/\/www.legistdf.gob.ar\/wp-content\/uploads\/2023\/01\/prohibici\u00f3n-fuego-160x160.jpg 160w, https:\/\/www.legistdf.gob.ar\/wp-content\/uploads\/2023\/01\/prohibici\u00f3n-fuego-64x64.jpg 64w, https:\/\/www.legistdf.gob.ar\/wp-content\/uploads\/2023\/01\/prohibici\u00f3n-fuego.jpg 1081w\" sizes=\"(max-width: 300px) 100vw, 300px\" \/><strong><span style=\"font-size: 14pt\">Con la mirada de preservar el medio ambiente fueguino, en sesi\u00f3n ordinaria las y los Legisladores, sancionaron la <a href=\"http:\/\/200.41.191.125:134\/index.php\/1955-emergencia-ambiental-por-incendios-forestales-declaracion\" target=\"_blank\" rel=\"noopener noreferrer\">Ley N\u00b0 1457<\/a> que declara la emergencia ambiental por incendios forestales, en todo el territorio de la Provincia. La prohibici\u00f3n se extender\u00e1 hasta el hasta el 30 de junio de 2023. La norma debe su origen al \u201cescenario provocado por los incendios\u201d que se iniciaron a fines de noviembre e incluye la mitigaci\u00f3n de da\u00f1os ambientales y productivos.<\/span><\/strong><\/p>\n<p>&nbsp;<\/p>\n<p>Asimismo, el texto acordado autoriza al Poder Ejecutivo a readecuar partidas presupuestarias a los efectos de reasignarlas con vistas a aportar en la gesti\u00f3n ambiental, y en su art\u00edculo 7\u00b0, establece la prohibici\u00f3n para el encendido de fuego en zonas agrestes y de campamentos organizados hasta el 30 de junio del a\u00f1o 2024.<\/p>\n<p>&nbsp;<\/p>\n<p>La referente del bloque FORJA, legisladora M\u00f3nica Acosta solicit\u00f3 sumar a las campa\u00f1as de concientizaci\u00f3n, informaci\u00f3n y sensibilizaci\u00f3n, a la cartera educativa provincial, propuesta a la que se sum\u00f3 la bancada del Partido Verde.<\/p>\n<p>&nbsp;<\/p>\n<p>En su fundamentaci\u00f3n, adem\u00e1s la legisladora Mar\u00eda Laura Colazo sostuvo que es necesario convocar a los municipios de la Provincia, en el texto normativo, a los efectos que colaboren en la prevenci\u00f3n y vigilancia en las zonas de influencia de los mismos.<\/p>\n<p>&nbsp;<\/p>\n<p style=\"text-align: center\"><span style=\"font-size: 12pt\"><strong><em>LA PROVINCIA TOMAR\u00c1 MEDIDAS PARA MITIGAR LOS EFECTOS DEL CAMBIO CLIM\u00c1TICO<\/em><\/strong><\/span><\/p>\n<p><strong><em>\u00a0<\/em><\/strong><\/p>\n<p><span style=\"font-size: 14pt\"><strong><img loading=\"lazy\" decoding=\"async\" data-attachment-id=\"36643\" data-permalink=\"https:\/\/www.legistdf.gob.ar\/index.php\/2022\/12\/21\/ambiente-la-provincia-elaborara-un-plan-para-mitigar-los-efectos-del-cambio-climatico-dijo-maria-laura-colazo\/img_7148-2\/\" data-orig-file=\"https:\/\/www.legistdf.gob.ar\/wp-content\/uploads\/2022\/12\/IMG_7148.jpg\" data-orig-size=\"1500,1000\" data-comments-opened=\"0\" data-image-meta=\"{&quot;aperture&quot;:&quot;3.2&quot;,&quot;credit&quot;:&quot;&quot;,&quot;camera&quot;:&quot;Canon EOS 6D&quot;,&quot;caption&quot;:&quot;&quot;,&quot;created_timestamp&quot;:&quot;1671623605&quot;,&quot;copyright&quot;:&quot;&quot;,&quot;focal_length&quot;:&quot;55&quot;,&quot;iso&quot;:&quot;2500&quot;,&quot;shutter_speed&quot;:&quot;0.01&quot;,&quot;title&quot;:&quot;&quot;,&quot;orientation&quot;:&quot;0&quot;}\" data-image-title=\"IMG_7148\" data-image-description=\"\" data-image-caption=\"\" data-medium-file=\"https:\/\/www.legistdf.gob.ar\/wp-content\/uploads\/2022\/12\/IMG_7148-300x200.jpg\" data-large-file=\"https:\/\/www.legistdf.gob.ar\/wp-content\/uploads\/2022\/12\/IMG_7148-1024x683.jpg\" class=\"alignright wp-image-36643 size-medium\" src=\"https:\/\/www.legistdf.gob.ar\/wp-content\/uploads\/2022\/12\/IMG_7148-300x200.jpg\" alt=\"\" width=\"300\" height=\"200\" srcset=\"https:\/\/www.legistdf.gob.ar\/wp-content\/uploads\/2022\/12\/IMG_7148-300x200.jpg 300w, https:\/\/www.legistdf.gob.ar\/wp-content\/uploads\/2022\/12\/IMG_7148-768x512.jpg 768w, https:\/\/www.legistdf.gob.ar\/wp-content\/uploads\/2022\/12\/IMG_7148-1024x683.jpg 1024w, https:\/\/www.legistdf.gob.ar\/wp-content\/uploads\/2022\/12\/IMG_7148-160x107.jpg 160w, https:\/\/www.legistdf.gob.ar\/wp-content\/uploads\/2022\/12\/IMG_7148.jpg 1500w\" sizes=\"(max-width: 300px) 100vw, 300px\" \/>En la \u00faltima sesi\u00f3n de 2022, el Parlamento sancion\u00f3 la Ley de gesti\u00f3n integral para la adaptaci\u00f3n y mitigaci\u00f3n al Cambio Clim\u00e1tico en la Provincia. La norma, que fue impulsada por el bloque del Partido Verde, tiene por objeto reducir la vulnerabilidad y el riesgo tanto de los asentamientos humanos, como de los sistemas naturales, sobre los efectos negativos de los impactos del cambio clim\u00e1tico.<\/strong><\/span><\/p>\n<p>&nbsp;<\/p>\n<p>La legisladora Mar\u00eda Laura Colazo, explic\u00f3 a sus pares que la iniciativa es complementaria a la <a href=\"https:\/\/www.argentina.gob.ar\/normativa\/nacional\/ley-27520-333515\" target=\"_blank\" rel=\"noopener noreferrer\">Ley nacional N\u00b0 27.520<\/a> de Presupuestos m\u00ednimos de adaptaci\u00f3n y mitigaci\u00f3n al cambio clim\u00e1tico global. En ese sentido, detall\u00f3 que su funci\u00f3n es la de elaborar un plan de respuesta a los efectos del cambio clim\u00e1tico en la Provincia y as\u00ed abordar las cuestiones del cambio clim\u00e1tico de una manera transversal\u201d. Asimismo aclar\u00f3 que no est\u00e1 relacionado s\u00f3lo con la Secretar\u00eda de Ambiente: \u201cLa realidad nos demuestra que tiene que haber un cambio de paradigma, que esta tem\u00e1tica tiene que abarcar a todas las pol\u00edticas p\u00fablicas\u201d.<\/p>\n<p>&nbsp;<\/p>\n<p>Confirm\u00f3 que Tierra del Fuego es la tercera provincia del pa\u00eds en tener esta norma, con la que ya cuentan Santa Fe y la Ciudad Aut\u00f3noma de Buenos Aires: \u201cEs una legislaci\u00f3n de avanzada y es una muestra del compromiso ambiental de nuestra Provincia\u201d, sostuvo la legisladora Mar\u00eda Laura Colazo.<\/p>\n<p>&nbsp;<\/p>\n<p>En el mismo sentido, explic\u00f3 que la Ley incluye \u201cla creaci\u00f3n de una Coordinaci\u00f3n T\u00e9cnica Administrativa, para gestionar este gabinete, y la de un Consejo Asesor Provincial, incorporando la voz de los j\u00f3venes, con lo cual ser\u00edamos la primer provincia en sumar a la juventud en esta cuesti\u00f3n\u201d, concluy\u00f3 la Parlamentaria del Partido Verde.<\/p>\n<p style=\"text-align: right\"><em>ZV-LVV-NEGM-VV-DM-AT<\/em><\/p>\n<p>&nbsp;<\/p>\n","protected":false},"excerpt":{"rendered":"<p>Ushuaia, miercoles 11 de enero de 2023.- Durante el 2022, el Parlamento sancion\u00f3 sendas Leyes con la finalidad de mejorar la calidad de vida de los fueguinos, en la b\u00fasqueda de ampliaci\u00f3n de derechos y preservaci\u00f3n del medio ambiente, entre las m\u00e1s destacadas. En este informe, describimos las normas que entraron en vigencia en el [&hellip;]<\/p>\n","protected":false},"author":352,"featured_media":33888,"comment_status":"closed","ping_status":"open","sticky":false,"template":"","format":"standard","meta":{"jetpack_post_was_ever_published":false,"_jetpack_newsletter_access":"","_jetpack_dont_email_post_to_subs":false,"_jetpack_newsletter_tier_id":0,"footnotes":"","jetpack_publicize_message":"","jetpack_publicize_feature_enabled":true,"jetpack_social_post_already_shared":true,"jetpack_social_options":{"image_generator_settings":{"template":"highway","enabled":false}}},"categories":[1],"tags":[433,2049,2834,78,1762,2811,79,87],"jetpack_publicize_connections":[],"jetpack_sharing_enabled":true,"jetpack_featured_media_url":"https:\/\/www.legistdf.gob.ar\/wp-content\/uploads\/2022\/08\/IMG_3597.jpg","jetpack-related-posts":[],"_links":{"self":[{"href":"https:\/\/www.legistdf.gob.ar\/index.php\/wp-json\/wp\/v2\/posts\/36741"}],"collection":[{"href":"https:\/\/www.legistdf.gob.ar\/index.php\/wp-json\/wp\/v2\/posts"}],"about":[{"href":"https:\/\/www.legistdf.gob.ar\/index.php\/wp-json\/wp\/v2\/types\/post"}],"author":[{"embeddable":true,"href":"https:\/\/www.legistdf.gob.ar\/index.php\/wp-json\/wp\/v2\/users\/352"}],"replies":[{"embeddable":true,"href":"https:\/\/www.legistdf.gob.ar\/index.php\/wp-json\/wp\/v2\/comments?post=36741"}],"version-history":[{"count":1,"href":"https:\/\/www.legistdf.gob.ar\/index.php\/wp-json\/wp\/v2\/posts\/36741\/revisions"}],"predecessor-version":[{"id":36743,"href":"https:\/\/www.legistdf.gob.ar\/index.php\/wp-json\/wp\/v2\/posts\/36741\/revisions\/36743"}],"wp:featuredmedia":[{"embeddable":true,"href":"https:\/\/www.legistdf.gob.ar\/index.php\/wp-json\/wp\/v2\/media\/33888"}],"wp:attachment":[{"href":"https:\/\/www.legistdf.gob.ar\/index.php\/wp-json\/wp\/v2\/media?parent=36741"}],"wp:term":[{"taxonomy":"category","embeddable":true,"href":"https:\/\/www.legistdf.gob.ar\/index.php\/wp-json\/wp\/v2\/categories?post=36741"},{"taxonomy":"post_tag","embeddable":true,"href":"https:\/\/www.legistdf.gob.ar\/index.php\/wp-json\/wp\/v2\/tags?post=36741"}],"curies":[{"name":"wp","href":"https:\/\/api.w.org\/{rel}","templated":true}]}}