{"id":36832,"date":"2023-02-16T13:22:12","date_gmt":"2023-02-16T16:22:12","guid":{"rendered":"https:\/\/www.legistdf.gob.ar\/?p=36832"},"modified":"2023-02-17T12:30:59","modified_gmt":"2023-02-17T15:30:59","slug":"turismo-es-el-resultado-de-un-trabajo-en-equipo-con-el-ministerio-de-turismo-y-deportes-de-nacion-dijo-urquiza","status":"publish","type":"post","link":"https:\/\/www.legistdf.gob.ar\/index.php\/2023\/02\/16\/turismo-es-el-resultado-de-un-trabajo-en-equipo-con-el-ministerio-de-turismo-y-deportes-de-nacion-dijo-urquiza\/","title":{"rendered":"TURISMO: \u201cEs el resultado de un trabajo en equipo con el Ministerio de Turismo y Deportes de Naci\u00f3n\u201d, dijo Urquiza"},"content":{"rendered":"<p><span style=\"font-family: arial, helvetica, sans-serif;font-size: 14pt\"><strong><img loading=\"lazy\" decoding=\"async\" data-attachment-id=\"36835\" data-permalink=\"https:\/\/www.legistdf.gob.ar\/index.php\/2023\/02\/16\/turismo-es-el-resultado-de-un-trabajo-en-equipo-con-el-ministerio-de-turismo-y-deportes-de-nacion-dijo-urquiza\/cr228\/\" data-orig-file=\"https:\/\/www.legistdf.gob.ar\/wp-content\/uploads\/2023\/02\/cr228.jpg\" data-orig-size=\"1000,667\" data-comments-opened=\"0\" data-image-meta=\"{&quot;aperture&quot;:&quot;0&quot;,&quot;credit&quot;:&quot;&quot;,&quot;camera&quot;:&quot;&quot;,&quot;caption&quot;:&quot;&quot;,&quot;created_timestamp&quot;:&quot;0&quot;,&quot;copyright&quot;:&quot;NDM&quot;,&quot;focal_length&quot;:&quot;0&quot;,&quot;iso&quot;:&quot;0&quot;,&quot;shutter_speed&quot;:&quot;0&quot;,&quot;title&quot;:&quot;&quot;,&quot;orientation&quot;:&quot;0&quot;}\" data-image-title=\"cr228\" data-image-description=\"\" data-image-caption=\"\" data-medium-file=\"https:\/\/www.legistdf.gob.ar\/wp-content\/uploads\/2023\/02\/cr228-300x200.jpg\" data-large-file=\"https:\/\/www.legistdf.gob.ar\/wp-content\/uploads\/2023\/02\/cr228.jpg\" class=\"alignleft wp-image-36835 size-medium\" src=\"https:\/\/www.legistdf.gob.ar\/wp-content\/uploads\/2023\/02\/cr228-300x200.jpg\" alt=\"\" width=\"300\" height=\"200\" srcset=\"https:\/\/www.legistdf.gob.ar\/wp-content\/uploads\/2023\/02\/cr228-300x200.jpg 300w, https:\/\/www.legistdf.gob.ar\/wp-content\/uploads\/2023\/02\/cr228-768x512.jpg 768w, https:\/\/www.legistdf.gob.ar\/wp-content\/uploads\/2023\/02\/cr228-160x107.jpg 160w, https:\/\/www.legistdf.gob.ar\/wp-content\/uploads\/2023\/02\/cr228.jpg 1000w\" sizes=\"(max-width: 300px) 100vw, 300px\" \/>Ushuaia, jueves 16 de febrero de 2023.- La Presidenta del Parlamento M\u00f3nica Urquiza, particip\u00f3 de distintas actividades que se desarrollaron en la capital provincial, con motivo de la visita del Ministro de Turismo de la Naci\u00f3n,<\/strong> <strong>Mat\u00edas Lammens. La Vicegobernadora valor\u00f3 \u201cel trabajo en equipo que venimos haciendo desde el Gobierno provincial, con el Ministerio de Turismo y Deportes de Naci\u00f3n\u201d.<\/strong><\/span><\/p>\n<p>&nbsp;<\/p>\n<p><span style=\"font-family: arial, helvetica, sans-serif;font-size: 12pt\">Urquiza resalt\u00f3 \u201cla firma del acuerdo definitivo para el llamado a licitaci\u00f3n, en pocos d\u00edas m\u00e1s, de la obra de los muelles de catamaranes, que se integra a todo lo que se est\u00e1 trabajando en el puerto local, con la ampliaci\u00f3n del muelle y el proyecto de la terminal portuaria\u201d, dijo.<\/span><\/p>\n<p>&nbsp;<\/p>\n<p><span style=\"font-family: arial, helvetica, sans-serif;font-size: 12pt\">Tambi\u00e9n destac\u00f3 el \u201cllamado a licitaci\u00f3n para la obra de construcci\u00f3n de los distintos puentes en la pista de esqu\u00ed de fondo, para poder tener los 43 km reales de pista de esqu\u00ed, que nos posiciona a nivel internacional\u201d, tanto para recreaci\u00f3n como en su aspecto competitivo.<\/span><\/p>\n<p><iframe loading=\"lazy\" title=\"TURISMO: \u201cEs el resultado de un trabajo en equipo con el Ministerio de Turismo y Deportes de Naci\u00f3n\u201d\" width=\"844\" height=\"475\" src=\"https:\/\/www.youtube.com\/embed\/qf_aymJnXLQ?feature=oembed\" frameborder=\"0\" allow=\"accelerometer; autoplay; clipboard-write; encrypted-media; gyroscope; picture-in-picture; web-share\" allowfullscreen><\/iframe><\/p>\n<p><span style=\"font-family: arial, helvetica, sans-serif;font-size: 12pt\">Por su parte, el ministro Lammens destac\u00f3 la actividad tur\u00edstica de la temporada en el destino Ushuaia, que presenta \u201cr\u00e9cord en cuanto al turismo de cruceros, con un aeropuerto con enero r\u00e9cord, por encima de los n\u00fameros que ten\u00eda antes de la pandemia. Eso nos alegra, pero tambi\u00e9n es parte de un trabajo que se viene haciendo, incluso durante la pandemia\u201d.<\/span><\/p>\n<p>&nbsp;<\/p>\n<p><span style=\"font-family: arial, helvetica, sans-serif;font-size: 12pt\"><img loading=\"lazy\" decoding=\"async\" data-attachment-id=\"36833\" data-permalink=\"https:\/\/www.legistdf.gob.ar\/index.php\/2023\/02\/16\/turismo-es-el-resultado-de-un-trabajo-en-equipo-con-el-ministerio-de-turismo-y-deportes-de-nacion-dijo-urquiza\/cr26-6\/\" data-orig-file=\"https:\/\/www.legistdf.gob.ar\/wp-content\/uploads\/2023\/02\/cr26.jpg\" data-orig-size=\"1000,667\" data-comments-opened=\"0\" data-image-meta=\"{&quot;aperture&quot;:&quot;0&quot;,&quot;credit&quot;:&quot;&quot;,&quot;camera&quot;:&quot;&quot;,&quot;caption&quot;:&quot;&quot;,&quot;created_timestamp&quot;:&quot;0&quot;,&quot;copyright&quot;:&quot;&quot;,&quot;focal_length&quot;:&quot;0&quot;,&quot;iso&quot;:&quot;0&quot;,&quot;shutter_speed&quot;:&quot;0&quot;,&quot;title&quot;:&quot;&quot;,&quot;orientation&quot;:&quot;0&quot;}\" data-image-title=\"cr26\" data-image-description=\"\" data-image-caption=\"\" data-medium-file=\"https:\/\/www.legistdf.gob.ar\/wp-content\/uploads\/2023\/02\/cr26-300x200.jpg\" data-large-file=\"https:\/\/www.legistdf.gob.ar\/wp-content\/uploads\/2023\/02\/cr26.jpg\" class=\"alignright wp-image-36833 size-medium\" src=\"https:\/\/www.legistdf.gob.ar\/wp-content\/uploads\/2023\/02\/cr26-300x200.jpg\" alt=\"\" width=\"300\" height=\"200\" srcset=\"https:\/\/www.legistdf.gob.ar\/wp-content\/uploads\/2023\/02\/cr26-300x200.jpg 300w, https:\/\/www.legistdf.gob.ar\/wp-content\/uploads\/2023\/02\/cr26-768x512.jpg 768w, https:\/\/www.legistdf.gob.ar\/wp-content\/uploads\/2023\/02\/cr26-160x107.jpg 160w, https:\/\/www.legistdf.gob.ar\/wp-content\/uploads\/2023\/02\/cr26.jpg 1000w\" sizes=\"(max-width: 300px) 100vw, 300px\" \/>Al respecto, destac\u00f3 el crecimiento tur\u00edstico en Tierra del Fuego y agreg\u00f3: \u00abCelebramos que sea Ushuaia una de las ciudades m\u00e1s elegidas por los turistas y una de las grandes protagonistas del turismo receptivo. El programa 50 destinos viene a acompa\u00f1ar con obras de infraestructura tur\u00edstica y potenciar el desarrollo del destino\u00bb, concluy\u00f3 Lammens.<\/span><\/p>\n<p>&nbsp;<\/p>\n<p><span style=\"font-family: arial, helvetica, sans-serif;font-size: 12pt\">En primer t\u00e9rmino, la titular del Parlamento acompa\u00f1\u00f3 al gobernador Prof. Gustavo Melella en el acto donde se firm\u00f3 el \u00a0Convenio Marco \u00abLa ruta natural\u00bb, obra Muelle Catamaranes, para fomentar el turismo de naturaleza. El acuerdo entre el Gobierno nacional y el Ejecutivo provincial, busca mejorar la accesibilidad y el desarrollo del turismo de catamaranes que navegan las aguas del Canal Beagle.<\/span><\/p>\n<p>&nbsp;<\/p>\n<p><span style=\"font-family: arial, helvetica, sans-serif;font-size: 12pt\">En el mismo acto, anunciaron el llamado a licitaci\u00f3n para la obra \u201cPuesta en\u00a0 Valor de la Pista Provincial de Esqu\u00ed de Fondo\u201d, la que se ejecutar\u00e1 en el marco del Plan 50 Destinos, con el aporte financiero del Ministerio de Turismo y Deportes de Naci\u00f3n.<\/span><\/p>\n<p>&nbsp;<\/p>\n<p><span style=\"font-family: arial, helvetica, sans-serif;font-size: 12pt\">Esta obra contar\u00e1 con la construcci\u00f3n de 13 puentes que formar\u00e1n parte del circuito y se encontrar\u00e1n instalados en los cruces de r\u00edos o arroyos de la Reserva Natural y Paisaj\u00edstica Tierra Mayor. Obra necesaria para la temporada invernal, para los esquiadores y turistas, como as\u00ed tambi\u00e9n para recorrer los senderos del Valle de Tierra Mayor en verano, ya que ser\u00e1n puentes definitivos de estructura met\u00e1lica.<\/span><\/p>\n<p>&nbsp;<\/p>\n<p><span style=\"font-family: arial, helvetica, sans-serif;font-size: 12pt\"><img loading=\"lazy\" decoding=\"async\" data-attachment-id=\"36834\" data-permalink=\"https:\/\/www.legistdf.gob.ar\/index.php\/2023\/02\/16\/turismo-es-el-resultado-de-un-trabajo-en-equipo-con-el-ministerio-de-turismo-y-deportes-de-nacion-dijo-urquiza\/cr219-5\/\" data-orig-file=\"https:\/\/www.legistdf.gob.ar\/wp-content\/uploads\/2023\/02\/cr219.jpg\" data-orig-size=\"1000,667\" data-comments-opened=\"0\" data-image-meta=\"{&quot;aperture&quot;:&quot;0&quot;,&quot;credit&quot;:&quot;&quot;,&quot;camera&quot;:&quot;&quot;,&quot;caption&quot;:&quot;&quot;,&quot;created_timestamp&quot;:&quot;0&quot;,&quot;copyright&quot;:&quot;&quot;,&quot;focal_length&quot;:&quot;0&quot;,&quot;iso&quot;:&quot;0&quot;,&quot;shutter_speed&quot;:&quot;0&quot;,&quot;title&quot;:&quot;&quot;,&quot;orientation&quot;:&quot;0&quot;}\" data-image-title=\"cr219\" data-image-description=\"\" data-image-caption=\"\" data-medium-file=\"https:\/\/www.legistdf.gob.ar\/wp-content\/uploads\/2023\/02\/cr219-300x200.jpg\" data-large-file=\"https:\/\/www.legistdf.gob.ar\/wp-content\/uploads\/2023\/02\/cr219.jpg\" class=\"alignleft wp-image-36834 size-medium\" src=\"https:\/\/www.legistdf.gob.ar\/wp-content\/uploads\/2023\/02\/cr219-300x200.jpg\" alt=\"\" width=\"300\" height=\"200\" srcset=\"https:\/\/www.legistdf.gob.ar\/wp-content\/uploads\/2023\/02\/cr219-300x200.jpg 300w, https:\/\/www.legistdf.gob.ar\/wp-content\/uploads\/2023\/02\/cr219-768x512.jpg 768w, https:\/\/www.legistdf.gob.ar\/wp-content\/uploads\/2023\/02\/cr219-160x107.jpg 160w, https:\/\/www.legistdf.gob.ar\/wp-content\/uploads\/2023\/02\/cr219.jpg 1000w\" sizes=\"(max-width: 300px) 100vw, 300px\" \/>Luego, por la tarde, la Vicegobernadora junto a funcionarios nacionales y provinciales, recorrieron las instalaciones del Puerto de Ushuaia y realizaron una visita protocolar al crucero ant\u00e1rtico Celebrity Infinity. El buque, de casi 300 metros de largo, transporta aproximadamente unos 2 mil pasajeros y mil tripulantes.<\/span><\/p>\n<p>&nbsp;<\/p>\n<p><span style=\"font-family: arial, helvetica, sans-serif;font-size: 12pt\">Desde el puente de mando del crucero, los funcionarios apreciaron los avances de la obra de ampliaci\u00f3n del muelle comercial y la proyecci\u00f3n del muelle de catamaranes, obra que demandar\u00e1 un plazo de 24 meses para su culminaci\u00f3n, seg\u00fan explicaron los funcionarios del \u00e1rea.<\/span><\/p>\n<p>&nbsp;<\/p>\n<p><span style=\"font-family: arial, helvetica, sans-serif;font-size: 12pt\">Por \u00faltimo, el titular de la cartera de Turismo nacional junto a funcionarios provinciales, recorrieron los miradores de los Valles fueguinos, en el kil\u00f3metro 3.042 de la ruta nacional N\u00b0 3. All\u00ed, anunciaron la culminaci\u00f3n de la obra del mirador del Valle Carbajal para abril pr\u00f3ximo.<\/span><\/p>\n<p style=\"text-align: right\"><em>LV-DM<\/em><\/p>\n<p style=\"text-align: right\"><em><a href=\"https:\/\/drive.google.com\/drive\/folders\/1pZ8vZTbXfmuO88QsQEns1xzlGTcSDuwd?usp=sharing\" target=\"_blank\" rel=\"noopener noreferrer\">Galer\u00eda de im\u00e1genes<\/a><\/em><\/p>\n\n\t\t<style type=\"text\/css\">\n\t\t\t#gallery-1 {\n\t\t\t\tmargin: auto;\n\t\t\t}\n\t\t\t#gallery-1 .gallery-item {\n\t\t\t\tfloat: left;\n\t\t\t\tmargin-top: 10px;\n\t\t\t\ttext-align: center;\n\t\t\t\twidth: 20%;\n\t\t\t}\n\t\t\t#gallery-1 img {\n\t\t\t\tborder: 2px solid #cfcfcf;\n\t\t\t}\n\t\t\t#gallery-1 .gallery-caption {\n\t\t\t\tmargin-left: 0;\n\t\t\t}\n\t\t\t\/* see gallery_shortcode() in wp-includes\/media.php *\/\n\t\t<\/style>\n\t\t<div data-carousel-extra='{\"blog_id\":1,\"permalink\":\"https:\\\/\\\/www.legistdf.gob.ar\\\/index.php\\\/2023\\\/02\\\/16\\\/turismo-es-el-resultado-de-un-trabajo-en-equipo-con-el-ministerio-de-turismo-y-deportes-de-nacion-dijo-urquiza\\\/\"}' id='gallery-1' class='gallery galleryid-36832 gallery-columns-5 gallery-size-thumbnail'><dl class='gallery-item'>\n\t\t\t<dt class='gallery-icon landscape'>\n\t\t\t\t<a href='https:\/\/www.legistdf.gob.ar\/index.php\/2023\/02\/16\/turismo-es-el-resultado-de-un-trabajo-en-equipo-con-el-ministerio-de-turismo-y-deportes-de-nacion-dijo-urquiza\/cr26-6\/'><img loading=\"lazy\" decoding=\"async\" width=\"150\" height=\"150\" src=\"https:\/\/www.legistdf.gob.ar\/wp-content\/uploads\/2023\/02\/cr26-150x150.jpg\" class=\"attachment-thumbnail size-thumbnail\" alt=\"\" srcset=\"https:\/\/www.legistdf.gob.ar\/wp-content\/uploads\/2023\/02\/cr26-150x150.jpg 150w, https:\/\/www.legistdf.gob.ar\/wp-content\/uploads\/2023\/02\/cr26-64x64.jpg 64w\" sizes=\"(max-width: 150px) 100vw, 150px\" data-attachment-id=\"36833\" data-permalink=\"https:\/\/www.legistdf.gob.ar\/index.php\/2023\/02\/16\/turismo-es-el-resultado-de-un-trabajo-en-equipo-con-el-ministerio-de-turismo-y-deportes-de-nacion-dijo-urquiza\/cr26-6\/\" data-orig-file=\"https:\/\/www.legistdf.gob.ar\/wp-content\/uploads\/2023\/02\/cr26.jpg\" data-orig-size=\"1000,667\" data-comments-opened=\"0\" data-image-meta=\"{&quot;aperture&quot;:&quot;0&quot;,&quot;credit&quot;:&quot;&quot;,&quot;camera&quot;:&quot;&quot;,&quot;caption&quot;:&quot;&quot;,&quot;created_timestamp&quot;:&quot;0&quot;,&quot;copyright&quot;:&quot;&quot;,&quot;focal_length&quot;:&quot;0&quot;,&quot;iso&quot;:&quot;0&quot;,&quot;shutter_speed&quot;:&quot;0&quot;,&quot;title&quot;:&quot;&quot;,&quot;orientation&quot;:&quot;0&quot;}\" data-image-title=\"cr26\" data-image-description=\"\" data-image-caption=\"\" data-medium-file=\"https:\/\/www.legistdf.gob.ar\/wp-content\/uploads\/2023\/02\/cr26-300x200.jpg\" data-large-file=\"https:\/\/www.legistdf.gob.ar\/wp-content\/uploads\/2023\/02\/cr26.jpg\" \/><\/a>\n\t\t\t<\/dt><\/dl><dl class='gallery-item'>\n\t\t\t<dt class='gallery-icon landscape'>\n\t\t\t\t<a href='https:\/\/www.legistdf.gob.ar\/index.php\/2023\/02\/16\/turismo-es-el-resultado-de-un-trabajo-en-equipo-con-el-ministerio-de-turismo-y-deportes-de-nacion-dijo-urquiza\/cr219-5\/'><img loading=\"lazy\" decoding=\"async\" width=\"150\" height=\"150\" src=\"https:\/\/www.legistdf.gob.ar\/wp-content\/uploads\/2023\/02\/cr219-150x150.jpg\" class=\"attachment-thumbnail size-thumbnail\" alt=\"\" srcset=\"https:\/\/www.legistdf.gob.ar\/wp-content\/uploads\/2023\/02\/cr219-150x150.jpg 150w, https:\/\/www.legistdf.gob.ar\/wp-content\/uploads\/2023\/02\/cr219-64x64.jpg 64w\" sizes=\"(max-width: 150px) 100vw, 150px\" data-attachment-id=\"36834\" data-permalink=\"https:\/\/www.legistdf.gob.ar\/index.php\/2023\/02\/16\/turismo-es-el-resultado-de-un-trabajo-en-equipo-con-el-ministerio-de-turismo-y-deportes-de-nacion-dijo-urquiza\/cr219-5\/\" data-orig-file=\"https:\/\/www.legistdf.gob.ar\/wp-content\/uploads\/2023\/02\/cr219.jpg\" data-orig-size=\"1000,667\" data-comments-opened=\"0\" data-image-meta=\"{&quot;aperture&quot;:&quot;0&quot;,&quot;credit&quot;:&quot;&quot;,&quot;camera&quot;:&quot;&quot;,&quot;caption&quot;:&quot;&quot;,&quot;created_timestamp&quot;:&quot;0&quot;,&quot;copyright&quot;:&quot;&quot;,&quot;focal_length&quot;:&quot;0&quot;,&quot;iso&quot;:&quot;0&quot;,&quot;shutter_speed&quot;:&quot;0&quot;,&quot;title&quot;:&quot;&quot;,&quot;orientation&quot;:&quot;0&quot;}\" data-image-title=\"cr219\" data-image-description=\"\" data-image-caption=\"\" data-medium-file=\"https:\/\/www.legistdf.gob.ar\/wp-content\/uploads\/2023\/02\/cr219-300x200.jpg\" data-large-file=\"https:\/\/www.legistdf.gob.ar\/wp-content\/uploads\/2023\/02\/cr219.jpg\" \/><\/a>\n\t\t\t<\/dt><\/dl><dl class='gallery-item'>\n\t\t\t<dt class='gallery-icon landscape'>\n\t\t\t\t<a href='https:\/\/www.legistdf.gob.ar\/index.php\/2023\/02\/16\/turismo-es-el-resultado-de-un-trabajo-en-equipo-con-el-ministerio-de-turismo-y-deportes-de-nacion-dijo-urquiza\/cr228\/'><img loading=\"lazy\" decoding=\"async\" width=\"150\" height=\"150\" src=\"https:\/\/www.legistdf.gob.ar\/wp-content\/uploads\/2023\/02\/cr228-150x150.jpg\" class=\"attachment-thumbnail size-thumbnail\" alt=\"\" srcset=\"https:\/\/www.legistdf.gob.ar\/wp-content\/uploads\/2023\/02\/cr228-150x150.jpg 150w, https:\/\/www.legistdf.gob.ar\/wp-content\/uploads\/2023\/02\/cr228-64x64.jpg 64w\" sizes=\"(max-width: 150px) 100vw, 150px\" data-attachment-id=\"36835\" data-permalink=\"https:\/\/www.legistdf.gob.ar\/index.php\/2023\/02\/16\/turismo-es-el-resultado-de-un-trabajo-en-equipo-con-el-ministerio-de-turismo-y-deportes-de-nacion-dijo-urquiza\/cr228\/\" data-orig-file=\"https:\/\/www.legistdf.gob.ar\/wp-content\/uploads\/2023\/02\/cr228.jpg\" data-orig-size=\"1000,667\" data-comments-opened=\"0\" data-image-meta=\"{&quot;aperture&quot;:&quot;0&quot;,&quot;credit&quot;:&quot;&quot;,&quot;camera&quot;:&quot;&quot;,&quot;caption&quot;:&quot;&quot;,&quot;created_timestamp&quot;:&quot;0&quot;,&quot;copyright&quot;:&quot;NDM&quot;,&quot;focal_length&quot;:&quot;0&quot;,&quot;iso&quot;:&quot;0&quot;,&quot;shutter_speed&quot;:&quot;0&quot;,&quot;title&quot;:&quot;&quot;,&quot;orientation&quot;:&quot;0&quot;}\" data-image-title=\"cr228\" data-image-description=\"\" data-image-caption=\"\" data-medium-file=\"https:\/\/www.legistdf.gob.ar\/wp-content\/uploads\/2023\/02\/cr228-300x200.jpg\" data-large-file=\"https:\/\/www.legistdf.gob.ar\/wp-content\/uploads\/2023\/02\/cr228.jpg\" \/><\/a>\n\t\t\t<\/dt><\/dl><dl class='gallery-item'>\n\t\t\t<dt class='gallery-icon landscape'>\n\t\t\t\t<a href='https:\/\/www.legistdf.gob.ar\/index.php\/2023\/02\/16\/turismo-es-el-resultado-de-un-trabajo-en-equipo-con-el-ministerio-de-turismo-y-deportes-de-nacion-dijo-urquiza\/cr239\/'><img loading=\"lazy\" decoding=\"async\" width=\"150\" height=\"150\" src=\"https:\/\/www.legistdf.gob.ar\/wp-content\/uploads\/2023\/02\/cr239-150x150.jpg\" class=\"attachment-thumbnail size-thumbnail\" alt=\"\" srcset=\"https:\/\/www.legistdf.gob.ar\/wp-content\/uploads\/2023\/02\/cr239-150x150.jpg 150w, https:\/\/www.legistdf.gob.ar\/wp-content\/uploads\/2023\/02\/cr239-64x64.jpg 64w\" sizes=\"(max-width: 150px) 100vw, 150px\" data-attachment-id=\"36836\" data-permalink=\"https:\/\/www.legistdf.gob.ar\/index.php\/2023\/02\/16\/turismo-es-el-resultado-de-un-trabajo-en-equipo-con-el-ministerio-de-turismo-y-deportes-de-nacion-dijo-urquiza\/cr239\/\" data-orig-file=\"https:\/\/www.legistdf.gob.ar\/wp-content\/uploads\/2023\/02\/cr239.jpg\" data-orig-size=\"1000,563\" data-comments-opened=\"0\" data-image-meta=\"{&quot;aperture&quot;:&quot;0&quot;,&quot;credit&quot;:&quot;&quot;,&quot;camera&quot;:&quot;&quot;,&quot;caption&quot;:&quot;&quot;,&quot;created_timestamp&quot;:&quot;0&quot;,&quot;copyright&quot;:&quot;NDM&quot;,&quot;focal_length&quot;:&quot;0&quot;,&quot;iso&quot;:&quot;0&quot;,&quot;shutter_speed&quot;:&quot;0&quot;,&quot;title&quot;:&quot;&quot;,&quot;orientation&quot;:&quot;0&quot;}\" data-image-title=\"cr239\" data-image-description=\"\" data-image-caption=\"\" data-medium-file=\"https:\/\/www.legistdf.gob.ar\/wp-content\/uploads\/2023\/02\/cr239-300x169.jpg\" data-large-file=\"https:\/\/www.legistdf.gob.ar\/wp-content\/uploads\/2023\/02\/cr239.jpg\" \/><\/a>\n\t\t\t<\/dt><\/dl><dl class='gallery-item'>\n\t\t\t<dt class='gallery-icon landscape'>\n\t\t\t\t<a href='https:\/\/www.legistdf.gob.ar\/index.php\/2023\/02\/16\/turismo-es-el-resultado-de-un-trabajo-en-equipo-con-el-ministerio-de-turismo-y-deportes-de-nacion-dijo-urquiza\/cr212-3\/'><img loading=\"lazy\" decoding=\"async\" width=\"150\" height=\"150\" src=\"https:\/\/www.legistdf.gob.ar\/wp-content\/uploads\/2023\/02\/cr212-150x150.jpg\" class=\"attachment-thumbnail size-thumbnail\" alt=\"\" srcset=\"https:\/\/www.legistdf.gob.ar\/wp-content\/uploads\/2023\/02\/cr212-150x150.jpg 150w, https:\/\/www.legistdf.gob.ar\/wp-content\/uploads\/2023\/02\/cr212-64x64.jpg 64w\" sizes=\"(max-width: 150px) 100vw, 150px\" data-attachment-id=\"36837\" data-permalink=\"https:\/\/www.legistdf.gob.ar\/index.php\/2023\/02\/16\/turismo-es-el-resultado-de-un-trabajo-en-equipo-con-el-ministerio-de-turismo-y-deportes-de-nacion-dijo-urquiza\/cr212-3\/\" data-orig-file=\"https:\/\/www.legistdf.gob.ar\/wp-content\/uploads\/2023\/02\/cr212.jpg\" data-orig-size=\"1000,667\" data-comments-opened=\"0\" data-image-meta=\"{&quot;aperture&quot;:&quot;0&quot;,&quot;credit&quot;:&quot;&quot;,&quot;camera&quot;:&quot;&quot;,&quot;caption&quot;:&quot;&quot;,&quot;created_timestamp&quot;:&quot;0&quot;,&quot;copyright&quot;:&quot;&quot;,&quot;focal_length&quot;:&quot;0&quot;,&quot;iso&quot;:&quot;0&quot;,&quot;shutter_speed&quot;:&quot;0&quot;,&quot;title&quot;:&quot;&quot;,&quot;orientation&quot;:&quot;0&quot;}\" data-image-title=\"cr212\" data-image-description=\"\" data-image-caption=\"\" data-medium-file=\"https:\/\/www.legistdf.gob.ar\/wp-content\/uploads\/2023\/02\/cr212-300x200.jpg\" data-large-file=\"https:\/\/www.legistdf.gob.ar\/wp-content\/uploads\/2023\/02\/cr212.jpg\" \/><\/a>\n\t\t\t<\/dt><\/dl><br style=\"clear: both\" \/>\n\t\t<\/div>\n\n","protected":false},"excerpt":{"rendered":"<p>Ushuaia, jueves 16 de febrero de 2023.- La Presidenta del Parlamento M\u00f3nica Urquiza, particip\u00f3 de distintas actividades que se desarrollaron en la capital provincial, con motivo de la visita del Ministro de Turismo de la Naci\u00f3n, Mat\u00edas Lammens. La Vicegobernadora valor\u00f3 \u201cel trabajo en equipo que venimos haciendo desde el Gobierno provincial, con el Ministerio [&hellip;]<\/p>\n","protected":false},"author":352,"featured_media":36835,"comment_status":"closed","ping_status":"open","sticky":false,"template":"","format":"standard","meta":{"jetpack_post_was_ever_published":false,"_jetpack_newsletter_access":"","_jetpack_dont_email_post_to_subs":false,"_jetpack_newsletter_tier_id":0,"footnotes":"","jetpack_publicize_message":"","jetpack_publicize_feature_enabled":true,"jetpack_social_post_already_shared":true,"jetpack_social_options":{"image_generator_settings":{"template":"highway","enabled":false}}},"categories":[1],"tags":[127,78,2859,144,79,109,87],"jetpack_publicize_connections":[],"jetpack_sharing_enabled":true,"jetpack_featured_media_url":"https:\/\/www.legistdf.gob.ar\/wp-content\/uploads\/2023\/02\/cr228.jpg","jetpack-related-posts":[],"_links":{"self":[{"href":"https:\/\/www.legistdf.gob.ar\/index.php\/wp-json\/wp\/v2\/posts\/36832"}],"collection":[{"href":"https:\/\/www.legistdf.gob.ar\/index.php\/wp-json\/wp\/v2\/posts"}],"about":[{"href":"https:\/\/www.legistdf.gob.ar\/index.php\/wp-json\/wp\/v2\/types\/post"}],"author":[{"embeddable":true,"href":"https:\/\/www.legistdf.gob.ar\/index.php\/wp-json\/wp\/v2\/users\/352"}],"replies":[{"embeddable":true,"href":"https:\/\/www.legistdf.gob.ar\/index.php\/wp-json\/wp\/v2\/comments?post=36832"}],"version-history":[{"count":3,"href":"https:\/\/www.legistdf.gob.ar\/index.php\/wp-json\/wp\/v2\/posts\/36832\/revisions"}],"predecessor-version":[{"id":36859,"href":"https:\/\/www.legistdf.gob.ar\/index.php\/wp-json\/wp\/v2\/posts\/36832\/revisions\/36859"}],"wp:featuredmedia":[{"embeddable":true,"href":"https:\/\/www.legistdf.gob.ar\/index.php\/wp-json\/wp\/v2\/media\/36835"}],"wp:attachment":[{"href":"https:\/\/www.legistdf.gob.ar\/index.php\/wp-json\/wp\/v2\/media?parent=36832"}],"wp:term":[{"taxonomy":"category","embeddable":true,"href":"https:\/\/www.legistdf.gob.ar\/index.php\/wp-json\/wp\/v2\/categories?post=36832"},{"taxonomy":"post_tag","embeddable":true,"href":"https:\/\/www.legistdf.gob.ar\/index.php\/wp-json\/wp\/v2\/tags?post=36832"}],"curies":[{"name":"wp","href":"https:\/\/api.w.org\/{rel}","templated":true}]}}