{"id":36840,"date":"2023-02-16T14:23:35","date_gmt":"2023-02-16T17:23:35","guid":{"rendered":"https:\/\/www.legistdf.gob.ar\/?p=36840"},"modified":"2023-02-16T14:23:35","modified_gmt":"2023-02-16T17:23:35","slug":"legislatura-martinez-allende-reflexiono-sobre-los-40-anos-de-la-democracia-argentina","status":"publish","type":"post","link":"https:\/\/www.legistdf.gob.ar\/index.php\/2023\/02\/16\/legislatura-martinez-allende-reflexiono-sobre-los-40-anos-de-la-democracia-argentina\/","title":{"rendered":"LEGISLATURA: Mart\u00ednez Allende reflexion\u00f3 sobre los 40 a\u00f1os de la democracia argentina"},"content":{"rendered":"<p><span style=\"font-family: arial, helvetica, sans-serif;font-size: 14pt\"><strong><img loading=\"lazy\" decoding=\"async\" data-attachment-id=\"17956\" data-permalink=\"https:\/\/www.legistdf.gob.ar\/index.php\/equipo\/martinez-allende-liliana\/img_2677\/\" data-orig-file=\"https:\/\/www.legistdf.gob.ar\/wp-content\/uploads\/2016\/11\/IMG_2677.jpg\" data-orig-size=\"1000,667\" data-comments-opened=\"0\" data-image-meta=\"{&quot;aperture&quot;:&quot;5.6&quot;,&quot;credit&quot;:&quot;&quot;,&quot;camera&quot;:&quot;Canon EOS 70D&quot;,&quot;caption&quot;:&quot;&quot;,&quot;created_timestamp&quot;:&quot;1576560504&quot;,&quot;copyright&quot;:&quot;&quot;,&quot;focal_length&quot;:&quot;27&quot;,&quot;iso&quot;:&quot;1250&quot;,&quot;shutter_speed&quot;:&quot;0.01&quot;,&quot;title&quot;:&quot;&quot;,&quot;orientation&quot;:&quot;0&quot;}\" data-image-title=\"IMG_2677\" data-image-description=\"\" data-image-caption=\"\" data-medium-file=\"https:\/\/www.legistdf.gob.ar\/wp-content\/uploads\/2016\/11\/IMG_2677-300x200.jpg\" data-large-file=\"https:\/\/www.legistdf.gob.ar\/wp-content\/uploads\/2016\/11\/IMG_2677.jpg\" class=\"alignleft wp-image-17956 size-medium\" src=\"https:\/\/www.legistdf.gob.ar\/wp-content\/uploads\/2016\/11\/IMG_2677-300x200.jpg\" alt=\"\" width=\"300\" height=\"200\" srcset=\"https:\/\/www.legistdf.gob.ar\/wp-content\/uploads\/2016\/11\/IMG_2677-300x200.jpg 300w, https:\/\/www.legistdf.gob.ar\/wp-content\/uploads\/2016\/11\/IMG_2677-768x512.jpg 768w, https:\/\/www.legistdf.gob.ar\/wp-content\/uploads\/2016\/11\/IMG_2677-160x107.jpg 160w, https:\/\/www.legistdf.gob.ar\/wp-content\/uploads\/2016\/11\/IMG_2677.jpg 1000w\" sizes=\"(max-width: 300px) 100vw, 300px\" \/>Ushuaia, jueves 16 de febrero de 2023.- El pr\u00f3ximo 10 de diciembre, la Rep\u00fablica Argentina llega a las cuatro d\u00e9cadas de democracia ininterrumpida. Un hecho hist\u00f3rico que se vio reflejado con la asunci\u00f3n del expresidente Ra\u00fal Alfons\u00edn y que la legisladora provincial, Liliana Mart\u00ednez Allende, revisa exhaustivamente.<\/strong><\/span><\/p>\n<p>&nbsp;<\/p>\n<p><span style=\"font-family: arial, helvetica, sans-serif;font-size: 12pt\">La Legisladora provincial y Presidenta de la Uni\u00f3n C\u00edvica Radical de Tierra del Fuego, sostuvo que los argentinos \u201cestamos viviendo tiempos dif\u00edciles\u201d y en un contexto al que calific\u00f3 de \u201ccomplejo\u201d. Aunque resalt\u00f3 que se trata de un tiempo \u201cpara reflexionar\u201d en consonancia con los \u201clogros que obtuvimos desde ese 10 de diciembre de 1983\u201d. En este sentido, evalu\u00f3 necesario \u201chonrar con las acciones, el pensamiento, la lucha y los valores\u201d, del reconocido Padre de la Democracia argentina.<\/span><\/p>\n<p>&nbsp;<\/p>\n<p style=\"text-align: center\"><span style=\"font-family: arial, helvetica, sans-serif;font-size: 12pt\"><em>UNA DEMOCRACIA ANSIADA, GANADA Y PERMANENTE<\/em><\/span><\/p>\n<p>&nbsp;<\/p>\n<p><span style=\"font-family: arial, helvetica, sans-serif;font-size: 12pt\"><img loading=\"lazy\" decoding=\"async\" data-attachment-id=\"17687\" data-permalink=\"https:\/\/www.legistdf.gob.ar\/index.php\/2023\/02\/16\/legislatura-martinez-allende-reflexiono-sobre-los-40-anos-de-la-democracia-argentina\/img_1015\/\" data-orig-file=\"https:\/\/www.legistdf.gob.ar\/wp-content\/uploads\/2019\/12\/IMG_1015.jpg\" data-orig-size=\"1500,1000\" data-comments-opened=\"0\" data-image-meta=\"{&quot;aperture&quot;:&quot;5.6&quot;,&quot;credit&quot;:&quot;&quot;,&quot;camera&quot;:&quot;Canon EOS 6D&quot;,&quot;caption&quot;:&quot;&quot;,&quot;created_timestamp&quot;:&quot;1576562041&quot;,&quot;copyright&quot;:&quot;&quot;,&quot;focal_length&quot;:&quot;361&quot;,&quot;iso&quot;:&quot;2000&quot;,&quot;shutter_speed&quot;:&quot;0.005&quot;,&quot;title&quot;:&quot;&quot;,&quot;orientation&quot;:&quot;1&quot;}\" data-image-title=\"IMG_1015\" data-image-description=\"\" data-image-caption=\"\" data-medium-file=\"https:\/\/www.legistdf.gob.ar\/wp-content\/uploads\/2019\/12\/IMG_1015-300x200.jpg\" data-large-file=\"https:\/\/www.legistdf.gob.ar\/wp-content\/uploads\/2019\/12\/IMG_1015-1024x683.jpg\" class=\"alignright wp-image-17687 size-medium\" src=\"https:\/\/www.legistdf.gob.ar\/wp-content\/uploads\/2019\/12\/IMG_1015-300x200.jpg\" alt=\"\" width=\"300\" height=\"200\" srcset=\"https:\/\/www.legistdf.gob.ar\/wp-content\/uploads\/2019\/12\/IMG_1015-300x200.jpg 300w, https:\/\/www.legistdf.gob.ar\/wp-content\/uploads\/2019\/12\/IMG_1015-768x512.jpg 768w, https:\/\/www.legistdf.gob.ar\/wp-content\/uploads\/2019\/12\/IMG_1015-1024x683.jpg 1024w, https:\/\/www.legistdf.gob.ar\/wp-content\/uploads\/2019\/12\/IMG_1015-160x107.jpg 160w, https:\/\/www.legistdf.gob.ar\/wp-content\/uploads\/2019\/12\/IMG_1015.jpg 1500w\" sizes=\"(max-width: 300px) 100vw, 300px\" \/>Mart\u00ednez Allende consider\u00f3 que el pa\u00eds, transita \u201cuna democracia que nos permite hoy, seguir eligiendo quienes nos gobiernan\u201d y pidi\u00f3 \u201crecordarlo en estos tiempos, m\u00e1s que nunca. Porque para los argentinos, es una responsabilidad que se nos acerca nuevamente muy pronto\u201d, sostuvo ante la proximidad de fechas eleccionarias en Tierra del Fuego y el pa\u00eds.<\/span><\/p>\n<p>&nbsp;<\/p>\n<p><span style=\"font-family: arial, helvetica, sans-serif;font-size: 12pt\">\u201cEl proyecto pol\u00edtico que el radicalismo propon\u00eda en 1983 no era un proyecto m\u00e1s, sino que expresaba la voluntad de generar el consenso necesario para la construcci\u00f3n de un Estado leg\u00edtimo y acabar con los intentos fallidos de restauraci\u00f3n de la democracia. Fue el \u00faltimo gran proyecto de gobernanza estrat\u00e9gica que tuvo el pa\u00eds\u201d, se\u00f1al\u00f3.<\/span><\/p>\n<p>&nbsp;<\/p>\n<p><span style=\"font-family: arial, helvetica, sans-serif;font-size: 12pt\">\u201cAlfons\u00edn fue el m\u00e1s grande estadista que tuvo nuestro pa\u00eds en los \u00faltimos a\u00f1os. Y aunque algunos acentuar\u00e1n que no concluy\u00f3 su mandato, y otros \u2018le achacar\u00e1n\u2019 la obediencia debida o la hiperinflaci\u00f3n, fue tambi\u00e9n el presidente que soport\u00f3 13 paros generales y los levantamientos \u2018carapintadas\u2019\u201d. No obstante, la referente del radicalismo legislativo subray\u00f3: \u201cNo podemos olvidar uno de sus mayores logros: Juzg\u00f3, sin precedente en el mundo, a las juntas militares\u201d.<\/span><\/p>\n<p>&nbsp;<\/p>\n<p><span style=\"font-family: arial, helvetica, sans-serif;font-size: 12pt\"><img loading=\"lazy\" decoding=\"async\" data-attachment-id=\"36841\" data-permalink=\"https:\/\/www.legistdf.gob.ar\/index.php\/2023\/02\/16\/legislatura-martinez-allende-reflexiono-sobre-los-40-anos-de-la-democracia-argentina\/raul-alfonsin-1983-crop\/\" data-orig-file=\"https:\/\/www.legistdf.gob.ar\/wp-content\/uploads\/2023\/02\/raul-alfonsin-1983-crop.jpg\" data-orig-size=\"563,696\" data-comments-opened=\"0\" data-image-meta=\"{&quot;aperture&quot;:&quot;0&quot;,&quot;credit&quot;:&quot;&quot;,&quot;camera&quot;:&quot;&quot;,&quot;caption&quot;:&quot;&quot;,&quot;created_timestamp&quot;:&quot;1601551214&quot;,&quot;copyright&quot;:&quot;&quot;,&quot;focal_length&quot;:&quot;0&quot;,&quot;iso&quot;:&quot;0&quot;,&quot;shutter_speed&quot;:&quot;0&quot;,&quot;title&quot;:&quot;&quot;,&quot;orientation&quot;:&quot;1&quot;}\" data-image-title=\"raul-alfonsin-1983-crop\" data-image-description=\"\" data-image-caption=\"\" data-medium-file=\"https:\/\/www.legistdf.gob.ar\/wp-content\/uploads\/2023\/02\/raul-alfonsin-1983-crop-243x300.jpg\" data-large-file=\"https:\/\/www.legistdf.gob.ar\/wp-content\/uploads\/2023\/02\/raul-alfonsin-1983-crop.jpg\" class=\"alignleft wp-image-36841 size-medium\" src=\"https:\/\/www.legistdf.gob.ar\/wp-content\/uploads\/2023\/02\/raul-alfonsin-1983-crop-243x300.jpg\" alt=\"\" width=\"243\" height=\"300\" srcset=\"https:\/\/www.legistdf.gob.ar\/wp-content\/uploads\/2023\/02\/raul-alfonsin-1983-crop-243x300.jpg 243w, https:\/\/www.legistdf.gob.ar\/wp-content\/uploads\/2023\/02\/raul-alfonsin-1983-crop-129x160.jpg 129w, https:\/\/www.legistdf.gob.ar\/wp-content\/uploads\/2023\/02\/raul-alfonsin-1983-crop.jpg 563w\" sizes=\"(max-width: 243px) 100vw, 243px\" \/>En otro p\u00e1rrafo, la Legisladora de Tierra del Fuego, record\u00f3 las palabras del expresidente: \u00ab&#8230; los argentinos hemos aprendido, a la luz de las tr\u00e1gicas experiencias de los a\u00f1os recientes, que la democracia es un valor a\u00fan m\u00e1s alto que el de una mera forma de legitimidad del poder, porque con la democracia no solo se vota, sino que tambi\u00e9n se come, se educa y se cura.\u00bb<\/span><\/p>\n<p>&nbsp;<\/p>\n<p><span style=\"font-family: arial, helvetica, sans-serif;font-size: 12pt\">Al rememorar estas palabras, Mart\u00ednez Allende tambi\u00e9n ponder\u00f3: \u201cPasaron 40 a\u00f1os desde entonces.\u00a0Y nuestros hijos, esa generaci\u00f3n del 83 en adelante, gracias a Dios nacieron y se criaron bajo una bandera libre y soberana. Bajo el amparo de la democracia restaurada\u201d.<\/span><\/p>\n<p>&nbsp;<\/p>\n<p><span style=\"font-family: arial, helvetica, sans-serif;font-size: 12pt\">\u201cDurante su mandato, Alfons\u00edn enfrent\u00f3 dos grandes desaf\u00edos: La consolidaci\u00f3n de la democracia y la obra general de Gobierno, condicionada por la inflaci\u00f3n y la crisis econ\u00f3mica\u201d<\/span><\/p>\n<p>&nbsp;<\/p>\n<p><span style=\"font-family: arial, helvetica, sans-serif;font-size: 12pt\">\u201cAlfons\u00edn recibi\u00f3 en sus \u00faltimos a\u00f1os de vida el respeto de todos los dirigentes pol\u00edticos que le reconocieron finalmente su esfuerzo por asentar la democracia en momentos muy dif\u00edciles y sobre todo por su extraordinaria honradez\u201d .<\/span><\/p>\n<p>&nbsp;<\/p>\n<p><span style=\"font-family: arial, helvetica, sans-serif;font-size: 12pt\">\u201cLa pol\u00edtica de derechos humanos de su gobierno s\u00f3lo pudo llevarse adelante gracias a la convicci\u00f3n y la firmeza con la que se condujo. Un proceso que sin lugar a dudas merece un reconocimiento hist\u00f3rico.\u00a0 De hecho, Alfons\u00edn eligi\u00f3 asumir un 10 de diciembre, porque es el d\u00eda de los DDHH\u201d.<\/span><\/p>\n<p>&nbsp;<\/p>\n<p><span style=\"font-family: arial, helvetica, sans-serif;font-size: 12pt\">\u201cEl futuro de nuestro pa\u00eds debe estar iluminado por sus palabras, por su coherencia, por su forma de dotar de sentido a la actividad pol\u00edtica\u201d, cerr\u00f3 Liliana Mart\u00ednez Allende.<\/span><\/p>\n","protected":false},"excerpt":{"rendered":"<p>Ushuaia, jueves 16 de febrero de 2023.- El pr\u00f3ximo 10 de diciembre, la Rep\u00fablica Argentina llega a las cuatro d\u00e9cadas de democracia ininterrumpida. Un hecho hist\u00f3rico que se vio reflejado con la asunci\u00f3n del expresidente Ra\u00fal Alfons\u00edn y que la legisladora provincial, Liliana Mart\u00ednez Allende, revisa exhaustivamente. &nbsp; La Legisladora provincial y Presidenta de la [&hellip;]<\/p>\n","protected":false},"author":352,"featured_media":17956,"comment_status":"closed","ping_status":"open","sticky":false,"template":"","format":"standard","meta":{"jetpack_post_was_ever_published":false,"_jetpack_newsletter_access":"","_jetpack_dont_email_post_to_subs":false,"_jetpack_newsletter_tier_id":0,"footnotes":"","jetpack_publicize_message":"","jetpack_publicize_feature_enabled":true,"jetpack_social_post_already_shared":true,"jetpack_social_options":{"image_generator_settings":{"template":"highway","enabled":false}}},"categories":[1],"tags":[904,78,155,902,79,648,87],"jetpack_publicize_connections":[],"jetpack_sharing_enabled":true,"jetpack_featured_media_url":"https:\/\/www.legistdf.gob.ar\/wp-content\/uploads\/2016\/11\/IMG_2677.jpg","jetpack-related-posts":[],"_links":{"self":[{"href":"https:\/\/www.legistdf.gob.ar\/index.php\/wp-json\/wp\/v2\/posts\/36840"}],"collection":[{"href":"https:\/\/www.legistdf.gob.ar\/index.php\/wp-json\/wp\/v2\/posts"}],"about":[{"href":"https:\/\/www.legistdf.gob.ar\/index.php\/wp-json\/wp\/v2\/types\/post"}],"author":[{"embeddable":true,"href":"https:\/\/www.legistdf.gob.ar\/index.php\/wp-json\/wp\/v2\/users\/352"}],"replies":[{"embeddable":true,"href":"https:\/\/www.legistdf.gob.ar\/index.php\/wp-json\/wp\/v2\/comments?post=36840"}],"version-history":[{"count":1,"href":"https:\/\/www.legistdf.gob.ar\/index.php\/wp-json\/wp\/v2\/posts\/36840\/revisions"}],"predecessor-version":[{"id":36842,"href":"https:\/\/www.legistdf.gob.ar\/index.php\/wp-json\/wp\/v2\/posts\/36840\/revisions\/36842"}],"wp:featuredmedia":[{"embeddable":true,"href":"https:\/\/www.legistdf.gob.ar\/index.php\/wp-json\/wp\/v2\/media\/17956"}],"wp:attachment":[{"href":"https:\/\/www.legistdf.gob.ar\/index.php\/wp-json\/wp\/v2\/media?parent=36840"}],"wp:term":[{"taxonomy":"category","embeddable":true,"href":"https:\/\/www.legistdf.gob.ar\/index.php\/wp-json\/wp\/v2\/categories?post=36840"},{"taxonomy":"post_tag","embeddable":true,"href":"https:\/\/www.legistdf.gob.ar\/index.php\/wp-json\/wp\/v2\/tags?post=36840"}],"curies":[{"name":"wp","href":"https:\/\/api.w.org\/{rel}","templated":true}]}}