{"id":36843,"date":"2023-02-16T14:55:19","date_gmt":"2023-02-16T17:55:19","guid":{"rendered":"https:\/\/www.legistdf.gob.ar\/?p=36843"},"modified":"2023-02-16T14:55:19","modified_gmt":"2023-02-16T17:55:19","slug":"region-emmanuel-trentino-participo-de-un-encuentro-simultaneo-entre-los-parlamentos-patagonico-y-parlasur","status":"publish","type":"post","link":"https:\/\/www.legistdf.gob.ar\/index.php\/2023\/02\/16\/region-emmanuel-trentino-participo-de-un-encuentro-simultaneo-entre-los-parlamentos-patagonico-y-parlasur\/","title":{"rendered":"REGI\u00d3N: Emmanuel Trentino particip\u00f3 de un encuentro simultaneo entre los parlamentos Patag\u00f3nico y PARLASUR"},"content":{"rendered":"<p><span style=\"font-family: arial, helvetica, sans-serif;font-size: 14pt\"><strong><img loading=\"lazy\" decoding=\"async\" data-attachment-id=\"36846\" data-permalink=\"https:\/\/www.legistdf.gob.ar\/index.php\/2023\/02\/16\/region-emmanuel-trentino-participo-de-un-encuentro-simultaneo-entre-los-parlamentos-patagonico-y-parlasur\/photo_2023-02-16_10-37-55\/\" data-orig-file=\"https:\/\/www.legistdf.gob.ar\/wp-content\/uploads\/2023\/02\/photo_2023-02-16_10-37-55.jpg\" data-orig-size=\"1280,1280\" data-comments-opened=\"0\" data-image-meta=\"{&quot;aperture&quot;:&quot;0&quot;,&quot;credit&quot;:&quot;&quot;,&quot;camera&quot;:&quot;&quot;,&quot;caption&quot;:&quot;&quot;,&quot;created_timestamp&quot;:&quot;0&quot;,&quot;copyright&quot;:&quot;&quot;,&quot;focal_length&quot;:&quot;0&quot;,&quot;iso&quot;:&quot;0&quot;,&quot;shutter_speed&quot;:&quot;0&quot;,&quot;title&quot;:&quot;&quot;,&quot;orientation&quot;:&quot;0&quot;}\" data-image-title=\"photo_2023-02-16_10-37-55\" data-image-description=\"\" data-image-caption=\"\" data-medium-file=\"https:\/\/www.legistdf.gob.ar\/wp-content\/uploads\/2023\/02\/photo_2023-02-16_10-37-55-300x300.jpg\" data-large-file=\"https:\/\/www.legistdf.gob.ar\/wp-content\/uploads\/2023\/02\/photo_2023-02-16_10-37-55-1024x1024.jpg\" class=\"alignleft wp-image-36846 size-medium\" src=\"https:\/\/www.legistdf.gob.ar\/wp-content\/uploads\/2023\/02\/photo_2023-02-16_10-37-55-300x300.jpg\" alt=\"\" width=\"300\" height=\"300\" srcset=\"https:\/\/www.legistdf.gob.ar\/wp-content\/uploads\/2023\/02\/photo_2023-02-16_10-37-55-300x300.jpg 300w, https:\/\/www.legistdf.gob.ar\/wp-content\/uploads\/2023\/02\/photo_2023-02-16_10-37-55-150x150.jpg 150w, https:\/\/www.legistdf.gob.ar\/wp-content\/uploads\/2023\/02\/photo_2023-02-16_10-37-55-768x768.jpg 768w, https:\/\/www.legistdf.gob.ar\/wp-content\/uploads\/2023\/02\/photo_2023-02-16_10-37-55-1024x1024.jpg 1024w, https:\/\/www.legistdf.gob.ar\/wp-content\/uploads\/2023\/02\/photo_2023-02-16_10-37-55-160x160.jpg 160w, https:\/\/www.legistdf.gob.ar\/wp-content\/uploads\/2023\/02\/photo_2023-02-16_10-37-55-64x64.jpg 64w, https:\/\/www.legistdf.gob.ar\/wp-content\/uploads\/2023\/02\/photo_2023-02-16_10-37-55.jpg 1280w\" sizes=\"(max-width: 300px) 100vw, 300px\" \/>Ushuaia, jueves 16 de febrero de 2023.- El legislador Emmanuel Trentino, asisti\u00f3 hoy en la Ciudad Aut\u00f3noma de Buenos Aires (CABA), al encuentro conjunto de Legisladoras y Legisladores del Frente de Todos que integran el Parlamento Patag\u00f3nico y el Parlamento del MERCOSUR. El Presidente de la\u00a0 Comisi\u00f3n de Parlamento Patag\u00f3nico y MERCOSUR de Tierra del Fuego, consider\u00f3 importante \u201cunificar los criterios\u201d de ambos estamentos \u201ca la hora de pronunciarnos\u201d. La convocatoria fue realizada por el diputado santacruce\u00f1o Mat\u00edas Maz\u00fa, titular del cuerpo regional y por el diputado, Gast\u00f3n Harispe del PARLASUR.<\/strong><\/span><\/p>\n<p>&nbsp;<\/p>\n<p><span style=\"font-family: arial, helvetica, sans-serif;font-size: 12pt\">En di\u00e1logo con la prensa acreditada, Trentino sostuvo que el encuentro se concret\u00f3 para \u201cunificar los criterios a la hora de pronunciaros y a la hora de elaborar los proyectos de resoluci\u00f3n\u201d que se emiten desde ambos cuerpos deliberativos.\u00a0 En este punto, dijo que el Parlamento Patag\u00f3nico ha apoyado distintas resoluciones que emiti\u00f3 el cuerpo regional PARLASUR, y a su vez, este ha hecho lo propio.<\/span><\/p>\n<p>&nbsp;<\/p>\n<p><span style=\"font-family: arial, helvetica, sans-serif;font-size: 12pt\"><img loading=\"lazy\" decoding=\"async\" data-attachment-id=\"36845\" data-permalink=\"https:\/\/www.legistdf.gob.ar\/index.php\/2023\/02\/16\/region-emmanuel-trentino-participo-de-un-encuentro-simultaneo-entre-los-parlamentos-patagonico-y-parlasur\/photo_2023-02-16_10-28-10\/\" data-orig-file=\"https:\/\/www.legistdf.gob.ar\/wp-content\/uploads\/2023\/02\/photo_2023-02-16_10-28-10.jpg\" data-orig-size=\"1280,1280\" data-comments-opened=\"0\" data-image-meta=\"{&quot;aperture&quot;:&quot;0&quot;,&quot;credit&quot;:&quot;&quot;,&quot;camera&quot;:&quot;&quot;,&quot;caption&quot;:&quot;&quot;,&quot;created_timestamp&quot;:&quot;0&quot;,&quot;copyright&quot;:&quot;&quot;,&quot;focal_length&quot;:&quot;0&quot;,&quot;iso&quot;:&quot;0&quot;,&quot;shutter_speed&quot;:&quot;0&quot;,&quot;title&quot;:&quot;&quot;,&quot;orientation&quot;:&quot;0&quot;}\" data-image-title=\"photo_2023-02-16_10-28-10\" data-image-description=\"\" data-image-caption=\"\" data-medium-file=\"https:\/\/www.legistdf.gob.ar\/wp-content\/uploads\/2023\/02\/photo_2023-02-16_10-28-10-300x300.jpg\" data-large-file=\"https:\/\/www.legistdf.gob.ar\/wp-content\/uploads\/2023\/02\/photo_2023-02-16_10-28-10-1024x1024.jpg\" class=\"alignright wp-image-36845 size-medium\" src=\"https:\/\/www.legistdf.gob.ar\/wp-content\/uploads\/2023\/02\/photo_2023-02-16_10-28-10-300x300.jpg\" alt=\"\" width=\"300\" height=\"300\" srcset=\"https:\/\/www.legistdf.gob.ar\/wp-content\/uploads\/2023\/02\/photo_2023-02-16_10-28-10-300x300.jpg 300w, https:\/\/www.legistdf.gob.ar\/wp-content\/uploads\/2023\/02\/photo_2023-02-16_10-28-10-150x150.jpg 150w, https:\/\/www.legistdf.gob.ar\/wp-content\/uploads\/2023\/02\/photo_2023-02-16_10-28-10-768x768.jpg 768w, https:\/\/www.legistdf.gob.ar\/wp-content\/uploads\/2023\/02\/photo_2023-02-16_10-28-10-1024x1024.jpg 1024w, https:\/\/www.legistdf.gob.ar\/wp-content\/uploads\/2023\/02\/photo_2023-02-16_10-28-10-160x160.jpg 160w, https:\/\/www.legistdf.gob.ar\/wp-content\/uploads\/2023\/02\/photo_2023-02-16_10-28-10-64x64.jpg 64w, https:\/\/www.legistdf.gob.ar\/wp-content\/uploads\/2023\/02\/photo_2023-02-16_10-28-10.jpg 1280w\" sizes=\"(max-width: 300px) 100vw, 300px\" \/><span style=\"font-size: 14pt\">\u201cEste es el puntapi\u00e9 inicial, se trata de un primer encuentro que muestra un camino de inicio\u201d y se\u00f1al\u00f3 que se abordaron diversas tem\u00e1ticas como: Soberan\u00eda, integraci\u00f3n regional, comercio, puertos y v\u00edas navegables, entre otros. \u201cNosotros como Parlamentarios, miembros del cuerpo regional, rese\u00f1amos las distintas resoluciones que emitimos\u201d desde el Parlamento Patag\u00f3nico, detall\u00f3 el Legislador por Tierra del Fuego.<\/span><\/span><\/p>\n<p>&nbsp;<\/p>\n<p><span style=\"font-family: arial, helvetica, sans-serif;font-size: 12pt\">Emmanuel Trentino se\u00f1al\u00f3 que las cuestiones de \u201csoberan\u00eda y la ocupaci\u00f3n ilegitima del imperio de Gran Breta\u00f1a en nuestro territorio provincial y nacional\u201d, tambi\u00e9n fueron analizadas durante la jornada que se llev\u00f3 adelante en instalaciones de la Casa Patria Grande de la CABA.<\/span><\/p>\n<p>&nbsp;<\/p>\n<p><span style=\"font-family: arial, helvetica, sans-serif;font-size: 12pt\">El referente fueguino, evalu\u00f3 que \u201ccuando se unifican criterios y se observa el trabajo realizado\u201d por ambos cuerpos, y resumi\u00f3 que \u201ctrabajamos en el mismo sentido\u201d. Asimismo, agreg\u00f3 que la convocatoria \u201ctiene que ser ampliada\u201d. Inicialmente asistieron los representantes de \u201cuna mirada pol\u00edtica y partidaria. Vamos a ampliar al resto de las composiciones legislativas regionales\u201d, anunci\u00f3. Sobre el particular, el expresidente del Parlamento Patag\u00f3nico a nivel regional,\u00a0 record\u00f3 que ese Cuerpo deliberativo contempla la participaci\u00f3n \u201cde m\u00e1s de 80 Legisladores y Legisladoras, de todas las ideolog\u00edas pol\u00edticas\u201d con una mirada en la regi\u00f3n.<\/span><\/p>\n<p>&nbsp;<\/p>\n<p style=\"text-align: right\"><em>AT<\/em><\/p>\n\n\t\t<style type=\"text\/css\">\n\t\t\t#gallery-1 {\n\t\t\t\tmargin: auto;\n\t\t\t}\n\t\t\t#gallery-1 .gallery-item {\n\t\t\t\tfloat: left;\n\t\t\t\tmargin-top: 10px;\n\t\t\t\ttext-align: center;\n\t\t\t\twidth: 33%;\n\t\t\t}\n\t\t\t#gallery-1 img {\n\t\t\t\tborder: 2px solid #cfcfcf;\n\t\t\t}\n\t\t\t#gallery-1 .gallery-caption {\n\t\t\t\tmargin-left: 0;\n\t\t\t}\n\t\t\t\/* see gallery_shortcode() in wp-includes\/media.php *\/\n\t\t<\/style>\n\t\t<div data-carousel-extra='{\"blog_id\":1,\"permalink\":\"https:\\\/\\\/www.legistdf.gob.ar\\\/index.php\\\/2023\\\/02\\\/16\\\/region-emmanuel-trentino-participo-de-un-encuentro-simultaneo-entre-los-parlamentos-patagonico-y-parlasur\\\/\"}' id='gallery-1' class='gallery galleryid-36843 gallery-columns-3 gallery-size-thumbnail'><dl class='gallery-item'>\n\t\t\t<dt class='gallery-icon landscape'>\n\t\t\t\t<a href='https:\/\/www.legistdf.gob.ar\/index.php\/2023\/02\/16\/region-emmanuel-trentino-participo-de-un-encuentro-simultaneo-entre-los-parlamentos-patagonico-y-parlasur\/photo_2023-02-16_10-28-08-2\/'><img loading=\"lazy\" decoding=\"async\" width=\"150\" height=\"150\" src=\"https:\/\/www.legistdf.gob.ar\/wp-content\/uploads\/2023\/02\/photo_2023-02-16_10-28-08-2-150x150.jpg\" class=\"attachment-thumbnail size-thumbnail\" alt=\"\" srcset=\"https:\/\/www.legistdf.gob.ar\/wp-content\/uploads\/2023\/02\/photo_2023-02-16_10-28-08-2-150x150.jpg 150w, https:\/\/www.legistdf.gob.ar\/wp-content\/uploads\/2023\/02\/photo_2023-02-16_10-28-08-2-300x300.jpg 300w, https:\/\/www.legistdf.gob.ar\/wp-content\/uploads\/2023\/02\/photo_2023-02-16_10-28-08-2-768x768.jpg 768w, https:\/\/www.legistdf.gob.ar\/wp-content\/uploads\/2023\/02\/photo_2023-02-16_10-28-08-2-1024x1024.jpg 1024w, https:\/\/www.legistdf.gob.ar\/wp-content\/uploads\/2023\/02\/photo_2023-02-16_10-28-08-2-160x160.jpg 160w, https:\/\/www.legistdf.gob.ar\/wp-content\/uploads\/2023\/02\/photo_2023-02-16_10-28-08-2-64x64.jpg 64w, https:\/\/www.legistdf.gob.ar\/wp-content\/uploads\/2023\/02\/photo_2023-02-16_10-28-08-2.jpg 1280w\" sizes=\"(max-width: 150px) 100vw, 150px\" data-attachment-id=\"36844\" data-permalink=\"https:\/\/www.legistdf.gob.ar\/index.php\/2023\/02\/16\/region-emmanuel-trentino-participo-de-un-encuentro-simultaneo-entre-los-parlamentos-patagonico-y-parlasur\/photo_2023-02-16_10-28-08-2\/\" data-orig-file=\"https:\/\/www.legistdf.gob.ar\/wp-content\/uploads\/2023\/02\/photo_2023-02-16_10-28-08-2.jpg\" data-orig-size=\"1280,1280\" data-comments-opened=\"0\" data-image-meta=\"{&quot;aperture&quot;:&quot;0&quot;,&quot;credit&quot;:&quot;&quot;,&quot;camera&quot;:&quot;&quot;,&quot;caption&quot;:&quot;&quot;,&quot;created_timestamp&quot;:&quot;0&quot;,&quot;copyright&quot;:&quot;&quot;,&quot;focal_length&quot;:&quot;0&quot;,&quot;iso&quot;:&quot;0&quot;,&quot;shutter_speed&quot;:&quot;0&quot;,&quot;title&quot;:&quot;&quot;,&quot;orientation&quot;:&quot;0&quot;}\" data-image-title=\"photo_2023-02-16_10-28-08 (2)\" data-image-description=\"\" data-image-caption=\"\" data-medium-file=\"https:\/\/www.legistdf.gob.ar\/wp-content\/uploads\/2023\/02\/photo_2023-02-16_10-28-08-2-300x300.jpg\" data-large-file=\"https:\/\/www.legistdf.gob.ar\/wp-content\/uploads\/2023\/02\/photo_2023-02-16_10-28-08-2-1024x1024.jpg\" \/><\/a>\n\t\t\t<\/dt><\/dl><dl class='gallery-item'>\n\t\t\t<dt class='gallery-icon landscape'>\n\t\t\t\t<a href='https:\/\/www.legistdf.gob.ar\/index.php\/2023\/02\/16\/region-emmanuel-trentino-participo-de-un-encuentro-simultaneo-entre-los-parlamentos-patagonico-y-parlasur\/photo_2023-02-16_10-28-10\/'><img loading=\"lazy\" decoding=\"async\" width=\"150\" height=\"150\" src=\"https:\/\/www.legistdf.gob.ar\/wp-content\/uploads\/2023\/02\/photo_2023-02-16_10-28-10-150x150.jpg\" class=\"attachment-thumbnail size-thumbnail\" alt=\"\" srcset=\"https:\/\/www.legistdf.gob.ar\/wp-content\/uploads\/2023\/02\/photo_2023-02-16_10-28-10-150x150.jpg 150w, https:\/\/www.legistdf.gob.ar\/wp-content\/uploads\/2023\/02\/photo_2023-02-16_10-28-10-300x300.jpg 300w, https:\/\/www.legistdf.gob.ar\/wp-content\/uploads\/2023\/02\/photo_2023-02-16_10-28-10-768x768.jpg 768w, https:\/\/www.legistdf.gob.ar\/wp-content\/uploads\/2023\/02\/photo_2023-02-16_10-28-10-1024x1024.jpg 1024w, https:\/\/www.legistdf.gob.ar\/wp-content\/uploads\/2023\/02\/photo_2023-02-16_10-28-10-160x160.jpg 160w, https:\/\/www.legistdf.gob.ar\/wp-content\/uploads\/2023\/02\/photo_2023-02-16_10-28-10-64x64.jpg 64w, https:\/\/www.legistdf.gob.ar\/wp-content\/uploads\/2023\/02\/photo_2023-02-16_10-28-10.jpg 1280w\" sizes=\"(max-width: 150px) 100vw, 150px\" data-attachment-id=\"36845\" data-permalink=\"https:\/\/www.legistdf.gob.ar\/index.php\/2023\/02\/16\/region-emmanuel-trentino-participo-de-un-encuentro-simultaneo-entre-los-parlamentos-patagonico-y-parlasur\/photo_2023-02-16_10-28-10\/\" data-orig-file=\"https:\/\/www.legistdf.gob.ar\/wp-content\/uploads\/2023\/02\/photo_2023-02-16_10-28-10.jpg\" data-orig-size=\"1280,1280\" data-comments-opened=\"0\" data-image-meta=\"{&quot;aperture&quot;:&quot;0&quot;,&quot;credit&quot;:&quot;&quot;,&quot;camera&quot;:&quot;&quot;,&quot;caption&quot;:&quot;&quot;,&quot;created_timestamp&quot;:&quot;0&quot;,&quot;copyright&quot;:&quot;&quot;,&quot;focal_length&quot;:&quot;0&quot;,&quot;iso&quot;:&quot;0&quot;,&quot;shutter_speed&quot;:&quot;0&quot;,&quot;title&quot;:&quot;&quot;,&quot;orientation&quot;:&quot;0&quot;}\" data-image-title=\"photo_2023-02-16_10-28-10\" data-image-description=\"\" data-image-caption=\"\" data-medium-file=\"https:\/\/www.legistdf.gob.ar\/wp-content\/uploads\/2023\/02\/photo_2023-02-16_10-28-10-300x300.jpg\" data-large-file=\"https:\/\/www.legistdf.gob.ar\/wp-content\/uploads\/2023\/02\/photo_2023-02-16_10-28-10-1024x1024.jpg\" \/><\/a>\n\t\t\t<\/dt><\/dl><dl class='gallery-item'>\n\t\t\t<dt class='gallery-icon landscape'>\n\t\t\t\t<a href='https:\/\/www.legistdf.gob.ar\/index.php\/2023\/02\/16\/region-emmanuel-trentino-participo-de-un-encuentro-simultaneo-entre-los-parlamentos-patagonico-y-parlasur\/photo_2023-02-16_10-37-55\/'><img loading=\"lazy\" decoding=\"async\" width=\"150\" height=\"150\" src=\"https:\/\/www.legistdf.gob.ar\/wp-content\/uploads\/2023\/02\/photo_2023-02-16_10-37-55-150x150.jpg\" class=\"attachment-thumbnail size-thumbnail\" alt=\"\" srcset=\"https:\/\/www.legistdf.gob.ar\/wp-content\/uploads\/2023\/02\/photo_2023-02-16_10-37-55-150x150.jpg 150w, https:\/\/www.legistdf.gob.ar\/wp-content\/uploads\/2023\/02\/photo_2023-02-16_10-37-55-300x300.jpg 300w, https:\/\/www.legistdf.gob.ar\/wp-content\/uploads\/2023\/02\/photo_2023-02-16_10-37-55-768x768.jpg 768w, https:\/\/www.legistdf.gob.ar\/wp-content\/uploads\/2023\/02\/photo_2023-02-16_10-37-55-1024x1024.jpg 1024w, https:\/\/www.legistdf.gob.ar\/wp-content\/uploads\/2023\/02\/photo_2023-02-16_10-37-55-160x160.jpg 160w, https:\/\/www.legistdf.gob.ar\/wp-content\/uploads\/2023\/02\/photo_2023-02-16_10-37-55-64x64.jpg 64w, https:\/\/www.legistdf.gob.ar\/wp-content\/uploads\/2023\/02\/photo_2023-02-16_10-37-55.jpg 1280w\" sizes=\"(max-width: 150px) 100vw, 150px\" data-attachment-id=\"36846\" data-permalink=\"https:\/\/www.legistdf.gob.ar\/index.php\/2023\/02\/16\/region-emmanuel-trentino-participo-de-un-encuentro-simultaneo-entre-los-parlamentos-patagonico-y-parlasur\/photo_2023-02-16_10-37-55\/\" data-orig-file=\"https:\/\/www.legistdf.gob.ar\/wp-content\/uploads\/2023\/02\/photo_2023-02-16_10-37-55.jpg\" data-orig-size=\"1280,1280\" data-comments-opened=\"0\" data-image-meta=\"{&quot;aperture&quot;:&quot;0&quot;,&quot;credit&quot;:&quot;&quot;,&quot;camera&quot;:&quot;&quot;,&quot;caption&quot;:&quot;&quot;,&quot;created_timestamp&quot;:&quot;0&quot;,&quot;copyright&quot;:&quot;&quot;,&quot;focal_length&quot;:&quot;0&quot;,&quot;iso&quot;:&quot;0&quot;,&quot;shutter_speed&quot;:&quot;0&quot;,&quot;title&quot;:&quot;&quot;,&quot;orientation&quot;:&quot;0&quot;}\" data-image-title=\"photo_2023-02-16_10-37-55\" data-image-description=\"\" data-image-caption=\"\" data-medium-file=\"https:\/\/www.legistdf.gob.ar\/wp-content\/uploads\/2023\/02\/photo_2023-02-16_10-37-55-300x300.jpg\" data-large-file=\"https:\/\/www.legistdf.gob.ar\/wp-content\/uploads\/2023\/02\/photo_2023-02-16_10-37-55-1024x1024.jpg\" \/><\/a>\n\t\t\t<\/dt><\/dl><br style=\"clear: both\" \/>\n\t\t<\/div>\n\n<p>&nbsp;<\/p>\n","protected":false},"excerpt":{"rendered":"<p>Ushuaia, jueves 16 de febrero de 2023.- El legislador Emmanuel Trentino, asisti\u00f3 hoy en la Ciudad Aut\u00f3noma de Buenos Aires (CABA), al encuentro conjunto de Legisladoras y Legisladores del Frente de Todos que integran el Parlamento Patag\u00f3nico y el Parlamento del MERCOSUR. El Presidente de la\u00a0 Comisi\u00f3n de Parlamento Patag\u00f3nico y MERCOSUR de Tierra del [&hellip;]<\/p>\n","protected":false},"author":352,"featured_media":36846,"comment_status":"closed","ping_status":"open","sticky":false,"template":"","format":"standard","meta":{"jetpack_post_was_ever_published":false,"_jetpack_newsletter_access":"","_jetpack_dont_email_post_to_subs":false,"_jetpack_newsletter_tier_id":0,"footnotes":"","jetpack_publicize_message":"","jetpack_publicize_feature_enabled":true,"jetpack_social_post_already_shared":true,"jetpack_social_options":{"image_generator_settings":{"template":"highway","enabled":false}}},"categories":[1],"tags":[226,1818,78,1980],"jetpack_publicize_connections":[],"jetpack_sharing_enabled":true,"jetpack_featured_media_url":"https:\/\/www.legistdf.gob.ar\/wp-content\/uploads\/2023\/02\/photo_2023-02-16_10-37-55.jpg","jetpack-related-posts":[],"_links":{"self":[{"href":"https:\/\/www.legistdf.gob.ar\/index.php\/wp-json\/wp\/v2\/posts\/36843"}],"collection":[{"href":"https:\/\/www.legistdf.gob.ar\/index.php\/wp-json\/wp\/v2\/posts"}],"about":[{"href":"https:\/\/www.legistdf.gob.ar\/index.php\/wp-json\/wp\/v2\/types\/post"}],"author":[{"embeddable":true,"href":"https:\/\/www.legistdf.gob.ar\/index.php\/wp-json\/wp\/v2\/users\/352"}],"replies":[{"embeddable":true,"href":"https:\/\/www.legistdf.gob.ar\/index.php\/wp-json\/wp\/v2\/comments?post=36843"}],"version-history":[{"count":1,"href":"https:\/\/www.legistdf.gob.ar\/index.php\/wp-json\/wp\/v2\/posts\/36843\/revisions"}],"predecessor-version":[{"id":36847,"href":"https:\/\/www.legistdf.gob.ar\/index.php\/wp-json\/wp\/v2\/posts\/36843\/revisions\/36847"}],"wp:featuredmedia":[{"embeddable":true,"href":"https:\/\/www.legistdf.gob.ar\/index.php\/wp-json\/wp\/v2\/media\/36846"}],"wp:attachment":[{"href":"https:\/\/www.legistdf.gob.ar\/index.php\/wp-json\/wp\/v2\/media?parent=36843"}],"wp:term":[{"taxonomy":"category","embeddable":true,"href":"https:\/\/www.legistdf.gob.ar\/index.php\/wp-json\/wp\/v2\/categories?post=36843"},{"taxonomy":"post_tag","embeddable":true,"href":"https:\/\/www.legistdf.gob.ar\/index.php\/wp-json\/wp\/v2\/tags?post=36843"}],"curies":[{"name":"wp","href":"https:\/\/api.w.org\/{rel}","templated":true}]}}