{"id":36848,"date":"2023-02-16T15:12:11","date_gmt":"2023-02-16T18:12:11","guid":{"rendered":"https:\/\/www.legistdf.gob.ar\/?p=36848"},"modified":"2023-02-16T15:12:11","modified_gmt":"2023-02-16T18:12:11","slug":"genero-estamos-muy-cerca-de-tener-una-ley-de-paridad-en-la-provincia-afirmo-monica-urquiza","status":"publish","type":"post","link":"https:\/\/www.legistdf.gob.ar\/index.php\/2023\/02\/16\/genero-estamos-muy-cerca-de-tener-una-ley-de-paridad-en-la-provincia-afirmo-monica-urquiza\/","title":{"rendered":"G\u00c9NERO: \u201cEstamos muy cerca de tener una Ley de paridad en la Provincia\u201d, afirm\u00f3 M\u00f3nica Urquiza"},"content":{"rendered":"<p><span style=\"font-family: arial, helvetica, sans-serif;font-size: 14pt\"><strong><img loading=\"lazy\" decoding=\"async\" data-attachment-id=\"36851\" data-permalink=\"https:\/\/www.legistdf.gob.ar\/index.php\/2023\/02\/16\/genero-estamos-muy-cerca-de-tener-una-ley-de-paridad-en-la-provincia-afirmo-monica-urquiza\/cr219-1\/\" data-orig-file=\"https:\/\/www.legistdf.gob.ar\/wp-content\/uploads\/2023\/02\/cr219-1.jpg\" data-orig-size=\"1000,667\" data-comments-opened=\"0\" data-image-meta=\"{&quot;aperture&quot;:&quot;0&quot;,&quot;credit&quot;:&quot;&quot;,&quot;camera&quot;:&quot;&quot;,&quot;caption&quot;:&quot;&quot;,&quot;created_timestamp&quot;:&quot;0&quot;,&quot;copyright&quot;:&quot;NDM&quot;,&quot;focal_length&quot;:&quot;0&quot;,&quot;iso&quot;:&quot;0&quot;,&quot;shutter_speed&quot;:&quot;0&quot;,&quot;title&quot;:&quot;&quot;,&quot;orientation&quot;:&quot;0&quot;}\" data-image-title=\"cr219 (1)\" data-image-description=\"\" data-image-caption=\"\" data-medium-file=\"https:\/\/www.legistdf.gob.ar\/wp-content\/uploads\/2023\/02\/cr219-1-300x200.jpg\" data-large-file=\"https:\/\/www.legistdf.gob.ar\/wp-content\/uploads\/2023\/02\/cr219-1.jpg\" class=\"alignleft wp-image-36851 size-medium\" src=\"https:\/\/www.legistdf.gob.ar\/wp-content\/uploads\/2023\/02\/cr219-1-300x200.jpg\" alt=\"\" width=\"300\" height=\"200\" srcset=\"https:\/\/www.legistdf.gob.ar\/wp-content\/uploads\/2023\/02\/cr219-1-300x200.jpg 300w, https:\/\/www.legistdf.gob.ar\/wp-content\/uploads\/2023\/02\/cr219-1-768x512.jpg 768w, https:\/\/www.legistdf.gob.ar\/wp-content\/uploads\/2023\/02\/cr219-1-160x107.jpg 160w, https:\/\/www.legistdf.gob.ar\/wp-content\/uploads\/2023\/02\/cr219-1.jpg 1000w\" sizes=\"(max-width: 300px) 100vw, 300px\" \/>Ushuaia, jueves 16 de febrero de 2023.- La vicegobernadora M\u00f3nica Urquiza particip\u00f3 hoy, junto al ministro de Desarrollo Humano de la Provincia, Juan Marcelo Maciel del acto de apertura del \u201cSegundo Encuentro Patag\u00f3nico de \u00c1reas de G\u00e9neros y Diversidades\u201d. <\/strong><\/span><\/p>\n<p>&nbsp;<\/p>\n<p><span style=\"font-family: arial, helvetica, sans-serif;font-size: 12pt\">En di\u00e1logo con la prensa, la Vicegobernadora explic\u00f3 que \u201ccomo regi\u00f3n patag\u00f3nica tenemos nuestras particularidades y tenemos que entender que la tem\u00e1tica de g\u00e9nero y diversidad cruza transversalmente absolutamente a todas las \u00e1reas del Gobierno; esto nos ense\u00f1a y nos hace cambiar nuestra forma de trabajar, para entender que la tarea de todos los funcionarios es transversal\u201d.<\/span><\/p>\n<p>&nbsp;<\/p>\n<p><span style=\"font-family: arial, helvetica, sans-serif;font-size: 12pt\">Ante los representantes de las distintas \u00e1reas de g\u00e9nero de las provincias patag\u00f3nicas, la titular del Cuerpo legislativo se comprometi\u00f3 a \u201ctrabajar en esta problem\u00e1tica, no solo ante el Parlamento Patag\u00f3nico, sino tambi\u00e9n desde el Foro de Vicegobernadores de la Patagonia. Tenemos que entender que entre todos podemos sumar con las experiencias, que son fundamentales para mejorar, que no quede solamente en una mesa, que no quede solamente escrito en un papel, sino mejorar efectivamente la vida de los fueguinos y fueguinas y de todos los patag\u00f3nicos y patag\u00f3nicas\u201d, dijo Urquiza.<\/span><\/p>\n<p>&nbsp;<\/p>\n<p><span style=\"font-family: arial, helvetica, sans-serif;font-size: 12pt\"><img loading=\"lazy\" decoding=\"async\" data-attachment-id=\"36849\" data-permalink=\"https:\/\/www.legistdf.gob.ar\/index.php\/2023\/02\/16\/genero-estamos-muy-cerca-de-tener-una-ley-de-paridad-en-la-provincia-afirmo-monica-urquiza\/cr22-8\/\" data-orig-file=\"https:\/\/www.legistdf.gob.ar\/wp-content\/uploads\/2023\/02\/cr22.jpg\" data-orig-size=\"1000,667\" data-comments-opened=\"0\" data-image-meta=\"{&quot;aperture&quot;:&quot;0&quot;,&quot;credit&quot;:&quot;&quot;,&quot;camera&quot;:&quot;&quot;,&quot;caption&quot;:&quot;&quot;,&quot;created_timestamp&quot;:&quot;0&quot;,&quot;copyright&quot;:&quot;&quot;,&quot;focal_length&quot;:&quot;0&quot;,&quot;iso&quot;:&quot;0&quot;,&quot;shutter_speed&quot;:&quot;0&quot;,&quot;title&quot;:&quot;&quot;,&quot;orientation&quot;:&quot;0&quot;}\" data-image-title=\"cr22\" data-image-description=\"\" data-image-caption=\"\" data-medium-file=\"https:\/\/www.legistdf.gob.ar\/wp-content\/uploads\/2023\/02\/cr22-300x200.jpg\" data-large-file=\"https:\/\/www.legistdf.gob.ar\/wp-content\/uploads\/2023\/02\/cr22.jpg\" class=\"alignright wp-image-36849 size-medium\" src=\"https:\/\/www.legistdf.gob.ar\/wp-content\/uploads\/2023\/02\/cr22-300x200.jpg\" alt=\"\" width=\"300\" height=\"200\" srcset=\"https:\/\/www.legistdf.gob.ar\/wp-content\/uploads\/2023\/02\/cr22-300x200.jpg 300w, https:\/\/www.legistdf.gob.ar\/wp-content\/uploads\/2023\/02\/cr22-768x512.jpg 768w, https:\/\/www.legistdf.gob.ar\/wp-content\/uploads\/2023\/02\/cr22-160x107.jpg 160w, https:\/\/www.legistdf.gob.ar\/wp-content\/uploads\/2023\/02\/cr22.jpg 1000w\" sizes=\"(max-width: 300px) 100vw, 300px\" \/>Por \u00faltimo, respecto de la discusi\u00f3n sobre la sanci\u00f3n de la Ley de paridad en el\u00a0 seno de la C\u00e1mara, record\u00f3 que \u201cdurante el a\u00f1o pasado se ha discutido el proyecto, no se pudo llegar a la sanci\u00f3n de la Ley todav\u00eda porque la discusi\u00f3n, b\u00e1sicamente est\u00e1 en, si la paridad es integral o la paridad est\u00e1 dada solamente en una lista para una elecci\u00f3n, esto tambi\u00e9n tiene que ver con el trabajo que se est\u00e1 llevando adelante ac\u00e1\u201d, analiz\u00f3 la Vicegobernadora.<\/span><\/p>\n<p>&nbsp;<\/p>\n<p><span style=\"font-family: arial, helvetica, sans-serif;font-size: 12pt\">El encuentro, organizado por la Secretar\u00eda de mujeres, g\u00e9neros y diversidad, dependiente del Ministerio de Desarrollo Humano, tiene por objeto \u201cconstruir un espacio de intercambio de experiencias territoriales, fortaleciendo el conocimiento mutuo y profundizando v\u00ednculos de cooperaci\u00f3n, colaboraci\u00f3n y apoyo, para generar agendas conjuntas que permitir\u00e1n la construcci\u00f3n participativa de compromisos comunes en materia de pol\u00edticas de g\u00e9neros y diversidades\u201d, explic\u00f3 el ministro Maciel.<\/span><\/p>\n<p>&nbsp;<\/p>\n<p><span style=\"font-family: arial, helvetica, sans-serif;font-size: 12pt\"><img loading=\"lazy\" decoding=\"async\" data-attachment-id=\"36850\" data-permalink=\"https:\/\/www.legistdf.gob.ar\/index.php\/2023\/02\/16\/genero-estamos-muy-cerca-de-tener-una-ley-de-paridad-en-la-provincia-afirmo-monica-urquiza\/cr218-4\/\" data-orig-file=\"https:\/\/www.legistdf.gob.ar\/wp-content\/uploads\/2023\/02\/cr218.jpg\" data-orig-size=\"1000,667\" data-comments-opened=\"0\" data-image-meta=\"{&quot;aperture&quot;:&quot;0&quot;,&quot;credit&quot;:&quot;&quot;,&quot;camera&quot;:&quot;&quot;,&quot;caption&quot;:&quot;&quot;,&quot;created_timestamp&quot;:&quot;0&quot;,&quot;copyright&quot;:&quot;NDM&quot;,&quot;focal_length&quot;:&quot;0&quot;,&quot;iso&quot;:&quot;0&quot;,&quot;shutter_speed&quot;:&quot;0&quot;,&quot;title&quot;:&quot;&quot;,&quot;orientation&quot;:&quot;0&quot;}\" data-image-title=\"cr218\" data-image-description=\"\" data-image-caption=\"\" data-medium-file=\"https:\/\/www.legistdf.gob.ar\/wp-content\/uploads\/2023\/02\/cr218-300x200.jpg\" data-large-file=\"https:\/\/www.legistdf.gob.ar\/wp-content\/uploads\/2023\/02\/cr218.jpg\" class=\"alignleft wp-image-36850 size-medium\" src=\"https:\/\/www.legistdf.gob.ar\/wp-content\/uploads\/2023\/02\/cr218-300x200.jpg\" alt=\"\" width=\"300\" height=\"200\" srcset=\"https:\/\/www.legistdf.gob.ar\/wp-content\/uploads\/2023\/02\/cr218-300x200.jpg 300w, https:\/\/www.legistdf.gob.ar\/wp-content\/uploads\/2023\/02\/cr218-768x512.jpg 768w, https:\/\/www.legistdf.gob.ar\/wp-content\/uploads\/2023\/02\/cr218-160x107.jpg 160w, https:\/\/www.legistdf.gob.ar\/wp-content\/uploads\/2023\/02\/cr218.jpg 1000w\" sizes=\"(max-width: 300px) 100vw, 300px\" \/>Seg\u00fan detall\u00f3, trabajar\u00e1n en cuatro ejes propuestos: \u201cExperiencias en el acompa\u00f1amiento de mujeres\/LGBTTQI+ en contexto de violencia por razones de g\u00e9neros; articulaciones con otras \u00e1reas gubernamentales o no gubernamentales para la transversalizaci\u00f3n de la perspectiva de g\u00e9neros y diversidades; trabajo con masculinidades: un camino por recorrer; abordaje integral de Ley Micaela\u201d.<\/span><\/p>\n<p>&nbsp;<\/p>\n<p style=\"text-align: right\"><em>LV-DM<\/em><\/p>\n<p style=\"text-align: right\"><em><a href=\"https:\/\/drive.google.com\/drive\/folders\/16yxQmHGHAnqydCRlc11dL-h1mPYiyCpR?usp=share_link\" target=\"_blank\" rel=\"noopener noreferrer\">Galer\u00eda de im\u00e1genes<\/a><\/em><\/p>\n\n\t\t<style type=\"text\/css\">\n\t\t\t#gallery-1 {\n\t\t\t\tmargin: auto;\n\t\t\t}\n\t\t\t#gallery-1 .gallery-item {\n\t\t\t\tfloat: left;\n\t\t\t\tmargin-top: 10px;\n\t\t\t\ttext-align: center;\n\t\t\t\twidth: 20%;\n\t\t\t}\n\t\t\t#gallery-1 img {\n\t\t\t\tborder: 2px solid #cfcfcf;\n\t\t\t}\n\t\t\t#gallery-1 .gallery-caption {\n\t\t\t\tmargin-left: 0;\n\t\t\t}\n\t\t\t\/* see gallery_shortcode() in wp-includes\/media.php *\/\n\t\t<\/style>\n\t\t<div data-carousel-extra='{\"blog_id\":1,\"permalink\":\"https:\\\/\\\/www.legistdf.gob.ar\\\/index.php\\\/2023\\\/02\\\/16\\\/genero-estamos-muy-cerca-de-tener-una-ley-de-paridad-en-la-provincia-afirmo-monica-urquiza\\\/\"}' id='gallery-1' class='gallery galleryid-36848 gallery-columns-5 gallery-size-thumbnail'><dl class='gallery-item'>\n\t\t\t<dt class='gallery-icon landscape'>\n\t\t\t\t<a href='https:\/\/www.legistdf.gob.ar\/index.php\/2023\/02\/16\/genero-estamos-muy-cerca-de-tener-una-ley-de-paridad-en-la-provincia-afirmo-monica-urquiza\/cr22-8\/'><img loading=\"lazy\" decoding=\"async\" width=\"150\" height=\"150\" src=\"https:\/\/www.legistdf.gob.ar\/wp-content\/uploads\/2023\/02\/cr22-150x150.jpg\" class=\"attachment-thumbnail size-thumbnail\" alt=\"\" srcset=\"https:\/\/www.legistdf.gob.ar\/wp-content\/uploads\/2023\/02\/cr22-150x150.jpg 150w, https:\/\/www.legistdf.gob.ar\/wp-content\/uploads\/2023\/02\/cr22-64x64.jpg 64w\" sizes=\"(max-width: 150px) 100vw, 150px\" data-attachment-id=\"36849\" data-permalink=\"https:\/\/www.legistdf.gob.ar\/index.php\/2023\/02\/16\/genero-estamos-muy-cerca-de-tener-una-ley-de-paridad-en-la-provincia-afirmo-monica-urquiza\/cr22-8\/\" data-orig-file=\"https:\/\/www.legistdf.gob.ar\/wp-content\/uploads\/2023\/02\/cr22.jpg\" data-orig-size=\"1000,667\" data-comments-opened=\"0\" data-image-meta=\"{&quot;aperture&quot;:&quot;0&quot;,&quot;credit&quot;:&quot;&quot;,&quot;camera&quot;:&quot;&quot;,&quot;caption&quot;:&quot;&quot;,&quot;created_timestamp&quot;:&quot;0&quot;,&quot;copyright&quot;:&quot;&quot;,&quot;focal_length&quot;:&quot;0&quot;,&quot;iso&quot;:&quot;0&quot;,&quot;shutter_speed&quot;:&quot;0&quot;,&quot;title&quot;:&quot;&quot;,&quot;orientation&quot;:&quot;0&quot;}\" data-image-title=\"cr22\" data-image-description=\"\" data-image-caption=\"\" data-medium-file=\"https:\/\/www.legistdf.gob.ar\/wp-content\/uploads\/2023\/02\/cr22-300x200.jpg\" data-large-file=\"https:\/\/www.legistdf.gob.ar\/wp-content\/uploads\/2023\/02\/cr22.jpg\" \/><\/a>\n\t\t\t<\/dt><\/dl><dl class='gallery-item'>\n\t\t\t<dt class='gallery-icon landscape'>\n\t\t\t\t<a href='https:\/\/www.legistdf.gob.ar\/index.php\/2023\/02\/16\/genero-estamos-muy-cerca-de-tener-una-ley-de-paridad-en-la-provincia-afirmo-monica-urquiza\/cr218-4\/'><img loading=\"lazy\" decoding=\"async\" width=\"150\" height=\"150\" src=\"https:\/\/www.legistdf.gob.ar\/wp-content\/uploads\/2023\/02\/cr218-150x150.jpg\" class=\"attachment-thumbnail size-thumbnail\" alt=\"\" srcset=\"https:\/\/www.legistdf.gob.ar\/wp-content\/uploads\/2023\/02\/cr218-150x150.jpg 150w, https:\/\/www.legistdf.gob.ar\/wp-content\/uploads\/2023\/02\/cr218-64x64.jpg 64w\" sizes=\"(max-width: 150px) 100vw, 150px\" data-attachment-id=\"36850\" data-permalink=\"https:\/\/www.legistdf.gob.ar\/index.php\/2023\/02\/16\/genero-estamos-muy-cerca-de-tener-una-ley-de-paridad-en-la-provincia-afirmo-monica-urquiza\/cr218-4\/\" data-orig-file=\"https:\/\/www.legistdf.gob.ar\/wp-content\/uploads\/2023\/02\/cr218.jpg\" data-orig-size=\"1000,667\" data-comments-opened=\"0\" data-image-meta=\"{&quot;aperture&quot;:&quot;0&quot;,&quot;credit&quot;:&quot;&quot;,&quot;camera&quot;:&quot;&quot;,&quot;caption&quot;:&quot;&quot;,&quot;created_timestamp&quot;:&quot;0&quot;,&quot;copyright&quot;:&quot;NDM&quot;,&quot;focal_length&quot;:&quot;0&quot;,&quot;iso&quot;:&quot;0&quot;,&quot;shutter_speed&quot;:&quot;0&quot;,&quot;title&quot;:&quot;&quot;,&quot;orientation&quot;:&quot;0&quot;}\" data-image-title=\"cr218\" data-image-description=\"\" data-image-caption=\"\" data-medium-file=\"https:\/\/www.legistdf.gob.ar\/wp-content\/uploads\/2023\/02\/cr218-300x200.jpg\" data-large-file=\"https:\/\/www.legistdf.gob.ar\/wp-content\/uploads\/2023\/02\/cr218.jpg\" \/><\/a>\n\t\t\t<\/dt><\/dl><dl class='gallery-item'>\n\t\t\t<dt class='gallery-icon landscape'>\n\t\t\t\t<a href='https:\/\/www.legistdf.gob.ar\/index.php\/2023\/02\/16\/genero-estamos-muy-cerca-de-tener-una-ley-de-paridad-en-la-provincia-afirmo-monica-urquiza\/cr219-1\/'><img loading=\"lazy\" decoding=\"async\" width=\"150\" height=\"150\" src=\"https:\/\/www.legistdf.gob.ar\/wp-content\/uploads\/2023\/02\/cr219-1-150x150.jpg\" class=\"attachment-thumbnail size-thumbnail\" alt=\"\" srcset=\"https:\/\/www.legistdf.gob.ar\/wp-content\/uploads\/2023\/02\/cr219-1-150x150.jpg 150w, https:\/\/www.legistdf.gob.ar\/wp-content\/uploads\/2023\/02\/cr219-1-64x64.jpg 64w\" sizes=\"(max-width: 150px) 100vw, 150px\" data-attachment-id=\"36851\" data-permalink=\"https:\/\/www.legistdf.gob.ar\/index.php\/2023\/02\/16\/genero-estamos-muy-cerca-de-tener-una-ley-de-paridad-en-la-provincia-afirmo-monica-urquiza\/cr219-1\/\" data-orig-file=\"https:\/\/www.legistdf.gob.ar\/wp-content\/uploads\/2023\/02\/cr219-1.jpg\" data-orig-size=\"1000,667\" data-comments-opened=\"0\" data-image-meta=\"{&quot;aperture&quot;:&quot;0&quot;,&quot;credit&quot;:&quot;&quot;,&quot;camera&quot;:&quot;&quot;,&quot;caption&quot;:&quot;&quot;,&quot;created_timestamp&quot;:&quot;0&quot;,&quot;copyright&quot;:&quot;NDM&quot;,&quot;focal_length&quot;:&quot;0&quot;,&quot;iso&quot;:&quot;0&quot;,&quot;shutter_speed&quot;:&quot;0&quot;,&quot;title&quot;:&quot;&quot;,&quot;orientation&quot;:&quot;0&quot;}\" data-image-title=\"cr219 (1)\" data-image-description=\"\" data-image-caption=\"\" data-medium-file=\"https:\/\/www.legistdf.gob.ar\/wp-content\/uploads\/2023\/02\/cr219-1-300x200.jpg\" data-large-file=\"https:\/\/www.legistdf.gob.ar\/wp-content\/uploads\/2023\/02\/cr219-1.jpg\" \/><\/a>\n\t\t\t<\/dt><\/dl><dl class='gallery-item'>\n\t\t\t<dt class='gallery-icon landscape'>\n\t\t\t\t<a href='https:\/\/www.legistdf.gob.ar\/index.php\/2023\/02\/16\/genero-estamos-muy-cerca-de-tener-una-ley-de-paridad-en-la-provincia-afirmo-monica-urquiza\/cr225-2\/'><img loading=\"lazy\" decoding=\"async\" width=\"150\" height=\"150\" src=\"https:\/\/www.legistdf.gob.ar\/wp-content\/uploads\/2023\/02\/cr225-150x150.jpg\" class=\"attachment-thumbnail size-thumbnail\" alt=\"\" srcset=\"https:\/\/www.legistdf.gob.ar\/wp-content\/uploads\/2023\/02\/cr225-150x150.jpg 150w, https:\/\/www.legistdf.gob.ar\/wp-content\/uploads\/2023\/02\/cr225-64x64.jpg 64w\" sizes=\"(max-width: 150px) 100vw, 150px\" data-attachment-id=\"36852\" data-permalink=\"https:\/\/www.legistdf.gob.ar\/index.php\/2023\/02\/16\/genero-estamos-muy-cerca-de-tener-una-ley-de-paridad-en-la-provincia-afirmo-monica-urquiza\/cr225-2\/\" data-orig-file=\"https:\/\/www.legistdf.gob.ar\/wp-content\/uploads\/2023\/02\/cr225.jpg\" data-orig-size=\"1000,667\" data-comments-opened=\"0\" data-image-meta=\"{&quot;aperture&quot;:&quot;0&quot;,&quot;credit&quot;:&quot;&quot;,&quot;camera&quot;:&quot;&quot;,&quot;caption&quot;:&quot;&quot;,&quot;created_timestamp&quot;:&quot;0&quot;,&quot;copyright&quot;:&quot;NDM&quot;,&quot;focal_length&quot;:&quot;0&quot;,&quot;iso&quot;:&quot;0&quot;,&quot;shutter_speed&quot;:&quot;0&quot;,&quot;title&quot;:&quot;&quot;,&quot;orientation&quot;:&quot;0&quot;}\" data-image-title=\"cr225\" data-image-description=\"\" data-image-caption=\"\" data-medium-file=\"https:\/\/www.legistdf.gob.ar\/wp-content\/uploads\/2023\/02\/cr225-300x200.jpg\" data-large-file=\"https:\/\/www.legistdf.gob.ar\/wp-content\/uploads\/2023\/02\/cr225.jpg\" \/><\/a>\n\t\t\t<\/dt><\/dl><dl class='gallery-item'>\n\t\t\t<dt class='gallery-icon landscape'>\n\t\t\t\t<a href='https:\/\/www.legistdf.gob.ar\/index.php\/2023\/02\/16\/genero-estamos-muy-cerca-de-tener-una-ley-de-paridad-en-la-provincia-afirmo-monica-urquiza\/cr228-2\/'><img loading=\"lazy\" decoding=\"async\" width=\"150\" height=\"150\" src=\"https:\/\/www.legistdf.gob.ar\/wp-content\/uploads\/2023\/02\/cr228-1-150x150.jpg\" class=\"attachment-thumbnail size-thumbnail\" alt=\"\" srcset=\"https:\/\/www.legistdf.gob.ar\/wp-content\/uploads\/2023\/02\/cr228-1-150x150.jpg 150w, https:\/\/www.legistdf.gob.ar\/wp-content\/uploads\/2023\/02\/cr228-1-64x64.jpg 64w\" sizes=\"(max-width: 150px) 100vw, 150px\" data-attachment-id=\"36853\" data-permalink=\"https:\/\/www.legistdf.gob.ar\/index.php\/2023\/02\/16\/genero-estamos-muy-cerca-de-tener-una-ley-de-paridad-en-la-provincia-afirmo-monica-urquiza\/cr228-2\/\" data-orig-file=\"https:\/\/www.legistdf.gob.ar\/wp-content\/uploads\/2023\/02\/cr228-1.jpg\" data-orig-size=\"1000,667\" data-comments-opened=\"0\" data-image-meta=\"{&quot;aperture&quot;:&quot;0&quot;,&quot;credit&quot;:&quot;&quot;,&quot;camera&quot;:&quot;&quot;,&quot;caption&quot;:&quot;&quot;,&quot;created_timestamp&quot;:&quot;0&quot;,&quot;copyright&quot;:&quot;NDM&quot;,&quot;focal_length&quot;:&quot;0&quot;,&quot;iso&quot;:&quot;0&quot;,&quot;shutter_speed&quot;:&quot;0&quot;,&quot;title&quot;:&quot;&quot;,&quot;orientation&quot;:&quot;0&quot;}\" data-image-title=\"cr228\" data-image-description=\"\" data-image-caption=\"\" data-medium-file=\"https:\/\/www.legistdf.gob.ar\/wp-content\/uploads\/2023\/02\/cr228-1-300x200.jpg\" data-large-file=\"https:\/\/www.legistdf.gob.ar\/wp-content\/uploads\/2023\/02\/cr228-1.jpg\" \/><\/a>\n\t\t\t<\/dt><\/dl><br style=\"clear: both\" \/>\n\t\t<\/div>\n\n<p>&nbsp;<\/p>\n","protected":false},"excerpt":{"rendered":"<p>Ushuaia, jueves 16 de febrero de 2023.- La vicegobernadora M\u00f3nica Urquiza particip\u00f3 hoy, junto al ministro de Desarrollo Humano de la Provincia, Juan Marcelo Maciel del acto de apertura del \u201cSegundo Encuentro Patag\u00f3nico de \u00c1reas de G\u00e9neros y Diversidades\u201d. &nbsp; En di\u00e1logo con la prensa, la Vicegobernadora explic\u00f3 que \u201ccomo regi\u00f3n patag\u00f3nica tenemos nuestras particularidades [&hellip;]<\/p>\n","protected":false},"author":352,"featured_media":36851,"comment_status":"closed","ping_status":"open","sticky":false,"template":"","format":"standard","meta":{"jetpack_post_was_ever_published":false,"_jetpack_newsletter_access":"","_jetpack_dont_email_post_to_subs":false,"_jetpack_newsletter_tier_id":0,"footnotes":"","jetpack_publicize_message":"","jetpack_publicize_feature_enabled":true,"jetpack_social_post_already_shared":true,"jetpack_social_options":{"image_generator_settings":{"template":"highway","enabled":false}}},"categories":[1],"tags":[2860,127,78,144],"jetpack_publicize_connections":[],"jetpack_sharing_enabled":true,"jetpack_featured_media_url":"https:\/\/www.legistdf.gob.ar\/wp-content\/uploads\/2023\/02\/cr219-1.jpg","jetpack-related-posts":[],"_links":{"self":[{"href":"https:\/\/www.legistdf.gob.ar\/index.php\/wp-json\/wp\/v2\/posts\/36848"}],"collection":[{"href":"https:\/\/www.legistdf.gob.ar\/index.php\/wp-json\/wp\/v2\/posts"}],"about":[{"href":"https:\/\/www.legistdf.gob.ar\/index.php\/wp-json\/wp\/v2\/types\/post"}],"author":[{"embeddable":true,"href":"https:\/\/www.legistdf.gob.ar\/index.php\/wp-json\/wp\/v2\/users\/352"}],"replies":[{"embeddable":true,"href":"https:\/\/www.legistdf.gob.ar\/index.php\/wp-json\/wp\/v2\/comments?post=36848"}],"version-history":[{"count":1,"href":"https:\/\/www.legistdf.gob.ar\/index.php\/wp-json\/wp\/v2\/posts\/36848\/revisions"}],"predecessor-version":[{"id":36854,"href":"https:\/\/www.legistdf.gob.ar\/index.php\/wp-json\/wp\/v2\/posts\/36848\/revisions\/36854"}],"wp:featuredmedia":[{"embeddable":true,"href":"https:\/\/www.legistdf.gob.ar\/index.php\/wp-json\/wp\/v2\/media\/36851"}],"wp:attachment":[{"href":"https:\/\/www.legistdf.gob.ar\/index.php\/wp-json\/wp\/v2\/media?parent=36848"}],"wp:term":[{"taxonomy":"category","embeddable":true,"href":"https:\/\/www.legistdf.gob.ar\/index.php\/wp-json\/wp\/v2\/categories?post=36848"},{"taxonomy":"post_tag","embeddable":true,"href":"https:\/\/www.legistdf.gob.ar\/index.php\/wp-json\/wp\/v2\/tags?post=36848"}],"curies":[{"name":"wp","href":"https:\/\/api.w.org\/{rel}","templated":true}]}}