{"id":36857,"date":"2023-02-17T12:13:47","date_gmt":"2023-02-17T15:13:47","guid":{"rendered":"https:\/\/www.legistdf.gob.ar\/?p=36857"},"modified":"2023-02-23T16:06:53","modified_gmt":"2023-02-23T19:06:53","slug":"legislatura-el-parlamento-fueguino-se-reunira-en-sesion-preparatoria-el-28","status":"publish","type":"post","link":"https:\/\/www.legistdf.gob.ar\/index.php\/2023\/02\/17\/legislatura-el-parlamento-fueguino-se-reunira-en-sesion-preparatoria-el-28\/","title":{"rendered":"LEGISLATURA: El Parlamento fueguino se reunir\u00e1 en sesi\u00f3n preparatoria el 28"},"content":{"rendered":"<p><span style=\"font-family: arial, helvetica, sans-serif;font-size: 14pt\"><strong><img loading=\"lazy\" decoding=\"async\" data-attachment-id=\"30437\" data-permalink=\"https:\/\/www.legistdf.gob.ar\/index.php\/2022\/02\/25\/legislatura-definieron-autoridades-parlamentarias-para-el-39-periodo-de-sesiones-ordinarias\/img_0323-2\/\" data-orig-file=\"https:\/\/www.legistdf.gob.ar\/wp-content\/uploads\/2022\/02\/IMG_0323.jpg\" data-orig-size=\"1000,667\" data-comments-opened=\"0\" data-image-meta=\"{&quot;aperture&quot;:&quot;0&quot;,&quot;credit&quot;:&quot;&quot;,&quot;camera&quot;:&quot;&quot;,&quot;caption&quot;:&quot;&quot;,&quot;created_timestamp&quot;:&quot;0&quot;,&quot;copyright&quot;:&quot;&quot;,&quot;focal_length&quot;:&quot;0&quot;,&quot;iso&quot;:&quot;0&quot;,&quot;shutter_speed&quot;:&quot;0&quot;,&quot;title&quot;:&quot;&quot;,&quot;orientation&quot;:&quot;0&quot;}\" data-image-title=\"IMG_0323\" data-image-description=\"\" data-image-caption=\"\" data-medium-file=\"https:\/\/www.legistdf.gob.ar\/wp-content\/uploads\/2022\/02\/IMG_0323-300x200.jpg\" data-large-file=\"https:\/\/www.legistdf.gob.ar\/wp-content\/uploads\/2022\/02\/IMG_0323.jpg\" class=\"alignleft wp-image-30437 size-medium\" src=\"https:\/\/www.legistdf.gob.ar\/wp-content\/uploads\/2022\/02\/IMG_0323-300x200.jpg\" alt=\"Foto archivo sesi\u00f3n preparatoria 2022\" width=\"300\" height=\"200\" srcset=\"https:\/\/www.legistdf.gob.ar\/wp-content\/uploads\/2022\/02\/IMG_0323-300x200.jpg 300w, https:\/\/www.legistdf.gob.ar\/wp-content\/uploads\/2022\/02\/IMG_0323-768x512.jpg 768w, https:\/\/www.legistdf.gob.ar\/wp-content\/uploads\/2022\/02\/IMG_0323-160x107.jpg 160w, https:\/\/www.legistdf.gob.ar\/wp-content\/uploads\/2022\/02\/IMG_0323.jpg 1000w\" sizes=\"(max-width: 300px) 100vw, 300px\" \/>Ushuaia, viernes 17 de febrero de 2023.- La resoluci\u00f3n de Presidencia N\u00b0 49\/23, suscripta por la Presidenta de la Legislatura de Tierra del Fuego, vicegobernadora M\u00f3nica Urquiza, convoca a Legisladoras y Legisladores a sesi\u00f3n preparatoria, el 28 de febrero desde las 11 h, en el Recinto de Sesiones legislativas de Yaganes 683 de Ushuaia.<\/strong><\/span><\/p>\n<p>&nbsp;<\/p>\n<p><span style=\"font-family: arial, helvetica, sans-serif;font-size: 12pt\">El documento se basa en el art\u00edculo 2 del Reglamento Interno de la C\u00e1mara legislativa, cuando indica que esa sesi\u00f3n se realizar\u00e1 \u201ca los efectos de elegir, a pluralidad de votos y por votaci\u00f3n nominal, un Vicepresidente 1\u00ba y un Vicepresidente 2\u00ba, quienes reemplazar\u00e1n al Presidente y siempre tendr\u00e1n voto\u201d.<\/span><\/p>\n<p>&nbsp;<\/p>\n<p style=\"text-align: center\"><span style=\"font-family: arial, helvetica, sans-serif;font-size: 12pt\"><em>MEDIOS DE PRENSA: ACREDITACIONES<\/em><\/span><\/p>\n<p>&nbsp;<\/p>\n<p><span style=\"font-family: arial, helvetica, sans-serif;font-size: 14pt\"><img loading=\"lazy\" decoding=\"async\" data-attachment-id=\"31379\" data-permalink=\"https:\/\/www.legistdf.gob.ar\/index.php\/2022\/03\/30\/galeria-imagenes-1a-sesion-ordinaria\/img_5283\/\" data-orig-file=\"https:\/\/www.legistdf.gob.ar\/wp-content\/uploads\/2022\/03\/IMG_5283.jpg\" data-orig-size=\"1000,667\" data-comments-opened=\"0\" data-image-meta=\"{&quot;aperture&quot;:&quot;5.6&quot;,&quot;credit&quot;:&quot;&quot;,&quot;camera&quot;:&quot;Canon EOS 6D&quot;,&quot;caption&quot;:&quot;&quot;,&quot;created_timestamp&quot;:&quot;1648654493&quot;,&quot;copyright&quot;:&quot;&quot;,&quot;focal_length&quot;:&quot;28&quot;,&quot;iso&quot;:&quot;1600&quot;,&quot;shutter_speed&quot;:&quot;0.008&quot;,&quot;title&quot;:&quot;&quot;,&quot;orientation&quot;:&quot;0&quot;}\" data-image-title=\"IMG_5283\" data-image-description=\"\" data-image-caption=\"\" data-medium-file=\"https:\/\/www.legistdf.gob.ar\/wp-content\/uploads\/2022\/03\/IMG_5283-300x200.jpg\" data-large-file=\"https:\/\/www.legistdf.gob.ar\/wp-content\/uploads\/2022\/03\/IMG_5283.jpg\" class=\"wp-image-31379 size-medium alignright\" src=\"https:\/\/www.legistdf.gob.ar\/wp-content\/uploads\/2022\/03\/IMG_5283-300x200.jpg\" alt=\"\" width=\"300\" height=\"200\" srcset=\"https:\/\/www.legistdf.gob.ar\/wp-content\/uploads\/2022\/03\/IMG_5283-300x200.jpg 300w, https:\/\/www.legistdf.gob.ar\/wp-content\/uploads\/2022\/03\/IMG_5283-768x512.jpg 768w, https:\/\/www.legistdf.gob.ar\/wp-content\/uploads\/2022\/03\/IMG_5283-160x107.jpg 160w, https:\/\/www.legistdf.gob.ar\/wp-content\/uploads\/2022\/03\/IMG_5283.jpg 1000w\" sizes=\"(max-width: 300px) 100vw, 300px\" \/><strong>Tal como se resolvi\u00f3 desde la Direcci\u00f3n de Prensa y Difusi\u00f3n Institucional, dependiente de la Secretar\u00eda General de Presidencia, las acreditaciones a medios, comunicadores, periodistas y trabajadores de prensa se encuentran en vigencia hasta diciembre pr\u00f3ximo. No obstante, aquellos medios que requieran la misma por no encontrarse debidamente acreditados, podr\u00e1n gestionarlas en la Direcci\u00f3n de Prensa y Difusi\u00f3n Institucional, de lunes a viernes de 9 a 17 h, en calle Onas 35 de Ushuaia o bien, al correo electr\u00f3nico legistdf@gmail.com.<\/strong><\/span><\/p>\n<p>&nbsp;<\/p>\n","protected":false},"excerpt":{"rendered":"<p>Ushuaia, viernes 17 de febrero de 2023.- La resoluci\u00f3n de Presidencia N\u00b0 49\/23, suscripta por la Presidenta de la Legislatura de Tierra del Fuego, vicegobernadora M\u00f3nica Urquiza, convoca a Legisladoras y Legisladores a sesi\u00f3n preparatoria, el 28 de febrero desde las 11 h, en el Recinto de Sesiones legislativas de Yaganes 683 de Ushuaia. &nbsp; [&hellip;]<\/p>\n","protected":false},"author":352,"featured_media":36421,"comment_status":"closed","ping_status":"open","sticky":false,"template":"","format":"standard","meta":{"jetpack_post_was_ever_published":false,"_jetpack_newsletter_access":"","_jetpack_dont_email_post_to_subs":false,"_jetpack_newsletter_tier_id":0,"footnotes":"","jetpack_publicize_message":"","jetpack_publicize_feature_enabled":true,"jetpack_social_post_already_shared":true,"jetpack_social_options":{"image_generator_settings":{"template":"highway","enabled":false}}},"categories":[1],"tags":[78,144,1100,79,87],"jetpack_publicize_connections":[],"jetpack_sharing_enabled":true,"jetpack_featured_media_url":"https:\/\/www.legistdf.gob.ar\/wp-content\/uploads\/2022\/12\/IMG_6909.jpg","jetpack-related-posts":[],"_links":{"self":[{"href":"https:\/\/www.legistdf.gob.ar\/index.php\/wp-json\/wp\/v2\/posts\/36857"}],"collection":[{"href":"https:\/\/www.legistdf.gob.ar\/index.php\/wp-json\/wp\/v2\/posts"}],"about":[{"href":"https:\/\/www.legistdf.gob.ar\/index.php\/wp-json\/wp\/v2\/types\/post"}],"author":[{"embeddable":true,"href":"https:\/\/www.legistdf.gob.ar\/index.php\/wp-json\/wp\/v2\/users\/352"}],"replies":[{"embeddable":true,"href":"https:\/\/www.legistdf.gob.ar\/index.php\/wp-json\/wp\/v2\/comments?post=36857"}],"version-history":[{"count":2,"href":"https:\/\/www.legistdf.gob.ar\/index.php\/wp-json\/wp\/v2\/posts\/36857\/revisions"}],"predecessor-version":[{"id":36889,"href":"https:\/\/www.legistdf.gob.ar\/index.php\/wp-json\/wp\/v2\/posts\/36857\/revisions\/36889"}],"wp:featuredmedia":[{"embeddable":true,"href":"https:\/\/www.legistdf.gob.ar\/index.php\/wp-json\/wp\/v2\/media\/36421"}],"wp:attachment":[{"href":"https:\/\/www.legistdf.gob.ar\/index.php\/wp-json\/wp\/v2\/media?parent=36857"}],"wp:term":[{"taxonomy":"category","embeddable":true,"href":"https:\/\/www.legistdf.gob.ar\/index.php\/wp-json\/wp\/v2\/categories?post=36857"},{"taxonomy":"post_tag","embeddable":true,"href":"https:\/\/www.legistdf.gob.ar\/index.php\/wp-json\/wp\/v2\/tags?post=36857"}],"curies":[{"name":"wp","href":"https:\/\/api.w.org\/{rel}","templated":true}]}}