{"id":36862,"date":"2023-02-22T10:16:48","date_gmt":"2023-02-22T13:16:48","guid":{"rendered":"https:\/\/www.legistdf.gob.ar\/?p=36862"},"modified":"2023-02-22T10:16:48","modified_gmt":"2023-02-22T13:16:48","slug":"salud-el-gobierno-nacional-entrego-seis-nuevas-ambulancias-a-la-provincia","status":"publish","type":"post","link":"https:\/\/www.legistdf.gob.ar\/index.php\/2023\/02\/22\/salud-el-gobierno-nacional-entrego-seis-nuevas-ambulancias-a-la-provincia\/","title":{"rendered":"SALUD: El Gobierno nacional entreg\u00f3 seis nuevas ambulancias a la Provincia"},"content":{"rendered":"<p><strong><span style=\"font-family: arial, helvetica, sans-serif;font-size: 12pt\"><span style=\"font-size: 14pt\"><img loading=\"lazy\" decoding=\"async\" data-attachment-id=\"36864\" data-permalink=\"https:\/\/www.legistdf.gob.ar\/index.php\/2023\/02\/22\/salud-el-gobierno-nacional-entrego-seis-nuevas-ambulancias-a-la-provincia\/cr215-2\/\" data-orig-file=\"https:\/\/www.legistdf.gob.ar\/wp-content\/uploads\/2023\/02\/cr215.jpg\" data-orig-size=\"1000,667\" data-comments-opened=\"0\" data-image-meta=\"{&quot;aperture&quot;:&quot;0&quot;,&quot;credit&quot;:&quot;&quot;,&quot;camera&quot;:&quot;&quot;,&quot;caption&quot;:&quot;&quot;,&quot;created_timestamp&quot;:&quot;0&quot;,&quot;copyright&quot;:&quot;NDM&quot;,&quot;focal_length&quot;:&quot;0&quot;,&quot;iso&quot;:&quot;0&quot;,&quot;shutter_speed&quot;:&quot;0&quot;,&quot;title&quot;:&quot;&quot;,&quot;orientation&quot;:&quot;0&quot;}\" data-image-title=\"cr215\" data-image-description=\"\" data-image-caption=\"\" data-medium-file=\"https:\/\/www.legistdf.gob.ar\/wp-content\/uploads\/2023\/02\/cr215-300x200.jpg\" data-large-file=\"https:\/\/www.legistdf.gob.ar\/wp-content\/uploads\/2023\/02\/cr215.jpg\" class=\"alignleft wp-image-36864 size-medium\" src=\"https:\/\/www.legistdf.gob.ar\/wp-content\/uploads\/2023\/02\/cr215-300x200.jpg\" alt=\"\" width=\"300\" height=\"200\" srcset=\"https:\/\/www.legistdf.gob.ar\/wp-content\/uploads\/2023\/02\/cr215-300x200.jpg 300w, https:\/\/www.legistdf.gob.ar\/wp-content\/uploads\/2023\/02\/cr215-768x512.jpg 768w, https:\/\/www.legistdf.gob.ar\/wp-content\/uploads\/2023\/02\/cr215-160x107.jpg 160w, https:\/\/www.legistdf.gob.ar\/wp-content\/uploads\/2023\/02\/cr215.jpg 1000w\" sizes=\"(max-width: 300px) 100vw, 300px\" \/>Ushuaia, mi\u00e9rcoles 22 de febrero de 2023.- En el marco de la visita que realiz\u00f3 la ministra de Salud de la Naci\u00f3n, Dra. Carla Vizzotti; la vicegobernadora M\u00f3nica Urquiza acompa\u00f1\u00f3 al Gobernador de la Provincia, prof. Gustavo Melella, durante el acto en el que el Gobierno nacional entreg\u00f3 seis ambulancias al sistema de salud fueguino. \u201cEl recurso humano que tenemos en Tierra del Fuego es fabuloso\u201d, afirm\u00f3 Urquiza<\/span>.<\/span><\/strong><\/p>\n<p>&nbsp;<\/p>\n<p><span style=\"font-family: arial, helvetica, sans-serif;font-size: 12pt\">En di\u00e1logo con la prensa, la titular del Parlamento destac\u00f3 la entrega de las ambulancias, \u201cde las cuales dos son unidades de traslado 4&#215;4, que ser\u00e1n destinadas a los hospitales de R\u00edo Grande, Tolhuin y Ushuaia. La vicegobernadora M\u00f3nica Urquiza reconoci\u00f3 que, para el \u00e1rea de Salud, \u201csiempre hacen falta este tipo de elementos\u201d, y valor\u00f3 la entrega que concret\u00f3 el Ministerio de Salud de la Naci\u00f3n.<\/span><\/p>\n<p>&nbsp;<\/p>\n<p><span style=\"font-family: arial, helvetica, sans-serif;font-size: 12pt\">\u201cEl recurso humano que tenemos en Tierra del Fuego es fabuloso\u201d, asegur\u00f3. Por eso comparti\u00f3 las palabras de la ministra Vizzotti en su reconocimiento al personal de la salud provincial. Pidi\u00f3, asimismo, \u201cno olvidar lo que fuimos capaces de hacer y lo que fue capaz de hacer todo nuestro equipo de salud, acompa\u00f1ado -por supuesto- por todas las \u00e1reas y por todos los fueguinos y fueguinas\u201d, dijo Urquiza.<\/span><\/p>\n<p>&nbsp;<\/p>\n<p><span style=\"font-family: arial, helvetica, sans-serif;font-size: 12pt\"><img loading=\"lazy\" decoding=\"async\" data-attachment-id=\"36863\" data-permalink=\"https:\/\/www.legistdf.gob.ar\/index.php\/2023\/02\/22\/salud-el-gobierno-nacional-entrego-seis-nuevas-ambulancias-a-la-provincia\/cr22-9\/\" data-orig-file=\"https:\/\/www.legistdf.gob.ar\/wp-content\/uploads\/2023\/02\/cr22-1.jpg\" data-orig-size=\"1000,667\" data-comments-opened=\"0\" data-image-meta=\"{&quot;aperture&quot;:&quot;0&quot;,&quot;credit&quot;:&quot;&quot;,&quot;camera&quot;:&quot;&quot;,&quot;caption&quot;:&quot;&quot;,&quot;created_timestamp&quot;:&quot;0&quot;,&quot;copyright&quot;:&quot;NDM&quot;,&quot;focal_length&quot;:&quot;0&quot;,&quot;iso&quot;:&quot;0&quot;,&quot;shutter_speed&quot;:&quot;0&quot;,&quot;title&quot;:&quot;&quot;,&quot;orientation&quot;:&quot;0&quot;}\" data-image-title=\"cr22\" data-image-description=\"\" data-image-caption=\"\" data-medium-file=\"https:\/\/www.legistdf.gob.ar\/wp-content\/uploads\/2023\/02\/cr22-1-300x200.jpg\" data-large-file=\"https:\/\/www.legistdf.gob.ar\/wp-content\/uploads\/2023\/02\/cr22-1.jpg\" class=\"alignright wp-image-36863 size-medium\" src=\"https:\/\/www.legistdf.gob.ar\/wp-content\/uploads\/2023\/02\/cr22-1-300x200.jpg\" alt=\"\" width=\"300\" height=\"200\" srcset=\"https:\/\/www.legistdf.gob.ar\/wp-content\/uploads\/2023\/02\/cr22-1-300x200.jpg 300w, https:\/\/www.legistdf.gob.ar\/wp-content\/uploads\/2023\/02\/cr22-1-768x512.jpg 768w, https:\/\/www.legistdf.gob.ar\/wp-content\/uploads\/2023\/02\/cr22-1-160x107.jpg 160w, https:\/\/www.legistdf.gob.ar\/wp-content\/uploads\/2023\/02\/cr22-1.jpg 1000w\" sizes=\"(max-width: 300px) 100vw, 300px\" \/>En otro p\u00e1rrafo, se refiri\u00f3 al avance de la \u201ctan ansiada obra del hospital para todos los vecinos y vecinas de Ushuaia y tambi\u00e9n el centro de rehabilitaci\u00f3n, de m\u00e1s de 5000 m2, con pileta terap\u00e9utica, internaci\u00f3n; todo lo necesario para que sea realmente un centro modelo de la Patagonia\u201d, describi\u00f3 la vicegobernadora Urquiza.<\/span><\/p>\n<p>&nbsp;<\/p>\n<p><span style=\"font-family: arial, helvetica, sans-serif;font-size: 12pt\">Por su parte, la ministra Carla Vizzotti resalt\u00f3 su visita a la Provincia \u201ccon temas que no son la pandemia, debemos recordar lo que pas\u00f3 y lo que fuimos capaces de hacer, pero todo lo que logramos nos sana\u201d, explic\u00f3 en referencia a la manera en que se super\u00f3 la pandemia por COVID \u2013 19.<\/span><\/p>\n<p>&nbsp;<\/p>\n<p><span style=\"font-family: arial, helvetica, sans-serif;font-size: 12pt\">En sus palabras, rindi\u00f3 un homenaje a cada integrante del equipo de salud provincial \u201cpor su respuesta a la pandemia\u201d. Remarc\u00f3 el \u201cenfoque de equidad\u201d del Gobierno nacional en darle a cada provincia lo que necesita, ya que explic\u00f3 que si la distribuci\u00f3n de los veh\u00edculos se hubiese hecho en relaci\u00f3n a la cantidad de habitantes, \u201cseguramente a Tierra del Fuego le hubiesen tocado menos ambulancias\u201d, remarc\u00f3 la funcionaria nacional.<\/span><\/p>\n<p style=\"text-align: right\">\n<p style=\"text-align: right\"><em><strong>LV-DM<\/strong><\/em><\/p>\n<p style=\"text-align: right\"><a href=\"https:\/\/drive.google.com\/drive\/folders\/1hkUBFYN6AeeZ0OWGFRCzVSNE67HDJglL?usp=share_link\" target=\"_blank\" rel=\"noopener noreferrer\"><em><strong>Galer\u00eda de im\u00e1genes<\/strong><\/em><\/a><\/p>\n\n\t\t<style type=\"text\/css\">\n\t\t\t#gallery-1 {\n\t\t\t\tmargin: auto;\n\t\t\t}\n\t\t\t#gallery-1 .gallery-item {\n\t\t\t\tfloat: left;\n\t\t\t\tmargin-top: 10px;\n\t\t\t\ttext-align: center;\n\t\t\t\twidth: 25%;\n\t\t\t}\n\t\t\t#gallery-1 img {\n\t\t\t\tborder: 2px solid #cfcfcf;\n\t\t\t}\n\t\t\t#gallery-1 .gallery-caption {\n\t\t\t\tmargin-left: 0;\n\t\t\t}\n\t\t\t\/* see gallery_shortcode() in wp-includes\/media.php *\/\n\t\t<\/style>\n\t\t<div data-carousel-extra='{\"blog_id\":1,\"permalink\":\"https:\\\/\\\/www.legistdf.gob.ar\\\/index.php\\\/2023\\\/02\\\/22\\\/salud-el-gobierno-nacional-entrego-seis-nuevas-ambulancias-a-la-provincia\\\/\"}' id='gallery-1' class='gallery galleryid-36862 gallery-columns-4 gallery-size-thumbnail'><dl class='gallery-item'>\n\t\t\t<dt class='gallery-icon landscape'>\n\t\t\t\t<a href='https:\/\/www.legistdf.gob.ar\/index.php\/2023\/02\/22\/salud-el-gobierno-nacional-entrego-seis-nuevas-ambulancias-a-la-provincia\/cr230\/'><img loading=\"lazy\" decoding=\"async\" width=\"150\" height=\"150\" src=\"https:\/\/www.legistdf.gob.ar\/wp-content\/uploads\/2023\/02\/cr230-150x150.jpg\" class=\"attachment-thumbnail size-thumbnail\" alt=\"\" srcset=\"https:\/\/www.legistdf.gob.ar\/wp-content\/uploads\/2023\/02\/cr230-150x150.jpg 150w, https:\/\/www.legistdf.gob.ar\/wp-content\/uploads\/2023\/02\/cr230-64x64.jpg 64w\" sizes=\"(max-width: 150px) 100vw, 150px\" data-attachment-id=\"36866\" data-permalink=\"https:\/\/www.legistdf.gob.ar\/index.php\/2023\/02\/22\/salud-el-gobierno-nacional-entrego-seis-nuevas-ambulancias-a-la-provincia\/cr230\/\" data-orig-file=\"https:\/\/www.legistdf.gob.ar\/wp-content\/uploads\/2023\/02\/cr230.jpg\" data-orig-size=\"1000,667\" data-comments-opened=\"0\" data-image-meta=\"{&quot;aperture&quot;:&quot;0&quot;,&quot;credit&quot;:&quot;&quot;,&quot;camera&quot;:&quot;&quot;,&quot;caption&quot;:&quot;&quot;,&quot;created_timestamp&quot;:&quot;0&quot;,&quot;copyright&quot;:&quot;NDM&quot;,&quot;focal_length&quot;:&quot;0&quot;,&quot;iso&quot;:&quot;0&quot;,&quot;shutter_speed&quot;:&quot;0&quot;,&quot;title&quot;:&quot;&quot;,&quot;orientation&quot;:&quot;0&quot;}\" data-image-title=\"cr230\" data-image-description=\"\" data-image-caption=\"\" data-medium-file=\"https:\/\/www.legistdf.gob.ar\/wp-content\/uploads\/2023\/02\/cr230-300x200.jpg\" data-large-file=\"https:\/\/www.legistdf.gob.ar\/wp-content\/uploads\/2023\/02\/cr230.jpg\" \/><\/a>\n\t\t\t<\/dt><\/dl><dl class='gallery-item'>\n\t\t\t<dt class='gallery-icon landscape'>\n\t\t\t\t<a href='https:\/\/www.legistdf.gob.ar\/index.php\/2023\/02\/22\/salud-el-gobierno-nacional-entrego-seis-nuevas-ambulancias-a-la-provincia\/cr219-6\/'><img loading=\"lazy\" decoding=\"async\" width=\"150\" height=\"150\" src=\"https:\/\/www.legistdf.gob.ar\/wp-content\/uploads\/2023\/02\/cr219-2-150x150.jpg\" class=\"attachment-thumbnail size-thumbnail\" alt=\"\" srcset=\"https:\/\/www.legistdf.gob.ar\/wp-content\/uploads\/2023\/02\/cr219-2-150x150.jpg 150w, https:\/\/www.legistdf.gob.ar\/wp-content\/uploads\/2023\/02\/cr219-2-64x64.jpg 64w\" sizes=\"(max-width: 150px) 100vw, 150px\" data-attachment-id=\"36865\" data-permalink=\"https:\/\/www.legistdf.gob.ar\/index.php\/2023\/02\/22\/salud-el-gobierno-nacional-entrego-seis-nuevas-ambulancias-a-la-provincia\/cr219-6\/\" data-orig-file=\"https:\/\/www.legistdf.gob.ar\/wp-content\/uploads\/2023\/02\/cr219-2.jpg\" data-orig-size=\"1000,667\" data-comments-opened=\"0\" data-image-meta=\"{&quot;aperture&quot;:&quot;0&quot;,&quot;credit&quot;:&quot;&quot;,&quot;camera&quot;:&quot;&quot;,&quot;caption&quot;:&quot;&quot;,&quot;created_timestamp&quot;:&quot;0&quot;,&quot;copyright&quot;:&quot;NDM&quot;,&quot;focal_length&quot;:&quot;0&quot;,&quot;iso&quot;:&quot;0&quot;,&quot;shutter_speed&quot;:&quot;0&quot;,&quot;title&quot;:&quot;&quot;,&quot;orientation&quot;:&quot;0&quot;}\" data-image-title=\"cr219\" data-image-description=\"\" data-image-caption=\"\" data-medium-file=\"https:\/\/www.legistdf.gob.ar\/wp-content\/uploads\/2023\/02\/cr219-2-300x200.jpg\" data-large-file=\"https:\/\/www.legistdf.gob.ar\/wp-content\/uploads\/2023\/02\/cr219-2.jpg\" \/><\/a>\n\t\t\t<\/dt><\/dl><dl class='gallery-item'>\n\t\t\t<dt class='gallery-icon landscape'>\n\t\t\t\t<a href='https:\/\/www.legistdf.gob.ar\/index.php\/2023\/02\/22\/salud-el-gobierno-nacional-entrego-seis-nuevas-ambulancias-a-la-provincia\/cr215-2\/'><img loading=\"lazy\" decoding=\"async\" width=\"150\" height=\"150\" src=\"https:\/\/www.legistdf.gob.ar\/wp-content\/uploads\/2023\/02\/cr215-150x150.jpg\" class=\"attachment-thumbnail size-thumbnail\" alt=\"\" srcset=\"https:\/\/www.legistdf.gob.ar\/wp-content\/uploads\/2023\/02\/cr215-150x150.jpg 150w, https:\/\/www.legistdf.gob.ar\/wp-content\/uploads\/2023\/02\/cr215-64x64.jpg 64w\" sizes=\"(max-width: 150px) 100vw, 150px\" data-attachment-id=\"36864\" data-permalink=\"https:\/\/www.legistdf.gob.ar\/index.php\/2023\/02\/22\/salud-el-gobierno-nacional-entrego-seis-nuevas-ambulancias-a-la-provincia\/cr215-2\/\" data-orig-file=\"https:\/\/www.legistdf.gob.ar\/wp-content\/uploads\/2023\/02\/cr215.jpg\" data-orig-size=\"1000,667\" data-comments-opened=\"0\" data-image-meta=\"{&quot;aperture&quot;:&quot;0&quot;,&quot;credit&quot;:&quot;&quot;,&quot;camera&quot;:&quot;&quot;,&quot;caption&quot;:&quot;&quot;,&quot;created_timestamp&quot;:&quot;0&quot;,&quot;copyright&quot;:&quot;NDM&quot;,&quot;focal_length&quot;:&quot;0&quot;,&quot;iso&quot;:&quot;0&quot;,&quot;shutter_speed&quot;:&quot;0&quot;,&quot;title&quot;:&quot;&quot;,&quot;orientation&quot;:&quot;0&quot;}\" data-image-title=\"cr215\" data-image-description=\"\" data-image-caption=\"\" data-medium-file=\"https:\/\/www.legistdf.gob.ar\/wp-content\/uploads\/2023\/02\/cr215-300x200.jpg\" data-large-file=\"https:\/\/www.legistdf.gob.ar\/wp-content\/uploads\/2023\/02\/cr215.jpg\" \/><\/a>\n\t\t\t<\/dt><\/dl><dl class='gallery-item'>\n\t\t\t<dt class='gallery-icon landscape'>\n\t\t\t\t<a href='https:\/\/www.legistdf.gob.ar\/index.php\/2023\/02\/22\/salud-el-gobierno-nacional-entrego-seis-nuevas-ambulancias-a-la-provincia\/cr22-9\/'><img loading=\"lazy\" decoding=\"async\" width=\"150\" height=\"150\" src=\"https:\/\/www.legistdf.gob.ar\/wp-content\/uploads\/2023\/02\/cr22-1-150x150.jpg\" class=\"attachment-thumbnail size-thumbnail\" alt=\"\" srcset=\"https:\/\/www.legistdf.gob.ar\/wp-content\/uploads\/2023\/02\/cr22-1-150x150.jpg 150w, https:\/\/www.legistdf.gob.ar\/wp-content\/uploads\/2023\/02\/cr22-1-64x64.jpg 64w\" sizes=\"(max-width: 150px) 100vw, 150px\" data-attachment-id=\"36863\" data-permalink=\"https:\/\/www.legistdf.gob.ar\/index.php\/2023\/02\/22\/salud-el-gobierno-nacional-entrego-seis-nuevas-ambulancias-a-la-provincia\/cr22-9\/\" data-orig-file=\"https:\/\/www.legistdf.gob.ar\/wp-content\/uploads\/2023\/02\/cr22-1.jpg\" data-orig-size=\"1000,667\" data-comments-opened=\"0\" data-image-meta=\"{&quot;aperture&quot;:&quot;0&quot;,&quot;credit&quot;:&quot;&quot;,&quot;camera&quot;:&quot;&quot;,&quot;caption&quot;:&quot;&quot;,&quot;created_timestamp&quot;:&quot;0&quot;,&quot;copyright&quot;:&quot;NDM&quot;,&quot;focal_length&quot;:&quot;0&quot;,&quot;iso&quot;:&quot;0&quot;,&quot;shutter_speed&quot;:&quot;0&quot;,&quot;title&quot;:&quot;&quot;,&quot;orientation&quot;:&quot;0&quot;}\" data-image-title=\"cr22\" data-image-description=\"\" data-image-caption=\"\" data-medium-file=\"https:\/\/www.legistdf.gob.ar\/wp-content\/uploads\/2023\/02\/cr22-1-300x200.jpg\" data-large-file=\"https:\/\/www.legistdf.gob.ar\/wp-content\/uploads\/2023\/02\/cr22-1.jpg\" \/><\/a>\n\t\t\t<\/dt><\/dl><br style=\"clear: both\" \/>\n\t\t<\/div>\n\n<p>&nbsp;<\/p>\n","protected":false},"excerpt":{"rendered":"<p>Ushuaia, mi\u00e9rcoles 22 de febrero de 2023.- En el marco de la visita que realiz\u00f3 la ministra de Salud de la Naci\u00f3n, Dra. Carla Vizzotti; la vicegobernadora M\u00f3nica Urquiza acompa\u00f1\u00f3 al Gobernador de la Provincia, prof. Gustavo Melella, durante el acto en el que el Gobierno nacional entreg\u00f3 seis ambulancias al sistema de salud fueguino. [&hellip;]<\/p>\n","protected":false},"author":352,"featured_media":36866,"comment_status":"closed","ping_status":"open","sticky":false,"template":"","format":"standard","meta":{"jetpack_post_was_ever_published":false,"_jetpack_newsletter_access":"","_jetpack_dont_email_post_to_subs":false,"_jetpack_newsletter_tier_id":0,"footnotes":"","jetpack_publicize_message":"","jetpack_publicize_feature_enabled":true,"jetpack_social_post_already_shared":true,"jetpack_social_options":{"image_generator_settings":{"template":"highway","enabled":false}}},"categories":[1],"tags":[78,144,48,79,87],"jetpack_publicize_connections":[],"jetpack_sharing_enabled":true,"jetpack_featured_media_url":"https:\/\/www.legistdf.gob.ar\/wp-content\/uploads\/2023\/02\/cr230.jpg","jetpack-related-posts":[],"_links":{"self":[{"href":"https:\/\/www.legistdf.gob.ar\/index.php\/wp-json\/wp\/v2\/posts\/36862"}],"collection":[{"href":"https:\/\/www.legistdf.gob.ar\/index.php\/wp-json\/wp\/v2\/posts"}],"about":[{"href":"https:\/\/www.legistdf.gob.ar\/index.php\/wp-json\/wp\/v2\/types\/post"}],"author":[{"embeddable":true,"href":"https:\/\/www.legistdf.gob.ar\/index.php\/wp-json\/wp\/v2\/users\/352"}],"replies":[{"embeddable":true,"href":"https:\/\/www.legistdf.gob.ar\/index.php\/wp-json\/wp\/v2\/comments?post=36862"}],"version-history":[{"count":1,"href":"https:\/\/www.legistdf.gob.ar\/index.php\/wp-json\/wp\/v2\/posts\/36862\/revisions"}],"predecessor-version":[{"id":36867,"href":"https:\/\/www.legistdf.gob.ar\/index.php\/wp-json\/wp\/v2\/posts\/36862\/revisions\/36867"}],"wp:featuredmedia":[{"embeddable":true,"href":"https:\/\/www.legistdf.gob.ar\/index.php\/wp-json\/wp\/v2\/media\/36866"}],"wp:attachment":[{"href":"https:\/\/www.legistdf.gob.ar\/index.php\/wp-json\/wp\/v2\/media?parent=36862"}],"wp:term":[{"taxonomy":"category","embeddable":true,"href":"https:\/\/www.legistdf.gob.ar\/index.php\/wp-json\/wp\/v2\/categories?post=36862"},{"taxonomy":"post_tag","embeddable":true,"href":"https:\/\/www.legistdf.gob.ar\/index.php\/wp-json\/wp\/v2\/tags?post=36862"}],"curies":[{"name":"wp","href":"https:\/\/api.w.org\/{rel}","templated":true}]}}