{"id":36868,"date":"2023-02-22T11:17:33","date_gmt":"2023-02-22T14:17:33","guid":{"rendered":"https:\/\/www.legistdf.gob.ar\/?p=36868"},"modified":"2023-02-22T11:17:33","modified_gmt":"2023-02-22T14:17:33","slug":"dia-de-la-antartida-argentina-urquiza-viajo-a-la-base-marambio-junto-a-melella-y-alberto-fernandez","status":"publish","type":"post","link":"https:\/\/www.legistdf.gob.ar\/index.php\/2023\/02\/22\/dia-de-la-antartida-argentina-urquiza-viajo-a-la-base-marambio-junto-a-melella-y-alberto-fernandez\/","title":{"rendered":"D\u00cdA DE LA ANTARTIDA ARGENTINA: Urquiza viaj\u00f3 a la Base Marambio junto a Melella y Alberto Fern\u00e1ndez"},"content":{"rendered":"<p><strong><span style=\"font-family: arial, helvetica, sans-serif;font-size: 14pt\"><img loading=\"lazy\" decoding=\"async\" data-attachment-id=\"36869\" data-permalink=\"https:\/\/www.legistdf.gob.ar\/index.php\/2023\/02\/22\/dia-de-la-antartida-argentina-urquiza-viajo-a-la-base-marambio-junto-a-melella-y-alberto-fernandez\/whatsapp-image-2023-02-22-at-11-14-20-1\/\" data-orig-file=\"https:\/\/www.legistdf.gob.ar\/wp-content\/uploads\/2023\/02\/WhatsApp-Image-2023-02-22-at-11.14.20-1.jpeg\" data-orig-size=\"768,1024\" data-comments-opened=\"0\" data-image-meta=\"{&quot;aperture&quot;:&quot;0&quot;,&quot;credit&quot;:&quot;&quot;,&quot;camera&quot;:&quot;&quot;,&quot;caption&quot;:&quot;&quot;,&quot;created_timestamp&quot;:&quot;0&quot;,&quot;copyright&quot;:&quot;&quot;,&quot;focal_length&quot;:&quot;0&quot;,&quot;iso&quot;:&quot;0&quot;,&quot;shutter_speed&quot;:&quot;0&quot;,&quot;title&quot;:&quot;&quot;,&quot;orientation&quot;:&quot;0&quot;}\" data-image-title=\"WhatsApp Image 2023-02-22 at 11.14.20 (1)\" data-image-description=\"\" data-image-caption=\"\" data-medium-file=\"https:\/\/www.legistdf.gob.ar\/wp-content\/uploads\/2023\/02\/WhatsApp-Image-2023-02-22-at-11.14.20-1-225x300.jpeg\" data-large-file=\"https:\/\/www.legistdf.gob.ar\/wp-content\/uploads\/2023\/02\/WhatsApp-Image-2023-02-22-at-11.14.20-1-768x1024.jpeg\" class=\"alignleft wp-image-36869 size-medium\" src=\"https:\/\/www.legistdf.gob.ar\/wp-content\/uploads\/2023\/02\/WhatsApp-Image-2023-02-22-at-11.14.20-1-225x300.jpeg\" alt=\"\" width=\"225\" height=\"300\" srcset=\"https:\/\/www.legistdf.gob.ar\/wp-content\/uploads\/2023\/02\/WhatsApp-Image-2023-02-22-at-11.14.20-1-225x300.jpeg 225w, https:\/\/www.legistdf.gob.ar\/wp-content\/uploads\/2023\/02\/WhatsApp-Image-2023-02-22-at-11.14.20-1.jpeg 768w, https:\/\/www.legistdf.gob.ar\/wp-content\/uploads\/2023\/02\/WhatsApp-Image-2023-02-22-at-11.14.20-1-120x160.jpeg 120w\" sizes=\"(max-width: 225px) 100vw, 225px\" \/>Ushuaia, mi\u00e9rcoles 22 de febrero de 2023.- El presidente de la Naci\u00f3n, Dr. Alberto Fern\u00e1ndez; junto al Gobernador prof. Gustavo Melella y la vicegobernadora M\u00f3nica Urquiza se trasladaron hoy a la base Marambio para conmemora el D\u00eda de la Ant\u00e1rtida Argentina y los 119 a\u00f1os de presencia ininterrumpida en el Continente Blanco. Cerca de las 20 de ayer, Fern\u00e1ndez\u00a0 fue recibido por el primer mandatario fueguino y la titular de la C\u00e1mara Legislativa, en el aeropuerto internacional Islas Malvinas.\u00a0 All\u00ed saludaron a los integrantes de las fuerzas de seguridad y a los pilotos de aviones Pampa de la Fuerza A\u00e9rea, que fueron los encargados de conformar la guardia presidencial.<\/span><\/strong><\/p>\n<p>&nbsp;<\/p>\n<p><span style=\"font-family: arial, helvetica, sans-serif;font-size: 12pt\">Tambi\u00e9n arribaron a Tierra del Fuego, el canciller Santiago Cafiero; los ministros de Defensa, Jorge Taiana; de Desarrollo Social, Victoria Tolosa Paz; y de Ciencia, Tecnolog\u00eda e Innovaci\u00f3n, Daniel Filmus; el secretario de Malvinas, Ant\u00e1rtida y Atl\u00e1ntico Sur, Guillermo Carmona, como as\u00ed tambi\u00e9n el ministro de Ambiente y Desarrollo Sostenible, Juan Cabandi\u00e9.<\/span><\/p>\n<p>&nbsp;<\/p>\n<p><span style=\"font-family: arial, helvetica, sans-serif;font-size: 12pt\">Cabe destacar que Fern\u00e1ndez, ser\u00e1 el cuarto mandatario en pisar suelo ant\u00e1rtico cuando arribe a la base Marambio, en lo que es considerada una visita de car\u00e1cter hist\u00f3rica en la que se destacar\u00e1 el \u00abvalor del aporte cient\u00edfico y ambiental\u00bb en el continente blanco.<\/span><\/p>\n<p>&nbsp;<\/p>\n<p><span style=\"font-family: arial, helvetica, sans-serif;font-size: 12pt\"><img loading=\"lazy\" decoding=\"async\" data-attachment-id=\"36871\" data-permalink=\"https:\/\/www.legistdf.gob.ar\/index.php\/2023\/02\/22\/dia-de-la-antartida-argentina-urquiza-viajo-a-la-base-marambio-junto-a-melella-y-alberto-fernandez\/whatsapp-image-2023-02-22-at-11-14-20\/\" data-orig-file=\"https:\/\/www.legistdf.gob.ar\/wp-content\/uploads\/2023\/02\/WhatsApp-Image-2023-02-22-at-11.14.20.jpeg\" data-orig-size=\"1024,768\" data-comments-opened=\"0\" data-image-meta=\"{&quot;aperture&quot;:&quot;0&quot;,&quot;credit&quot;:&quot;&quot;,&quot;camera&quot;:&quot;&quot;,&quot;caption&quot;:&quot;&quot;,&quot;created_timestamp&quot;:&quot;0&quot;,&quot;copyright&quot;:&quot;&quot;,&quot;focal_length&quot;:&quot;0&quot;,&quot;iso&quot;:&quot;0&quot;,&quot;shutter_speed&quot;:&quot;0&quot;,&quot;title&quot;:&quot;&quot;,&quot;orientation&quot;:&quot;0&quot;}\" data-image-title=\"WhatsApp Image 2023-02-22 at 11.14.20\" data-image-description=\"\" data-image-caption=\"\" data-medium-file=\"https:\/\/www.legistdf.gob.ar\/wp-content\/uploads\/2023\/02\/WhatsApp-Image-2023-02-22-at-11.14.20-300x225.jpeg\" data-large-file=\"https:\/\/www.legistdf.gob.ar\/wp-content\/uploads\/2023\/02\/WhatsApp-Image-2023-02-22-at-11.14.20-1024x768.jpeg\" class=\"alignright wp-image-36871 size-medium\" src=\"https:\/\/www.legistdf.gob.ar\/wp-content\/uploads\/2023\/02\/WhatsApp-Image-2023-02-22-at-11.14.20-300x225.jpeg\" alt=\"\" width=\"300\" height=\"225\" srcset=\"https:\/\/www.legistdf.gob.ar\/wp-content\/uploads\/2023\/02\/WhatsApp-Image-2023-02-22-at-11.14.20-300x225.jpeg 300w, https:\/\/www.legistdf.gob.ar\/wp-content\/uploads\/2023\/02\/WhatsApp-Image-2023-02-22-at-11.14.20-768x576.jpeg 768w, https:\/\/www.legistdf.gob.ar\/wp-content\/uploads\/2023\/02\/WhatsApp-Image-2023-02-22-at-11.14.20.jpeg 1024w, https:\/\/www.legistdf.gob.ar\/wp-content\/uploads\/2023\/02\/WhatsApp-Image-2023-02-22-at-11.14.20-160x120.jpeg 160w\" sizes=\"(max-width: 300px) 100vw, 300px\" \/>La actividad del\u00a0 Presidente en nuestra Provincia se completar\u00e1, por la tarde, cuando participe de la inauguraci\u00f3n de una sede de la Universidad Nacional de Tierra del Fuego (UNTDF), acompa\u00f1ado tanto del Gobernador como de la Vicegobernadora, como as\u00ed tambi\u00e9n del rector de la Casa de Altos Estudios, Daniel Fern\u00e1ndez.<\/span><\/p>\n<p>&nbsp;<\/p>\n<p style=\"text-align: center\"><span style=\"font-family: arial, helvetica, sans-serif;font-size: 12pt\"><em>D\u00eda de la Ant\u00e1rtida<\/em><\/span><\/p>\n<p><span style=\"font-family: arial, helvetica, sans-serif;font-size: 12pt\"><em>\u00a0<\/em><\/span><\/p>\n<p><span style=\"font-family: arial, helvetica, sans-serif;font-size: 12pt\">El 22 de febrero se recuerda la inauguraci\u00f3n, en 1904, del Observatorio Meteorol\u00f3gico en la Isla Laurie, Orcadas del Sur, que luego ser\u00eda la Base Orcadas, un hito hist\u00f3rico que marc\u00f3 el inicio de la permanencia ininterrumpida de la Argentina en la Ant\u00e1rtida.<\/span><\/p>\n<p>&nbsp;<\/p>\n<p><span style=\"font-family: arial, helvetica, sans-serif;font-size: 12pt\">La Base Marambio, dependiente del Comando Conjunto Ant\u00e1rtico, es la principal puerta de entrada de la log\u00edstica argentina en la Ant\u00e1rtida, y desde 1947 se despliega desde all\u00ed el mayor n\u00famero de campamentos cient\u00edficos durante la Campa\u00f1a Ant\u00e1rtica de Verano.<\/span><\/p>\n<p>&nbsp;<\/p>\n<p><span style=\"font-family: arial, helvetica, sans-serif;font-size: 12pt\">Es la principal base cient\u00edfico-militar permanente de Argentina y una de las principales de toda la Ant\u00e1rtida, y est\u00e1 ubicada sobre el mar de Weddell, a 3.304 kil\u00f3metros de la Ciudad Aut\u00f3noma de Buenos Aires.<\/span><\/p>\n<p>&nbsp;<\/p>\n<p style=\"text-align: right\"><em>ZV<\/em><\/p>\n<p style=\"text-align: right\"><em>Con informaci\u00f3n de agencia TEL\u00c1M<\/em><\/p>\n\n\t\t<style type=\"text\/css\">\n\t\t\t#gallery-1 {\n\t\t\t\tmargin: auto;\n\t\t\t}\n\t\t\t#gallery-1 .gallery-item {\n\t\t\t\tfloat: left;\n\t\t\t\tmargin-top: 10px;\n\t\t\t\ttext-align: center;\n\t\t\t\twidth: 33%;\n\t\t\t}\n\t\t\t#gallery-1 img {\n\t\t\t\tborder: 2px solid #cfcfcf;\n\t\t\t}\n\t\t\t#gallery-1 .gallery-caption {\n\t\t\t\tmargin-left: 0;\n\t\t\t}\n\t\t\t\/* see gallery_shortcode() in wp-includes\/media.php *\/\n\t\t<\/style>\n\t\t<div data-carousel-extra='{\"blog_id\":1,\"permalink\":\"https:\\\/\\\/www.legistdf.gob.ar\\\/index.php\\\/2023\\\/02\\\/22\\\/dia-de-la-antartida-argentina-urquiza-viajo-a-la-base-marambio-junto-a-melella-y-alberto-fernandez\\\/\"}' id='gallery-1' class='gallery galleryid-36868 gallery-columns-3 gallery-size-thumbnail'><dl class='gallery-item'>\n\t\t\t<dt class='gallery-icon portrait'>\n\t\t\t\t<a href='https:\/\/www.legistdf.gob.ar\/index.php\/2023\/02\/22\/dia-de-la-antartida-argentina-urquiza-viajo-a-la-base-marambio-junto-a-melella-y-alberto-fernandez\/whatsapp-image-2023-02-22-at-11-14-20-1\/'><img loading=\"lazy\" decoding=\"async\" width=\"150\" height=\"150\" src=\"https:\/\/www.legistdf.gob.ar\/wp-content\/uploads\/2023\/02\/WhatsApp-Image-2023-02-22-at-11.14.20-1-150x150.jpeg\" class=\"attachment-thumbnail size-thumbnail\" alt=\"\" srcset=\"https:\/\/www.legistdf.gob.ar\/wp-content\/uploads\/2023\/02\/WhatsApp-Image-2023-02-22-at-11.14.20-1-150x150.jpeg 150w, https:\/\/www.legistdf.gob.ar\/wp-content\/uploads\/2023\/02\/WhatsApp-Image-2023-02-22-at-11.14.20-1-64x64.jpeg 64w\" sizes=\"(max-width: 150px) 100vw, 150px\" data-attachment-id=\"36869\" data-permalink=\"https:\/\/www.legistdf.gob.ar\/index.php\/2023\/02\/22\/dia-de-la-antartida-argentina-urquiza-viajo-a-la-base-marambio-junto-a-melella-y-alberto-fernandez\/whatsapp-image-2023-02-22-at-11-14-20-1\/\" data-orig-file=\"https:\/\/www.legistdf.gob.ar\/wp-content\/uploads\/2023\/02\/WhatsApp-Image-2023-02-22-at-11.14.20-1.jpeg\" data-orig-size=\"768,1024\" data-comments-opened=\"0\" data-image-meta=\"{&quot;aperture&quot;:&quot;0&quot;,&quot;credit&quot;:&quot;&quot;,&quot;camera&quot;:&quot;&quot;,&quot;caption&quot;:&quot;&quot;,&quot;created_timestamp&quot;:&quot;0&quot;,&quot;copyright&quot;:&quot;&quot;,&quot;focal_length&quot;:&quot;0&quot;,&quot;iso&quot;:&quot;0&quot;,&quot;shutter_speed&quot;:&quot;0&quot;,&quot;title&quot;:&quot;&quot;,&quot;orientation&quot;:&quot;0&quot;}\" data-image-title=\"WhatsApp Image 2023-02-22 at 11.14.20 (1)\" data-image-description=\"\" data-image-caption=\"\" data-medium-file=\"https:\/\/www.legistdf.gob.ar\/wp-content\/uploads\/2023\/02\/WhatsApp-Image-2023-02-22-at-11.14.20-1-225x300.jpeg\" data-large-file=\"https:\/\/www.legistdf.gob.ar\/wp-content\/uploads\/2023\/02\/WhatsApp-Image-2023-02-22-at-11.14.20-1-768x1024.jpeg\" \/><\/a>\n\t\t\t<\/dt><\/dl><dl class='gallery-item'>\n\t\t\t<dt class='gallery-icon portrait'>\n\t\t\t\t<a href='https:\/\/www.legistdf.gob.ar\/index.php\/2023\/02\/22\/dia-de-la-antartida-argentina-urquiza-viajo-a-la-base-marambio-junto-a-melella-y-alberto-fernandez\/whatsapp-image-2023-02-22-at-11-14-20-2\/'><img loading=\"lazy\" decoding=\"async\" width=\"150\" height=\"150\" src=\"https:\/\/www.legistdf.gob.ar\/wp-content\/uploads\/2023\/02\/WhatsApp-Image-2023-02-22-at-11.14.20-2-150x150.jpeg\" class=\"attachment-thumbnail size-thumbnail\" alt=\"\" srcset=\"https:\/\/www.legistdf.gob.ar\/wp-content\/uploads\/2023\/02\/WhatsApp-Image-2023-02-22-at-11.14.20-2-150x150.jpeg 150w, https:\/\/www.legistdf.gob.ar\/wp-content\/uploads\/2023\/02\/WhatsApp-Image-2023-02-22-at-11.14.20-2-64x64.jpeg 64w\" sizes=\"(max-width: 150px) 100vw, 150px\" data-attachment-id=\"36870\" data-permalink=\"https:\/\/www.legistdf.gob.ar\/index.php\/2023\/02\/22\/dia-de-la-antartida-argentina-urquiza-viajo-a-la-base-marambio-junto-a-melella-y-alberto-fernandez\/whatsapp-image-2023-02-22-at-11-14-20-2\/\" data-orig-file=\"https:\/\/www.legistdf.gob.ar\/wp-content\/uploads\/2023\/02\/WhatsApp-Image-2023-02-22-at-11.14.20-2.jpeg\" data-orig-size=\"768,1024\" data-comments-opened=\"0\" data-image-meta=\"{&quot;aperture&quot;:&quot;0&quot;,&quot;credit&quot;:&quot;&quot;,&quot;camera&quot;:&quot;&quot;,&quot;caption&quot;:&quot;&quot;,&quot;created_timestamp&quot;:&quot;0&quot;,&quot;copyright&quot;:&quot;&quot;,&quot;focal_length&quot;:&quot;0&quot;,&quot;iso&quot;:&quot;0&quot;,&quot;shutter_speed&quot;:&quot;0&quot;,&quot;title&quot;:&quot;&quot;,&quot;orientation&quot;:&quot;0&quot;}\" data-image-title=\"WhatsApp Image 2023-02-22 at 11.14.20 (2)\" data-image-description=\"\" data-image-caption=\"\" data-medium-file=\"https:\/\/www.legistdf.gob.ar\/wp-content\/uploads\/2023\/02\/WhatsApp-Image-2023-02-22-at-11.14.20-2-225x300.jpeg\" data-large-file=\"https:\/\/www.legistdf.gob.ar\/wp-content\/uploads\/2023\/02\/WhatsApp-Image-2023-02-22-at-11.14.20-2-768x1024.jpeg\" \/><\/a>\n\t\t\t<\/dt><\/dl><dl class='gallery-item'>\n\t\t\t<dt class='gallery-icon landscape'>\n\t\t\t\t<a href='https:\/\/www.legistdf.gob.ar\/index.php\/2023\/02\/22\/dia-de-la-antartida-argentina-urquiza-viajo-a-la-base-marambio-junto-a-melella-y-alberto-fernandez\/whatsapp-image-2023-02-22-at-11-14-20\/'><img loading=\"lazy\" decoding=\"async\" width=\"150\" height=\"150\" src=\"https:\/\/www.legistdf.gob.ar\/wp-content\/uploads\/2023\/02\/WhatsApp-Image-2023-02-22-at-11.14.20-150x150.jpeg\" class=\"attachment-thumbnail size-thumbnail\" alt=\"\" srcset=\"https:\/\/www.legistdf.gob.ar\/wp-content\/uploads\/2023\/02\/WhatsApp-Image-2023-02-22-at-11.14.20-150x150.jpeg 150w, https:\/\/www.legistdf.gob.ar\/wp-content\/uploads\/2023\/02\/WhatsApp-Image-2023-02-22-at-11.14.20-64x64.jpeg 64w\" sizes=\"(max-width: 150px) 100vw, 150px\" data-attachment-id=\"36871\" data-permalink=\"https:\/\/www.legistdf.gob.ar\/index.php\/2023\/02\/22\/dia-de-la-antartida-argentina-urquiza-viajo-a-la-base-marambio-junto-a-melella-y-alberto-fernandez\/whatsapp-image-2023-02-22-at-11-14-20\/\" data-orig-file=\"https:\/\/www.legistdf.gob.ar\/wp-content\/uploads\/2023\/02\/WhatsApp-Image-2023-02-22-at-11.14.20.jpeg\" data-orig-size=\"1024,768\" data-comments-opened=\"0\" data-image-meta=\"{&quot;aperture&quot;:&quot;0&quot;,&quot;credit&quot;:&quot;&quot;,&quot;camera&quot;:&quot;&quot;,&quot;caption&quot;:&quot;&quot;,&quot;created_timestamp&quot;:&quot;0&quot;,&quot;copyright&quot;:&quot;&quot;,&quot;focal_length&quot;:&quot;0&quot;,&quot;iso&quot;:&quot;0&quot;,&quot;shutter_speed&quot;:&quot;0&quot;,&quot;title&quot;:&quot;&quot;,&quot;orientation&quot;:&quot;0&quot;}\" data-image-title=\"WhatsApp Image 2023-02-22 at 11.14.20\" data-image-description=\"\" data-image-caption=\"\" data-medium-file=\"https:\/\/www.legistdf.gob.ar\/wp-content\/uploads\/2023\/02\/WhatsApp-Image-2023-02-22-at-11.14.20-300x225.jpeg\" data-large-file=\"https:\/\/www.legistdf.gob.ar\/wp-content\/uploads\/2023\/02\/WhatsApp-Image-2023-02-22-at-11.14.20-1024x768.jpeg\" \/><\/a>\n\t\t\t<\/dt><\/dl><br style=\"clear: both\" \/>\n\t\t<\/div>\n\n","protected":false},"excerpt":{"rendered":"<p>Ushuaia, mi\u00e9rcoles 22 de febrero de 2023.- El presidente de la Naci\u00f3n, Dr. Alberto Fern\u00e1ndez; junto al Gobernador prof. Gustavo Melella y la vicegobernadora M\u00f3nica Urquiza se trasladaron hoy a la base Marambio para conmemora el D\u00eda de la Ant\u00e1rtida Argentina y los 119 a\u00f1os de presencia ininterrumpida en el Continente Blanco. Cerca de las [&hellip;]<\/p>\n","protected":false},"author":352,"featured_media":36871,"comment_status":"closed","ping_status":"open","sticky":false,"template":"","format":"standard","meta":{"jetpack_post_was_ever_published":false,"_jetpack_newsletter_access":"","_jetpack_dont_email_post_to_subs":false,"_jetpack_newsletter_tier_id":0,"footnotes":"","jetpack_publicize_message":"","jetpack_publicize_feature_enabled":true,"jetpack_social_post_already_shared":true,"jetpack_social_options":{"image_generator_settings":{"template":"highway","enabled":false}}},"categories":[1],"tags":[2102,972,78,144,79,87],"jetpack_publicize_connections":[],"jetpack_sharing_enabled":true,"jetpack_featured_media_url":"https:\/\/www.legistdf.gob.ar\/wp-content\/uploads\/2023\/02\/WhatsApp-Image-2023-02-22-at-11.14.20.jpeg","jetpack-related-posts":[],"_links":{"self":[{"href":"https:\/\/www.legistdf.gob.ar\/index.php\/wp-json\/wp\/v2\/posts\/36868"}],"collection":[{"href":"https:\/\/www.legistdf.gob.ar\/index.php\/wp-json\/wp\/v2\/posts"}],"about":[{"href":"https:\/\/www.legistdf.gob.ar\/index.php\/wp-json\/wp\/v2\/types\/post"}],"author":[{"embeddable":true,"href":"https:\/\/www.legistdf.gob.ar\/index.php\/wp-json\/wp\/v2\/users\/352"}],"replies":[{"embeddable":true,"href":"https:\/\/www.legistdf.gob.ar\/index.php\/wp-json\/wp\/v2\/comments?post=36868"}],"version-history":[{"count":1,"href":"https:\/\/www.legistdf.gob.ar\/index.php\/wp-json\/wp\/v2\/posts\/36868\/revisions"}],"predecessor-version":[{"id":36872,"href":"https:\/\/www.legistdf.gob.ar\/index.php\/wp-json\/wp\/v2\/posts\/36868\/revisions\/36872"}],"wp:featuredmedia":[{"embeddable":true,"href":"https:\/\/www.legistdf.gob.ar\/index.php\/wp-json\/wp\/v2\/media\/36871"}],"wp:attachment":[{"href":"https:\/\/www.legistdf.gob.ar\/index.php\/wp-json\/wp\/v2\/media?parent=36868"}],"wp:term":[{"taxonomy":"category","embeddable":true,"href":"https:\/\/www.legistdf.gob.ar\/index.php\/wp-json\/wp\/v2\/categories?post=36868"},{"taxonomy":"post_tag","embeddable":true,"href":"https:\/\/www.legistdf.gob.ar\/index.php\/wp-json\/wp\/v2\/tags?post=36868"}],"curies":[{"name":"wp","href":"https:\/\/api.w.org\/{rel}","templated":true}]}}