{"id":36939,"date":"2023-03-01T15:36:57","date_gmt":"2023-03-01T18:36:57","guid":{"rendered":"https:\/\/www.legistdf.gob.ar\/?p=36939"},"modified":"2023-03-01T15:36:57","modified_gmt":"2023-03-01T18:36:57","slug":"legislatura-para-nuestra-gestion-la-inclusion-es-una-premisa-fundamental-afirmo-urquiza","status":"publish","type":"post","link":"https:\/\/www.legistdf.gob.ar\/index.php\/2023\/03\/01\/legislatura-para-nuestra-gestion-la-inclusion-es-una-premisa-fundamental-afirmo-urquiza\/","title":{"rendered":"LEGISLATURA: \u201cPara nuestra gesti\u00f3n, la inclusi\u00f3n, es una premisa fundamental\u201d, afirm\u00f3 Urquiza"},"content":{"rendered":"<p><strong><span style=\"font-family: arial, helvetica, sans-serif;font-size: 14pt\"><img loading=\"lazy\" decoding=\"async\" data-attachment-id=\"36942\" data-permalink=\"https:\/\/www.legistdf.gob.ar\/index.php\/2023\/03\/01\/legislatura-para-nuestra-gestion-la-inclusion-es-una-premisa-fundamental-afirmo-urquiza\/whatsapp-image-2023-03-01-at-13-07-43\/\" data-orig-file=\"https:\/\/www.legistdf.gob.ar\/wp-content\/uploads\/2023\/03\/WhatsApp-Image-2023-03-01-at-13.07.43.jpeg\" data-orig-size=\"1600,1070\" data-comments-opened=\"0\" data-image-meta=\"{&quot;aperture&quot;:&quot;0&quot;,&quot;credit&quot;:&quot;&quot;,&quot;camera&quot;:&quot;&quot;,&quot;caption&quot;:&quot;&quot;,&quot;created_timestamp&quot;:&quot;0&quot;,&quot;copyright&quot;:&quot;&quot;,&quot;focal_length&quot;:&quot;0&quot;,&quot;iso&quot;:&quot;0&quot;,&quot;shutter_speed&quot;:&quot;0&quot;,&quot;title&quot;:&quot;&quot;,&quot;orientation&quot;:&quot;0&quot;}\" data-image-title=\"WhatsApp Image 2023-03-01 at 13.07.43\" data-image-description=\"\" data-image-caption=\"\" data-medium-file=\"https:\/\/www.legistdf.gob.ar\/wp-content\/uploads\/2023\/03\/WhatsApp-Image-2023-03-01-at-13.07.43-300x201.jpeg\" data-large-file=\"https:\/\/www.legistdf.gob.ar\/wp-content\/uploads\/2023\/03\/WhatsApp-Image-2023-03-01-at-13.07.43-1024x685.jpeg\" class=\"alignleft wp-image-36942 size-medium\" src=\"https:\/\/www.legistdf.gob.ar\/wp-content\/uploads\/2023\/03\/WhatsApp-Image-2023-03-01-at-13.07.43-300x201.jpeg\" alt=\"\" width=\"300\" height=\"201\" srcset=\"https:\/\/www.legistdf.gob.ar\/wp-content\/uploads\/2023\/03\/WhatsApp-Image-2023-03-01-at-13.07.43-300x201.jpeg 300w, https:\/\/www.legistdf.gob.ar\/wp-content\/uploads\/2023\/03\/WhatsApp-Image-2023-03-01-at-13.07.43-768x514.jpeg 768w, https:\/\/www.legistdf.gob.ar\/wp-content\/uploads\/2023\/03\/WhatsApp-Image-2023-03-01-at-13.07.43-1024x685.jpeg 1024w, https:\/\/www.legistdf.gob.ar\/wp-content\/uploads\/2023\/03\/WhatsApp-Image-2023-03-01-at-13.07.43-160x107.jpeg 160w, https:\/\/www.legistdf.gob.ar\/wp-content\/uploads\/2023\/03\/WhatsApp-Image-2023-03-01-at-13.07.43.jpeg 1600w\" sizes=\"(max-width: 300px) 100vw, 300px\" \/>Ushuaia, 1\u00b0 de marzo de 2023.- \u201cEl objetivo central de la gesti\u00f3n, es trabajar y articular pol\u00edticas p\u00fablicas\u00a0 con fuertes bases en la &#8216;inclusi\u00f3n&#8217; de los diferentes sectores que integran la sociedad\u201d,\u00a0 dijo la vicegobernadora M\u00f3nica Urquiza al finalizar la sesi\u00f3n inaugural del 40\u00ba Per\u00edodo de sesiones ordinarias del Poder Legislativo que se realiz\u00f3 en la \u201cF\u00e1brica de Talento\u201d, ubicada en Maip\u00fa 1255 de la capital provincial.<\/span><\/strong><\/p>\n<p>Asimismo, Urquiza\u00a0 acentu\u00f3 que en las palabras del primer mandatario se dej\u00f3 de manifiesto el objetivo central de la Gesti\u00f3n, que es trabajar y articular pol\u00edticas p\u00fablicas\u00a0 con fuertes bases en la &#8216;inclusi\u00f3n&#8217; de los diferentes sectores que integran la sociedad fueguina. Sigui\u00f3 al sumar que, esa premisa se observa en las acciones que se concretan junto a los tres municipios de la Provincia. Por otro lado no quiso dejar de enfatizar el pleno desarrollo que se evidencia en la zona de Almanza.<\/p>\n<p><img loading=\"lazy\" decoding=\"async\" data-attachment-id=\"36943\" data-permalink=\"https:\/\/www.legistdf.gob.ar\/index.php\/2023\/03\/01\/legislatura-para-nuestra-gestion-la-inclusion-es-una-premisa-fundamental-afirmo-urquiza\/img_0160-6\/\" data-orig-file=\"https:\/\/www.legistdf.gob.ar\/wp-content\/uploads\/2023\/03\/IMG_0160.jpg\" data-orig-size=\"1200,800\" data-comments-opened=\"0\" data-image-meta=\"{&quot;aperture&quot;:&quot;0&quot;,&quot;credit&quot;:&quot;&quot;,&quot;camera&quot;:&quot;&quot;,&quot;caption&quot;:&quot;&quot;,&quot;created_timestamp&quot;:&quot;0&quot;,&quot;copyright&quot;:&quot;NDM&quot;,&quot;focal_length&quot;:&quot;0&quot;,&quot;iso&quot;:&quot;0&quot;,&quot;shutter_speed&quot;:&quot;0&quot;,&quot;title&quot;:&quot;&quot;,&quot;orientation&quot;:&quot;0&quot;}\" data-image-title=\"IMG_0160\" data-image-description=\"\" data-image-caption=\"\" data-medium-file=\"https:\/\/www.legistdf.gob.ar\/wp-content\/uploads\/2023\/03\/IMG_0160-300x200.jpg\" data-large-file=\"https:\/\/www.legistdf.gob.ar\/wp-content\/uploads\/2023\/03\/IMG_0160-1024x683.jpg\" class=\"alignright wp-image-36943 size-medium\" src=\"https:\/\/www.legistdf.gob.ar\/wp-content\/uploads\/2023\/03\/IMG_0160-300x200.jpg\" alt=\"\" width=\"300\" height=\"200\" srcset=\"https:\/\/www.legistdf.gob.ar\/wp-content\/uploads\/2023\/03\/IMG_0160-300x200.jpg 300w, https:\/\/www.legistdf.gob.ar\/wp-content\/uploads\/2023\/03\/IMG_0160-768x512.jpg 768w, https:\/\/www.legistdf.gob.ar\/wp-content\/uploads\/2023\/03\/IMG_0160-1024x683.jpg 1024w, https:\/\/www.legistdf.gob.ar\/wp-content\/uploads\/2023\/03\/IMG_0160-160x107.jpg 160w, https:\/\/www.legistdf.gob.ar\/wp-content\/uploads\/2023\/03\/IMG_0160.jpg 1200w\" sizes=\"(max-width: 300px) 100vw, 300px\" \/>\u201cQuiero destacar esta forma de trabajar,- como bien lo dijo el Gobernador-,\u00a0 en la que prevalece un Estado inclusivo. Y este es el proyecto de Provincia\u00a0 al que aspir\u00e1bamos\u201d, enfatiz\u00f3 la Presidenta del Parlamento.<\/p>\n<p>Finalmente, remarc\u00f3\u00a0 el grado de di\u00e1logo, debate y consenso alcanzado entre los diferentes bloques que integran la C\u00e1mara, hecho que tambi\u00e9n fue puesto en relieve por Melella en su tradicional discurso al pueblo fueguino. \u201cComo\u00a0 corresponde, existen diferencias entre los cinco bloques pol\u00edticos, pero hemos\u00a0 encontrado la manera de crecer a pesar de ellas\u201d, postul\u00f3.<\/p>\n<p>\u201cLa oposici\u00f3n, aporta al oficialismo, y creo que este es el camino. Desde la C\u00e1mara, el Ejecutivo provincial obtuvo todas las herramientas que necesit\u00f3 en estos tres a\u00f1os de gesti\u00f3n\u00a0 para seguir adelante con las pol\u00edticas planteadas\u201d, concluy\u00f3.<\/p>\n<p>&nbsp;<\/p>\n<p>&nbsp;<\/p>\n<p style=\"text-align: right\"><a href=\"https:\/\/drive.google.com\/drive\/folders\/1IB9bVhNJ6kr0LfwXlr0eiRb2BJLVSdxb?usp=share_link\" target=\"_blank\" rel=\"noopener noreferrer\"><em>Galer\u00eda de im\u00e1genes<\/em><\/a><\/p>\n<p style=\"text-align: right\"><em>ZV &#8211; DM &#8211; AT &#8211; LV<\/em><\/p>\n<p style=\"text-align: right\"><em>Foto portada gentileza Gobierno TDF<\/em><\/p>\n<p>&nbsp;<\/p>\n<p><iframe loading=\"lazy\" title=\"APERTURA DE LA 40\u00b0 SESI\u00d3N LEGISLATIVA 2023\" width=\"844\" height=\"475\" src=\"https:\/\/www.youtube.com\/embed\/o7gmShYuLps?feature=oembed\" frameborder=\"0\" allow=\"accelerometer; autoplay; clipboard-write; encrypted-media; gyroscope; picture-in-picture; web-share\" allowfullscreen><\/iframe><\/p>\n<p>&nbsp;<\/p>\n<p>&nbsp;<\/p>\n<p>&nbsp;<\/p>\n<p>&nbsp;<\/p>\n<p>&nbsp;<\/p>\n","protected":false},"excerpt":{"rendered":"<p>Ushuaia, 1\u00b0 de marzo de 2023.- \u201cEl objetivo central de la gesti\u00f3n, es trabajar y articular pol\u00edticas p\u00fablicas\u00a0 con fuertes bases en la &#8216;inclusi\u00f3n&#8217; de los diferentes sectores que integran la sociedad\u201d,\u00a0 dijo la vicegobernadora M\u00f3nica Urquiza al finalizar la sesi\u00f3n inaugural del 40\u00ba Per\u00edodo de sesiones ordinarias del Poder Legislativo que se realiz\u00f3 en [&hellip;]<\/p>\n","protected":false},"author":352,"featured_media":36942,"comment_status":"closed","ping_status":"open","sticky":false,"template":"","format":"standard","meta":{"jetpack_post_was_ever_published":false,"_jetpack_newsletter_access":"","_jetpack_dont_email_post_to_subs":false,"_jetpack_newsletter_tier_id":0,"footnotes":"","jetpack_publicize_message":"","jetpack_publicize_feature_enabled":true,"jetpack_social_post_already_shared":true,"jetpack_social_options":{"image_generator_settings":{"template":"highway","enabled":false}}},"categories":[1],"tags":[2868,2867,2870,959,2869,144,2115,174],"jetpack_publicize_connections":[],"jetpack_sharing_enabled":true,"jetpack_featured_media_url":"https:\/\/www.legistdf.gob.ar\/wp-content\/uploads\/2023\/03\/WhatsApp-Image-2023-03-01-at-13.07.43.jpeg","jetpack-related-posts":[],"_links":{"self":[{"href":"https:\/\/www.legistdf.gob.ar\/index.php\/wp-json\/wp\/v2\/posts\/36939"}],"collection":[{"href":"https:\/\/www.legistdf.gob.ar\/index.php\/wp-json\/wp\/v2\/posts"}],"about":[{"href":"https:\/\/www.legistdf.gob.ar\/index.php\/wp-json\/wp\/v2\/types\/post"}],"author":[{"embeddable":true,"href":"https:\/\/www.legistdf.gob.ar\/index.php\/wp-json\/wp\/v2\/users\/352"}],"replies":[{"embeddable":true,"href":"https:\/\/www.legistdf.gob.ar\/index.php\/wp-json\/wp\/v2\/comments?post=36939"}],"version-history":[{"count":2,"href":"https:\/\/www.legistdf.gob.ar\/index.php\/wp-json\/wp\/v2\/posts\/36939\/revisions"}],"predecessor-version":[{"id":36945,"href":"https:\/\/www.legistdf.gob.ar\/index.php\/wp-json\/wp\/v2\/posts\/36939\/revisions\/36945"}],"wp:featuredmedia":[{"embeddable":true,"href":"https:\/\/www.legistdf.gob.ar\/index.php\/wp-json\/wp\/v2\/media\/36942"}],"wp:attachment":[{"href":"https:\/\/www.legistdf.gob.ar\/index.php\/wp-json\/wp\/v2\/media?parent=36939"}],"wp:term":[{"taxonomy":"category","embeddable":true,"href":"https:\/\/www.legistdf.gob.ar\/index.php\/wp-json\/wp\/v2\/categories?post=36939"},{"taxonomy":"post_tag","embeddable":true,"href":"https:\/\/www.legistdf.gob.ar\/index.php\/wp-json\/wp\/v2\/tags?post=36939"}],"curies":[{"name":"wp","href":"https:\/\/api.w.org\/{rel}","templated":true}]}}