{"id":37195,"date":"2023-03-11T18:29:00","date_gmt":"2023-03-11T21:29:00","guid":{"rendered":"https:\/\/www.legistdf.gob.ar\/?p=37195"},"modified":"2023-03-11T18:29:00","modified_gmt":"2023-03-11T21:29:00","slug":"educacion-reconocieron-a-los-docentes-bicontinentales-argentinos","status":"publish","type":"post","link":"https:\/\/www.legistdf.gob.ar\/index.php\/2023\/03\/11\/educacion-reconocieron-a-los-docentes-bicontinentales-argentinos\/","title":{"rendered":"EDUCACI\u00d3N: Reconocieron a los docentes bicontinentales argentinos"},"content":{"rendered":"<p><span style=\"font-family: arial, helvetica, sans-serif;font-size: 14pt\"><strong><img loading=\"lazy\" decoding=\"async\" data-attachment-id=\"37196\" data-permalink=\"https:\/\/www.legistdf.gob.ar\/index.php\/2023\/03\/11\/educacion-reconocieron-a-los-docentes-bicontinentales-argentinos\/1-264\/\" data-orig-file=\"https:\/\/www.legistdf.gob.ar\/wp-content\/uploads\/2023\/03\/1-1.jpg\" data-orig-size=\"1200,801\" data-comments-opened=\"0\" data-image-meta=\"{&quot;aperture&quot;:&quot;5.6&quot;,&quot;credit&quot;:&quot;&quot;,&quot;camera&quot;:&quot;NIKON D750&quot;,&quot;caption&quot;:&quot;&quot;,&quot;created_timestamp&quot;:&quot;1678526713&quot;,&quot;copyright&quot;:&quot;&quot;,&quot;focal_length&quot;:&quot;24&quot;,&quot;iso&quot;:&quot;1250&quot;,&quot;shutter_speed&quot;:&quot;0.01&quot;,&quot;title&quot;:&quot;&quot;,&quot;orientation&quot;:&quot;0&quot;}\" data-image-title=\"1\" data-image-description=\"\" data-image-caption=\"\" data-medium-file=\"https:\/\/www.legistdf.gob.ar\/wp-content\/uploads\/2023\/03\/1-1-300x200.jpg\" data-large-file=\"https:\/\/www.legistdf.gob.ar\/wp-content\/uploads\/2023\/03\/1-1-1024x684.jpg\" class=\"alignleft wp-image-37196 size-medium\" src=\"https:\/\/www.legistdf.gob.ar\/wp-content\/uploads\/2023\/03\/1-1-300x200.jpg\" alt=\"\" width=\"300\" height=\"200\" srcset=\"https:\/\/www.legistdf.gob.ar\/wp-content\/uploads\/2023\/03\/1-1-300x200.jpg 300w, https:\/\/www.legistdf.gob.ar\/wp-content\/uploads\/2023\/03\/1-1-768x513.jpg 768w, https:\/\/www.legistdf.gob.ar\/wp-content\/uploads\/2023\/03\/1-1-1024x684.jpg 1024w, https:\/\/www.legistdf.gob.ar\/wp-content\/uploads\/2023\/03\/1-1-160x107.jpg 160w, https:\/\/www.legistdf.gob.ar\/wp-content\/uploads\/2023\/03\/1-1.jpg 1200w\" sizes=\"(max-width: 300px) 100vw, 300px\" \/>R\u00edo Grande, s\u00e1bado 11 de marzo de 2023.- En el marco de la Ley provincial N\u00b0 1106, autoridades fueguinas homenajearon hoy a docentes bicontinentales argentinos, quienes prestaron servicios en la escuela N\u00b0 38, en la base Esperanza en la Ant\u00e1rtida Argentina. En el encuentro, tambi\u00e9n se resalt\u00f3 el arribo pr\u00f3ximo de los nuevos docentes que se trasladar\u00e1n al continente blanco, en pocos d\u00edas. La Vicegobernadora de la Provincia, expres\u00f3 el orgullo que genera saber de profesionales comprometidos con su funci\u00f3n y valor\u00f3 \u201cese amor que tienen hacia el pr\u00f3jimo para ense\u00f1ar y dar todo\u201d, sostuvo esta ma\u00f1ana.<\/strong><\/span><\/p>\n<p><span style=\"font-family: arial, helvetica, sans-serif;font-size: 12pt\"><strong>\u00a0<\/strong><\/span><\/p>\n<p><span style=\"font-family: arial, helvetica, sans-serif;font-size: 12pt\">Poco m\u00e1s de veinte docentes fueron recibidos por la Presidenta de la Legislatura, M\u00f3nica Urquiza, junto a la legisladora Andrea Freites (FdT-PJ) y la titular de la cartera educativa fueguina, DI Anal\u00eda Cubino; el secretario Malvinas, Ant\u00e1rtida, Islas del Atl\u00e1ntico Sur y Asuntos Internacionales, Andr\u00e9s Dachary y funcionarios ministeriales.<\/span><\/p>\n<p>&nbsp;<\/p>\n<p><span style=\"font-family: arial, helvetica, sans-serif;font-size: 12pt\"><img loading=\"lazy\" decoding=\"async\" data-attachment-id=\"37199\" data-permalink=\"https:\/\/www.legistdf.gob.ar\/index.php\/2023\/03\/11\/educacion-reconocieron-a-los-docentes-bicontinentales-argentinos\/4-185\/\" data-orig-file=\"https:\/\/www.legistdf.gob.ar\/wp-content\/uploads\/2023\/03\/4-1.jpg\" data-orig-size=\"1200,801\" data-comments-opened=\"0\" data-image-meta=\"{&quot;aperture&quot;:&quot;5.6&quot;,&quot;credit&quot;:&quot;&quot;,&quot;camera&quot;:&quot;NIKON D750&quot;,&quot;caption&quot;:&quot;&quot;,&quot;created_timestamp&quot;:&quot;1678527274&quot;,&quot;copyright&quot;:&quot;&quot;,&quot;focal_length&quot;:&quot;65&quot;,&quot;iso&quot;:&quot;1250&quot;,&quot;shutter_speed&quot;:&quot;0.01&quot;,&quot;title&quot;:&quot;&quot;,&quot;orientation&quot;:&quot;0&quot;}\" data-image-title=\"4\" data-image-description=\"\" data-image-caption=\"\" data-medium-file=\"https:\/\/www.legistdf.gob.ar\/wp-content\/uploads\/2023\/03\/4-1-300x200.jpg\" data-large-file=\"https:\/\/www.legistdf.gob.ar\/wp-content\/uploads\/2023\/03\/4-1-1024x684.jpg\" class=\"alignleft wp-image-37199 size-medium\" src=\"https:\/\/www.legistdf.gob.ar\/wp-content\/uploads\/2023\/03\/4-1-300x200.jpg\" alt=\"\" width=\"300\" height=\"200\" srcset=\"https:\/\/www.legistdf.gob.ar\/wp-content\/uploads\/2023\/03\/4-1-300x200.jpg 300w, https:\/\/www.legistdf.gob.ar\/wp-content\/uploads\/2023\/03\/4-1-768x513.jpg 768w, https:\/\/www.legistdf.gob.ar\/wp-content\/uploads\/2023\/03\/4-1-1024x684.jpg 1024w, https:\/\/www.legistdf.gob.ar\/wp-content\/uploads\/2023\/03\/4-1-160x107.jpg 160w, https:\/\/www.legistdf.gob.ar\/wp-content\/uploads\/2023\/03\/4-1.jpg 1200w\" sizes=\"(max-width: 300px) 100vw, 300px\" \/><span style=\"font-size: 14pt\">La directora de nivel primario y secundario de Tierra del Fuego, profesora Claudia Montiel, asegur\u00f3 que ser docente bicontinental, implica \u201cesfuerzo en la preparaci\u00f3n previa, en conocer nuevas propuestas pedag\u00f3gicas, nuevos aprendizajes, actualizarse en las tecnolog\u00edas\u201d. Asimismo, agreg\u00f3 que las familias de los profesionales, tambi\u00e9n deben prepararse. La funcionaria consider\u00f3 que trabajar y ense\u00f1ar en base Esperanza, tambi\u00e9n es \u201cejercer soberan\u00eda, hacer patria, y cumplir este sue\u00f1o y aventura\u201d.<\/span><\/span><\/p>\n<p>&nbsp;<\/p>\n<p><span style=\"font-family: arial, helvetica, sans-serif;font-size: 12pt\">En tanto, la Vicegobernadora describi\u00f3 la vida ant\u00e1rtica y record\u00f3 que \u201cciviles y miembros de las fuerzas armadas y de seguridad, comparten junto a otros profesionales y cient\u00edficos, ese tiempo\u201d.<\/span><\/p>\n<p>&nbsp;<\/p>\n<p><img loading=\"lazy\" decoding=\"async\" data-attachment-id=\"37197\" data-permalink=\"https:\/\/www.legistdf.gob.ar\/index.php\/2023\/03\/11\/educacion-reconocieron-a-los-docentes-bicontinentales-argentinos\/2-253\/\" data-orig-file=\"https:\/\/www.legistdf.gob.ar\/wp-content\/uploads\/2023\/03\/2-1.jpg\" data-orig-size=\"1200,801\" data-comments-opened=\"0\" data-image-meta=\"{&quot;aperture&quot;:&quot;5.6&quot;,&quot;credit&quot;:&quot;&quot;,&quot;camera&quot;:&quot;NIKON D750&quot;,&quot;caption&quot;:&quot;&quot;,&quot;created_timestamp&quot;:&quot;1678529758&quot;,&quot;copyright&quot;:&quot;&quot;,&quot;focal_length&quot;:&quot;50&quot;,&quot;iso&quot;:&quot;1250&quot;,&quot;shutter_speed&quot;:&quot;0.01&quot;,&quot;title&quot;:&quot;&quot;,&quot;orientation&quot;:&quot;0&quot;}\" data-image-title=\"2\" data-image-description=\"\" data-image-caption=\"\" data-medium-file=\"https:\/\/www.legistdf.gob.ar\/wp-content\/uploads\/2023\/03\/2-1-300x200.jpg\" data-large-file=\"https:\/\/www.legistdf.gob.ar\/wp-content\/uploads\/2023\/03\/2-1-1024x684.jpg\" class=\"alignright wp-image-37197 size-medium\" style=\"font-family: arial, helvetica, sans-serif;font-size: 16px\" src=\"https:\/\/www.legistdf.gob.ar\/wp-content\/uploads\/2023\/03\/2-1-300x200.jpg\" alt=\"\" width=\"300\" height=\"200\" srcset=\"https:\/\/www.legistdf.gob.ar\/wp-content\/uploads\/2023\/03\/2-1-300x200.jpg 300w, https:\/\/www.legistdf.gob.ar\/wp-content\/uploads\/2023\/03\/2-1-768x513.jpg 768w, https:\/\/www.legistdf.gob.ar\/wp-content\/uploads\/2023\/03\/2-1-1024x684.jpg 1024w, https:\/\/www.legistdf.gob.ar\/wp-content\/uploads\/2023\/03\/2-1-160x107.jpg 160w, https:\/\/www.legistdf.gob.ar\/wp-content\/uploads\/2023\/03\/2-1.jpg 1200w\" sizes=\"(max-width: 300px) 100vw, 300px\" \/><\/p>\n<p><span style=\"font-family: arial, helvetica, sans-serif;font-size: 14pt\">En di\u00e1logo con Prensa Legislativa, Urquiza resalt\u00f3 poder compartir con los docentes bicontinentales \u201cque han estado en el continente blanco dando clases y formando a nuestras chicas y nuestros chicos\u201d. Entendi\u00f3 que para la movilidad social ascendente \u201ca que todos debemos aspirar\u201d, es fundamental el profesionalismo de hombres y mujeres que encaran el desaf\u00edo de vivir y trabajar en ese ambiente tan particular.<\/span><\/p>\n<p>&nbsp;<\/p>\n<p><span style=\"font-family: arial, helvetica, sans-serif;font-size: 12pt\">El 11 de marzo de 1997, la escuela N\u00b0 38 \u201cPresidente Ra\u00fal Alfons\u00edn\u201d fue transferida a la Provincia, y fue reinaugurada por Tierra del Fuego. Es el Ministerio de Educaci\u00f3n quien se ocupa de la selecci\u00f3n del personal docente civil que se desempe\u00f1a anualmente en esa instituci\u00f3n.<\/span><\/p>\n<p>&nbsp;<\/p>\n<p><span style=\"font-family: arial, helvetica, sans-serif;font-size: 12pt\">La Ley provincial N\u00b0 1106, autor\u00eda de la legisladora Andrea Freites, determina que anualmente se reconocer\u00e1 a las y los docentes que se han desempe\u00f1ado all\u00ed, desde la creaci\u00f3n de la escuela en 1978.<\/span><\/p>\n<p>&nbsp;<\/p>\n<p style=\"text-align: right\"><em>AH-AT<\/em><\/p>\n<p style=\"text-align: right\"><em><a href=\"https:\/\/drive.google.com\/drive\/folders\/19GivdlXp_qUqHCDzg6raQ-3lh8KTJvEd?usp=share_link\" target=\"_blank\" rel=\"noopener noreferrer\">Galer\u00eda de im\u00e1genes<\/a><\/em><\/p>\n\n\t\t<style type=\"text\/css\">\n\t\t\t#gallery-1 {\n\t\t\t\tmargin: auto;\n\t\t\t}\n\t\t\t#gallery-1 .gallery-item {\n\t\t\t\tfloat: left;\n\t\t\t\tmargin-top: 10px;\n\t\t\t\ttext-align: center;\n\t\t\t\twidth: 25%;\n\t\t\t}\n\t\t\t#gallery-1 img {\n\t\t\t\tborder: 2px solid #cfcfcf;\n\t\t\t}\n\t\t\t#gallery-1 .gallery-caption {\n\t\t\t\tmargin-left: 0;\n\t\t\t}\n\t\t\t\/* see gallery_shortcode() in wp-includes\/media.php *\/\n\t\t<\/style>\n\t\t<div data-carousel-extra='{\"blog_id\":1,\"permalink\":\"https:\\\/\\\/www.legistdf.gob.ar\\\/index.php\\\/2023\\\/03\\\/11\\\/educacion-reconocieron-a-los-docentes-bicontinentales-argentinos\\\/\"}' id='gallery-1' class='gallery galleryid-37195 gallery-columns-4 gallery-size-thumbnail'><dl class='gallery-item'>\n\t\t\t<dt class='gallery-icon landscape'>\n\t\t\t\t<a href='https:\/\/www.legistdf.gob.ar\/index.php\/2023\/03\/11\/educacion-reconocieron-a-los-docentes-bicontinentales-argentinos\/1-264\/'><img loading=\"lazy\" decoding=\"async\" width=\"150\" height=\"150\" src=\"https:\/\/www.legistdf.gob.ar\/wp-content\/uploads\/2023\/03\/1-1-150x150.jpg\" class=\"attachment-thumbnail size-thumbnail\" alt=\"\" srcset=\"https:\/\/www.legistdf.gob.ar\/wp-content\/uploads\/2023\/03\/1-1-150x150.jpg 150w, https:\/\/www.legistdf.gob.ar\/wp-content\/uploads\/2023\/03\/1-1-64x64.jpg 64w\" sizes=\"(max-width: 150px) 100vw, 150px\" data-attachment-id=\"37196\" data-permalink=\"https:\/\/www.legistdf.gob.ar\/index.php\/2023\/03\/11\/educacion-reconocieron-a-los-docentes-bicontinentales-argentinos\/1-264\/\" data-orig-file=\"https:\/\/www.legistdf.gob.ar\/wp-content\/uploads\/2023\/03\/1-1.jpg\" data-orig-size=\"1200,801\" data-comments-opened=\"0\" data-image-meta=\"{&quot;aperture&quot;:&quot;5.6&quot;,&quot;credit&quot;:&quot;&quot;,&quot;camera&quot;:&quot;NIKON D750&quot;,&quot;caption&quot;:&quot;&quot;,&quot;created_timestamp&quot;:&quot;1678526713&quot;,&quot;copyright&quot;:&quot;&quot;,&quot;focal_length&quot;:&quot;24&quot;,&quot;iso&quot;:&quot;1250&quot;,&quot;shutter_speed&quot;:&quot;0.01&quot;,&quot;title&quot;:&quot;&quot;,&quot;orientation&quot;:&quot;0&quot;}\" data-image-title=\"1\" data-image-description=\"\" data-image-caption=\"\" data-medium-file=\"https:\/\/www.legistdf.gob.ar\/wp-content\/uploads\/2023\/03\/1-1-300x200.jpg\" data-large-file=\"https:\/\/www.legistdf.gob.ar\/wp-content\/uploads\/2023\/03\/1-1-1024x684.jpg\" \/><\/a>\n\t\t\t<\/dt><\/dl><dl class='gallery-item'>\n\t\t\t<dt class='gallery-icon landscape'>\n\t\t\t\t<a href='https:\/\/www.legistdf.gob.ar\/index.php\/2023\/03\/11\/educacion-reconocieron-a-los-docentes-bicontinentales-argentinos\/2-253\/'><img loading=\"lazy\" decoding=\"async\" width=\"150\" height=\"150\" src=\"https:\/\/www.legistdf.gob.ar\/wp-content\/uploads\/2023\/03\/2-1-150x150.jpg\" class=\"attachment-thumbnail size-thumbnail\" alt=\"\" srcset=\"https:\/\/www.legistdf.gob.ar\/wp-content\/uploads\/2023\/03\/2-1-150x150.jpg 150w, https:\/\/www.legistdf.gob.ar\/wp-content\/uploads\/2023\/03\/2-1-64x64.jpg 64w\" sizes=\"(max-width: 150px) 100vw, 150px\" data-attachment-id=\"37197\" data-permalink=\"https:\/\/www.legistdf.gob.ar\/index.php\/2023\/03\/11\/educacion-reconocieron-a-los-docentes-bicontinentales-argentinos\/2-253\/\" data-orig-file=\"https:\/\/www.legistdf.gob.ar\/wp-content\/uploads\/2023\/03\/2-1.jpg\" data-orig-size=\"1200,801\" data-comments-opened=\"0\" data-image-meta=\"{&quot;aperture&quot;:&quot;5.6&quot;,&quot;credit&quot;:&quot;&quot;,&quot;camera&quot;:&quot;NIKON D750&quot;,&quot;caption&quot;:&quot;&quot;,&quot;created_timestamp&quot;:&quot;1678529758&quot;,&quot;copyright&quot;:&quot;&quot;,&quot;focal_length&quot;:&quot;50&quot;,&quot;iso&quot;:&quot;1250&quot;,&quot;shutter_speed&quot;:&quot;0.01&quot;,&quot;title&quot;:&quot;&quot;,&quot;orientation&quot;:&quot;0&quot;}\" data-image-title=\"2\" data-image-description=\"\" data-image-caption=\"\" data-medium-file=\"https:\/\/www.legistdf.gob.ar\/wp-content\/uploads\/2023\/03\/2-1-300x200.jpg\" data-large-file=\"https:\/\/www.legistdf.gob.ar\/wp-content\/uploads\/2023\/03\/2-1-1024x684.jpg\" \/><\/a>\n\t\t\t<\/dt><\/dl><dl class='gallery-item'>\n\t\t\t<dt class='gallery-icon landscape'>\n\t\t\t\t<a href='https:\/\/www.legistdf.gob.ar\/index.php\/2023\/03\/11\/educacion-reconocieron-a-los-docentes-bicontinentales-argentinos\/3-223\/'><img loading=\"lazy\" decoding=\"async\" width=\"150\" height=\"150\" src=\"https:\/\/www.legistdf.gob.ar\/wp-content\/uploads\/2023\/03\/3-1-150x150.jpg\" class=\"attachment-thumbnail size-thumbnail\" alt=\"\" srcset=\"https:\/\/www.legistdf.gob.ar\/wp-content\/uploads\/2023\/03\/3-1-150x150.jpg 150w, https:\/\/www.legistdf.gob.ar\/wp-content\/uploads\/2023\/03\/3-1-64x64.jpg 64w\" sizes=\"(max-width: 150px) 100vw, 150px\" data-attachment-id=\"37198\" data-permalink=\"https:\/\/www.legistdf.gob.ar\/index.php\/2023\/03\/11\/educacion-reconocieron-a-los-docentes-bicontinentales-argentinos\/3-223\/\" data-orig-file=\"https:\/\/www.legistdf.gob.ar\/wp-content\/uploads\/2023\/03\/3-1.jpg\" data-orig-size=\"1200,801\" data-comments-opened=\"0\" data-image-meta=\"{&quot;aperture&quot;:&quot;5.6&quot;,&quot;credit&quot;:&quot;&quot;,&quot;camera&quot;:&quot;NIKON D750&quot;,&quot;caption&quot;:&quot;&quot;,&quot;created_timestamp&quot;:&quot;1678531214&quot;,&quot;copyright&quot;:&quot;&quot;,&quot;focal_length&quot;:&quot;82&quot;,&quot;iso&quot;:&quot;1250&quot;,&quot;shutter_speed&quot;:&quot;0.01&quot;,&quot;title&quot;:&quot;&quot;,&quot;orientation&quot;:&quot;0&quot;}\" data-image-title=\"3\" data-image-description=\"\" data-image-caption=\"\" data-medium-file=\"https:\/\/www.legistdf.gob.ar\/wp-content\/uploads\/2023\/03\/3-1-300x200.jpg\" data-large-file=\"https:\/\/www.legistdf.gob.ar\/wp-content\/uploads\/2023\/03\/3-1-1024x684.jpg\" \/><\/a>\n\t\t\t<\/dt><\/dl><dl class='gallery-item'>\n\t\t\t<dt class='gallery-icon landscape'>\n\t\t\t\t<a href='https:\/\/www.legistdf.gob.ar\/index.php\/2023\/03\/11\/educacion-reconocieron-a-los-docentes-bicontinentales-argentinos\/4-185\/'><img loading=\"lazy\" decoding=\"async\" width=\"150\" height=\"150\" src=\"https:\/\/www.legistdf.gob.ar\/wp-content\/uploads\/2023\/03\/4-1-150x150.jpg\" class=\"attachment-thumbnail size-thumbnail\" alt=\"\" srcset=\"https:\/\/www.legistdf.gob.ar\/wp-content\/uploads\/2023\/03\/4-1-150x150.jpg 150w, https:\/\/www.legistdf.gob.ar\/wp-content\/uploads\/2023\/03\/4-1-64x64.jpg 64w\" sizes=\"(max-width: 150px) 100vw, 150px\" data-attachment-id=\"37199\" data-permalink=\"https:\/\/www.legistdf.gob.ar\/index.php\/2023\/03\/11\/educacion-reconocieron-a-los-docentes-bicontinentales-argentinos\/4-185\/\" data-orig-file=\"https:\/\/www.legistdf.gob.ar\/wp-content\/uploads\/2023\/03\/4-1.jpg\" data-orig-size=\"1200,801\" data-comments-opened=\"0\" data-image-meta=\"{&quot;aperture&quot;:&quot;5.6&quot;,&quot;credit&quot;:&quot;&quot;,&quot;camera&quot;:&quot;NIKON D750&quot;,&quot;caption&quot;:&quot;&quot;,&quot;created_timestamp&quot;:&quot;1678527274&quot;,&quot;copyright&quot;:&quot;&quot;,&quot;focal_length&quot;:&quot;65&quot;,&quot;iso&quot;:&quot;1250&quot;,&quot;shutter_speed&quot;:&quot;0.01&quot;,&quot;title&quot;:&quot;&quot;,&quot;orientation&quot;:&quot;0&quot;}\" data-image-title=\"4\" data-image-description=\"\" data-image-caption=\"\" data-medium-file=\"https:\/\/www.legistdf.gob.ar\/wp-content\/uploads\/2023\/03\/4-1-300x200.jpg\" data-large-file=\"https:\/\/www.legistdf.gob.ar\/wp-content\/uploads\/2023\/03\/4-1-1024x684.jpg\" \/><\/a>\n\t\t\t<\/dt><\/dl><br style=\"clear: both\" \/>\n\t\t<\/div>\n\n<p>&nbsp;<\/p>\n<blockquote class=\"twitter-tweet\" data-lang=\"es\" data-theme=\"dark\">\n<p dir=\"ltr\" lang=\"es\">Encuentro con docentes bicontinentales argentinos en <a href=\"https:\/\/twitter.com\/hashtag\/R%C3%ADoGrande?src=hash&amp;ref_src=twsrc%5Etfw\">#R\u00edoGrande<\/a> <a href=\"https:\/\/t.co\/Nn1QIHQe3v\">pic.twitter.com\/Nn1QIHQe3v<\/a><\/p>\n<p>\u2014 Prensa Legislativa (@PrensaLegisTDF) <a href=\"https:\/\/twitter.com\/PrensaLegisTDF\/status\/1634651488856293378?ref_src=twsrc%5Etfw\">11 de marzo de 2023<\/a><\/p><\/blockquote>\n<p><a href=\"https:\/\/platform.twitter.com\/widgets.js\">https:\/\/platform.twitter.com\/widgets.js<\/a><\/p>\n","protected":false},"excerpt":{"rendered":"<p>R\u00edo Grande, s\u00e1bado 11 de marzo de 2023.- En el marco de la Ley provincial N\u00b0 1106, autoridades fueguinas homenajearon hoy a docentes bicontinentales argentinos, quienes prestaron servicios en la escuela N\u00b0 38, en la base Esperanza en la Ant\u00e1rtida Argentina. En el encuentro, tambi\u00e9n se resalt\u00f3 el arribo pr\u00f3ximo de los nuevos docentes que [&hellip;]<\/p>\n","protected":false},"author":352,"featured_media":37196,"comment_status":"closed","ping_status":"closed","sticky":false,"template":"","format":"standard","meta":{"jetpack_post_was_ever_published":false,"_jetpack_newsletter_access":"","_jetpack_dont_email_post_to_subs":false,"_jetpack_newsletter_tier_id":0,"footnotes":"","jetpack_publicize_message":"","jetpack_publicize_feature_enabled":true,"jetpack_social_post_already_shared":true,"jetpack_social_options":{"image_generator_settings":{"template":"highway","enabled":false}}},"categories":[1],"tags":[81,972,2878,78,144,96,79],"jetpack_publicize_connections":[],"jetpack_sharing_enabled":true,"jetpack_featured_media_url":"https:\/\/www.legistdf.gob.ar\/wp-content\/uploads\/2023\/03\/1-1.jpg","jetpack-related-posts":[],"_links":{"self":[{"href":"https:\/\/www.legistdf.gob.ar\/index.php\/wp-json\/wp\/v2\/posts\/37195"}],"collection":[{"href":"https:\/\/www.legistdf.gob.ar\/index.php\/wp-json\/wp\/v2\/posts"}],"about":[{"href":"https:\/\/www.legistdf.gob.ar\/index.php\/wp-json\/wp\/v2\/types\/post"}],"author":[{"embeddable":true,"href":"https:\/\/www.legistdf.gob.ar\/index.php\/wp-json\/wp\/v2\/users\/352"}],"replies":[{"embeddable":true,"href":"https:\/\/www.legistdf.gob.ar\/index.php\/wp-json\/wp\/v2\/comments?post=37195"}],"version-history":[{"count":1,"href":"https:\/\/www.legistdf.gob.ar\/index.php\/wp-json\/wp\/v2\/posts\/37195\/revisions"}],"predecessor-version":[{"id":37200,"href":"https:\/\/www.legistdf.gob.ar\/index.php\/wp-json\/wp\/v2\/posts\/37195\/revisions\/37200"}],"wp:featuredmedia":[{"embeddable":true,"href":"https:\/\/www.legistdf.gob.ar\/index.php\/wp-json\/wp\/v2\/media\/37196"}],"wp:attachment":[{"href":"https:\/\/www.legistdf.gob.ar\/index.php\/wp-json\/wp\/v2\/media?parent=37195"}],"wp:term":[{"taxonomy":"category","embeddable":true,"href":"https:\/\/www.legistdf.gob.ar\/index.php\/wp-json\/wp\/v2\/categories?post=37195"},{"taxonomy":"post_tag","embeddable":true,"href":"https:\/\/www.legistdf.gob.ar\/index.php\/wp-json\/wp\/v2\/tags?post=37195"}],"curies":[{"name":"wp","href":"https:\/\/api.w.org\/{rel}","templated":true}]}}