{"id":37312,"date":"2023-03-19T17:57:59","date_gmt":"2023-03-19T20:57:59","guid":{"rendered":"https:\/\/www.legistdf.gob.ar\/?p=37312"},"modified":"2023-03-19T17:57:59","modified_gmt":"2023-03-19T20:57:59","slug":"cultura-federico-sciurano-celebro-la-14a-edicion-del-festival-internacional-de-musica-clasica","status":"publish","type":"post","link":"https:\/\/www.legistdf.gob.ar\/index.php\/2023\/03\/19\/cultura-federico-sciurano-celebro-la-14a-edicion-del-festival-internacional-de-musica-clasica\/","title":{"rendered":"CULTURA: Federico Sciurano celebr\u00f3 la 14\u00aa edici\u00f3n del Festival Internacional de M\u00fasica Cl\u00e1sica"},"content":{"rendered":"<p><span style=\"font-family: arial, helvetica, sans-serif;font-size: 14pt\"><strong><img loading=\"lazy\" decoding=\"async\" data-attachment-id=\"37314\" data-permalink=\"https:\/\/www.legistdf.gob.ar\/index.php\/2023\/03\/19\/cultura-federico-sciurano-celebro-la-14a-edicion-del-festival-internacional-de-musica-clasica\/1-271\/\" data-orig-file=\"https:\/\/www.legistdf.gob.ar\/wp-content\/uploads\/2023\/03\/1-8.jpg\" data-orig-size=\"1200,845\" data-comments-opened=\"0\" data-image-meta=\"{&quot;aperture&quot;:&quot;0&quot;,&quot;credit&quot;:&quot;&quot;,&quot;camera&quot;:&quot;&quot;,&quot;caption&quot;:&quot;&quot;,&quot;created_timestamp&quot;:&quot;0&quot;,&quot;copyright&quot;:&quot;&quot;,&quot;focal_length&quot;:&quot;0&quot;,&quot;iso&quot;:&quot;0&quot;,&quot;shutter_speed&quot;:&quot;0&quot;,&quot;title&quot;:&quot;&quot;,&quot;orientation&quot;:&quot;0&quot;}\" data-image-title=\"1\" data-image-description=\"\" data-image-caption=\"\" data-medium-file=\"https:\/\/www.legistdf.gob.ar\/wp-content\/uploads\/2023\/03\/1-8-300x211.jpg\" data-large-file=\"https:\/\/www.legistdf.gob.ar\/wp-content\/uploads\/2023\/03\/1-8-1024x721.jpg\" class=\"alignleft wp-image-37314 size-medium\" src=\"https:\/\/www.legistdf.gob.ar\/wp-content\/uploads\/2023\/03\/1-8-300x211.jpg\" alt=\"\" width=\"300\" height=\"211\" srcset=\"https:\/\/www.legistdf.gob.ar\/wp-content\/uploads\/2023\/03\/1-8-300x211.jpg 300w, https:\/\/www.legistdf.gob.ar\/wp-content\/uploads\/2023\/03\/1-8-768x541.jpg 768w, https:\/\/www.legistdf.gob.ar\/wp-content\/uploads\/2023\/03\/1-8-1024x721.jpg 1024w, https:\/\/www.legistdf.gob.ar\/wp-content\/uploads\/2023\/03\/1-8-160x113.jpg 160w, https:\/\/www.legistdf.gob.ar\/wp-content\/uploads\/2023\/03\/1-8.jpg 1200w\" sizes=\"(max-width: 300px) 100vw, 300px\" \/> Ushuaia, domingo 19 de marzo de 2023.- El legislador Federico Sciurano acompa\u00f1\u00f3 la apertura de la 14\u00b0 edici\u00f3n del Festival Internacional de M\u00fasica Cl\u00e1sica y expres\u00f3 que \u201ces una alegr\u00eda enorme estar presente hoy apoyando a los artistas y organizadores. Es un evento que disfrutamos mucho organizar cuando era intendente de Ushuaia y que sigo apoyando como parte de la comunidad. Es tambi\u00e9n un basti\u00f3n para artistas locales que son protagonistas en un evento internacional\u201d.<\/strong><\/span><\/p>\n<p>&nbsp;<\/p>\n<p><strong style=\"font-family: arial, helvetica, sans-serif;font-size: 18.6667px\"><img loading=\"lazy\" decoding=\"async\" data-attachment-id=\"37315\" data-permalink=\"https:\/\/www.legistdf.gob.ar\/index.php\/2023\/03\/19\/cultura-federico-sciurano-celebro-la-14a-edicion-del-festival-internacional-de-musica-clasica\/2-261\/\" data-orig-file=\"https:\/\/www.legistdf.gob.ar\/wp-content\/uploads\/2023\/03\/2-9.jpg\" data-orig-size=\"936,823\" data-comments-opened=\"0\" data-image-meta=\"{&quot;aperture&quot;:&quot;0&quot;,&quot;credit&quot;:&quot;&quot;,&quot;camera&quot;:&quot;&quot;,&quot;caption&quot;:&quot;&quot;,&quot;created_timestamp&quot;:&quot;0&quot;,&quot;copyright&quot;:&quot;&quot;,&quot;focal_length&quot;:&quot;0&quot;,&quot;iso&quot;:&quot;0&quot;,&quot;shutter_speed&quot;:&quot;0&quot;,&quot;title&quot;:&quot;&quot;,&quot;orientation&quot;:&quot;0&quot;}\" data-image-title=\"2\" data-image-description=\"\" data-image-caption=\"\" data-medium-file=\"https:\/\/www.legistdf.gob.ar\/wp-content\/uploads\/2023\/03\/2-9-300x264.jpg\" data-large-file=\"https:\/\/www.legistdf.gob.ar\/wp-content\/uploads\/2023\/03\/2-9.jpg\" class=\"alignright wp-image-37315 size-medium\" src=\"https:\/\/www.legistdf.gob.ar\/wp-content\/uploads\/2023\/03\/2-9-300x264.jpg\" alt=\"\" width=\"300\" height=\"264\" srcset=\"https:\/\/www.legistdf.gob.ar\/wp-content\/uploads\/2023\/03\/2-9-300x264.jpg 300w, https:\/\/www.legistdf.gob.ar\/wp-content\/uploads\/2023\/03\/2-9-768x675.jpg 768w, https:\/\/www.legistdf.gob.ar\/wp-content\/uploads\/2023\/03\/2-9-160x141.jpg 160w, https:\/\/www.legistdf.gob.ar\/wp-content\/uploads\/2023\/03\/2-9.jpg 936w\" sizes=\"(max-width: 300px) 100vw, 300px\" \/><\/strong><\/p>\n<p><span style=\"font-family: arial, helvetica, sans-serif;font-size: 12pt\">Sciurano destac\u00f3 la importancia de que estas acciones \u201ctengan el apoyo institucional que necesitan, tanto del Gobierno de la provincia como del Municipio. Santiago Lanzillotta -a trav\u00e9s de la productora Festspiele- hace un trabajo extraordinario desde la organizaci\u00f3n y eso hace que sea un evento \u00fanico, que puede ser disfrutado por la comunidad de Tierra del Fuego a precios accesibles y en muchos casos con entradas gratuitas, como en la Gala de apertura\u201d.<\/span><\/p>\n<p>&nbsp;<\/p>\n<p><span style=\"font-family: arial, helvetica, sans-serif;font-size: 12pt\">\u201cMe acuerdo la primera edici\u00f3n en la que tuve la oportunidad de participar y disfrutar como intendente en el 2007 en la que invitamos especialmente al ingeniero Garramu\u00f1o, en cuya intendencia comenz\u00f3 el Festival. Pasaron muchos a\u00f1os, artistas, ediciones y pandemia. Este evento \u00fanico en el pa\u00eds se sigue repitiendo con \u00e9xito y una enorme convocatoria\u201d, expres\u00f3 Sciurano.<\/span><\/p>\n<p>&nbsp;<\/p>\n<p><span style=\"font-family: arial, helvetica, sans-serif;font-size: 12pt\">Finalmente, el referente radical expres\u00f3 sus \u201cfelicitaciones a Santiago Lanzillota por empezar con el Festival y sostenerlo a trav\u00e9s de tantos a\u00f1os y ediciones\u201d.<\/span><\/p>\n<p><span style=\"font-family: arial, helvetica, sans-serif;font-size: 12pt\">Para m\u00e1s informaci\u00f3n acceda al siguiente <a href=\"https:\/\/www.facebook.com\/festivalushuaia\/?locale=es_LA\" target=\"_blank\" rel=\"noopener noreferrer\">enlace<\/a>.<\/span><\/p>\n<p>&nbsp;<\/p>\n<p>[youtube https:\/\/www.youtube.com\/watch?v=UBZHXfxXdXg]<\/p>\n<p style=\"text-align: right\"><em>Gentileza premnsa bloque UCR<\/em><\/p>\n<p>&nbsp;<\/p>\n","protected":false},"excerpt":{"rendered":"<p>Ushuaia, domingo 19 de marzo de 2023.- El legislador Federico Sciurano acompa\u00f1\u00f3 la apertura de la 14\u00b0 edici\u00f3n del Festival Internacional de M\u00fasica Cl\u00e1sica y expres\u00f3 que \u201ces una alegr\u00eda enorme estar presente hoy apoyando a los artistas y organizadores. Es un evento que disfrutamos mucho organizar cuando era intendente de Ushuaia y que sigo [&hellip;]<\/p>\n","protected":false},"author":352,"featured_media":37314,"comment_status":"closed","ping_status":"closed","sticky":false,"template":"","format":"standard","meta":{"jetpack_post_was_ever_published":false,"_jetpack_newsletter_access":"","_jetpack_dont_email_post_to_subs":false,"_jetpack_newsletter_tier_id":0,"footnotes":"","jetpack_publicize_message":"","jetpack_publicize_feature_enabled":true,"jetpack_social_post_already_shared":true,"jetpack_social_options":{"image_generator_settings":{"template":"highway","enabled":false}}},"categories":[1],"tags":[47,1824,2883,87],"jetpack_publicize_connections":[],"jetpack_sharing_enabled":true,"jetpack_featured_media_url":"https:\/\/www.legistdf.gob.ar\/wp-content\/uploads\/2023\/03\/1-8.jpg","jetpack-related-posts":[],"_links":{"self":[{"href":"https:\/\/www.legistdf.gob.ar\/index.php\/wp-json\/wp\/v2\/posts\/37312"}],"collection":[{"href":"https:\/\/www.legistdf.gob.ar\/index.php\/wp-json\/wp\/v2\/posts"}],"about":[{"href":"https:\/\/www.legistdf.gob.ar\/index.php\/wp-json\/wp\/v2\/types\/post"}],"author":[{"embeddable":true,"href":"https:\/\/www.legistdf.gob.ar\/index.php\/wp-json\/wp\/v2\/users\/352"}],"replies":[{"embeddable":true,"href":"https:\/\/www.legistdf.gob.ar\/index.php\/wp-json\/wp\/v2\/comments?post=37312"}],"version-history":[{"count":1,"href":"https:\/\/www.legistdf.gob.ar\/index.php\/wp-json\/wp\/v2\/posts\/37312\/revisions"}],"predecessor-version":[{"id":37316,"href":"https:\/\/www.legistdf.gob.ar\/index.php\/wp-json\/wp\/v2\/posts\/37312\/revisions\/37316"}],"wp:featuredmedia":[{"embeddable":true,"href":"https:\/\/www.legistdf.gob.ar\/index.php\/wp-json\/wp\/v2\/media\/37314"}],"wp:attachment":[{"href":"https:\/\/www.legistdf.gob.ar\/index.php\/wp-json\/wp\/v2\/media?parent=37312"}],"wp:term":[{"taxonomy":"category","embeddable":true,"href":"https:\/\/www.legistdf.gob.ar\/index.php\/wp-json\/wp\/v2\/categories?post=37312"},{"taxonomy":"post_tag","embeddable":true,"href":"https:\/\/www.legistdf.gob.ar\/index.php\/wp-json\/wp\/v2\/tags?post=37312"}],"curies":[{"name":"wp","href":"https:\/\/api.w.org\/{rel}","templated":true}]}}