{"id":37402,"date":"2023-03-26T16:19:11","date_gmt":"2023-03-26T19:19:11","guid":{"rendered":"https:\/\/www.legistdf.gob.ar\/?p=37402"},"modified":"2023-03-26T16:19:11","modified_gmt":"2023-03-26T19:19:11","slug":"condolencias-54","status":"publish","type":"post","link":"https:\/\/www.legistdf.gob.ar\/index.php\/2023\/03\/26\/condolencias-54\/","title":{"rendered":"CONDOLENCIAS"},"content":{"rendered":"<p><strong>La Presidenta de la Legislatura de Tierra del Fuego, vicegobernadora M\u00f3nica Urquiza; Legisladoras y Legisladores provinciales; autoridades de C\u00e1mara y personal legislativo expresan sus condolencias a<\/strong><strong> familiares y amigos, ante la p\u00e9rdida f\u00edsica de qui\u00e9n en vida fuera el exintendente de R\u00edo Grande y Convencional Constituyente provincial (MC), Sr. N\u00e9stor Nogar, acaecida en las \u00faltimas horas.<\/strong><\/p>\n<p><strong>\u00a0<\/strong><\/p>\n<p><strong>Elevamos una oraci\u00f3n, por su eterno descanso.<\/strong><\/p>\n","protected":false},"excerpt":{"rendered":"<p>La Presidenta de la Legislatura de Tierra del Fuego, vicegobernadora M\u00f3nica Urquiza; Legisladoras y Legisladores provinciales; autoridades de C\u00e1mara y personal legislativo expresan sus condolencias a familiares y amigos, ante la p\u00e9rdida f\u00edsica de qui\u00e9n en vida fuera el exintendente de R\u00edo Grande y Convencional Constituyente provincial (MC), Sr. N\u00e9stor Nogar, acaecida en las \u00faltimas [&hellip;]<\/p>\n","protected":false},"author":352,"featured_media":34184,"comment_status":"closed","ping_status":"closed","sticky":false,"template":"","format":"standard","meta":{"jetpack_post_was_ever_published":false,"_jetpack_newsletter_access":"","_jetpack_dont_email_post_to_subs":false,"_jetpack_newsletter_tier_id":0,"footnotes":"","jetpack_publicize_message":"","jetpack_publicize_feature_enabled":true,"jetpack_social_post_already_shared":true,"jetpack_social_options":{"image_generator_settings":{"template":"highway","enabled":false}}},"categories":[1],"tags":[],"jetpack_publicize_connections":[],"jetpack_sharing_enabled":true,"jetpack_featured_media_url":"https:\/\/www.legistdf.gob.ar\/wp-content\/uploads\/2022\/08\/CasaLuto-1024x540.jpg","jetpack-related-posts":[],"_links":{"self":[{"href":"https:\/\/www.legistdf.gob.ar\/index.php\/wp-json\/wp\/v2\/posts\/37402"}],"collection":[{"href":"https:\/\/www.legistdf.gob.ar\/index.php\/wp-json\/wp\/v2\/posts"}],"about":[{"href":"https:\/\/www.legistdf.gob.ar\/index.php\/wp-json\/wp\/v2\/types\/post"}],"author":[{"embeddable":true,"href":"https:\/\/www.legistdf.gob.ar\/index.php\/wp-json\/wp\/v2\/users\/352"}],"replies":[{"embeddable":true,"href":"https:\/\/www.legistdf.gob.ar\/index.php\/wp-json\/wp\/v2\/comments?post=37402"}],"version-history":[{"count":1,"href":"https:\/\/www.legistdf.gob.ar\/index.php\/wp-json\/wp\/v2\/posts\/37402\/revisions"}],"predecessor-version":[{"id":37403,"href":"https:\/\/www.legistdf.gob.ar\/index.php\/wp-json\/wp\/v2\/posts\/37402\/revisions\/37403"}],"wp:featuredmedia":[{"embeddable":true,"href":"https:\/\/www.legistdf.gob.ar\/index.php\/wp-json\/wp\/v2\/media\/34184"}],"wp:attachment":[{"href":"https:\/\/www.legistdf.gob.ar\/index.php\/wp-json\/wp\/v2\/media?parent=37402"}],"wp:term":[{"taxonomy":"category","embeddable":true,"href":"https:\/\/www.legistdf.gob.ar\/index.php\/wp-json\/wp\/v2\/categories?post=37402"},{"taxonomy":"post_tag","embeddable":true,"href":"https:\/\/www.legistdf.gob.ar\/index.php\/wp-json\/wp\/v2\/tags?post=37402"}],"curies":[{"name":"wp","href":"https:\/\/api.w.org\/{rel}","templated":true}]}}