{"id":37404,"date":"2023-03-27T13:50:07","date_gmt":"2023-03-27T16:50:07","guid":{"rendered":"https:\/\/www.legistdf.gob.ar\/?p=37404"},"modified":"2023-03-27T13:50:07","modified_gmt":"2023-03-27T16:50:07","slug":"sciurano-es-facilista-decir-que-la-ley-19-640-es-el-problema-del-pais-los-fueguinos-necesitamos-un-gobierno-de-unidad-para-ser-contundentes-en-su-defensa","status":"publish","type":"post","link":"https:\/\/www.legistdf.gob.ar\/index.php\/2023\/03\/27\/sciurano-es-facilista-decir-que-la-ley-19-640-es-el-problema-del-pais-los-fueguinos-necesitamos-un-gobierno-de-unidad-para-ser-contundentes-en-su-defensa\/","title":{"rendered":"SCIURANO: \u201cEs facilista decir que la Ley 19.640 es el problema del pa\u00eds, los fueguinos necesitamos un gobierno de unidad para ser contundentes en su defensa\u201d"},"content":{"rendered":"<p><span style=\"font-family: arial, helvetica, sans-serif;font-size: 14pt\"><strong><img loading=\"lazy\" decoding=\"async\" data-attachment-id=\"36949\" data-permalink=\"https:\/\/www.legistdf.gob.ar\/index.php\/2023\/03\/01\/legislatura-legisladores-destacaron-el-dialogo-institucional-entre-el-parlamento-y-el-ejecutivo\/img_9027-4\/\" data-orig-file=\"https:\/\/www.legistdf.gob.ar\/wp-content\/uploads\/2023\/03\/IMG_9027.jpg\" data-orig-size=\"1200,800\" data-comments-opened=\"0\" data-image-meta=\"{&quot;aperture&quot;:&quot;0&quot;,&quot;credit&quot;:&quot;&quot;,&quot;camera&quot;:&quot;&quot;,&quot;caption&quot;:&quot;&quot;,&quot;created_timestamp&quot;:&quot;0&quot;,&quot;copyright&quot;:&quot;&quot;,&quot;focal_length&quot;:&quot;0&quot;,&quot;iso&quot;:&quot;0&quot;,&quot;shutter_speed&quot;:&quot;0&quot;,&quot;title&quot;:&quot;&quot;,&quot;orientation&quot;:&quot;0&quot;}\" data-image-title=\"IMG_9027\" data-image-description=\"\" data-image-caption=\"\" data-medium-file=\"https:\/\/www.legistdf.gob.ar\/wp-content\/uploads\/2023\/03\/IMG_9027-300x200.jpg\" data-large-file=\"https:\/\/www.legistdf.gob.ar\/wp-content\/uploads\/2023\/03\/IMG_9027-1024x683.jpg\" class=\"alignleft wp-image-36949 size-medium\" src=\"https:\/\/www.legistdf.gob.ar\/wp-content\/uploads\/2023\/03\/IMG_9027-300x200.jpg\" alt=\"\" width=\"300\" height=\"200\" srcset=\"https:\/\/www.legistdf.gob.ar\/wp-content\/uploads\/2023\/03\/IMG_9027-300x200.jpg 300w, https:\/\/www.legistdf.gob.ar\/wp-content\/uploads\/2023\/03\/IMG_9027-768x512.jpg 768w, https:\/\/www.legistdf.gob.ar\/wp-content\/uploads\/2023\/03\/IMG_9027-1024x683.jpg 1024w, https:\/\/www.legistdf.gob.ar\/wp-content\/uploads\/2023\/03\/IMG_9027-160x107.jpg 160w, https:\/\/www.legistdf.gob.ar\/wp-content\/uploads\/2023\/03\/IMG_9027.jpg 1200w\" sizes=\"(max-width: 300px) 100vw, 300px\" \/>Ushuaia, lunes 27 de marzo de 2023.- \u201cEs de un gran facilismo y desconocimiento decir que la Ley nacional N\u00b0 19.640 y el subr\u00e9gimen de Promoci\u00f3n Industrial son el problema de la Argentina; los fueguinos necesitamos un gobierno de unidad para ser contundentes en la defensa de lo nuestro\u201d, asegur\u00f3 el legislador del bloque UCR, Federico Sciurano.<\/strong><\/span><\/p>\n<p>&nbsp;<\/p>\n<p><span style=\"font-family: arial, helvetica, sans-serif;font-size: 12pt\">Tras las declaraciones del economista Carlos Melconi\u00e1n en contra del subr\u00e9gimen de promoci\u00f3n industrial, el referente del radicalismo, Federico Sciurano se expres\u00f3 acerca de la 19.640. \u201cLamento mucho las expresiones de referentes nacionales que desconocen la realidad local. Siguen intentando convencer al pa\u00eds que Tierra del Fuego es un problema para la Argentina, cuando el problema es la incapacidad para gestionar, el centralismo, la inflaci\u00f3n y la pobreza\u201d.<\/span><\/p>\n<p>&nbsp;<\/p>\n<p><span style=\"font-family: arial, helvetica, sans-serif;font-size: 12pt\">Federico Sciurano expres\u00f3 que \u201clas declaraciones muestran un profundo desconocimiento de la realidad federal de nuestro pa\u00eds y eso genera un gran da\u00f1o a los argentinos\u201d.<\/span><\/p>\n<p>&nbsp;<\/p>\n<p><span style=\"font-family: arial, helvetica, sans-serif;font-size: 12pt\">\u201cEl origen de la Ley obedece a una cuesti\u00f3n de geopol\u00edtica, y en este sentido es fundamental alejarse de la visi\u00f3n centralista que tenemos, que analiza todo desde una oficina en Buenos Aires, lejos de la problem\u00e1tica real y compleja del pa\u00eds. La 19.640 consolid\u00f3 la Provincia y afianz\u00f3 la soberan\u00eda. Cre\u00f3 la industria fueguina, generando empleo, crecimiento y la soberan\u00eda de nuestro territorio\u201d, manifest\u00f3 el Legislador.<\/span><\/p>\n<p>&nbsp;<\/p>\n<p><span style=\"font-family: arial, helvetica, sans-serif;font-size: 12pt\">Sciurano afirm\u00f3 que, las declaraciones de Melconian, adem\u00e1s hablan de la falta de perspectiva sobre los recursos naturales y el contexto mundial \u201cen el \u00e1mbito internacional, Tierra del Fuego tiene una trascendencia geopol\u00edtica clave por su cercan\u00eda con la Ant\u00e1rtida y el conflicto de soberan\u00eda en Malvinas\u201d.<\/span><\/p>\n<p>&nbsp;<\/p>\n<p><span style=\"font-family: arial, helvetica, sans-serif;font-size: 12pt\">\u201cDefender el subr\u00e9gimen es algo que trasciende los partidos pol\u00edticos, la 19.640 es una pol\u00edtica de Estado, en favor del empleo, del desarrollo de la industria nacional y que atiende la cuesti\u00f3n geopol\u00edtica estrat\u00e9gica. Reitero lo que he dicho en otras oportunidades de ataque a la Provincia: nadie nos va a convencer que la 19.640 es un problema para la Argentina\u201d, cerr\u00f3.<\/span><\/p>\n<p>&nbsp;<\/p>\n<p style=\"text-align: right\"><em>Gentileza prensa bloque UCR<\/em><\/p>\n","protected":false},"excerpt":{"rendered":"<p>Ushuaia, lunes 27 de marzo de 2023.- \u201cEs de un gran facilismo y desconocimiento decir que la Ley nacional N\u00b0 19.640 y el subr\u00e9gimen de Promoci\u00f3n Industrial son el problema de la Argentina; los fueguinos necesitamos un gobierno de unidad para ser contundentes en la defensa de lo nuestro\u201d, asegur\u00f3 el legislador del bloque UCR, [&hellip;]<\/p>\n","protected":false},"author":352,"featured_media":36949,"comment_status":"closed","ping_status":"closed","sticky":false,"template":"","format":"standard","meta":{"jetpack_post_was_ever_published":false,"_jetpack_newsletter_access":"","_jetpack_dont_email_post_to_subs":false,"_jetpack_newsletter_tier_id":0,"footnotes":"","jetpack_publicize_message":"","jetpack_publicize_feature_enabled":true,"jetpack_social_post_already_shared":true,"jetpack_social_options":{"image_generator_settings":{"template":"highway","enabled":false}}},"categories":[1],"tags":[556,1824,2750,2558,648],"jetpack_publicize_connections":[],"jetpack_sharing_enabled":true,"jetpack_featured_media_url":"https:\/\/www.legistdf.gob.ar\/wp-content\/uploads\/2023\/03\/IMG_9027.jpg","jetpack-related-posts":[],"_links":{"self":[{"href":"https:\/\/www.legistdf.gob.ar\/index.php\/wp-json\/wp\/v2\/posts\/37404"}],"collection":[{"href":"https:\/\/www.legistdf.gob.ar\/index.php\/wp-json\/wp\/v2\/posts"}],"about":[{"href":"https:\/\/www.legistdf.gob.ar\/index.php\/wp-json\/wp\/v2\/types\/post"}],"author":[{"embeddable":true,"href":"https:\/\/www.legistdf.gob.ar\/index.php\/wp-json\/wp\/v2\/users\/352"}],"replies":[{"embeddable":true,"href":"https:\/\/www.legistdf.gob.ar\/index.php\/wp-json\/wp\/v2\/comments?post=37404"}],"version-history":[{"count":2,"href":"https:\/\/www.legistdf.gob.ar\/index.php\/wp-json\/wp\/v2\/posts\/37404\/revisions"}],"predecessor-version":[{"id":37406,"href":"https:\/\/www.legistdf.gob.ar\/index.php\/wp-json\/wp\/v2\/posts\/37404\/revisions\/37406"}],"wp:featuredmedia":[{"embeddable":true,"href":"https:\/\/www.legistdf.gob.ar\/index.php\/wp-json\/wp\/v2\/media\/36949"}],"wp:attachment":[{"href":"https:\/\/www.legistdf.gob.ar\/index.php\/wp-json\/wp\/v2\/media?parent=37404"}],"wp:term":[{"taxonomy":"category","embeddable":true,"href":"https:\/\/www.legistdf.gob.ar\/index.php\/wp-json\/wp\/v2\/categories?post=37404"},{"taxonomy":"post_tag","embeddable":true,"href":"https:\/\/www.legistdf.gob.ar\/index.php\/wp-json\/wp\/v2\/tags?post=37404"}],"curies":[{"name":"wp","href":"https:\/\/api.w.org\/{rel}","templated":true}]}}