{"id":37618,"date":"2023-04-11T14:16:55","date_gmt":"2023-04-11T17:16:55","guid":{"rendered":"https:\/\/www.legistdf.gob.ar\/?p=37618"},"modified":"2023-04-11T14:39:38","modified_gmt":"2023-04-11T17:39:38","slug":"seguridad-ushuaia-cuenta-con-una-nueva-comisaria-de-genero","status":"publish","type":"post","link":"https:\/\/www.legistdf.gob.ar\/index.php\/2023\/04\/11\/seguridad-ushuaia-cuenta-con-una-nueva-comisaria-de-genero\/","title":{"rendered":"SEGURIDAD: Ushuaia cuenta con una nueva Comisar\u00eda de G\u00e9nero"},"content":{"rendered":"<p><span style=\"font-family: arial, helvetica, sans-serif;font-size: 14pt\"><strong><img loading=\"lazy\" decoding=\"async\" data-attachment-id=\"37619\" data-permalink=\"https:\/\/www.legistdf.gob.ar\/index.php\/2023\/04\/11\/seguridad-ushuaia-cuenta-con-una-nueva-comisaria-de-genero\/1-279\/\" data-orig-file=\"https:\/\/www.legistdf.gob.ar\/wp-content\/uploads\/2023\/04\/1-3.jpg\" data-orig-size=\"1500,1000\" data-comments-opened=\"0\" data-image-meta=\"{&quot;aperture&quot;:&quot;0&quot;,&quot;credit&quot;:&quot;&quot;,&quot;camera&quot;:&quot;&quot;,&quot;caption&quot;:&quot;&quot;,&quot;created_timestamp&quot;:&quot;0&quot;,&quot;copyright&quot;:&quot;NDM&quot;,&quot;focal_length&quot;:&quot;0&quot;,&quot;iso&quot;:&quot;0&quot;,&quot;shutter_speed&quot;:&quot;0&quot;,&quot;title&quot;:&quot;&quot;,&quot;orientation&quot;:&quot;0&quot;}\" data-image-title=\"1\" data-image-description=\"\" data-image-caption=\"\" data-medium-file=\"https:\/\/www.legistdf.gob.ar\/wp-content\/uploads\/2023\/04\/1-3-300x200.jpg\" data-large-file=\"https:\/\/www.legistdf.gob.ar\/wp-content\/uploads\/2023\/04\/1-3-1024x683.jpg\" class=\"alignleft wp-image-37619 size-medium\" src=\"https:\/\/www.legistdf.gob.ar\/wp-content\/uploads\/2023\/04\/1-3-300x200.jpg\" alt=\"\" width=\"300\" height=\"200\" srcset=\"https:\/\/www.legistdf.gob.ar\/wp-content\/uploads\/2023\/04\/1-3-300x200.jpg 300w, https:\/\/www.legistdf.gob.ar\/wp-content\/uploads\/2023\/04\/1-3-768x512.jpg 768w, https:\/\/www.legistdf.gob.ar\/wp-content\/uploads\/2023\/04\/1-3-1024x683.jpg 1024w, https:\/\/www.legistdf.gob.ar\/wp-content\/uploads\/2023\/04\/1-3-160x107.jpg 160w, https:\/\/www.legistdf.gob.ar\/wp-content\/uploads\/2023\/04\/1-3.jpg 1500w\" sizes=\"(max-width: 300px) 100vw, 300px\" \/>Ushuaia, martes 11 de abril de 2023.- Ushuaia cuenta con la nueva Comisar\u00eda de G\u00e9nero y Familia N\u00b0 2 en el barrio San Vicente de Paul, ubicado en un punto estrat\u00e9gico de la capital que buscar\u00e1 \u201cmejorar el servicio a la comunidad y fortalecer la presencia policial\u201d. La titular del Parlamento, vicegobernadora M\u00f3nica Urquiza celebr\u00f3 la inauguraci\u00f3n al tiempo que dijo que \u201ces tan esperada\u201d por las y los vecinos de esa zona. El nuevo espacio policial contar\u00e1 \u201ccon personal policial capacitado, el que trabajar\u00e1 a la par de un equipo interdisciplinario integrado por profesionales psic\u00f3logos, abogados, y trabajadores sociales para la atenci\u00f3n de todos los casos\u201d.<\/strong><\/span><\/p>\n<p><span style=\"font-family: arial, helvetica, sans-serif;font-size: 12pt\"><strong>\u00a0<\/strong><\/span><\/p>\n<p><span style=\"font-family: arial, helvetica, sans-serif;font-size: 12pt\">El acto fue encabezado por el Gobernador de la Provincia, prof. Gustavo Melella junto a la Presidenta del Poder legislativo, vicegobernadora M\u00f3nica Urquiza y la titular de la cartera de Gobierno, Justicia y Derechos Humanos, Dra. Adriana Chaperon.<\/span><\/p>\n<p>&nbsp;<\/p>\n<p><span style=\"font-family: arial, helvetica, sans-serif;font-size: 12pt\"><img loading=\"lazy\" decoding=\"async\" data-attachment-id=\"37623\" data-permalink=\"https:\/\/www.legistdf.gob.ar\/index.php\/2023\/04\/11\/seguridad-ushuaia-cuenta-con-una-nueva-comisaria-de-genero\/5-167\/\" data-orig-file=\"https:\/\/www.legistdf.gob.ar\/wp-content\/uploads\/2023\/04\/5-1.jpg\" data-orig-size=\"1500,1000\" data-comments-opened=\"0\" data-image-meta=\"{&quot;aperture&quot;:&quot;0&quot;,&quot;credit&quot;:&quot;&quot;,&quot;camera&quot;:&quot;&quot;,&quot;caption&quot;:&quot;&quot;,&quot;created_timestamp&quot;:&quot;0&quot;,&quot;copyright&quot;:&quot;NDM&quot;,&quot;focal_length&quot;:&quot;0&quot;,&quot;iso&quot;:&quot;0&quot;,&quot;shutter_speed&quot;:&quot;0&quot;,&quot;title&quot;:&quot;&quot;,&quot;orientation&quot;:&quot;0&quot;}\" data-image-title=\"5\" data-image-description=\"\" data-image-caption=\"\" data-medium-file=\"https:\/\/www.legistdf.gob.ar\/wp-content\/uploads\/2023\/04\/5-1-300x200.jpg\" data-large-file=\"https:\/\/www.legistdf.gob.ar\/wp-content\/uploads\/2023\/04\/5-1-1024x683.jpg\" class=\"alignright wp-image-37623 size-medium\" src=\"https:\/\/www.legistdf.gob.ar\/wp-content\/uploads\/2023\/04\/5-1-300x200.jpg\" alt=\"\" width=\"300\" height=\"200\" srcset=\"https:\/\/www.legistdf.gob.ar\/wp-content\/uploads\/2023\/04\/5-1-300x200.jpg 300w, https:\/\/www.legistdf.gob.ar\/wp-content\/uploads\/2023\/04\/5-1-768x512.jpg 768w, https:\/\/www.legistdf.gob.ar\/wp-content\/uploads\/2023\/04\/5-1-1024x683.jpg 1024w, https:\/\/www.legistdf.gob.ar\/wp-content\/uploads\/2023\/04\/5-1-160x107.jpg 160w, https:\/\/www.legistdf.gob.ar\/wp-content\/uploads\/2023\/04\/5-1.jpg 1500w\" sizes=\"(max-width: 300px) 100vw, 300px\" \/>En di\u00e1logo con la prensa, la Presidenta de la Legislatura aclar\u00f3 que la nueva dependencia policial \u201ctrabajar\u00e1 de manera articulada con la Comisar\u00eda de G\u00e9nero del centro y los equipos interdisciplinarios\u201d de esa fuerza. En este sentido, se\u00f1al\u00f3 que la tarea que realizan los efectivos, es de car\u00e1cter vital, \u201cson muy importantes por c\u00f3mo reciben y atienden a nuestras vecinas y vecinos\u201d que buscan la soluci\u00f3n a situaciones de violencia o alguna otra necesidad. \u201cEste es el espacio para que se tomen las declaraciones o denuncias, asistir y acompa\u00f1ar\u201d en todo que refiere a la contenci\u00f3n.<\/span><\/p>\n<p>&nbsp;<\/p>\n<p><span style=\"font-family: arial, helvetica, sans-serif;font-size: 12pt\">M\u00f3nica Urquiza resalt\u00f3 la importancia de la ubicaci\u00f3n de la nueva sede de la Comisar\u00eda N\u00b0 2 y destac\u00f3 la importancia del acceso a Justicia. En este punto, signific\u00f3 que \u201ces necesario que desde el Estado, nos acerquemos a las vecinas y los vecinos\u201d, sostuvo hoy, luego del acto que se concret\u00f3 con presencia de Legisladoras y Legisladores provinciales. Evalu\u00f3 que las ciudades fueguinas han crecido \u201cmucho\u201d y al sufrir episodios de violencia, es necesaria una presencia \u201cde cercan\u00eda\u201d.<\/span><\/p>\n<p>&nbsp;<\/p>\n<p><span style=\"font-family: arial, helvetica, sans-serif;font-size: 12pt\">La Vicegobernadora ponder\u00f3 el trabajo legislativo que ha dado el Parlamento respecto de la cuesti\u00f3n de g\u00e9nero, asegur\u00f3 y entendi\u00f3 que \u201ctenemos una gran deuda, esto lo ha pedido el Gobernador (Gustavo Melella). Existe un gran trabajo desde las Comisar\u00edas y los equipos interdisciplinarios, pero lamentablemente es \u00ednfimo el porcentaje de denuncias que llegan a la Justicia\u201d. As\u00ed, detall\u00f3 que solo en un 3 por ciento las v\u00edctimas tienen acceso a Justicia, real, y obtienen un resultado.<\/span><\/p>\n<p>&nbsp;<\/p>\n<p><span style=\"font-family: arial, helvetica, sans-serif;font-size: 12pt\"><img loading=\"lazy\" decoding=\"async\" data-attachment-id=\"37622\" data-permalink=\"https:\/\/www.legistdf.gob.ar\/index.php\/2023\/04\/11\/seguridad-ushuaia-cuenta-con-una-nueva-comisaria-de-genero\/4-199\/\" data-orig-file=\"https:\/\/www.legistdf.gob.ar\/wp-content\/uploads\/2023\/04\/4-2.jpg\" data-orig-size=\"1500,1000\" data-comments-opened=\"0\" data-image-meta=\"{&quot;aperture&quot;:&quot;0&quot;,&quot;credit&quot;:&quot;&quot;,&quot;camera&quot;:&quot;&quot;,&quot;caption&quot;:&quot;&quot;,&quot;created_timestamp&quot;:&quot;0&quot;,&quot;copyright&quot;:&quot;NDM&quot;,&quot;focal_length&quot;:&quot;0&quot;,&quot;iso&quot;:&quot;0&quot;,&quot;shutter_speed&quot;:&quot;0&quot;,&quot;title&quot;:&quot;&quot;,&quot;orientation&quot;:&quot;0&quot;}\" data-image-title=\"4\" data-image-description=\"\" data-image-caption=\"\" data-medium-file=\"https:\/\/www.legistdf.gob.ar\/wp-content\/uploads\/2023\/04\/4-2-300x200.jpg\" data-large-file=\"https:\/\/www.legistdf.gob.ar\/wp-content\/uploads\/2023\/04\/4-2-1024x683.jpg\" class=\"alignleft wp-image-37622 size-medium\" src=\"https:\/\/www.legistdf.gob.ar\/wp-content\/uploads\/2023\/04\/4-2-300x200.jpg\" alt=\"\" width=\"300\" height=\"200\" srcset=\"https:\/\/www.legistdf.gob.ar\/wp-content\/uploads\/2023\/04\/4-2-300x200.jpg 300w, https:\/\/www.legistdf.gob.ar\/wp-content\/uploads\/2023\/04\/4-2-768x512.jpg 768w, https:\/\/www.legistdf.gob.ar\/wp-content\/uploads\/2023\/04\/4-2-1024x683.jpg 1024w, https:\/\/www.legistdf.gob.ar\/wp-content\/uploads\/2023\/04\/4-2-160x107.jpg 160w, https:\/\/www.legistdf.gob.ar\/wp-content\/uploads\/2023\/04\/4-2.jpg 1500w\" sizes=\"(max-width: 300px) 100vw, 300px\" \/>\u201cLa Legislatura ha sancionado varias normas como el abogado de ni\u00f1as, ni\u00f1os y adolescentes; tambi\u00e9n con la asistencia de acompa\u00f1amiento y asesoramiento, pero no contin\u00faan el proceso judicial. Es ah\u00ed donde tenemos que encontrar\u00a0 el mecanismo, con los Colegios de Abogados, con la Justicia y con el Gobierno\u201d, sentenci\u00f3.<\/span><\/p>\n<p>&nbsp;<\/p>\n<p><span style=\"font-family: arial, helvetica, sans-serif;font-size: 12pt\">El nuevo espacio policial contar\u00e1 \u201ccon personal policial capacitado, el que trabajar\u00e1 a la par de un equipo interdisciplinario integrado por profesionales psic\u00f3logos, abogados, y trabajadores sociales para la atenci\u00f3n de todos los casos\u201d, se\u00f1alaron desde el Gobierno fueguino. Adem\u00e1s establecieron que su \u201cprincipal objetivo\u201d ser\u00e1 \u201cgarantizar la integridad f\u00edsica, psicol\u00f3gica, sexual, econ\u00f3mica o patrimonial de las personas damnificadas mediante un trato comprensivo, respetuoso y profesional\u201d.<\/span><\/p>\n<p>&nbsp;<\/p>\n<p><span style=\"font-family: arial, helvetica, sans-serif;font-size: 12pt\">Del acto participaron las legisladoras Liliana Mart\u00ednez Allende (UCR); M\u00f3nica Acosta (FORJA) y los legisladores Federico Sciurano (UCR) y Ricardo Furlan (JP) junto a ministras y ministros del Gobierno fueguino; el jefe de Polic\u00eda de la Provincia, comisario General, lic. Jacinto Rol\u00f3n; el subjefe de Polic\u00eda provincial, comisario General, Lic. Oscar Barrios Kogan y la jefe de la Comisar\u00eda N\u00b0 2 Ushuaia, comisario Inspector, Silvia Ibarra.<\/span><\/p>\n<p>&nbsp;<\/p>\n<p style=\"text-align: right\">ZV-DM-AT<\/p>\n<p style=\"text-align: right\"><a href=\"https:\/\/drive.google.com\/drive\/folders\/1XP4hkLbegfz1V8HMk1jm8tmIV6QQK6WG?usp=share_link\" target=\"_blank\" rel=\"noopener noreferrer\">Galer\u00eda de im\u00e1genes<\/a><\/p>\n\n\t\t<style type=\"text\/css\">\n\t\t\t#gallery-1 {\n\t\t\t\tmargin: auto;\n\t\t\t}\n\t\t\t#gallery-1 .gallery-item {\n\t\t\t\tfloat: left;\n\t\t\t\tmargin-top: 10px;\n\t\t\t\ttext-align: center;\n\t\t\t\twidth: 16%;\n\t\t\t}\n\t\t\t#gallery-1 img {\n\t\t\t\tborder: 2px solid #cfcfcf;\n\t\t\t}\n\t\t\t#gallery-1 .gallery-caption {\n\t\t\t\tmargin-left: 0;\n\t\t\t}\n\t\t\t\/* see gallery_shortcode() in wp-includes\/media.php *\/\n\t\t<\/style>\n\t\t<div data-carousel-extra='{\"blog_id\":1,\"permalink\":\"https:\\\/\\\/www.legistdf.gob.ar\\\/index.php\\\/2023\\\/04\\\/11\\\/seguridad-ushuaia-cuenta-con-una-nueva-comisaria-de-genero\\\/\"}' id='gallery-1' class='gallery galleryid-37618 gallery-columns-6 gallery-size-thumbnail'><dl class='gallery-item'>\n\t\t\t<dt class='gallery-icon landscape'>\n\t\t\t\t<a href='https:\/\/www.legistdf.gob.ar\/index.php\/2023\/04\/11\/seguridad-ushuaia-cuenta-con-una-nueva-comisaria-de-genero\/1-279\/'><img loading=\"lazy\" decoding=\"async\" width=\"150\" height=\"150\" src=\"https:\/\/www.legistdf.gob.ar\/wp-content\/uploads\/2023\/04\/1-3-150x150.jpg\" class=\"attachment-thumbnail size-thumbnail\" alt=\"\" srcset=\"https:\/\/www.legistdf.gob.ar\/wp-content\/uploads\/2023\/04\/1-3-150x150.jpg 150w, https:\/\/www.legistdf.gob.ar\/wp-content\/uploads\/2023\/04\/1-3-64x64.jpg 64w\" sizes=\"(max-width: 150px) 100vw, 150px\" data-attachment-id=\"37619\" data-permalink=\"https:\/\/www.legistdf.gob.ar\/index.php\/2023\/04\/11\/seguridad-ushuaia-cuenta-con-una-nueva-comisaria-de-genero\/1-279\/\" data-orig-file=\"https:\/\/www.legistdf.gob.ar\/wp-content\/uploads\/2023\/04\/1-3.jpg\" data-orig-size=\"1500,1000\" data-comments-opened=\"0\" data-image-meta=\"{&quot;aperture&quot;:&quot;0&quot;,&quot;credit&quot;:&quot;&quot;,&quot;camera&quot;:&quot;&quot;,&quot;caption&quot;:&quot;&quot;,&quot;created_timestamp&quot;:&quot;0&quot;,&quot;copyright&quot;:&quot;NDM&quot;,&quot;focal_length&quot;:&quot;0&quot;,&quot;iso&quot;:&quot;0&quot;,&quot;shutter_speed&quot;:&quot;0&quot;,&quot;title&quot;:&quot;&quot;,&quot;orientation&quot;:&quot;0&quot;}\" data-image-title=\"1\" data-image-description=\"\" data-image-caption=\"\" data-medium-file=\"https:\/\/www.legistdf.gob.ar\/wp-content\/uploads\/2023\/04\/1-3-300x200.jpg\" data-large-file=\"https:\/\/www.legistdf.gob.ar\/wp-content\/uploads\/2023\/04\/1-3-1024x683.jpg\" \/><\/a>\n\t\t\t<\/dt><\/dl><dl class='gallery-item'>\n\t\t\t<dt class='gallery-icon landscape'>\n\t\t\t\t<a href='https:\/\/www.legistdf.gob.ar\/index.php\/2023\/04\/11\/seguridad-ushuaia-cuenta-con-una-nueva-comisaria-de-genero\/2-270\/'><img loading=\"lazy\" decoding=\"async\" width=\"150\" height=\"150\" src=\"https:\/\/www.legistdf.gob.ar\/wp-content\/uploads\/2023\/04\/2-3-150x150.jpg\" class=\"attachment-thumbnail size-thumbnail\" alt=\"\" srcset=\"https:\/\/www.legistdf.gob.ar\/wp-content\/uploads\/2023\/04\/2-3-150x150.jpg 150w, https:\/\/www.legistdf.gob.ar\/wp-content\/uploads\/2023\/04\/2-3-64x64.jpg 64w\" sizes=\"(max-width: 150px) 100vw, 150px\" data-attachment-id=\"37620\" data-permalink=\"https:\/\/www.legistdf.gob.ar\/index.php\/2023\/04\/11\/seguridad-ushuaia-cuenta-con-una-nueva-comisaria-de-genero\/2-270\/\" data-orig-file=\"https:\/\/www.legistdf.gob.ar\/wp-content\/uploads\/2023\/04\/2-3.jpg\" data-orig-size=\"1500,1000\" data-comments-opened=\"0\" data-image-meta=\"{&quot;aperture&quot;:&quot;0&quot;,&quot;credit&quot;:&quot;&quot;,&quot;camera&quot;:&quot;&quot;,&quot;caption&quot;:&quot;&quot;,&quot;created_timestamp&quot;:&quot;0&quot;,&quot;copyright&quot;:&quot;NDM&quot;,&quot;focal_length&quot;:&quot;0&quot;,&quot;iso&quot;:&quot;0&quot;,&quot;shutter_speed&quot;:&quot;0&quot;,&quot;title&quot;:&quot;&quot;,&quot;orientation&quot;:&quot;0&quot;}\" data-image-title=\"2\" data-image-description=\"\" data-image-caption=\"\" data-medium-file=\"https:\/\/www.legistdf.gob.ar\/wp-content\/uploads\/2023\/04\/2-3-300x200.jpg\" data-large-file=\"https:\/\/www.legistdf.gob.ar\/wp-content\/uploads\/2023\/04\/2-3-1024x683.jpg\" \/><\/a>\n\t\t\t<\/dt><\/dl><dl class='gallery-item'>\n\t\t\t<dt class='gallery-icon landscape'>\n\t\t\t\t<a href='https:\/\/www.legistdf.gob.ar\/index.php\/2023\/04\/11\/seguridad-ushuaia-cuenta-con-una-nueva-comisaria-de-genero\/3-238\/'><img loading=\"lazy\" decoding=\"async\" width=\"150\" height=\"150\" src=\"https:\/\/www.legistdf.gob.ar\/wp-content\/uploads\/2023\/04\/3-3-150x150.jpg\" class=\"attachment-thumbnail size-thumbnail\" alt=\"\" srcset=\"https:\/\/www.legistdf.gob.ar\/wp-content\/uploads\/2023\/04\/3-3-150x150.jpg 150w, https:\/\/www.legistdf.gob.ar\/wp-content\/uploads\/2023\/04\/3-3-64x64.jpg 64w\" sizes=\"(max-width: 150px) 100vw, 150px\" data-attachment-id=\"37621\" data-permalink=\"https:\/\/www.legistdf.gob.ar\/index.php\/2023\/04\/11\/seguridad-ushuaia-cuenta-con-una-nueva-comisaria-de-genero\/3-238\/\" data-orig-file=\"https:\/\/www.legistdf.gob.ar\/wp-content\/uploads\/2023\/04\/3-3.jpg\" data-orig-size=\"1500,1000\" data-comments-opened=\"0\" data-image-meta=\"{&quot;aperture&quot;:&quot;0&quot;,&quot;credit&quot;:&quot;&quot;,&quot;camera&quot;:&quot;&quot;,&quot;caption&quot;:&quot;&quot;,&quot;created_timestamp&quot;:&quot;0&quot;,&quot;copyright&quot;:&quot;NDM&quot;,&quot;focal_length&quot;:&quot;0&quot;,&quot;iso&quot;:&quot;0&quot;,&quot;shutter_speed&quot;:&quot;0&quot;,&quot;title&quot;:&quot;&quot;,&quot;orientation&quot;:&quot;0&quot;}\" data-image-title=\"3\" data-image-description=\"\" data-image-caption=\"\" data-medium-file=\"https:\/\/www.legistdf.gob.ar\/wp-content\/uploads\/2023\/04\/3-3-300x200.jpg\" data-large-file=\"https:\/\/www.legistdf.gob.ar\/wp-content\/uploads\/2023\/04\/3-3-1024x683.jpg\" \/><\/a>\n\t\t\t<\/dt><\/dl><dl class='gallery-item'>\n\t\t\t<dt class='gallery-icon landscape'>\n\t\t\t\t<a href='https:\/\/www.legistdf.gob.ar\/index.php\/2023\/04\/11\/seguridad-ushuaia-cuenta-con-una-nueva-comisaria-de-genero\/4-199\/'><img loading=\"lazy\" decoding=\"async\" width=\"150\" height=\"150\" src=\"https:\/\/www.legistdf.gob.ar\/wp-content\/uploads\/2023\/04\/4-2-150x150.jpg\" class=\"attachment-thumbnail size-thumbnail\" alt=\"\" srcset=\"https:\/\/www.legistdf.gob.ar\/wp-content\/uploads\/2023\/04\/4-2-150x150.jpg 150w, https:\/\/www.legistdf.gob.ar\/wp-content\/uploads\/2023\/04\/4-2-64x64.jpg 64w\" sizes=\"(max-width: 150px) 100vw, 150px\" data-attachment-id=\"37622\" data-permalink=\"https:\/\/www.legistdf.gob.ar\/index.php\/2023\/04\/11\/seguridad-ushuaia-cuenta-con-una-nueva-comisaria-de-genero\/4-199\/\" data-orig-file=\"https:\/\/www.legistdf.gob.ar\/wp-content\/uploads\/2023\/04\/4-2.jpg\" data-orig-size=\"1500,1000\" data-comments-opened=\"0\" data-image-meta=\"{&quot;aperture&quot;:&quot;0&quot;,&quot;credit&quot;:&quot;&quot;,&quot;camera&quot;:&quot;&quot;,&quot;caption&quot;:&quot;&quot;,&quot;created_timestamp&quot;:&quot;0&quot;,&quot;copyright&quot;:&quot;NDM&quot;,&quot;focal_length&quot;:&quot;0&quot;,&quot;iso&quot;:&quot;0&quot;,&quot;shutter_speed&quot;:&quot;0&quot;,&quot;title&quot;:&quot;&quot;,&quot;orientation&quot;:&quot;0&quot;}\" data-image-title=\"4\" data-image-description=\"\" data-image-caption=\"\" data-medium-file=\"https:\/\/www.legistdf.gob.ar\/wp-content\/uploads\/2023\/04\/4-2-300x200.jpg\" data-large-file=\"https:\/\/www.legistdf.gob.ar\/wp-content\/uploads\/2023\/04\/4-2-1024x683.jpg\" \/><\/a>\n\t\t\t<\/dt><\/dl><dl class='gallery-item'>\n\t\t\t<dt class='gallery-icon landscape'>\n\t\t\t\t<a href='https:\/\/www.legistdf.gob.ar\/index.php\/2023\/04\/11\/seguridad-ushuaia-cuenta-con-una-nueva-comisaria-de-genero\/5-167\/'><img loading=\"lazy\" decoding=\"async\" width=\"150\" height=\"150\" src=\"https:\/\/www.legistdf.gob.ar\/wp-content\/uploads\/2023\/04\/5-1-150x150.jpg\" class=\"attachment-thumbnail size-thumbnail\" alt=\"\" srcset=\"https:\/\/www.legistdf.gob.ar\/wp-content\/uploads\/2023\/04\/5-1-150x150.jpg 150w, https:\/\/www.legistdf.gob.ar\/wp-content\/uploads\/2023\/04\/5-1-64x64.jpg 64w\" sizes=\"(max-width: 150px) 100vw, 150px\" data-attachment-id=\"37623\" data-permalink=\"https:\/\/www.legistdf.gob.ar\/index.php\/2023\/04\/11\/seguridad-ushuaia-cuenta-con-una-nueva-comisaria-de-genero\/5-167\/\" data-orig-file=\"https:\/\/www.legistdf.gob.ar\/wp-content\/uploads\/2023\/04\/5-1.jpg\" data-orig-size=\"1500,1000\" data-comments-opened=\"0\" data-image-meta=\"{&quot;aperture&quot;:&quot;0&quot;,&quot;credit&quot;:&quot;&quot;,&quot;camera&quot;:&quot;&quot;,&quot;caption&quot;:&quot;&quot;,&quot;created_timestamp&quot;:&quot;0&quot;,&quot;copyright&quot;:&quot;NDM&quot;,&quot;focal_length&quot;:&quot;0&quot;,&quot;iso&quot;:&quot;0&quot;,&quot;shutter_speed&quot;:&quot;0&quot;,&quot;title&quot;:&quot;&quot;,&quot;orientation&quot;:&quot;0&quot;}\" data-image-title=\"5\" data-image-description=\"\" data-image-caption=\"\" data-medium-file=\"https:\/\/www.legistdf.gob.ar\/wp-content\/uploads\/2023\/04\/5-1-300x200.jpg\" data-large-file=\"https:\/\/www.legistdf.gob.ar\/wp-content\/uploads\/2023\/04\/5-1-1024x683.jpg\" \/><\/a>\n\t\t\t<\/dt><\/dl><dl class='gallery-item'>\n\t\t\t<dt class='gallery-icon landscape'>\n\t\t\t\t<a href='https:\/\/www.legistdf.gob.ar\/index.php\/2023\/04\/11\/seguridad-ushuaia-cuenta-con-una-nueva-comisaria-de-genero\/6-119\/'><img loading=\"lazy\" decoding=\"async\" width=\"150\" height=\"150\" src=\"https:\/\/www.legistdf.gob.ar\/wp-content\/uploads\/2023\/04\/6-1-150x150.jpg\" class=\"attachment-thumbnail size-thumbnail\" alt=\"\" srcset=\"https:\/\/www.legistdf.gob.ar\/wp-content\/uploads\/2023\/04\/6-1-150x150.jpg 150w, https:\/\/www.legistdf.gob.ar\/wp-content\/uploads\/2023\/04\/6-1-64x64.jpg 64w\" sizes=\"(max-width: 150px) 100vw, 150px\" data-attachment-id=\"37624\" data-permalink=\"https:\/\/www.legistdf.gob.ar\/index.php\/2023\/04\/11\/seguridad-ushuaia-cuenta-con-una-nueva-comisaria-de-genero\/6-119\/\" data-orig-file=\"https:\/\/www.legistdf.gob.ar\/wp-content\/uploads\/2023\/04\/6-1.jpg\" data-orig-size=\"1500,1000\" data-comments-opened=\"0\" data-image-meta=\"{&quot;aperture&quot;:&quot;0&quot;,&quot;credit&quot;:&quot;&quot;,&quot;camera&quot;:&quot;&quot;,&quot;caption&quot;:&quot;&quot;,&quot;created_timestamp&quot;:&quot;0&quot;,&quot;copyright&quot;:&quot;NDM&quot;,&quot;focal_length&quot;:&quot;0&quot;,&quot;iso&quot;:&quot;0&quot;,&quot;shutter_speed&quot;:&quot;0&quot;,&quot;title&quot;:&quot;&quot;,&quot;orientation&quot;:&quot;0&quot;}\" data-image-title=\"6\" data-image-description=\"\" data-image-caption=\"\" data-medium-file=\"https:\/\/www.legistdf.gob.ar\/wp-content\/uploads\/2023\/04\/6-1-300x200.jpg\" data-large-file=\"https:\/\/www.legistdf.gob.ar\/wp-content\/uploads\/2023\/04\/6-1-1024x683.jpg\" \/><\/a>\n\t\t\t<\/dt><\/dl><br style=\"clear: both\" \/>\n\t\t<\/div>\n\n","protected":false},"excerpt":{"rendered":"<p>Ushuaia, martes 11 de abril de 2023.- Ushuaia cuenta con la nueva Comisar\u00eda de G\u00e9nero y Familia N\u00b0 2 en el barrio San Vicente de Paul, ubicado en un punto estrat\u00e9gico de la capital que buscar\u00e1 \u201cmejorar el servicio a la comunidad y fortalecer la presencia policial\u201d. La titular del Parlamento, vicegobernadora M\u00f3nica Urquiza celebr\u00f3 [&hellip;]<\/p>\n","protected":false},"author":352,"featured_media":37619,"comment_status":"closed","ping_status":"closed","sticky":false,"template":"","format":"standard","meta":{"jetpack_post_was_ever_published":false,"_jetpack_newsletter_access":"","_jetpack_dont_email_post_to_subs":false,"_jetpack_newsletter_tier_id":0,"footnotes":"","jetpack_publicize_message":"","jetpack_publicize_feature_enabled":true,"jetpack_social_post_already_shared":true,"jetpack_social_options":{"image_generator_settings":{"template":"highway","enabled":false}}},"categories":[1],"tags":[1824,197,155,1817,144,104,230,87],"jetpack_publicize_connections":[],"jetpack_sharing_enabled":true,"jetpack_featured_media_url":"https:\/\/www.legistdf.gob.ar\/wp-content\/uploads\/2023\/04\/1-3.jpg","jetpack-related-posts":[],"_links":{"self":[{"href":"https:\/\/www.legistdf.gob.ar\/index.php\/wp-json\/wp\/v2\/posts\/37618"}],"collection":[{"href":"https:\/\/www.legistdf.gob.ar\/index.php\/wp-json\/wp\/v2\/posts"}],"about":[{"href":"https:\/\/www.legistdf.gob.ar\/index.php\/wp-json\/wp\/v2\/types\/post"}],"author":[{"embeddable":true,"href":"https:\/\/www.legistdf.gob.ar\/index.php\/wp-json\/wp\/v2\/users\/352"}],"replies":[{"embeddable":true,"href":"https:\/\/www.legistdf.gob.ar\/index.php\/wp-json\/wp\/v2\/comments?post=37618"}],"version-history":[{"count":2,"href":"https:\/\/www.legistdf.gob.ar\/index.php\/wp-json\/wp\/v2\/posts\/37618\/revisions"}],"predecessor-version":[{"id":37626,"href":"https:\/\/www.legistdf.gob.ar\/index.php\/wp-json\/wp\/v2\/posts\/37618\/revisions\/37626"}],"wp:featuredmedia":[{"embeddable":true,"href":"https:\/\/www.legistdf.gob.ar\/index.php\/wp-json\/wp\/v2\/media\/37619"}],"wp:attachment":[{"href":"https:\/\/www.legistdf.gob.ar\/index.php\/wp-json\/wp\/v2\/media?parent=37618"}],"wp:term":[{"taxonomy":"category","embeddable":true,"href":"https:\/\/www.legistdf.gob.ar\/index.php\/wp-json\/wp\/v2\/categories?post=37618"},{"taxonomy":"post_tag","embeddable":true,"href":"https:\/\/www.legistdf.gob.ar\/index.php\/wp-json\/wp\/v2\/tags?post=37618"}],"curies":[{"name":"wp","href":"https:\/\/api.w.org\/{rel}","templated":true}]}}