{"id":37784,"date":"2023-04-20T15:18:52","date_gmt":"2023-04-20T18:18:52","guid":{"rendered":"https:\/\/www.legistdf.gob.ar\/?p=37784"},"modified":"2023-04-20T15:18:52","modified_gmt":"2023-04-20T18:18:52","slug":"irizar-urquiza-reconocio-a-la-tripulacion-del-emblematico-buque-de-la-armada-argentina","status":"publish","type":"post","link":"https:\/\/www.legistdf.gob.ar\/index.php\/2023\/04\/20\/irizar-urquiza-reconocio-a-la-tripulacion-del-emblematico-buque-de-la-armada-argentina\/","title":{"rendered":"IR\u00cdZAR: Urquiza reconoci\u00f3 a la tripulaci\u00f3n del emblem\u00e1tico buque de la Armada Argentina"},"content":{"rendered":"<p><strong><img loading=\"lazy\" decoding=\"async\" data-attachment-id=\"37790\" data-permalink=\"https:\/\/www.legistdf.gob.ar\/index.php\/2023\/04\/20\/irizar-urquiza-reconocio-a-la-tripulacion-del-emblematico-buque-de-la-armada-argentina\/photo_2023-04-20_15-11-07\/\" data-orig-file=\"https:\/\/www.legistdf.gob.ar\/wp-content\/uploads\/2023\/04\/photo_2023-04-20_15-11-07.jpg\" data-orig-size=\"1280,856\" data-comments-opened=\"0\" data-image-meta=\"{&quot;aperture&quot;:&quot;0&quot;,&quot;credit&quot;:&quot;&quot;,&quot;camera&quot;:&quot;&quot;,&quot;caption&quot;:&quot;&quot;,&quot;created_timestamp&quot;:&quot;0&quot;,&quot;copyright&quot;:&quot;&quot;,&quot;focal_length&quot;:&quot;0&quot;,&quot;iso&quot;:&quot;0&quot;,&quot;shutter_speed&quot;:&quot;0&quot;,&quot;title&quot;:&quot;&quot;,&quot;orientation&quot;:&quot;0&quot;}\" data-image-title=\"photo_2023-04-20_15-11-07\" data-image-description=\"\" data-image-caption=\"\" data-medium-file=\"https:\/\/www.legistdf.gob.ar\/wp-content\/uploads\/2023\/04\/photo_2023-04-20_15-11-07-300x201.jpg\" data-large-file=\"https:\/\/www.legistdf.gob.ar\/wp-content\/uploads\/2023\/04\/photo_2023-04-20_15-11-07-1024x685.jpg\" class=\"alignleft wp-image-37790 size-medium\" src=\"https:\/\/www.legistdf.gob.ar\/wp-content\/uploads\/2023\/04\/photo_2023-04-20_15-11-07-300x201.jpg\" alt=\"\" width=\"300\" height=\"201\" srcset=\"https:\/\/www.legistdf.gob.ar\/wp-content\/uploads\/2023\/04\/photo_2023-04-20_15-11-07-300x201.jpg 300w, https:\/\/www.legistdf.gob.ar\/wp-content\/uploads\/2023\/04\/photo_2023-04-20_15-11-07-768x514.jpg 768w, https:\/\/www.legistdf.gob.ar\/wp-content\/uploads\/2023\/04\/photo_2023-04-20_15-11-07-1024x685.jpg 1024w, https:\/\/www.legistdf.gob.ar\/wp-content\/uploads\/2023\/04\/photo_2023-04-20_15-11-07-160x107.jpg 160w, https:\/\/www.legistdf.gob.ar\/wp-content\/uploads\/2023\/04\/photo_2023-04-20_15-11-07.jpg 1280w\" sizes=\"(max-width: 300px) 100vw, 300px\" \/>Ushuaia, jueves 20 de abril de 2023.- La Presidenta del Poder Legislativo, vicegobernadora M\u00f3nica Urquiza, visit\u00f3 junto a los funcionarios de la Direcci\u00f3n Provincial de Puerto, el rompehielos ARA \u201cAlmirante Ir\u00edzar\u201d que arrib\u00f3 a la ciudad de Ushuaia. Su tercer y \u00faltimo arribo lo hizo tras completar el reabastecimiento de las bases ant\u00e1rticas y en este caso la de Petrel, como as\u00ed tambi\u00e9n realizar el repliegue final del personal de las dem\u00e1s bases argentinas en la Ant\u00e1rtida. <\/strong><\/p>\n<p>&nbsp;<\/p>\n<p>Participaron del encuentro el Comandante del buque, capit\u00e1n de Nav\u00edo Carlos Recio; el presidente de la Direcci\u00f3n Provincial de Puertos, Roberto Murcia; el vicepresidente, Miguel Ram\u00edrez; la secretaria de Asuntos Geopol\u00edticos, Carolina Lavori; y el responsable del Comando Conjunto Ant\u00e1rtico, N\u00e9stor Gonz\u00e1lez.<\/p>\n<p>&nbsp;<\/p>\n<p><img loading=\"lazy\" decoding=\"async\" data-attachment-id=\"37788\" data-permalink=\"https:\/\/www.legistdf.gob.ar\/index.php\/2023\/04\/20\/irizar-urquiza-reconocio-a-la-tripulacion-del-emblematico-buque-de-la-armada-argentina\/photo_2023-04-20_14-48-42\/\" data-orig-file=\"https:\/\/www.legistdf.gob.ar\/wp-content\/uploads\/2023\/04\/photo_2023-04-20_14-48-42.jpg\" data-orig-size=\"1280,856\" data-comments-opened=\"0\" data-image-meta=\"{&quot;aperture&quot;:&quot;0&quot;,&quot;credit&quot;:&quot;&quot;,&quot;camera&quot;:&quot;&quot;,&quot;caption&quot;:&quot;&quot;,&quot;created_timestamp&quot;:&quot;0&quot;,&quot;copyright&quot;:&quot;&quot;,&quot;focal_length&quot;:&quot;0&quot;,&quot;iso&quot;:&quot;0&quot;,&quot;shutter_speed&quot;:&quot;0&quot;,&quot;title&quot;:&quot;&quot;,&quot;orientation&quot;:&quot;0&quot;}\" data-image-title=\"photo_2023-04-20_14-48-42\" data-image-description=\"\" data-image-caption=\"\" data-medium-file=\"https:\/\/www.legistdf.gob.ar\/wp-content\/uploads\/2023\/04\/photo_2023-04-20_14-48-42-300x201.jpg\" data-large-file=\"https:\/\/www.legistdf.gob.ar\/wp-content\/uploads\/2023\/04\/photo_2023-04-20_14-48-42-1024x685.jpg\" class=\"alignright wp-image-37788 size-medium\" src=\"https:\/\/www.legistdf.gob.ar\/wp-content\/uploads\/2023\/04\/photo_2023-04-20_14-48-42-300x201.jpg\" alt=\"\" width=\"300\" height=\"201\" srcset=\"https:\/\/www.legistdf.gob.ar\/wp-content\/uploads\/2023\/04\/photo_2023-04-20_14-48-42-300x201.jpg 300w, https:\/\/www.legistdf.gob.ar\/wp-content\/uploads\/2023\/04\/photo_2023-04-20_14-48-42-768x514.jpg 768w, https:\/\/www.legistdf.gob.ar\/wp-content\/uploads\/2023\/04\/photo_2023-04-20_14-48-42-1024x685.jpg 1024w, https:\/\/www.legistdf.gob.ar\/wp-content\/uploads\/2023\/04\/photo_2023-04-20_14-48-42-160x107.jpg 160w, https:\/\/www.legistdf.gob.ar\/wp-content\/uploads\/2023\/04\/photo_2023-04-20_14-48-42.jpg 1280w\" sizes=\"(max-width: 300px) 100vw, 300px\" \/>\u201cNuestro reconocimiento absoluto para toda su tripulaci\u00f3n, por el enorme compromiso de hacer Patria en los lugares m\u00e1s maravillosos y rec\u00f3nditos de nuestra amada Argentina\u201d, indic\u00f3 Urquiza. Y record\u00f3 que \u201ceste emblem\u00e1tico barco que asiste a las 13 bases ant\u00e1rticas argentinas, posibilita el desarrollo de la actividad en el continente blanco y reivindican nuestra soberan\u00eda. Los fueguinos y fueguinas esperamos a toda la tripulaci\u00f3n para la pr\u00f3xima temporada\u201d, cerr\u00f3.<\/p>\n<p>&nbsp;<\/p>\n<p>El rompehielos arrib\u00f3 a la ciudad de Ushuaia luego de culminar sus tareas de reabastecimiento log\u00edstico, cient\u00edfico y repliegue de personal en la presente Campa\u00f1a Ant\u00e1rtica de Verano (CAV) 2022\/23, bajo el comando operacional del Comando Conjunto Ant\u00e1rtico.<\/p>\n<p>&nbsp;<\/p>\n<p>Asimismo, el buque parti\u00f3 hoy de la capital fueguina, luego de efectuar las descargas previstas de materiales, y atender los diversos vuelos del personal cient\u00edfico y militar que repleg\u00f3 desde la Ant\u00e1rtida. El mismo se dirige a la ciudad de Buenos Aires, donde tras su ingreso al puerto metropolitano, se realizar\u00e1 la ceremonia de clausura de la actual CAV.<\/p>\n<p>&nbsp;<\/p>\n<p>&nbsp;<\/p>\n<p style=\"text-align: right\"><em>Con informaci\u00f3n y fotograf\u00eda gentileza<\/em><\/p>\n<p>&nbsp;<\/p>\n\n\t\t<style type=\"text\/css\">\n\t\t\t#gallery-1 {\n\t\t\t\tmargin: auto;\n\t\t\t}\n\t\t\t#gallery-1 .gallery-item {\n\t\t\t\tfloat: left;\n\t\t\t\tmargin-top: 10px;\n\t\t\t\ttext-align: center;\n\t\t\t\twidth: 33%;\n\t\t\t}\n\t\t\t#gallery-1 img {\n\t\t\t\tborder: 2px solid #cfcfcf;\n\t\t\t}\n\t\t\t#gallery-1 .gallery-caption {\n\t\t\t\tmargin-left: 0;\n\t\t\t}\n\t\t\t\/* see gallery_shortcode() in wp-includes\/media.php *\/\n\t\t<\/style>\n\t\t<div data-carousel-extra='{\"blog_id\":1,\"permalink\":\"https:\\\/\\\/www.legistdf.gob.ar\\\/index.php\\\/2023\\\/04\\\/20\\\/irizar-urquiza-reconocio-a-la-tripulacion-del-emblematico-buque-de-la-armada-argentina\\\/\"}' id='gallery-1' class='gallery galleryid-37784 gallery-columns-3 gallery-size-thumbnail'><dl class='gallery-item'>\n\t\t\t<dt class='gallery-icon landscape'>\n\t\t\t\t<a href='https:\/\/www.legistdf.gob.ar\/index.php\/2023\/04\/20\/irizar-urquiza-reconocio-a-la-tripulacion-del-emblematico-buque-de-la-armada-argentina\/photo_2023-04-20_14-48-29\/'><img loading=\"lazy\" decoding=\"async\" width=\"150\" height=\"150\" src=\"https:\/\/www.legistdf.gob.ar\/wp-content\/uploads\/2023\/04\/photo_2023-04-20_14-48-29-150x150.jpg\" class=\"attachment-thumbnail size-thumbnail\" alt=\"\" srcset=\"https:\/\/www.legistdf.gob.ar\/wp-content\/uploads\/2023\/04\/photo_2023-04-20_14-48-29-150x150.jpg 150w, https:\/\/www.legistdf.gob.ar\/wp-content\/uploads\/2023\/04\/photo_2023-04-20_14-48-29-64x64.jpg 64w\" sizes=\"(max-width: 150px) 100vw, 150px\" data-attachment-id=\"37785\" data-permalink=\"https:\/\/www.legistdf.gob.ar\/index.php\/2023\/04\/20\/irizar-urquiza-reconocio-a-la-tripulacion-del-emblematico-buque-de-la-armada-argentina\/photo_2023-04-20_14-48-29\/\" data-orig-file=\"https:\/\/www.legistdf.gob.ar\/wp-content\/uploads\/2023\/04\/photo_2023-04-20_14-48-29.jpg\" data-orig-size=\"1280,856\" data-comments-opened=\"0\" data-image-meta=\"{&quot;aperture&quot;:&quot;0&quot;,&quot;credit&quot;:&quot;&quot;,&quot;camera&quot;:&quot;&quot;,&quot;caption&quot;:&quot;&quot;,&quot;created_timestamp&quot;:&quot;0&quot;,&quot;copyright&quot;:&quot;&quot;,&quot;focal_length&quot;:&quot;0&quot;,&quot;iso&quot;:&quot;0&quot;,&quot;shutter_speed&quot;:&quot;0&quot;,&quot;title&quot;:&quot;&quot;,&quot;orientation&quot;:&quot;0&quot;}\" data-image-title=\"photo_2023-04-20_14-48-29\" data-image-description=\"\" data-image-caption=\"\" data-medium-file=\"https:\/\/www.legistdf.gob.ar\/wp-content\/uploads\/2023\/04\/photo_2023-04-20_14-48-29-300x201.jpg\" data-large-file=\"https:\/\/www.legistdf.gob.ar\/wp-content\/uploads\/2023\/04\/photo_2023-04-20_14-48-29-1024x685.jpg\" \/><\/a>\n\t\t\t<\/dt><\/dl><dl class='gallery-item'>\n\t\t\t<dt class='gallery-icon landscape'>\n\t\t\t\t<a href='https:\/\/www.legistdf.gob.ar\/index.php\/2023\/04\/20\/irizar-urquiza-reconocio-a-la-tripulacion-del-emblematico-buque-de-la-armada-argentina\/photo_2023-04-20_14-48-33\/'><img loading=\"lazy\" decoding=\"async\" width=\"150\" height=\"150\" src=\"https:\/\/www.legistdf.gob.ar\/wp-content\/uploads\/2023\/04\/photo_2023-04-20_14-48-33-150x150.jpg\" class=\"attachment-thumbnail size-thumbnail\" alt=\"\" srcset=\"https:\/\/www.legistdf.gob.ar\/wp-content\/uploads\/2023\/04\/photo_2023-04-20_14-48-33-150x150.jpg 150w, https:\/\/www.legistdf.gob.ar\/wp-content\/uploads\/2023\/04\/photo_2023-04-20_14-48-33-64x64.jpg 64w\" sizes=\"(max-width: 150px) 100vw, 150px\" data-attachment-id=\"37786\" data-permalink=\"https:\/\/www.legistdf.gob.ar\/index.php\/2023\/04\/20\/irizar-urquiza-reconocio-a-la-tripulacion-del-emblematico-buque-de-la-armada-argentina\/photo_2023-04-20_14-48-33\/\" data-orig-file=\"https:\/\/www.legistdf.gob.ar\/wp-content\/uploads\/2023\/04\/photo_2023-04-20_14-48-33.jpg\" data-orig-size=\"1280,856\" data-comments-opened=\"0\" data-image-meta=\"{&quot;aperture&quot;:&quot;0&quot;,&quot;credit&quot;:&quot;&quot;,&quot;camera&quot;:&quot;&quot;,&quot;caption&quot;:&quot;&quot;,&quot;created_timestamp&quot;:&quot;0&quot;,&quot;copyright&quot;:&quot;&quot;,&quot;focal_length&quot;:&quot;0&quot;,&quot;iso&quot;:&quot;0&quot;,&quot;shutter_speed&quot;:&quot;0&quot;,&quot;title&quot;:&quot;&quot;,&quot;orientation&quot;:&quot;0&quot;}\" data-image-title=\"photo_2023-04-20_14-48-33\" data-image-description=\"\" data-image-caption=\"\" data-medium-file=\"https:\/\/www.legistdf.gob.ar\/wp-content\/uploads\/2023\/04\/photo_2023-04-20_14-48-33-300x201.jpg\" data-large-file=\"https:\/\/www.legistdf.gob.ar\/wp-content\/uploads\/2023\/04\/photo_2023-04-20_14-48-33-1024x685.jpg\" \/><\/a>\n\t\t\t<\/dt><\/dl><dl class='gallery-item'>\n\t\t\t<dt class='gallery-icon landscape'>\n\t\t\t\t<a href='https:\/\/www.legistdf.gob.ar\/index.php\/2023\/04\/20\/irizar-urquiza-reconocio-a-la-tripulacion-del-emblematico-buque-de-la-armada-argentina\/photo_2023-04-20_14-48-37\/'><img loading=\"lazy\" decoding=\"async\" width=\"150\" height=\"150\" src=\"https:\/\/www.legistdf.gob.ar\/wp-content\/uploads\/2023\/04\/photo_2023-04-20_14-48-37-150x150.jpg\" class=\"attachment-thumbnail size-thumbnail\" alt=\"\" srcset=\"https:\/\/www.legistdf.gob.ar\/wp-content\/uploads\/2023\/04\/photo_2023-04-20_14-48-37-150x150.jpg 150w, https:\/\/www.legistdf.gob.ar\/wp-content\/uploads\/2023\/04\/photo_2023-04-20_14-48-37-64x64.jpg 64w\" sizes=\"(max-width: 150px) 100vw, 150px\" data-attachment-id=\"37787\" data-permalink=\"https:\/\/www.legistdf.gob.ar\/index.php\/2023\/04\/20\/irizar-urquiza-reconocio-a-la-tripulacion-del-emblematico-buque-de-la-armada-argentina\/photo_2023-04-20_14-48-37\/\" data-orig-file=\"https:\/\/www.legistdf.gob.ar\/wp-content\/uploads\/2023\/04\/photo_2023-04-20_14-48-37.jpg\" data-orig-size=\"1280,856\" data-comments-opened=\"0\" data-image-meta=\"{&quot;aperture&quot;:&quot;0&quot;,&quot;credit&quot;:&quot;&quot;,&quot;camera&quot;:&quot;&quot;,&quot;caption&quot;:&quot;&quot;,&quot;created_timestamp&quot;:&quot;0&quot;,&quot;copyright&quot;:&quot;&quot;,&quot;focal_length&quot;:&quot;0&quot;,&quot;iso&quot;:&quot;0&quot;,&quot;shutter_speed&quot;:&quot;0&quot;,&quot;title&quot;:&quot;&quot;,&quot;orientation&quot;:&quot;0&quot;}\" data-image-title=\"photo_2023-04-20_14-48-37\" data-image-description=\"\" data-image-caption=\"\" data-medium-file=\"https:\/\/www.legistdf.gob.ar\/wp-content\/uploads\/2023\/04\/photo_2023-04-20_14-48-37-300x201.jpg\" data-large-file=\"https:\/\/www.legistdf.gob.ar\/wp-content\/uploads\/2023\/04\/photo_2023-04-20_14-48-37-1024x685.jpg\" \/><\/a>\n\t\t\t<\/dt><\/dl><br style=\"clear: both\" \/><dl class='gallery-item'>\n\t\t\t<dt class='gallery-icon landscape'>\n\t\t\t\t<a href='https:\/\/www.legistdf.gob.ar\/index.php\/2023\/04\/20\/irizar-urquiza-reconocio-a-la-tripulacion-del-emblematico-buque-de-la-armada-argentina\/photo_2023-04-20_14-48-42\/'><img loading=\"lazy\" decoding=\"async\" width=\"150\" height=\"150\" src=\"https:\/\/www.legistdf.gob.ar\/wp-content\/uploads\/2023\/04\/photo_2023-04-20_14-48-42-150x150.jpg\" class=\"attachment-thumbnail size-thumbnail\" alt=\"\" srcset=\"https:\/\/www.legistdf.gob.ar\/wp-content\/uploads\/2023\/04\/photo_2023-04-20_14-48-42-150x150.jpg 150w, https:\/\/www.legistdf.gob.ar\/wp-content\/uploads\/2023\/04\/photo_2023-04-20_14-48-42-64x64.jpg 64w\" sizes=\"(max-width: 150px) 100vw, 150px\" data-attachment-id=\"37788\" data-permalink=\"https:\/\/www.legistdf.gob.ar\/index.php\/2023\/04\/20\/irizar-urquiza-reconocio-a-la-tripulacion-del-emblematico-buque-de-la-armada-argentina\/photo_2023-04-20_14-48-42\/\" data-orig-file=\"https:\/\/www.legistdf.gob.ar\/wp-content\/uploads\/2023\/04\/photo_2023-04-20_14-48-42.jpg\" data-orig-size=\"1280,856\" data-comments-opened=\"0\" data-image-meta=\"{&quot;aperture&quot;:&quot;0&quot;,&quot;credit&quot;:&quot;&quot;,&quot;camera&quot;:&quot;&quot;,&quot;caption&quot;:&quot;&quot;,&quot;created_timestamp&quot;:&quot;0&quot;,&quot;copyright&quot;:&quot;&quot;,&quot;focal_length&quot;:&quot;0&quot;,&quot;iso&quot;:&quot;0&quot;,&quot;shutter_speed&quot;:&quot;0&quot;,&quot;title&quot;:&quot;&quot;,&quot;orientation&quot;:&quot;0&quot;}\" data-image-title=\"photo_2023-04-20_14-48-42\" data-image-description=\"\" data-image-caption=\"\" data-medium-file=\"https:\/\/www.legistdf.gob.ar\/wp-content\/uploads\/2023\/04\/photo_2023-04-20_14-48-42-300x201.jpg\" data-large-file=\"https:\/\/www.legistdf.gob.ar\/wp-content\/uploads\/2023\/04\/photo_2023-04-20_14-48-42-1024x685.jpg\" \/><\/a>\n\t\t\t<\/dt><\/dl><dl class='gallery-item'>\n\t\t\t<dt class='gallery-icon landscape'>\n\t\t\t\t<a href='https:\/\/www.legistdf.gob.ar\/index.php\/2023\/04\/20\/irizar-urquiza-reconocio-a-la-tripulacion-del-emblematico-buque-de-la-armada-argentina\/photo_2023-04-20_14-48-46\/'><img loading=\"lazy\" decoding=\"async\" width=\"150\" height=\"150\" src=\"https:\/\/www.legistdf.gob.ar\/wp-content\/uploads\/2023\/04\/photo_2023-04-20_14-48-46-150x150.jpg\" class=\"attachment-thumbnail size-thumbnail\" alt=\"\" srcset=\"https:\/\/www.legistdf.gob.ar\/wp-content\/uploads\/2023\/04\/photo_2023-04-20_14-48-46-150x150.jpg 150w, https:\/\/www.legistdf.gob.ar\/wp-content\/uploads\/2023\/04\/photo_2023-04-20_14-48-46-64x64.jpg 64w\" sizes=\"(max-width: 150px) 100vw, 150px\" data-attachment-id=\"37789\" data-permalink=\"https:\/\/www.legistdf.gob.ar\/index.php\/2023\/04\/20\/irizar-urquiza-reconocio-a-la-tripulacion-del-emblematico-buque-de-la-armada-argentina\/photo_2023-04-20_14-48-46\/\" data-orig-file=\"https:\/\/www.legistdf.gob.ar\/wp-content\/uploads\/2023\/04\/photo_2023-04-20_14-48-46.jpg\" data-orig-size=\"1280,856\" data-comments-opened=\"0\" data-image-meta=\"{&quot;aperture&quot;:&quot;0&quot;,&quot;credit&quot;:&quot;&quot;,&quot;camera&quot;:&quot;&quot;,&quot;caption&quot;:&quot;&quot;,&quot;created_timestamp&quot;:&quot;0&quot;,&quot;copyright&quot;:&quot;&quot;,&quot;focal_length&quot;:&quot;0&quot;,&quot;iso&quot;:&quot;0&quot;,&quot;shutter_speed&quot;:&quot;0&quot;,&quot;title&quot;:&quot;&quot;,&quot;orientation&quot;:&quot;0&quot;}\" data-image-title=\"photo_2023-04-20_14-48-46\" data-image-description=\"\" data-image-caption=\"\" data-medium-file=\"https:\/\/www.legistdf.gob.ar\/wp-content\/uploads\/2023\/04\/photo_2023-04-20_14-48-46-300x201.jpg\" data-large-file=\"https:\/\/www.legistdf.gob.ar\/wp-content\/uploads\/2023\/04\/photo_2023-04-20_14-48-46-1024x685.jpg\" \/><\/a>\n\t\t\t<\/dt><\/dl><dl class='gallery-item'>\n\t\t\t<dt class='gallery-icon landscape'>\n\t\t\t\t<a href='https:\/\/www.legistdf.gob.ar\/index.php\/2023\/04\/20\/irizar-urquiza-reconocio-a-la-tripulacion-del-emblematico-buque-de-la-armada-argentina\/photo_2023-04-20_15-11-07\/'><img loading=\"lazy\" decoding=\"async\" width=\"150\" height=\"150\" src=\"https:\/\/www.legistdf.gob.ar\/wp-content\/uploads\/2023\/04\/photo_2023-04-20_15-11-07-150x150.jpg\" class=\"attachment-thumbnail size-thumbnail\" alt=\"\" srcset=\"https:\/\/www.legistdf.gob.ar\/wp-content\/uploads\/2023\/04\/photo_2023-04-20_15-11-07-150x150.jpg 150w, https:\/\/www.legistdf.gob.ar\/wp-content\/uploads\/2023\/04\/photo_2023-04-20_15-11-07-64x64.jpg 64w\" sizes=\"(max-width: 150px) 100vw, 150px\" data-attachment-id=\"37790\" data-permalink=\"https:\/\/www.legistdf.gob.ar\/index.php\/2023\/04\/20\/irizar-urquiza-reconocio-a-la-tripulacion-del-emblematico-buque-de-la-armada-argentina\/photo_2023-04-20_15-11-07\/\" data-orig-file=\"https:\/\/www.legistdf.gob.ar\/wp-content\/uploads\/2023\/04\/photo_2023-04-20_15-11-07.jpg\" data-orig-size=\"1280,856\" data-comments-opened=\"0\" data-image-meta=\"{&quot;aperture&quot;:&quot;0&quot;,&quot;credit&quot;:&quot;&quot;,&quot;camera&quot;:&quot;&quot;,&quot;caption&quot;:&quot;&quot;,&quot;created_timestamp&quot;:&quot;0&quot;,&quot;copyright&quot;:&quot;&quot;,&quot;focal_length&quot;:&quot;0&quot;,&quot;iso&quot;:&quot;0&quot;,&quot;shutter_speed&quot;:&quot;0&quot;,&quot;title&quot;:&quot;&quot;,&quot;orientation&quot;:&quot;0&quot;}\" data-image-title=\"photo_2023-04-20_15-11-07\" data-image-description=\"\" data-image-caption=\"\" data-medium-file=\"https:\/\/www.legistdf.gob.ar\/wp-content\/uploads\/2023\/04\/photo_2023-04-20_15-11-07-300x201.jpg\" data-large-file=\"https:\/\/www.legistdf.gob.ar\/wp-content\/uploads\/2023\/04\/photo_2023-04-20_15-11-07-1024x685.jpg\" \/><\/a>\n\t\t\t<\/dt><\/dl><br style=\"clear: both\" \/>\n\t\t<\/div>\n\n","protected":false},"excerpt":{"rendered":"<p>Ushuaia, jueves 20 de abril de 2023.- La Presidenta del Poder Legislativo, vicegobernadora M\u00f3nica Urquiza, visit\u00f3 junto a los funcionarios de la Direcci\u00f3n Provincial de Puerto, el rompehielos ARA \u201cAlmirante Ir\u00edzar\u201d que arrib\u00f3 a la ciudad de Ushuaia. Su tercer y \u00faltimo arribo lo hizo tras completar el reabastecimiento de las bases ant\u00e1rticas y en [&hellip;]<\/p>\n","protected":false},"author":352,"featured_media":37790,"comment_status":"closed","ping_status":"closed","sticky":false,"template":"","format":"standard","meta":{"jetpack_post_was_ever_published":false,"_jetpack_newsletter_access":"","_jetpack_dont_email_post_to_subs":false,"_jetpack_newsletter_tier_id":0,"footnotes":"","jetpack_publicize_message":"","jetpack_publicize_feature_enabled":true,"jetpack_social_post_already_shared":true,"jetpack_social_options":{"image_generator_settings":{"template":"highway","enabled":false}}},"categories":[1],"tags":[2931,972,2930,2932,1868,1560,871,144,2933,1948,2934],"jetpack_publicize_connections":[],"jetpack_sharing_enabled":true,"jetpack_featured_media_url":"https:\/\/www.legistdf.gob.ar\/wp-content\/uploads\/2023\/04\/photo_2023-04-20_15-11-07.jpg","jetpack-related-posts":[],"_links":{"self":[{"href":"https:\/\/www.legistdf.gob.ar\/index.php\/wp-json\/wp\/v2\/posts\/37784"}],"collection":[{"href":"https:\/\/www.legistdf.gob.ar\/index.php\/wp-json\/wp\/v2\/posts"}],"about":[{"href":"https:\/\/www.legistdf.gob.ar\/index.php\/wp-json\/wp\/v2\/types\/post"}],"author":[{"embeddable":true,"href":"https:\/\/www.legistdf.gob.ar\/index.php\/wp-json\/wp\/v2\/users\/352"}],"replies":[{"embeddable":true,"href":"https:\/\/www.legistdf.gob.ar\/index.php\/wp-json\/wp\/v2\/comments?post=37784"}],"version-history":[{"count":1,"href":"https:\/\/www.legistdf.gob.ar\/index.php\/wp-json\/wp\/v2\/posts\/37784\/revisions"}],"predecessor-version":[{"id":37791,"href":"https:\/\/www.legistdf.gob.ar\/index.php\/wp-json\/wp\/v2\/posts\/37784\/revisions\/37791"}],"wp:featuredmedia":[{"embeddable":true,"href":"https:\/\/www.legistdf.gob.ar\/index.php\/wp-json\/wp\/v2\/media\/37790"}],"wp:attachment":[{"href":"https:\/\/www.legistdf.gob.ar\/index.php\/wp-json\/wp\/v2\/media?parent=37784"}],"wp:term":[{"taxonomy":"category","embeddable":true,"href":"https:\/\/www.legistdf.gob.ar\/index.php\/wp-json\/wp\/v2\/categories?post=37784"},{"taxonomy":"post_tag","embeddable":true,"href":"https:\/\/www.legistdf.gob.ar\/index.php\/wp-json\/wp\/v2\/tags?post=37784"}],"curies":[{"name":"wp","href":"https:\/\/api.w.org\/{rel}","templated":true}]}}