{"id":37806,"date":"2023-04-23T19:31:03","date_gmt":"2023-04-23T22:31:03","guid":{"rendered":"https:\/\/www.legistdf.gob.ar\/?p=37806"},"modified":"2023-04-23T19:31:03","modified_gmt":"2023-04-23T22:31:03","slug":"produccion-detras-de-cada-emprendimiento-hay-una-historia-de-vida-dijo-urquiza","status":"publish","type":"post","link":"https:\/\/www.legistdf.gob.ar\/index.php\/2023\/04\/23\/produccion-detras-de-cada-emprendimiento-hay-una-historia-de-vida-dijo-urquiza\/","title":{"rendered":"PRODUCCI\u00d3N: \u201cDetr\u00e1s de cada emprendimiento hay una historia de vida\u201d, dijo Urquiza"},"content":{"rendered":"<p><span style=\"font-family: arial, helvetica, sans-serif;font-size: 14pt\"><strong><img loading=\"lazy\" decoding=\"async\" data-attachment-id=\"37803\" data-permalink=\"https:\/\/www.legistdf.gob.ar\/index.php\/2023\/04\/21\/produccion-el-parlamento-acompano-a-productores-locales-en-la-1a-expo-pyme-fueguina\/img_2261\/\" data-orig-file=\"https:\/\/www.legistdf.gob.ar\/wp-content\/uploads\/2023\/04\/IMG_2261.jpg\" data-orig-size=\"1500,1000\" data-comments-opened=\"0\" data-image-meta=\"{&quot;aperture&quot;:&quot;4&quot;,&quot;credit&quot;:&quot;&quot;,&quot;camera&quot;:&quot;Canon EOS 6D&quot;,&quot;caption&quot;:&quot;&quot;,&quot;created_timestamp&quot;:&quot;1682102382&quot;,&quot;copyright&quot;:&quot;&quot;,&quot;focal_length&quot;:&quot;30&quot;,&quot;iso&quot;:&quot;800&quot;,&quot;shutter_speed&quot;:&quot;0.008&quot;,&quot;title&quot;:&quot;&quot;,&quot;orientation&quot;:&quot;0&quot;}\" data-image-title=\"IMG_2261\" data-image-description=\"\" data-image-caption=\"\" data-medium-file=\"https:\/\/www.legistdf.gob.ar\/wp-content\/uploads\/2023\/04\/IMG_2261-300x200.jpg\" data-large-file=\"https:\/\/www.legistdf.gob.ar\/wp-content\/uploads\/2023\/04\/IMG_2261-1024x683.jpg\" class=\"alignleft wp-image-37803 size-medium\" src=\"https:\/\/www.legistdf.gob.ar\/wp-content\/uploads\/2023\/04\/IMG_2261-300x200.jpg\" alt=\"\" width=\"300\" height=\"200\" srcset=\"https:\/\/www.legistdf.gob.ar\/wp-content\/uploads\/2023\/04\/IMG_2261-300x200.jpg 300w, https:\/\/www.legistdf.gob.ar\/wp-content\/uploads\/2023\/04\/IMG_2261-768x512.jpg 768w, https:\/\/www.legistdf.gob.ar\/wp-content\/uploads\/2023\/04\/IMG_2261-1024x683.jpg 1024w, https:\/\/www.legistdf.gob.ar\/wp-content\/uploads\/2023\/04\/IMG_2261-160x107.jpg 160w, https:\/\/www.legistdf.gob.ar\/wp-content\/uploads\/2023\/04\/IMG_2261.jpg 1500w\" sizes=\"(max-width: 300px) 100vw, 300px\" \/>Ushuaia, domingo 23 de abril de 2023.- La Presidenta de la C\u00e1mara legislativa, vicegobernadora M\u00f3nica Urquiza, celebr\u00f3 la concreci\u00f3n de la 1\u00aa Expo PyME Fueguina. \u201cEs el resultado del trabajo de las distintas \u00e1reas del Gobierno; de las y los expositores de la muestra y emprendedores, quienes a trav\u00e9s de este encuentro dan cuenta de cada proceso de producci\u00f3n\u201d, indic\u00f3. <\/strong><\/span><\/p>\n<p>&nbsp;<\/p>\n<p><span style=\"font-family: arial, helvetica, sans-serif;font-size: 12pt\"><img loading=\"lazy\" decoding=\"async\" data-attachment-id=\"37807\" data-permalink=\"https:\/\/www.legistdf.gob.ar\/index.php\/2023\/04\/23\/produccion-detras-de-cada-emprendimiento-hay-una-historia-de-vida-dijo-urquiza\/img_2267\/\" data-orig-file=\"https:\/\/www.legistdf.gob.ar\/wp-content\/uploads\/2023\/04\/IMG_2267.jpg\" data-orig-size=\"1500,1000\" data-comments-opened=\"0\" data-image-meta=\"{&quot;aperture&quot;:&quot;4&quot;,&quot;credit&quot;:&quot;&quot;,&quot;camera&quot;:&quot;Canon EOS 6D&quot;,&quot;caption&quot;:&quot;&quot;,&quot;created_timestamp&quot;:&quot;1682102588&quot;,&quot;copyright&quot;:&quot;&quot;,&quot;focal_length&quot;:&quot;24&quot;,&quot;iso&quot;:&quot;800&quot;,&quot;shutter_speed&quot;:&quot;0.008&quot;,&quot;title&quot;:&quot;&quot;,&quot;orientation&quot;:&quot;0&quot;}\" data-image-title=\"IMG_2267\" data-image-description=\"\" data-image-caption=\"\" data-medium-file=\"https:\/\/www.legistdf.gob.ar\/wp-content\/uploads\/2023\/04\/IMG_2267-300x200.jpg\" data-large-file=\"https:\/\/www.legistdf.gob.ar\/wp-content\/uploads\/2023\/04\/IMG_2267-1024x683.jpg\" class=\"alignleft wp-image-37807 size-medium\" src=\"https:\/\/www.legistdf.gob.ar\/wp-content\/uploads\/2023\/04\/IMG_2267-300x200.jpg\" alt=\"\" width=\"300\" height=\"200\" srcset=\"https:\/\/www.legistdf.gob.ar\/wp-content\/uploads\/2023\/04\/IMG_2267-300x200.jpg 300w, https:\/\/www.legistdf.gob.ar\/wp-content\/uploads\/2023\/04\/IMG_2267-768x512.jpg 768w, https:\/\/www.legistdf.gob.ar\/wp-content\/uploads\/2023\/04\/IMG_2267-1024x683.jpg 1024w, https:\/\/www.legistdf.gob.ar\/wp-content\/uploads\/2023\/04\/IMG_2267-160x107.jpg 160w, https:\/\/www.legistdf.gob.ar\/wp-content\/uploads\/2023\/04\/IMG_2267.jpg 1500w\" sizes=\"(max-width: 300px) 100vw, 300px\" \/>\u201cDetr\u00e1s de cada emprendimiento hay una historia de vida, un proyecto, un vecino o una vecina de nuestra Provincia. As\u00ed lo expres\u00f3 el Gobernador, al asegurar que todos y todas somos importantes y tenemos un rol significativo y \u00fanico en esta cadena de desarrollo\u201d, se\u00f1al\u00f3 Urquiza.<\/span><\/p>\n<p>&nbsp;<\/p>\n<p><span style=\"font-family: arial, helvetica, sans-serif;font-size: 12pt\">Esta exposici\u00f3n tuvo como objetivo estimular y fortalecer el entramado productivo local. Cont\u00f3 con la presencia de m\u00e1s de 60 empresas fueguinas con trayectoria, capacidad de adaptaci\u00f3n, b\u00fasqueda de innovaci\u00f3n; empresas que demostraron grandes esfuerzos para mejorar la calidad de sus productos y servicios, y que cuentan con una fuerte identidad local.<\/span><\/p>\n<p>&nbsp;<\/p>\n<p><span style=\"font-family: arial, helvetica, sans-serif;font-size: 12pt\"><img loading=\"lazy\" decoding=\"async\" data-attachment-id=\"37808\" data-permalink=\"https:\/\/www.legistdf.gob.ar\/index.php\/2023\/04\/23\/produccion-detras-de-cada-emprendimiento-hay-una-historia-de-vida-dijo-urquiza\/img_2124\/\" data-orig-file=\"https:\/\/www.legistdf.gob.ar\/wp-content\/uploads\/2023\/04\/IMG_2124.jpg\" data-orig-size=\"1500,1000\" data-comments-opened=\"0\" data-image-meta=\"{&quot;aperture&quot;:&quot;2.8&quot;,&quot;credit&quot;:&quot;&quot;,&quot;camera&quot;:&quot;Canon EOS 6D&quot;,&quot;caption&quot;:&quot;&quot;,&quot;created_timestamp&quot;:&quot;1682094197&quot;,&quot;copyright&quot;:&quot;&quot;,&quot;focal_length&quot;:&quot;24&quot;,&quot;iso&quot;:&quot;250&quot;,&quot;shutter_speed&quot;:&quot;0.0055555555555556&quot;,&quot;title&quot;:&quot;&quot;,&quot;orientation&quot;:&quot;0&quot;}\" data-image-title=\"IMG_2124\" data-image-description=\"\" data-image-caption=\"\" data-medium-file=\"https:\/\/www.legistdf.gob.ar\/wp-content\/uploads\/2023\/04\/IMG_2124-300x200.jpg\" data-large-file=\"https:\/\/www.legistdf.gob.ar\/wp-content\/uploads\/2023\/04\/IMG_2124-1024x683.jpg\" class=\"alignright wp-image-37808 size-medium\" src=\"https:\/\/www.legistdf.gob.ar\/wp-content\/uploads\/2023\/04\/IMG_2124-300x200.jpg\" alt=\"\" width=\"300\" height=\"200\" srcset=\"https:\/\/www.legistdf.gob.ar\/wp-content\/uploads\/2023\/04\/IMG_2124-300x200.jpg 300w, https:\/\/www.legistdf.gob.ar\/wp-content\/uploads\/2023\/04\/IMG_2124-768x512.jpg 768w, https:\/\/www.legistdf.gob.ar\/wp-content\/uploads\/2023\/04\/IMG_2124-1024x683.jpg 1024w, https:\/\/www.legistdf.gob.ar\/wp-content\/uploads\/2023\/04\/IMG_2124-160x107.jpg 160w, https:\/\/www.legistdf.gob.ar\/wp-content\/uploads\/2023\/04\/IMG_2124.jpg 1500w\" sizes=\"(max-width: 300px) 100vw, 300px\" \/>Las PyMES que participaron fueron las que representan a sectores de servicios de apoyo a la producci\u00f3n hidrocarbur\u00edferas, log\u00edstica, metal\u00fargica, reparaciones navales, manufacturas industriales, econom\u00eda del conocimiento, alimentos y bebidas, as\u00ed como las cadenas de valor forestal, agroganadera, minera, pesca y acuicultura.<\/span><\/p>\n<p>&nbsp;<\/p>\n<p><span style=\"font-family: arial, helvetica, sans-serif;font-size: 12pt\">La apertura que se realiz\u00f3 el viernes pasado, estuvo a cargo de gobernador, prof. Gustavo Melella, y estuvo acompa\u00f1ado de la ministra de Producci\u00f3n y Ambiente, Sonia Castiglione; Mart\u00edn Abeles por parte de la CEPAL; Juan Donal de Mirgor; Marcelo Rein\u00f3 de Total Austral SA; Alberto Ortega de Amazon Web Services y Juan Pablo de Grandis de Newsan. Adem\u00e1s, asistieron Legisladores y Legisladoras.<\/span><\/p>\n<p>&nbsp;<\/p>\n<p>&nbsp;<\/p>\n<p style=\"text-align: right\"><span style=\"font-family: arial, helvetica, sans-serif;font-size: 12pt\"><a href=\"https:\/\/drive.google.com\/drive\/folders\/1dpV5c7WGkZ06MEEBpXlsFtznKXbm0cRn?usp=share_link\" target=\"_blank\" rel=\"noopener noreferrer\">Galer\u00eda de im\u00e1genes<\/a><\/span><\/p>\n","protected":false},"excerpt":{"rendered":"<p>Ushuaia, domingo 23 de abril de 2023.- La Presidenta de la C\u00e1mara legislativa, vicegobernadora M\u00f3nica Urquiza, celebr\u00f3 la concreci\u00f3n de la 1\u00aa Expo PyME Fueguina. \u201cEs el resultado del trabajo de las distintas \u00e1reas del Gobierno; de las y los expositores de la muestra y emprendedores, quienes a trav\u00e9s de este encuentro dan cuenta de [&hellip;]<\/p>\n","protected":false},"author":352,"featured_media":37803,"comment_status":"closed","ping_status":"closed","sticky":false,"template":"","format":"standard","meta":{"jetpack_post_was_ever_published":false,"_jetpack_newsletter_access":"","_jetpack_dont_email_post_to_subs":false,"_jetpack_newsletter_tier_id":0,"footnotes":"","jetpack_publicize_message":"","jetpack_publicize_feature_enabled":true,"jetpack_social_post_already_shared":true,"jetpack_social_options":{"image_generator_settings":{"template":"highway","enabled":false}}},"categories":[1],"tags":[2935,144,1963,2936,2043],"jetpack_publicize_connections":[],"jetpack_sharing_enabled":true,"jetpack_featured_media_url":"https:\/\/www.legistdf.gob.ar\/wp-content\/uploads\/2023\/04\/IMG_2261.jpg","jetpack-related-posts":[],"_links":{"self":[{"href":"https:\/\/www.legistdf.gob.ar\/index.php\/wp-json\/wp\/v2\/posts\/37806"}],"collection":[{"href":"https:\/\/www.legistdf.gob.ar\/index.php\/wp-json\/wp\/v2\/posts"}],"about":[{"href":"https:\/\/www.legistdf.gob.ar\/index.php\/wp-json\/wp\/v2\/types\/post"}],"author":[{"embeddable":true,"href":"https:\/\/www.legistdf.gob.ar\/index.php\/wp-json\/wp\/v2\/users\/352"}],"replies":[{"embeddable":true,"href":"https:\/\/www.legistdf.gob.ar\/index.php\/wp-json\/wp\/v2\/comments?post=37806"}],"version-history":[{"count":1,"href":"https:\/\/www.legistdf.gob.ar\/index.php\/wp-json\/wp\/v2\/posts\/37806\/revisions"}],"predecessor-version":[{"id":37809,"href":"https:\/\/www.legistdf.gob.ar\/index.php\/wp-json\/wp\/v2\/posts\/37806\/revisions\/37809"}],"wp:featuredmedia":[{"embeddable":true,"href":"https:\/\/www.legistdf.gob.ar\/index.php\/wp-json\/wp\/v2\/media\/37803"}],"wp:attachment":[{"href":"https:\/\/www.legistdf.gob.ar\/index.php\/wp-json\/wp\/v2\/media?parent=37806"}],"wp:term":[{"taxonomy":"category","embeddable":true,"href":"https:\/\/www.legistdf.gob.ar\/index.php\/wp-json\/wp\/v2\/categories?post=37806"},{"taxonomy":"post_tag","embeddable":true,"href":"https:\/\/www.legistdf.gob.ar\/index.php\/wp-json\/wp\/v2\/tags?post=37806"}],"curies":[{"name":"wp","href":"https:\/\/api.w.org\/{rel}","templated":true}]}}