{"id":37811,"date":"2023-04-24T13:52:54","date_gmt":"2023-04-24T16:52:54","guid":{"rendered":"https:\/\/www.legistdf.gob.ar\/?p=37811"},"modified":"2023-04-24T13:58:11","modified_gmt":"2023-04-24T16:58:11","slug":"sociedad-tenemos-un-problema-serio-y-la-clara-intencion-de-abordarlo-dijo-villegas","status":"publish","type":"post","link":"https:\/\/www.legistdf.gob.ar\/index.php\/2023\/04\/24\/sociedad-tenemos-un-problema-serio-y-la-clara-intencion-de-abordarlo-dijo-villegas\/","title":{"rendered":"SOCIEDAD: \u201cTenemos un problema serio y la clara intenci\u00f3n de abordarlo\u201d, dijo Villegas"},"content":{"rendered":"<p><span style=\"font-family: arial, helvetica, sans-serif;font-size: 14pt\"><strong><img loading=\"lazy\" decoding=\"async\" data-attachment-id=\"37818\" data-permalink=\"https:\/\/www.legistdf.gob.ar\/index.php\/2023\/04\/24\/sociedad-tenemos-un-problema-serio-y-la-clara-intencion-de-abordarlo-dijo-villegas\/img_0045-14\/\" data-orig-file=\"https:\/\/www.legistdf.gob.ar\/wp-content\/uploads\/2023\/04\/IMG_0045.jpg\" data-orig-size=\"1500,1000\" data-comments-opened=\"0\" data-image-meta=\"{&quot;aperture&quot;:&quot;6.3&quot;,&quot;credit&quot;:&quot;PRENSA LEGISLATIVA TDF AIAS&quot;,&quot;camera&quot;:&quot;Canon EOS 70D&quot;,&quot;caption&quot;:&quot;&quot;,&quot;created_timestamp&quot;:&quot;1682339858&quot;,&quot;copyright&quot;:&quot;NDM&quot;,&quot;focal_length&quot;:&quot;125&quot;,&quot;iso&quot;:&quot;1000&quot;,&quot;shutter_speed&quot;:&quot;0.016666666666667&quot;,&quot;title&quot;:&quot;&quot;,&quot;orientation&quot;:&quot;0&quot;}\" data-image-title=\"IMG_0045\" data-image-description=\"\" data-image-caption=\"\" data-medium-file=\"https:\/\/www.legistdf.gob.ar\/wp-content\/uploads\/2023\/04\/IMG_0045-300x200.jpg\" data-large-file=\"https:\/\/www.legistdf.gob.ar\/wp-content\/uploads\/2023\/04\/IMG_0045-1024x683.jpg\" class=\"alignleft wp-image-37818 size-medium\" src=\"https:\/\/www.legistdf.gob.ar\/wp-content\/uploads\/2023\/04\/IMG_0045-300x200.jpg\" alt=\"\" width=\"300\" height=\"200\" srcset=\"https:\/\/www.legistdf.gob.ar\/wp-content\/uploads\/2023\/04\/IMG_0045-300x200.jpg 300w, https:\/\/www.legistdf.gob.ar\/wp-content\/uploads\/2023\/04\/IMG_0045-768x512.jpg 768w, https:\/\/www.legistdf.gob.ar\/wp-content\/uploads\/2023\/04\/IMG_0045-1024x683.jpg 1024w, https:\/\/www.legistdf.gob.ar\/wp-content\/uploads\/2023\/04\/IMG_0045-160x107.jpg 160w, https:\/\/www.legistdf.gob.ar\/wp-content\/uploads\/2023\/04\/IMG_0045.jpg 1500w\" sizes=\"(max-width: 300px) 100vw, 300px\" \/>Ushuaia, lunes 24 de abril de 2023.- \u201cComo integrante del Comit\u00e9 de Evaluaci\u00f3n del Seguimiento y Aplicaci\u00f3n de la Convenci\u00f3n contra la Tortura, es un honor poder participar en el inicio de estas jornadas de prevenci\u00f3n del suicidio\u201d, dijo el legislador Pablo Villegas durante la apertura de las actividades. El Comit\u00e9 de Evaluaci\u00f3n del Seguimiento y Aplicaci\u00f3n de la Convenci\u00f3n Contra la Tortura, y Otros Tratos Crueles, Inhumanos o Degradantes junto al Servicio Penitenciario de la Provincia, organizan las \u201cJornadas sobre prevenci\u00f3n del suicidio\u201d en Ushuaia y R\u00edo Grande.<\/strong><\/span><\/p>\n<p>&nbsp;<\/p>\n<p><span style=\"font-family: arial, helvetica, sans-serif;font-size: 12pt\">\u201cSabemos que en materia de suicidios, en Tierra del Fuego estamos por encima de la tasa media, muy por encima de la tasa media nacional. Sabemos que en los \u00faltimos a\u00f1os, dentro de los internos del Servicio Penitenciario han sucedido hechos tan lamentables como el del suicidio. Sabemos que en los \u00faltimos 24 a\u00f1os, los miembros de la Polic\u00eda de la Provincia que han fallecido, no han sido en ocasi\u00f3n del servicio, sino precisamente porque se han quitado la vida\u201d, dijo Villegas a los presentes.<\/span><\/p>\n<p>&nbsp;<\/p>\n<p><span style=\"font-family: arial, helvetica, sans-serif;font-size: 12pt\">Villegas record\u00f3 que el a\u00f1o pasado, mientras pon\u00edan en funcionamiento el Comit\u00e9, \u201cdimos participaci\u00f3n a los distintos representantes de organizaciones no gubernamentales para su conformaci\u00f3n, nos propusimos un recorrido institucional basado en dos premisas fundamentales\u201d. As\u00ed puntualiz\u00f3: Actuar con un sentido de colaboraci\u00f3n y cooperaci\u00f3n con las distintas entidades y ejecutar las pol\u00edticas p\u00fablicas, particularmente relacionadas a aquellas personas que est\u00e1n en situaci\u00f3n de encierro, explic\u00f3. Y como segunda instancia, \u201cponer de relieve, que la tarea del Comit\u00e9 local es una tarea m\u00e1s preventiva que activa.<\/span><\/p>\n<p>&nbsp;<\/p>\n<p><span style=\"font-family: arial, helvetica, sans-serif;font-size: 12pt\"><img loading=\"lazy\" decoding=\"async\" data-attachment-id=\"37817\" data-permalink=\"https:\/\/www.legistdf.gob.ar\/index.php\/2023\/04\/24\/sociedad-tenemos-un-problema-serio-y-la-clara-intencion-de-abordarlo-dijo-villegas\/img_0026-25\/\" data-orig-file=\"https:\/\/www.legistdf.gob.ar\/wp-content\/uploads\/2023\/04\/IMG_0026-1.jpg\" data-orig-size=\"1500,1000\" data-comments-opened=\"0\" data-image-meta=\"{&quot;aperture&quot;:&quot;4&quot;,&quot;credit&quot;:&quot;PRENSA LEGISLATIVA TDF AIAS&quot;,&quot;camera&quot;:&quot;Canon EOS 70D&quot;,&quot;caption&quot;:&quot;&quot;,&quot;created_timestamp&quot;:&quot;1682339294&quot;,&quot;copyright&quot;:&quot;NDM&quot;,&quot;focal_length&quot;:&quot;21&quot;,&quot;iso&quot;:&quot;1000&quot;,&quot;shutter_speed&quot;:&quot;0.016666666666667&quot;,&quot;title&quot;:&quot;&quot;,&quot;orientation&quot;:&quot;0&quot;}\" data-image-title=\"IMG_0026\" data-image-description=\"\" data-image-caption=\"\" data-medium-file=\"https:\/\/www.legistdf.gob.ar\/wp-content\/uploads\/2023\/04\/IMG_0026-1-300x200.jpg\" data-large-file=\"https:\/\/www.legistdf.gob.ar\/wp-content\/uploads\/2023\/04\/IMG_0026-1-1024x683.jpg\" class=\"alignright wp-image-37817 size-medium\" src=\"https:\/\/www.legistdf.gob.ar\/wp-content\/uploads\/2023\/04\/IMG_0026-1-300x200.jpg\" alt=\"\" width=\"300\" height=\"200\" srcset=\"https:\/\/www.legistdf.gob.ar\/wp-content\/uploads\/2023\/04\/IMG_0026-1-300x200.jpg 300w, https:\/\/www.legistdf.gob.ar\/wp-content\/uploads\/2023\/04\/IMG_0026-1-768x512.jpg 768w, https:\/\/www.legistdf.gob.ar\/wp-content\/uploads\/2023\/04\/IMG_0026-1-1024x683.jpg 1024w, https:\/\/www.legistdf.gob.ar\/wp-content\/uploads\/2023\/04\/IMG_0026-1-160x107.jpg 160w, https:\/\/www.legistdf.gob.ar\/wp-content\/uploads\/2023\/04\/IMG_0026-1.jpg 1500w\" sizes=\"(max-width: 300px) 100vw, 300px\" \/>En virtud de ese marco conceptual, y respecto de las jornadas, celebr\u00f3 que se concreten \u201cconjuntamente con la Ministra de Gobierno, Justicia y Derechos Humanos de la Provincia y con las autoridades del Servicio Penitenciario provincial\u201d, continu\u00f3 el legislador Villegas.<\/span><\/p>\n<p>&nbsp;<\/p>\n<p><span style=\"font-family: arial, helvetica, sans-serif;font-size: 12pt\">Respecto de la relaci\u00f3n del mecanismo local con el Servicio Penitenciario, el referente del MPF sostuvo que \u201cm\u00e1s all\u00e1 de las distintas responsabilidades y competencias que tenemos, venimos trabajando de manera conjunta y de manera silenciosa y muy respetuosa\u201d, y resalt\u00f3 la figura de su director, Dr. Claudio Canovas.<\/span><\/p>\n<p>&nbsp;<\/p>\n<p><span style=\"font-family: arial, helvetica, sans-serif;font-size: 12pt\"><img loading=\"lazy\" decoding=\"async\" data-attachment-id=\"37817\" data-permalink=\"https:\/\/www.legistdf.gob.ar\/index.php\/2023\/04\/24\/sociedad-tenemos-un-problema-serio-y-la-clara-intencion-de-abordarlo-dijo-villegas\/img_0026-25\/\" data-orig-file=\"https:\/\/www.legistdf.gob.ar\/wp-content\/uploads\/2023\/04\/IMG_0026-1.jpg\" data-orig-size=\"1500,1000\" data-comments-opened=\"0\" data-image-meta=\"{&quot;aperture&quot;:&quot;4&quot;,&quot;credit&quot;:&quot;PRENSA LEGISLATIVA TDF AIAS&quot;,&quot;camera&quot;:&quot;Canon EOS 70D&quot;,&quot;caption&quot;:&quot;&quot;,&quot;created_timestamp&quot;:&quot;1682339294&quot;,&quot;copyright&quot;:&quot;NDM&quot;,&quot;focal_length&quot;:&quot;21&quot;,&quot;iso&quot;:&quot;1000&quot;,&quot;shutter_speed&quot;:&quot;0.016666666666667&quot;,&quot;title&quot;:&quot;&quot;,&quot;orientation&quot;:&quot;0&quot;}\" data-image-title=\"IMG_0026\" data-image-description=\"\" data-image-caption=\"\" data-medium-file=\"https:\/\/www.legistdf.gob.ar\/wp-content\/uploads\/2023\/04\/IMG_0026-1-300x200.jpg\" data-large-file=\"https:\/\/www.legistdf.gob.ar\/wp-content\/uploads\/2023\/04\/IMG_0026-1-1024x683.jpg\" class=\"alignleft wp-image-37817 size-medium\" src=\"https:\/\/www.legistdf.gob.ar\/wp-content\/uploads\/2023\/04\/IMG_0026-1-300x200.jpg\" alt=\"\" width=\"300\" height=\"200\" srcset=\"https:\/\/www.legistdf.gob.ar\/wp-content\/uploads\/2023\/04\/IMG_0026-1-300x200.jpg 300w, https:\/\/www.legistdf.gob.ar\/wp-content\/uploads\/2023\/04\/IMG_0026-1-768x512.jpg 768w, https:\/\/www.legistdf.gob.ar\/wp-content\/uploads\/2023\/04\/IMG_0026-1-1024x683.jpg 1024w, https:\/\/www.legistdf.gob.ar\/wp-content\/uploads\/2023\/04\/IMG_0026-1-160x107.jpg 160w, https:\/\/www.legistdf.gob.ar\/wp-content\/uploads\/2023\/04\/IMG_0026-1.jpg 1500w\" sizes=\"(max-width: 300px) 100vw, 300px\" \/>Y continu\u00f3: \u201cSabemos que tenemos un problema serio y tenemos la firme convicci\u00f3n de abordarlo, de trabajarlo, de ponerlo en la agenda, de visibilizarlo, m\u00e1s all\u00e1 de que estamos tratando un tema duro, un tema doloroso, un tema tr\u00e1gico, que no solamente se lleva a la vida de las personas que deciden quit\u00e1rsela, sino que tambi\u00e9n afectan, sin lugar a dudas, a su grupo familiar y a su grupo afectivo\u201d.<\/span><\/p>\n<p>&nbsp;<\/p>\n<p><span style=\"font-family: arial, helvetica, sans-serif;font-size: 12pt\">Por \u00faltimo, afirm\u00f3 que \u201cdentro del marco de responsabilidades que tenemos en el Comit\u00e9 provincial, vuelvo a destacar el trabajo conjunto con las distintas autoridades del Gobierno de la Provincia\u201d. En otro orden, agradeci\u00f3 la participaci\u00f3n de los expositores y resalt\u00f3 su trayectoria y su formaci\u00f3n t\u00e9cnica y profesional. As\u00ed, sum\u00f3 que buscan \u201ccontar con herramientas que nos permitan abordar situaciones previas, tener un ojo m\u00e1s agudo sobre aquellas personas que puedan llegar a cruz\u00e1rsele la idea de quitarse la vida\u201d.<\/span><\/p>\n<p>&nbsp;<\/p>\n<p><span style=\"font-family: arial, helvetica, sans-serif;font-size: 12pt\">\u201cDestaco este trabajo conjunto y los insto a seguir, porque es tarea de todos, m\u00e1s all\u00e1 de las responsabilidades funcionales que tenemos cada uno, el de defender la vida. El de defender la vida por sobre todas las cosas y lo hacemos llevando a cabo jornadas de prevenci\u00f3n como las presentes\u201d, concluy\u00f3 el legislador Pablo Villegas.<\/span><\/p>\n<p>&nbsp;<\/p>\n<p><span style=\"font-family: arial, helvetica, sans-serif;font-size: 12pt\">El acto de apertura de las jornadas estuvo a cargo del legislador Pablo Villegas, titular del Comit\u00e9 de Evaluaci\u00f3n del Seguimiento y Aplicaci\u00f3n de la Convenci\u00f3n Contra la Tortura; la ministra de Gobierno, Justicia y Derechos Humanos, doctora Adriana Chaper\u00f3n; el Director del Servicio Penitenciario, doctor Claudio Canovas y la capacitadora, licenciada Gladis Rearte.<\/span><\/p>\n<p>&nbsp;<\/p>\n<p><span style=\"font-family: arial, helvetica, sans-serif;font-size: 12pt\">Cabe recordar que, en la capital provincial, las jornadas ser\u00e1n los d\u00edas 24, 25 y 26 de abril, en el sal\u00f3n del Instituto Provincial de Ense\u00f1anza Superior Florentino Ameghino (IPESFA). En tanto en R\u00edo Grande, se desarrollar\u00e1n los d\u00edas 27, 28 y 29, en el sal\u00f3n del Instituto Provincial de Regulaci\u00f3n de Apuestas (IPRA). En ambos casos ser\u00e1n de 9 a 12 y de 14 a 17.30.<\/span><\/p>\n<p>&nbsp;<\/p>\n<p style=\"text-align: right\"><em>LV<\/em><\/p>\n<p style=\"text-align: right\"><em><a href=\"https:\/\/drive.google.com\/drive\/folders\/185tVQNtlK0kxDXX3-oOx-tcTdnGJouwo?usp=share_link\" target=\"_blank\" rel=\"noopener noreferrer\">Galer\u00eda de im\u00e1genes<\/a><\/em><\/p>\n\n\t\t<style type=\"text\/css\">\n\t\t\t#gallery-1 {\n\t\t\t\tmargin: auto;\n\t\t\t}\n\t\t\t#gallery-1 .gallery-item {\n\t\t\t\tfloat: left;\n\t\t\t\tmargin-top: 10px;\n\t\t\t\ttext-align: center;\n\t\t\t\twidth: 25%;\n\t\t\t}\n\t\t\t#gallery-1 img {\n\t\t\t\tborder: 2px solid #cfcfcf;\n\t\t\t}\n\t\t\t#gallery-1 .gallery-caption {\n\t\t\t\tmargin-left: 0;\n\t\t\t}\n\t\t\t\/* see gallery_shortcode() in wp-includes\/media.php *\/\n\t\t<\/style>\n\t\t<div data-carousel-extra='{\"blog_id\":1,\"permalink\":\"https:\\\/\\\/www.legistdf.gob.ar\\\/index.php\\\/2023\\\/04\\\/24\\\/sociedad-tenemos-un-problema-serio-y-la-clara-intencion-de-abordarlo-dijo-villegas\\\/\"}' id='gallery-1' class='gallery galleryid-37811 gallery-columns-4 gallery-size-thumbnail'><dl class='gallery-item'>\n\t\t\t<dt class='gallery-icon landscape'>\n\t\t\t\t<a href='https:\/\/www.legistdf.gob.ar\/index.php\/2023\/04\/24\/sociedad-tenemos-un-problema-serio-y-la-clara-intencion-de-abordarlo-dijo-villegas\/img_0010-15\/'><img loading=\"lazy\" decoding=\"async\" width=\"150\" height=\"150\" src=\"https:\/\/www.legistdf.gob.ar\/wp-content\/uploads\/2023\/04\/IMG_0010-150x150.jpg\" class=\"attachment-thumbnail size-thumbnail\" alt=\"\" srcset=\"https:\/\/www.legistdf.gob.ar\/wp-content\/uploads\/2023\/04\/IMG_0010-150x150.jpg 150w, https:\/\/www.legistdf.gob.ar\/wp-content\/uploads\/2023\/04\/IMG_0010-64x64.jpg 64w\" sizes=\"(max-width: 150px) 100vw, 150px\" data-attachment-id=\"37815\" data-permalink=\"https:\/\/www.legistdf.gob.ar\/index.php\/2023\/04\/24\/sociedad-tenemos-un-problema-serio-y-la-clara-intencion-de-abordarlo-dijo-villegas\/img_0010-15\/\" data-orig-file=\"https:\/\/www.legistdf.gob.ar\/wp-content\/uploads\/2023\/04\/IMG_0010.jpg\" data-orig-size=\"1500,1000\" data-comments-opened=\"0\" data-image-meta=\"{&quot;aperture&quot;:&quot;3.5&quot;,&quot;credit&quot;:&quot;PRENSA LEGISLATIVA TDF AIAS&quot;,&quot;camera&quot;:&quot;Canon EOS 70D&quot;,&quot;caption&quot;:&quot;&quot;,&quot;created_timestamp&quot;:&quot;1682339026&quot;,&quot;copyright&quot;:&quot;NDM&quot;,&quot;focal_length&quot;:&quot;18&quot;,&quot;iso&quot;:&quot;1000&quot;,&quot;shutter_speed&quot;:&quot;0.016666666666667&quot;,&quot;title&quot;:&quot;&quot;,&quot;orientation&quot;:&quot;0&quot;}\" data-image-title=\"IMG_0010\" data-image-description=\"\" data-image-caption=\"\" data-medium-file=\"https:\/\/www.legistdf.gob.ar\/wp-content\/uploads\/2023\/04\/IMG_0010-300x200.jpg\" data-large-file=\"https:\/\/www.legistdf.gob.ar\/wp-content\/uploads\/2023\/04\/IMG_0010-1024x683.jpg\" \/><\/a>\n\t\t\t<\/dt><\/dl><dl class='gallery-item'>\n\t\t\t<dt class='gallery-icon landscape'>\n\t\t\t\t<a href='https:\/\/www.legistdf.gob.ar\/index.php\/2023\/04\/24\/sociedad-tenemos-un-problema-serio-y-la-clara-intencion-de-abordarlo-dijo-villegas\/img_0022-14\/'><img loading=\"lazy\" decoding=\"async\" width=\"150\" height=\"150\" src=\"https:\/\/www.legistdf.gob.ar\/wp-content\/uploads\/2023\/04\/IMG_0022-150x150.jpg\" class=\"attachment-thumbnail size-thumbnail\" alt=\"\" srcset=\"https:\/\/www.legistdf.gob.ar\/wp-content\/uploads\/2023\/04\/IMG_0022-150x150.jpg 150w, https:\/\/www.legistdf.gob.ar\/wp-content\/uploads\/2023\/04\/IMG_0022-64x64.jpg 64w\" sizes=\"(max-width: 150px) 100vw, 150px\" data-attachment-id=\"37816\" data-permalink=\"https:\/\/www.legistdf.gob.ar\/index.php\/2023\/04\/24\/sociedad-tenemos-un-problema-serio-y-la-clara-intencion-de-abordarlo-dijo-villegas\/img_0022-14\/\" data-orig-file=\"https:\/\/www.legistdf.gob.ar\/wp-content\/uploads\/2023\/04\/IMG_0022.jpg\" data-orig-size=\"1500,1000\" data-comments-opened=\"0\" data-image-meta=\"{&quot;aperture&quot;:&quot;4&quot;,&quot;credit&quot;:&quot;PRENSA LEGISLATIVA TDF AIAS&quot;,&quot;camera&quot;:&quot;Canon EOS 70D&quot;,&quot;caption&quot;:&quot;&quot;,&quot;created_timestamp&quot;:&quot;1682339215&quot;,&quot;copyright&quot;:&quot;NDM&quot;,&quot;focal_length&quot;:&quot;28&quot;,&quot;iso&quot;:&quot;1000&quot;,&quot;shutter_speed&quot;:&quot;0.016666666666667&quot;,&quot;title&quot;:&quot;&quot;,&quot;orientation&quot;:&quot;0&quot;}\" data-image-title=\"IMG_0022\" data-image-description=\"\" data-image-caption=\"\" data-medium-file=\"https:\/\/www.legistdf.gob.ar\/wp-content\/uploads\/2023\/04\/IMG_0022-300x200.jpg\" data-large-file=\"https:\/\/www.legistdf.gob.ar\/wp-content\/uploads\/2023\/04\/IMG_0022-1024x683.jpg\" \/><\/a>\n\t\t\t<\/dt><\/dl><dl class='gallery-item'>\n\t\t\t<dt class='gallery-icon landscape'>\n\t\t\t\t<a href='https:\/\/www.legistdf.gob.ar\/index.php\/2023\/04\/24\/sociedad-tenemos-un-problema-serio-y-la-clara-intencion-de-abordarlo-dijo-villegas\/img_0026-25\/'><img loading=\"lazy\" decoding=\"async\" width=\"150\" height=\"150\" src=\"https:\/\/www.legistdf.gob.ar\/wp-content\/uploads\/2023\/04\/IMG_0026-1-150x150.jpg\" class=\"attachment-thumbnail size-thumbnail\" alt=\"\" srcset=\"https:\/\/www.legistdf.gob.ar\/wp-content\/uploads\/2023\/04\/IMG_0026-1-150x150.jpg 150w, https:\/\/www.legistdf.gob.ar\/wp-content\/uploads\/2023\/04\/IMG_0026-1-64x64.jpg 64w\" sizes=\"(max-width: 150px) 100vw, 150px\" data-attachment-id=\"37817\" data-permalink=\"https:\/\/www.legistdf.gob.ar\/index.php\/2023\/04\/24\/sociedad-tenemos-un-problema-serio-y-la-clara-intencion-de-abordarlo-dijo-villegas\/img_0026-25\/\" data-orig-file=\"https:\/\/www.legistdf.gob.ar\/wp-content\/uploads\/2023\/04\/IMG_0026-1.jpg\" data-orig-size=\"1500,1000\" data-comments-opened=\"0\" data-image-meta=\"{&quot;aperture&quot;:&quot;4&quot;,&quot;credit&quot;:&quot;PRENSA LEGISLATIVA TDF AIAS&quot;,&quot;camera&quot;:&quot;Canon EOS 70D&quot;,&quot;caption&quot;:&quot;&quot;,&quot;created_timestamp&quot;:&quot;1682339294&quot;,&quot;copyright&quot;:&quot;NDM&quot;,&quot;focal_length&quot;:&quot;21&quot;,&quot;iso&quot;:&quot;1000&quot;,&quot;shutter_speed&quot;:&quot;0.016666666666667&quot;,&quot;title&quot;:&quot;&quot;,&quot;orientation&quot;:&quot;0&quot;}\" data-image-title=\"IMG_0026\" data-image-description=\"\" data-image-caption=\"\" data-medium-file=\"https:\/\/www.legistdf.gob.ar\/wp-content\/uploads\/2023\/04\/IMG_0026-1-300x200.jpg\" data-large-file=\"https:\/\/www.legistdf.gob.ar\/wp-content\/uploads\/2023\/04\/IMG_0026-1-1024x683.jpg\" \/><\/a>\n\t\t\t<\/dt><\/dl><dl class='gallery-item'>\n\t\t\t<dt class='gallery-icon landscape'>\n\t\t\t\t<a href='https:\/\/www.legistdf.gob.ar\/index.php\/2023\/04\/24\/sociedad-tenemos-un-problema-serio-y-la-clara-intencion-de-abordarlo-dijo-villegas\/img_0045-14\/'><img loading=\"lazy\" decoding=\"async\" width=\"150\" height=\"150\" src=\"https:\/\/www.legistdf.gob.ar\/wp-content\/uploads\/2023\/04\/IMG_0045-150x150.jpg\" class=\"attachment-thumbnail size-thumbnail\" alt=\"\" srcset=\"https:\/\/www.legistdf.gob.ar\/wp-content\/uploads\/2023\/04\/IMG_0045-150x150.jpg 150w, https:\/\/www.legistdf.gob.ar\/wp-content\/uploads\/2023\/04\/IMG_0045-64x64.jpg 64w\" sizes=\"(max-width: 150px) 100vw, 150px\" data-attachment-id=\"37818\" data-permalink=\"https:\/\/www.legistdf.gob.ar\/index.php\/2023\/04\/24\/sociedad-tenemos-un-problema-serio-y-la-clara-intencion-de-abordarlo-dijo-villegas\/img_0045-14\/\" data-orig-file=\"https:\/\/www.legistdf.gob.ar\/wp-content\/uploads\/2023\/04\/IMG_0045.jpg\" data-orig-size=\"1500,1000\" data-comments-opened=\"0\" data-image-meta=\"{&quot;aperture&quot;:&quot;6.3&quot;,&quot;credit&quot;:&quot;PRENSA LEGISLATIVA TDF AIAS&quot;,&quot;camera&quot;:&quot;Canon EOS 70D&quot;,&quot;caption&quot;:&quot;&quot;,&quot;created_timestamp&quot;:&quot;1682339858&quot;,&quot;copyright&quot;:&quot;NDM&quot;,&quot;focal_length&quot;:&quot;125&quot;,&quot;iso&quot;:&quot;1000&quot;,&quot;shutter_speed&quot;:&quot;0.016666666666667&quot;,&quot;title&quot;:&quot;&quot;,&quot;orientation&quot;:&quot;0&quot;}\" data-image-title=\"IMG_0045\" data-image-description=\"\" data-image-caption=\"\" data-medium-file=\"https:\/\/www.legistdf.gob.ar\/wp-content\/uploads\/2023\/04\/IMG_0045-300x200.jpg\" data-large-file=\"https:\/\/www.legistdf.gob.ar\/wp-content\/uploads\/2023\/04\/IMG_0045-1024x683.jpg\" \/><\/a>\n\t\t\t<\/dt><\/dl><br style=\"clear: both\" \/>\n\t\t<\/div>\n\n<blockquote class=\"wp-embedded-content\" data-secret=\"ilhEl9Yjne\"><p><a href=\"https:\/\/www.legistdf.gob.ar\/index.php\/2023\/04\/20\/capacitacion-invitan-a-participar-de-las-jornadas-de-prevencion-del-suicidio\/\">CAPACITACI\u00d3N: Invitan a participar de las Jornadas de prevenci\u00f3n del suicidio<\/a><\/p><\/blockquote>\n<p><iframe class=\"wp-embedded-content\" sandbox=\"allow-scripts\" security=\"restricted\" style=\"position: absolute; clip: rect(1px, 1px, 1px, 1px);\" title=\"&#171;CAPACITACI\u00d3N: Invitan a participar de las Jornadas de prevenci\u00f3n del suicidio&#187; &#8212; Legislatura TDF A.I.A.S.\" src=\"https:\/\/www.legistdf.gob.ar\/index.php\/2023\/04\/20\/capacitacion-invitan-a-participar-de-las-jornadas-de-prevencion-del-suicidio\/embed\/#?secret=ilhEl9Yjne\" data-secret=\"ilhEl9Yjne\" width=\"600\" height=\"338\" frameborder=\"0\" marginwidth=\"0\" marginheight=\"0\" scrolling=\"no\"><\/iframe><\/p>\n","protected":false},"excerpt":{"rendered":"<p>Ushuaia, lunes 24 de abril de 2023.- \u201cComo integrante del Comit\u00e9 de Evaluaci\u00f3n del Seguimiento y Aplicaci\u00f3n de la Convenci\u00f3n contra la Tortura, es un honor poder participar en el inicio de estas jornadas de prevenci\u00f3n del suicidio\u201d, dijo el legislador Pablo Villegas durante la apertura de las actividades. El Comit\u00e9 de Evaluaci\u00f3n del Seguimiento [&hellip;]<\/p>\n","protected":false},"author":352,"featured_media":37817,"comment_status":"closed","ping_status":"closed","sticky":false,"template":"","format":"standard","meta":{"jetpack_post_was_ever_published":false,"_jetpack_newsletter_access":"","_jetpack_dont_email_post_to_subs":false,"_jetpack_newsletter_tier_id":0,"footnotes":"","jetpack_publicize_message":"","jetpack_publicize_feature_enabled":true,"jetpack_social_post_already_shared":true,"jetpack_social_options":{"image_generator_settings":{"template":"highway","enabled":false}}},"categories":[1],"tags":[78,106,48,230,2651,79,87],"jetpack_publicize_connections":[],"jetpack_sharing_enabled":true,"jetpack_featured_media_url":"https:\/\/www.legistdf.gob.ar\/wp-content\/uploads\/2023\/04\/IMG_0026-1.jpg","jetpack-related-posts":[],"_links":{"self":[{"href":"https:\/\/www.legistdf.gob.ar\/index.php\/wp-json\/wp\/v2\/posts\/37811"}],"collection":[{"href":"https:\/\/www.legistdf.gob.ar\/index.php\/wp-json\/wp\/v2\/posts"}],"about":[{"href":"https:\/\/www.legistdf.gob.ar\/index.php\/wp-json\/wp\/v2\/types\/post"}],"author":[{"embeddable":true,"href":"https:\/\/www.legistdf.gob.ar\/index.php\/wp-json\/wp\/v2\/users\/352"}],"replies":[{"embeddable":true,"href":"https:\/\/www.legistdf.gob.ar\/index.php\/wp-json\/wp\/v2\/comments?post=37811"}],"version-history":[{"count":3,"href":"https:\/\/www.legistdf.gob.ar\/index.php\/wp-json\/wp\/v2\/posts\/37811\/revisions"}],"predecessor-version":[{"id":37819,"href":"https:\/\/www.legistdf.gob.ar\/index.php\/wp-json\/wp\/v2\/posts\/37811\/revisions\/37819"}],"wp:featuredmedia":[{"embeddable":true,"href":"https:\/\/www.legistdf.gob.ar\/index.php\/wp-json\/wp\/v2\/media\/37817"}],"wp:attachment":[{"href":"https:\/\/www.legistdf.gob.ar\/index.php\/wp-json\/wp\/v2\/media?parent=37811"}],"wp:term":[{"taxonomy":"category","embeddable":true,"href":"https:\/\/www.legistdf.gob.ar\/index.php\/wp-json\/wp\/v2\/categories?post=37811"},{"taxonomy":"post_tag","embeddable":true,"href":"https:\/\/www.legistdf.gob.ar\/index.php\/wp-json\/wp\/v2\/tags?post=37811"}],"curies":[{"name":"wp","href":"https:\/\/api.w.org\/{rel}","templated":true}]}}