{"id":37912,"date":"2023-04-28T15:42:35","date_gmt":"2023-04-28T18:42:35","guid":{"rendered":"https:\/\/www.legistdf.gob.ar\/?p=37912"},"modified":"2023-04-28T15:42:35","modified_gmt":"2023-04-28T18:42:35","slug":"servicios-martinez-allende-gestionara-apoyo-para-regularizar-terrenos-del-barrio-guemes-de-rio-grande","status":"publish","type":"post","link":"https:\/\/www.legistdf.gob.ar\/index.php\/2023\/04\/28\/servicios-martinez-allende-gestionara-apoyo-para-regularizar-terrenos-del-barrio-guemes-de-rio-grande\/","title":{"rendered":"SERVICIOS: Mart\u00ednez Allende gestionar\u00e1 apoyo para regularizar terrenos del barrio G\u00fcemes de R\u00edo Grande"},"content":{"rendered":"<p><span style=\"font-size: 14pt\"><strong><span style=\"font-family: arial, helvetica, sans-serif\"><img loading=\"lazy\" decoding=\"async\" data-attachment-id=\"37914\" data-permalink=\"https:\/\/www.legistdf.gob.ar\/index.php\/2023\/04\/28\/servicios-martinez-allende-gestionara-apoyo-para-regularizar-terrenos-del-barrio-guemes-de-rio-grande\/fah_2339\/\" data-orig-file=\"https:\/\/www.legistdf.gob.ar\/wp-content\/uploads\/2023\/04\/FAH_2339.jpg\" data-orig-size=\"1200,801\" data-comments-opened=\"0\" data-image-meta=\"{&quot;aperture&quot;:&quot;4&quot;,&quot;credit&quot;:&quot;&quot;,&quot;camera&quot;:&quot;NIKON D750&quot;,&quot;caption&quot;:&quot;&quot;,&quot;created_timestamp&quot;:&quot;1682608279&quot;,&quot;copyright&quot;:&quot;&quot;,&quot;focal_length&quot;:&quot;24&quot;,&quot;iso&quot;:&quot;1250&quot;,&quot;shutter_speed&quot;:&quot;0.016666666666667&quot;,&quot;title&quot;:&quot;&quot;,&quot;orientation&quot;:&quot;0&quot;}\" data-image-title=\"FAH_2339\" data-image-description=\"\" data-image-caption=\"\" data-medium-file=\"https:\/\/www.legistdf.gob.ar\/wp-content\/uploads\/2023\/04\/FAH_2339-300x200.jpg\" data-large-file=\"https:\/\/www.legistdf.gob.ar\/wp-content\/uploads\/2023\/04\/FAH_2339-1024x684.jpg\" class=\"alignleft wp-image-37914 size-medium\" src=\"https:\/\/www.legistdf.gob.ar\/wp-content\/uploads\/2023\/04\/FAH_2339-300x200.jpg\" alt=\"\" width=\"300\" height=\"200\" srcset=\"https:\/\/www.legistdf.gob.ar\/wp-content\/uploads\/2023\/04\/FAH_2339-300x200.jpg 300w, https:\/\/www.legistdf.gob.ar\/wp-content\/uploads\/2023\/04\/FAH_2339-768x513.jpg 768w, https:\/\/www.legistdf.gob.ar\/wp-content\/uploads\/2023\/04\/FAH_2339-1024x684.jpg 1024w, https:\/\/www.legistdf.gob.ar\/wp-content\/uploads\/2023\/04\/FAH_2339-160x107.jpg 160w, https:\/\/www.legistdf.gob.ar\/wp-content\/uploads\/2023\/04\/FAH_2339.jpg 1200w\" sizes=\"(max-width: 300px) 100vw, 300px\" \/>R\u00edo Grande, jueves 27 de abril de 2023.- Vecinos del barrio G\u00fcemes de R\u00edo Grande se reunieron con la legisladora Liliana Mart\u00ednez Allende (UCR) y explicaron las irregularidades dominiales que padecen en los lotes que adquirieron en esa zona de R\u00edo Grande. Desde la Legislatura, la referente radical comprometi\u00f3 gestiones ante el Ejecutivo para regularizar la situaci\u00f3n y as\u00ed, acceder a la provisi\u00f3n de servicios b\u00e1sicos como electricidad y gas natural antes de la llegada del invierno.<\/span><\/strong><\/span><\/p>\n<p>&nbsp;<\/p>\n<p><span style=\"font-family: arial, helvetica, sans-serif;font-size: 12pt\">Los predios fueron vendidos por una persona \u00a0de la que se desconoce su paradero, no cuentan con un registro dominial por parte del Municipio, por ello no tienen n\u00famero de puerta, describi\u00f3 la Parlamentaria.<\/span><\/p>\n<p>&nbsp;<\/p>\n<p><span style=\"font-family: arial, helvetica, sans-serif;font-size: 12pt\">Los predios ya se encuentran ocupados por los vecinos, aunque sin poder acceder a los servicios de gas y luz, porque no cuentan con \u00a0documentaci\u00f3n que valide la propiedad. \u201cLos vecinos est\u00e1n preocupados, est\u00e1 llegando el invierno y no tienen servicios\u201d, lament\u00f3 Mart\u00ednez Allende tras el encuentro.<\/span><\/p>\n<p>&nbsp;<\/p>\n<p><span style=\"font-family: arial, helvetica, sans-serif;font-size: 12pt\">En esta l\u00ednea, la Legisladora radical explic\u00f3 que los vecinos solicitan regularizar esa situaci\u00f3n y asi poder acceder a los servicios,\u00a0 \u201cno piden nada regalado, quieren pagar pero hoy no pueden concretarlo\u201d, cont\u00f3 a Prensa Legislativa.<\/span><\/p>\n<p>&nbsp;<\/p>\n<p><span style=\"font-family: arial, helvetica, sans-serif;font-size: 12pt\"><img loading=\"lazy\" decoding=\"async\" data-attachment-id=\"37913\" data-permalink=\"https:\/\/www.legistdf.gob.ar\/index.php\/2023\/04\/28\/servicios-martinez-allende-gestionara-apoyo-para-regularizar-terrenos-del-barrio-guemes-de-rio-grande\/fah_2335\/\" data-orig-file=\"https:\/\/www.legistdf.gob.ar\/wp-content\/uploads\/2023\/04\/FAH_2335.jpg\" data-orig-size=\"1200,801\" data-comments-opened=\"0\" data-image-meta=\"{&quot;aperture&quot;:&quot;4&quot;,&quot;credit&quot;:&quot;&quot;,&quot;camera&quot;:&quot;NIKON D750&quot;,&quot;caption&quot;:&quot;&quot;,&quot;created_timestamp&quot;:&quot;1682608232&quot;,&quot;copyright&quot;:&quot;&quot;,&quot;focal_length&quot;:&quot;66&quot;,&quot;iso&quot;:&quot;1100&quot;,&quot;shutter_speed&quot;:&quot;0.016666666666667&quot;,&quot;title&quot;:&quot;&quot;,&quot;orientation&quot;:&quot;0&quot;}\" data-image-title=\"FAH_2335\" data-image-description=\"\" data-image-caption=\"\" data-medium-file=\"https:\/\/www.legistdf.gob.ar\/wp-content\/uploads\/2023\/04\/FAH_2335-300x200.jpg\" data-large-file=\"https:\/\/www.legistdf.gob.ar\/wp-content\/uploads\/2023\/04\/FAH_2335-1024x684.jpg\" class=\"alignright wp-image-37913 size-medium\" src=\"https:\/\/www.legistdf.gob.ar\/wp-content\/uploads\/2023\/04\/FAH_2335-300x200.jpg\" alt=\"\" width=\"300\" height=\"200\" srcset=\"https:\/\/www.legistdf.gob.ar\/wp-content\/uploads\/2023\/04\/FAH_2335-300x200.jpg 300w, https:\/\/www.legistdf.gob.ar\/wp-content\/uploads\/2023\/04\/FAH_2335-768x513.jpg 768w, https:\/\/www.legistdf.gob.ar\/wp-content\/uploads\/2023\/04\/FAH_2335-1024x684.jpg 1024w, https:\/\/www.legistdf.gob.ar\/wp-content\/uploads\/2023\/04\/FAH_2335-160x107.jpg 160w, https:\/\/www.legistdf.gob.ar\/wp-content\/uploads\/2023\/04\/FAH_2335.jpg 1200w\" sizes=\"(max-width: 300px) 100vw, 300px\" \/>La municipalidad \u201cles est\u00e1 llevando agua, pero al no contar con n\u00famero de puerta, no pueden acceder a la luz ni al gas\u201d, reiter\u00f3.<\/span><\/p>\n<p>&nbsp;<\/p>\n<p><span style=\"font-family: arial, helvetica, sans-serif;font-size: 12pt\">\u201cEs una situaci\u00f3n complicada, se est\u00e1n calefaccionando con tubos de gas\u201d y agreg\u00f3: Para una familia tipo, una garrafa dura cinco d\u00edas con una recarga de 13 mil pesos. En esta l\u00ednea, Mart\u00ednez Allende pidi\u00f3 imaginar cu\u00e1nto dinero deben erogar las familias para hacer frente a cuatro o hasta cinco recargas mensuales.<\/span><\/p>\n<p>&nbsp;<\/p>\n<p><span style=\"font-family: arial, helvetica, sans-serif;font-size: 12pt\">Por \u00faltimo, convoc\u00f3 a los sectores pol\u00edticos a comprometerse con la situaci\u00f3n: \u201cSe trata de familias de trabajo que no pueden afrontar 55 mil pesos de gas. Es una decisi\u00f3n pol\u00edtica, se les deben brindar condiciones m\u00ednimas para vivir dignamente\u201d, cerr\u00f3 la Parlamentaria.<\/span><\/p>\n<p style=\"text-align: right\">\n<p style=\"text-align: right\"><em>MBCH-AH-AT<\/em><\/p>\n<p style=\"text-align: right\"><em><a href=\"https:\/\/drive.google.com\/drive\/folders\/1y9RwGh4TZKsCwHL9oX5gIULaBa2iGdcT?usp=share_link\" target=\"_blank\" rel=\"noopener noreferrer\">Galer\u00eda de im\u00e1genes<\/a><\/em><\/p>\n\n\t\t<style type=\"text\/css\">\n\t\t\t#gallery-1 {\n\t\t\t\tmargin: auto;\n\t\t\t}\n\t\t\t#gallery-1 .gallery-item {\n\t\t\t\tfloat: left;\n\t\t\t\tmargin-top: 10px;\n\t\t\t\ttext-align: center;\n\t\t\t\twidth: 50%;\n\t\t\t}\n\t\t\t#gallery-1 img {\n\t\t\t\tborder: 2px solid #cfcfcf;\n\t\t\t}\n\t\t\t#gallery-1 .gallery-caption {\n\t\t\t\tmargin-left: 0;\n\t\t\t}\n\t\t\t\/* see gallery_shortcode() in wp-includes\/media.php *\/\n\t\t<\/style>\n\t\t<div data-carousel-extra='{\"blog_id\":1,\"permalink\":\"https:\\\/\\\/www.legistdf.gob.ar\\\/index.php\\\/2023\\\/04\\\/28\\\/servicios-martinez-allende-gestionara-apoyo-para-regularizar-terrenos-del-barrio-guemes-de-rio-grande\\\/\"}' id='gallery-1' class='gallery galleryid-37912 gallery-columns-2 gallery-size-thumbnail'><dl class='gallery-item'>\n\t\t\t<dt class='gallery-icon landscape'>\n\t\t\t\t<a href='https:\/\/www.legistdf.gob.ar\/index.php\/2023\/04\/28\/servicios-martinez-allende-gestionara-apoyo-para-regularizar-terrenos-del-barrio-guemes-de-rio-grande\/fah_2335\/'><img loading=\"lazy\" decoding=\"async\" width=\"150\" height=\"150\" src=\"https:\/\/www.legistdf.gob.ar\/wp-content\/uploads\/2023\/04\/FAH_2335-150x150.jpg\" class=\"attachment-thumbnail size-thumbnail\" alt=\"\" srcset=\"https:\/\/www.legistdf.gob.ar\/wp-content\/uploads\/2023\/04\/FAH_2335-150x150.jpg 150w, https:\/\/www.legistdf.gob.ar\/wp-content\/uploads\/2023\/04\/FAH_2335-64x64.jpg 64w\" sizes=\"(max-width: 150px) 100vw, 150px\" data-attachment-id=\"37913\" data-permalink=\"https:\/\/www.legistdf.gob.ar\/index.php\/2023\/04\/28\/servicios-martinez-allende-gestionara-apoyo-para-regularizar-terrenos-del-barrio-guemes-de-rio-grande\/fah_2335\/\" data-orig-file=\"https:\/\/www.legistdf.gob.ar\/wp-content\/uploads\/2023\/04\/FAH_2335.jpg\" data-orig-size=\"1200,801\" data-comments-opened=\"0\" data-image-meta=\"{&quot;aperture&quot;:&quot;4&quot;,&quot;credit&quot;:&quot;&quot;,&quot;camera&quot;:&quot;NIKON D750&quot;,&quot;caption&quot;:&quot;&quot;,&quot;created_timestamp&quot;:&quot;1682608232&quot;,&quot;copyright&quot;:&quot;&quot;,&quot;focal_length&quot;:&quot;66&quot;,&quot;iso&quot;:&quot;1100&quot;,&quot;shutter_speed&quot;:&quot;0.016666666666667&quot;,&quot;title&quot;:&quot;&quot;,&quot;orientation&quot;:&quot;0&quot;}\" data-image-title=\"FAH_2335\" data-image-description=\"\" data-image-caption=\"\" data-medium-file=\"https:\/\/www.legistdf.gob.ar\/wp-content\/uploads\/2023\/04\/FAH_2335-300x200.jpg\" data-large-file=\"https:\/\/www.legistdf.gob.ar\/wp-content\/uploads\/2023\/04\/FAH_2335-1024x684.jpg\" \/><\/a>\n\t\t\t<\/dt><\/dl><dl class='gallery-item'>\n\t\t\t<dt class='gallery-icon landscape'>\n\t\t\t\t<a href='https:\/\/www.legistdf.gob.ar\/index.php\/2023\/04\/28\/servicios-martinez-allende-gestionara-apoyo-para-regularizar-terrenos-del-barrio-guemes-de-rio-grande\/fah_2339\/'><img loading=\"lazy\" decoding=\"async\" width=\"150\" height=\"150\" src=\"https:\/\/www.legistdf.gob.ar\/wp-content\/uploads\/2023\/04\/FAH_2339-150x150.jpg\" class=\"attachment-thumbnail size-thumbnail\" alt=\"\" srcset=\"https:\/\/www.legistdf.gob.ar\/wp-content\/uploads\/2023\/04\/FAH_2339-150x150.jpg 150w, https:\/\/www.legistdf.gob.ar\/wp-content\/uploads\/2023\/04\/FAH_2339-64x64.jpg 64w\" sizes=\"(max-width: 150px) 100vw, 150px\" data-attachment-id=\"37914\" data-permalink=\"https:\/\/www.legistdf.gob.ar\/index.php\/2023\/04\/28\/servicios-martinez-allende-gestionara-apoyo-para-regularizar-terrenos-del-barrio-guemes-de-rio-grande\/fah_2339\/\" data-orig-file=\"https:\/\/www.legistdf.gob.ar\/wp-content\/uploads\/2023\/04\/FAH_2339.jpg\" data-orig-size=\"1200,801\" data-comments-opened=\"0\" data-image-meta=\"{&quot;aperture&quot;:&quot;4&quot;,&quot;credit&quot;:&quot;&quot;,&quot;camera&quot;:&quot;NIKON D750&quot;,&quot;caption&quot;:&quot;&quot;,&quot;created_timestamp&quot;:&quot;1682608279&quot;,&quot;copyright&quot;:&quot;&quot;,&quot;focal_length&quot;:&quot;24&quot;,&quot;iso&quot;:&quot;1250&quot;,&quot;shutter_speed&quot;:&quot;0.016666666666667&quot;,&quot;title&quot;:&quot;&quot;,&quot;orientation&quot;:&quot;0&quot;}\" data-image-title=\"FAH_2339\" data-image-description=\"\" data-image-caption=\"\" data-medium-file=\"https:\/\/www.legistdf.gob.ar\/wp-content\/uploads\/2023\/04\/FAH_2339-300x200.jpg\" data-large-file=\"https:\/\/www.legistdf.gob.ar\/wp-content\/uploads\/2023\/04\/FAH_2339-1024x684.jpg\" \/><\/a>\n\t\t\t<\/dt><\/dl><br style=\"clear: both\" \/>\n\t\t<\/div>\n\n","protected":false},"excerpt":{"rendered":"<p>R\u00edo Grande, jueves 27 de abril de 2023.- Vecinos del barrio G\u00fcemes de R\u00edo Grande se reunieron con la legisladora Liliana Mart\u00ednez Allende (UCR) y explicaron las irregularidades dominiales que padecen en los lotes que adquirieron en esa zona de R\u00edo Grande. Desde la Legislatura, la referente radical comprometi\u00f3 gestiones ante el Ejecutivo para regularizar [&hellip;]<\/p>\n","protected":false},"author":352,"featured_media":37913,"comment_status":"closed","ping_status":"closed","sticky":false,"template":"","format":"standard","meta":{"jetpack_post_was_ever_published":false,"_jetpack_newsletter_access":"","_jetpack_dont_email_post_to_subs":false,"_jetpack_newsletter_tier_id":0,"footnotes":"","jetpack_publicize_message":"","jetpack_publicize_feature_enabled":true,"jetpack_social_post_already_shared":true,"jetpack_social_options":{"image_generator_settings":{"template":"highway","enabled":false}}},"categories":[1],"tags":[78,155,96,648],"jetpack_publicize_connections":[],"jetpack_sharing_enabled":true,"jetpack_featured_media_url":"https:\/\/www.legistdf.gob.ar\/wp-content\/uploads\/2023\/04\/FAH_2335.jpg","jetpack-related-posts":[],"_links":{"self":[{"href":"https:\/\/www.legistdf.gob.ar\/index.php\/wp-json\/wp\/v2\/posts\/37912"}],"collection":[{"href":"https:\/\/www.legistdf.gob.ar\/index.php\/wp-json\/wp\/v2\/posts"}],"about":[{"href":"https:\/\/www.legistdf.gob.ar\/index.php\/wp-json\/wp\/v2\/types\/post"}],"author":[{"embeddable":true,"href":"https:\/\/www.legistdf.gob.ar\/index.php\/wp-json\/wp\/v2\/users\/352"}],"replies":[{"embeddable":true,"href":"https:\/\/www.legistdf.gob.ar\/index.php\/wp-json\/wp\/v2\/comments?post=37912"}],"version-history":[{"count":1,"href":"https:\/\/www.legistdf.gob.ar\/index.php\/wp-json\/wp\/v2\/posts\/37912\/revisions"}],"predecessor-version":[{"id":37915,"href":"https:\/\/www.legistdf.gob.ar\/index.php\/wp-json\/wp\/v2\/posts\/37912\/revisions\/37915"}],"wp:featuredmedia":[{"embeddable":true,"href":"https:\/\/www.legistdf.gob.ar\/index.php\/wp-json\/wp\/v2\/media\/37913"}],"wp:attachment":[{"href":"https:\/\/www.legistdf.gob.ar\/index.php\/wp-json\/wp\/v2\/media?parent=37912"}],"wp:term":[{"taxonomy":"category","embeddable":true,"href":"https:\/\/www.legistdf.gob.ar\/index.php\/wp-json\/wp\/v2\/categories?post=37912"},{"taxonomy":"post_tag","embeddable":true,"href":"https:\/\/www.legistdf.gob.ar\/index.php\/wp-json\/wp\/v2\/tags?post=37912"}],"curies":[{"name":"wp","href":"https:\/\/api.w.org\/{rel}","templated":true}]}}