{"id":37916,"date":"2023-04-28T15:51:01","date_gmt":"2023-04-28T18:51:01","guid":{"rendered":"https:\/\/www.legistdf.gob.ar\/?p=37916"},"modified":"2023-04-28T15:51:01","modified_gmt":"2023-04-28T18:51:01","slug":"tecnologia-vicegobernadora-y-legisladores-asistieron-al-cierre-de-satelite-tdf","status":"publish","type":"post","link":"https:\/\/www.legistdf.gob.ar\/index.php\/2023\/04\/28\/tecnologia-vicegobernadora-y-legisladores-asistieron-al-cierre-de-satelite-tdf\/","title":{"rendered":"TECNOLOG\u00cdA: Vicegobernadora y Legisladores asistieron al cierre de \u201cSat\u00e9lite TDF\u201d"},"content":{"rendered":"<p><strong><span style=\"font-family: arial, helvetica, sans-serif;font-size: 14pt\"><img loading=\"lazy\" decoding=\"async\" data-attachment-id=\"37901\" data-permalink=\"https:\/\/www.legistdf.gob.ar\/?attachment_id=37901\" data-orig-file=\"https:\/\/www.legistdf.gob.ar\/wp-content\/uploads\/2023\/04\/IMG_2768.jpg\" data-orig-size=\"1500,1000\" data-comments-opened=\"0\" data-image-meta=\"{&quot;aperture&quot;:&quot;2.8&quot;,&quot;credit&quot;:&quot;&quot;,&quot;camera&quot;:&quot;Canon EOS 6D&quot;,&quot;caption&quot;:&quot;&quot;,&quot;created_timestamp&quot;:&quot;1682596821&quot;,&quot;copyright&quot;:&quot;&quot;,&quot;focal_length&quot;:&quot;50&quot;,&quot;iso&quot;:&quot;800&quot;,&quot;shutter_speed&quot;:&quot;0.025&quot;,&quot;title&quot;:&quot;&quot;,&quot;orientation&quot;:&quot;0&quot;}\" data-image-title=\"IMG_2768\" data-image-description=\"\" data-image-caption=\"\" data-medium-file=\"https:\/\/www.legistdf.gob.ar\/wp-content\/uploads\/2023\/04\/IMG_2768-300x200.jpg\" data-large-file=\"https:\/\/www.legistdf.gob.ar\/wp-content\/uploads\/2023\/04\/IMG_2768-1024x683.jpg\" class=\"alignleft wp-image-37901 size-medium\" src=\"https:\/\/www.legistdf.gob.ar\/wp-content\/uploads\/2023\/04\/IMG_2768-300x200.jpg\" alt=\"\" width=\"300\" height=\"200\" srcset=\"https:\/\/www.legistdf.gob.ar\/wp-content\/uploads\/2023\/04\/IMG_2768-300x200.jpg 300w, https:\/\/www.legistdf.gob.ar\/wp-content\/uploads\/2023\/04\/IMG_2768-768x512.jpg 768w, https:\/\/www.legistdf.gob.ar\/wp-content\/uploads\/2023\/04\/IMG_2768-1024x683.jpg 1024w, https:\/\/www.legistdf.gob.ar\/wp-content\/uploads\/2023\/04\/IMG_2768-160x107.jpg 160w, https:\/\/www.legistdf.gob.ar\/wp-content\/uploads\/2023\/04\/IMG_2768.jpg 1500w\" sizes=\"(max-width: 300px) 100vw, 300px\" \/>Ushuaia,\u00a0 viernes 28 de abril, de 2023.- \u201cLa creatividad sumada a la tecnolog\u00eda logran productos que evidencian los nuevos espacios de desarrollo de la industria cultural\u201d, expres\u00f3 la vicegobernadora\u00a0 M\u00f3nica Urquiza,\u00a0 en el \u00a0acto de cierre de las jornadas denominadas \u201cSat\u00e9lite TDF\u201d, \u00a0de animaci\u00f3n y videojuegos. Del encuentro participaron las legisladoras Myriam Mart\u00ednez y Andrea Freites y los legisladores\u00a0 Federico Sciurano, Federico Greve y Emmanuel Trentino.<\/span><\/strong><\/p>\n<p>&nbsp;<\/p>\n<p><span style=\"font-family: arial, helvetica, sans-serif;font-size: 12pt\">Se trata de una iniciativa realizada en articulaci\u00f3n entre la secretar\u00eda de Cultura provincial y el departamento de Promoci\u00f3n y Desarrollo de Turismo e Industrias Culturales del Consejo Federal de Inversiones \u00a0(CFI). Ayer, culminaron tres jornadas de cursos, en los que se desarrollaron charlas, proyecci\u00f3n de cortos animados, capacitaciones y talleres.<\/span><\/p>\n<p>&nbsp;<\/p>\n<p><span style=\"font-family: arial, helvetica, sans-serif;font-size: 12pt\"><img loading=\"lazy\" decoding=\"async\" data-attachment-id=\"37917\" data-permalink=\"https:\/\/www.legistdf.gob.ar\/index.php\/2023\/04\/28\/tecnologia-vicegobernadora-y-legisladores-asistieron-al-cierre-de-satelite-tdf\/img_2771\/\" data-orig-file=\"https:\/\/www.legistdf.gob.ar\/wp-content\/uploads\/2023\/04\/IMG_2771.jpg\" data-orig-size=\"1500,1000\" data-comments-opened=\"0\" data-image-meta=\"{&quot;aperture&quot;:&quot;3.2&quot;,&quot;credit&quot;:&quot;&quot;,&quot;camera&quot;:&quot;Canon EOS 6D&quot;,&quot;caption&quot;:&quot;&quot;,&quot;created_timestamp&quot;:&quot;1682597423&quot;,&quot;copyright&quot;:&quot;&quot;,&quot;focal_length&quot;:&quot;55&quot;,&quot;iso&quot;:&quot;500&quot;,&quot;shutter_speed&quot;:&quot;0.02&quot;,&quot;title&quot;:&quot;&quot;,&quot;orientation&quot;:&quot;0&quot;}\" data-image-title=\"IMG_2771\" data-image-description=\"\" data-image-caption=\"\" data-medium-file=\"https:\/\/www.legistdf.gob.ar\/wp-content\/uploads\/2023\/04\/IMG_2771-300x200.jpg\" data-large-file=\"https:\/\/www.legistdf.gob.ar\/wp-content\/uploads\/2023\/04\/IMG_2771-1024x683.jpg\" class=\"alignright wp-image-37917 size-medium\" src=\"https:\/\/www.legistdf.gob.ar\/wp-content\/uploads\/2023\/04\/IMG_2771-300x200.jpg\" alt=\"\" width=\"300\" height=\"200\" srcset=\"https:\/\/www.legistdf.gob.ar\/wp-content\/uploads\/2023\/04\/IMG_2771-300x200.jpg 300w, https:\/\/www.legistdf.gob.ar\/wp-content\/uploads\/2023\/04\/IMG_2771-768x512.jpg 768w, https:\/\/www.legistdf.gob.ar\/wp-content\/uploads\/2023\/04\/IMG_2771-1024x683.jpg 1024w, https:\/\/www.legistdf.gob.ar\/wp-content\/uploads\/2023\/04\/IMG_2771-160x107.jpg 160w, https:\/\/www.legistdf.gob.ar\/wp-content\/uploads\/2023\/04\/IMG_2771.jpg 1500w\" sizes=\"(max-width: 300px) 100vw, 300px\" \/>Cabe destacar que se busca alentar, fomentar y colaborar en el desarrollo de las industrias de los videos juegos y la animaci\u00f3n. Contaron adem\u00e1s que, luego de meses de trabajo, se concret\u00f3 la visita de distintas empresas y organizaciones afines al rubro, tales como: Globant NT; Epic Games, Asociaci\u00f3n de Desarrolladores de Videos Juegos Argentina, Women in Game, Festival de Bitbang y la \u00a0Escuela Nacional de Experimentaci\u00f3n y Realizaci\u00f3n Cinematogr\u00e1fica.<\/span><\/p>\n<p>&nbsp;<\/p>\n<p><span style=\"font-family: arial, helvetica, sans-serif;font-size: 12pt\">Es importante decir que el CFI, lleva adelante programas de formaci\u00f3n destinados a autoridades del sector p\u00fablico y estas jornadas son las primeras\u00a0 \u00a0de tres sat\u00e9lites que se realizar\u00e1n en el pa\u00eds. \u00a0<\/span><\/p>\n<p>&nbsp;<\/p>\n<p style=\"text-align: right\">ZV-VV<\/p>\n<p style=\"text-align: right\"><a href=\"https:\/\/drive.google.com\/drive\/folders\/1hNUgmj4Jznp16TFolwIQbBxCtdcWakME?usp=share_link\" target=\"_blank\" rel=\"noopener noreferrer\">Galer\u00eda de im\u00e1genes<\/a><\/p>\n","protected":false},"excerpt":{"rendered":"<p>Ushuaia,\u00a0 viernes 28 de abril, de 2023.- \u201cLa creatividad sumada a la tecnolog\u00eda logran productos que evidencian los nuevos espacios de desarrollo de la industria cultural\u201d, expres\u00f3 la vicegobernadora\u00a0 M\u00f3nica Urquiza,\u00a0 en el \u00a0acto de cierre de las jornadas denominadas \u201cSat\u00e9lite TDF\u201d, \u00a0de animaci\u00f3n y videojuegos. Del encuentro participaron las legisladoras Myriam Mart\u00ednez y Andrea [&hellip;]<\/p>\n","protected":false},"author":352,"featured_media":37917,"comment_status":"closed","ping_status":"closed","sticky":false,"template":"","format":"standard","meta":{"jetpack_post_was_ever_published":false,"_jetpack_newsletter_access":"","_jetpack_dont_email_post_to_subs":false,"_jetpack_newsletter_tier_id":0,"footnotes":"","jetpack_publicize_message":"","jetpack_publicize_feature_enabled":true,"jetpack_social_post_already_shared":true,"jetpack_social_options":{"image_generator_settings":{"template":"highway","enabled":false}}},"categories":[1],"tags":[],"jetpack_publicize_connections":[],"jetpack_sharing_enabled":true,"jetpack_featured_media_url":"https:\/\/www.legistdf.gob.ar\/wp-content\/uploads\/2023\/04\/IMG_2771.jpg","jetpack-related-posts":[],"_links":{"self":[{"href":"https:\/\/www.legistdf.gob.ar\/index.php\/wp-json\/wp\/v2\/posts\/37916"}],"collection":[{"href":"https:\/\/www.legistdf.gob.ar\/index.php\/wp-json\/wp\/v2\/posts"}],"about":[{"href":"https:\/\/www.legistdf.gob.ar\/index.php\/wp-json\/wp\/v2\/types\/post"}],"author":[{"embeddable":true,"href":"https:\/\/www.legistdf.gob.ar\/index.php\/wp-json\/wp\/v2\/users\/352"}],"replies":[{"embeddable":true,"href":"https:\/\/www.legistdf.gob.ar\/index.php\/wp-json\/wp\/v2\/comments?post=37916"}],"version-history":[{"count":1,"href":"https:\/\/www.legistdf.gob.ar\/index.php\/wp-json\/wp\/v2\/posts\/37916\/revisions"}],"predecessor-version":[{"id":37918,"href":"https:\/\/www.legistdf.gob.ar\/index.php\/wp-json\/wp\/v2\/posts\/37916\/revisions\/37918"}],"wp:featuredmedia":[{"embeddable":true,"href":"https:\/\/www.legistdf.gob.ar\/index.php\/wp-json\/wp\/v2\/media\/37917"}],"wp:attachment":[{"href":"https:\/\/www.legistdf.gob.ar\/index.php\/wp-json\/wp\/v2\/media?parent=37916"}],"wp:term":[{"taxonomy":"category","embeddable":true,"href":"https:\/\/www.legistdf.gob.ar\/index.php\/wp-json\/wp\/v2\/categories?post=37916"},{"taxonomy":"post_tag","embeddable":true,"href":"https:\/\/www.legistdf.gob.ar\/index.php\/wp-json\/wp\/v2\/tags?post=37916"}],"curies":[{"name":"wp","href":"https:\/\/api.w.org\/{rel}","templated":true}]}}